{"id":12976,"date":"2012-03-14T09:20:47","date_gmt":"2012-03-14T12:20:47","guid":{"rendered":"http:\/\/new.franciscanos.org.br\/?p=12976"},"modified":"2020-11-09T15:46:41","modified_gmt":"2020-11-09T18:46:41","slug":"postulador-da-ordem-explica-os-passos-a-serem-dados-na-causa","status":"publish","type":"post","link":"https:\/\/franciscanos.org.br\/noticias\/postulador-da-ordem-explica-os-passos-a-serem-dados-na-causa.html","title":{"rendered":"Postulador da Ordem explica os passos a serem dados na causa"},"content":{"rendered":"<p><img loading=\"lazy\" class=\"alignnone wp-image-229102 size-full\" src=\"https:\/\/franciscanos.org.br\/noticias\/wp-content\/uploads\/2012\/03\/postulador_1.jpg\" alt=\"\" width=\"1280\" height=\"720\" srcset=\"https:\/\/franciscanos.org.br\/noticias\/wp-content\/uploads\/2012\/03\/postulador_1.jpg 1280w, https:\/\/franciscanos.org.br\/noticias\/wp-content\/uploads\/2012\/03\/postulador_1-450x253.jpg 450w, https:\/\/franciscanos.org.br\/noticias\/wp-content\/uploads\/2012\/03\/postulador_1-1024x576.jpg 1024w, https:\/\/franciscanos.org.br\/noticias\/wp-content\/uploads\/2012\/03\/postulador_1-768x432.jpg 768w, https:\/\/franciscanos.org.br\/noticias\/wp-content\/uploads\/2012\/03\/postulador_1-150x84.jpg 150w\" sizes=\"(max-width: 1280px) 100vw, 1280px\" \/><\/p>\n<p><strong>Moacir Beggo<\/strong><\/p>\n<p>Se depender da f\u00e9 e devo\u00e7\u00e3o do povo catarinense, especialmente da regi\u00e3o do Meio Oeste catarinense, Frei Bruno j\u00e1 est\u00e1 entre os santos da Igreja. Mas a vinda do Postulador Geral da Ordem dos Frades Menores, Frei Giovangiuseppe Califano, deixou o povo apreensivo e esperan\u00e7oso. Para se chegar \u00e0 canoniza\u00e7\u00e3o de Frei Bruno h\u00e1 um longo e trabalhoso caminho.<\/p>\n<p>Foi para explicar e detalhar esse caminho que Frei Giovangiuseppe se reuniu em Joa\u00e7aba (SP), com o bispo diocesano, Dom M\u00e1rio Marquez, OFMCap, os vice-postuladores no Brasil, Frei Est\u00eav\u00e3o Ottenbreit, que \u00e9 Vig\u00e1rio Provincial da Prov\u00edncia da Imaculada Concei\u00e7\u00e3o, e Frei Alex Cianorscki, p\u00e1roco da Par\u00f3quia de S\u00e3o Lu\u00eds Gonzaga, em Xaxim (SC), e as equipes de trabalho das tr\u00eas cidades &#8211; Xaxim, Rodeio e Joa\u00e7aba -, que est\u00e3o \u00e0 frente deste processo.<\/p>\n<p>Os encontros com essas lideran\u00e7as aconteceram no s\u00e1bado (03\/03), v\u00e9spera da grande Romaria Penitencial Frei Bruno, que este ano reuniu mais de 50 mil pessoas em Joa\u00e7aba, terra onde est\u00e1 sepultado Frei Bruno. O Postulador p\u00f4de ver essa grande demonstra\u00e7\u00e3o de f\u00e9 que cresce a cada ano e confessou que ficou emocionado.<\/p>\n<div id=\"attachment_12983\" style=\"width: 410px\" class=\"wp-caption alignright\"><a href=\"http:\/\/franciscanos.org.br\/wp-content\/uploads\/2012\/03\/reuniao_xaxim_g1403.jpg\"><img aria-describedby=\"caption-attachment-12983\" loading=\"lazy\" class=\"size-full wp-image-12983 \" title=\"Especial Frei Bruno\" src=\"http:\/\/franciscanos.org.br\/wp-content\/uploads\/2012\/03\/reuniao_xaxim_g1403.jpg\" alt=\"\" width=\"400\" height=\"225\" \/><\/a><p id=\"caption-attachment-12983\" class=\"wp-caption-text\">Reuni\u00e3o realizada com a equipe de Xaxim<\/p><\/div>\n<p>Para Frei Est\u00eav\u00e3o, foi muito importante a presen\u00e7a de Frei Giani, como \u00e9 conhecido Frei Giovangiuseppe na It\u00e1lia. &#8220;\u00c9 muito oportuno estar ao nosso lado para nos orientar nesses primeiros passos&#8221;, explicou o Vig\u00e1rio Provincial. Isso porque h\u00e1 um ano, na primeira reuni\u00e3o pela causa de Frei Bruno, ficaram definidas tr\u00eas tarefas: uma comiss\u00e3o para recolher os depoimentos das pessoas que conheceram Frei Bruno, a elabora\u00e7\u00e3o de uma ora\u00e7\u00e3o para pedir a beatifica\u00e7\u00e3o de Frei Bruno, com aprova\u00e7\u00e3o eclesi\u00e1stica, e a elabora\u00e7\u00e3o da biografia de Frei Bruno, que come\u00e7ou a ser feita por Frei Clar\u00eancio Neotti, escritor e pesquisador da Prov\u00edncia da Imaculada. &#8220;Conseguimos dar muito pequenos passos, mas importantes para instaurar o processo&#8221;, explicou Frei Est\u00eav\u00e3o.<\/p>\n<p>O vice-postulador Frei Alex e a Comiss\u00e3o de Xaxim ficaram respons\u00e1veis por recolher os depoimentos e, no balan\u00e7o que fez, faltam os testemunhos das pessoas de Rodeio, cidade em que Frei Bruno viveu mais tempo: quase 20 anos. \u201cEstamos colhendo depoimentos, conversas, arquivos e documentos que falem sobre a vida de Frei Bruno. Num segundo momento, quando os milagres precisar\u00e3o ser comprovados, iremos buscar a ajuda de peritos e m\u00e9dicos para atestar tudo&#8221;. Segundo o p\u00e1roco de Xaxim, as despesas que v\u00e3o decorrer do processo ser\u00e3o buscadas na comunidade, junto aos fi\u00e9is. \u201cMuitos j\u00e1 est\u00e3o ajudando nos deslocamentos para busca de documentos. E assim vamos conseguir custear. A Ordem Franciscana tamb\u00e9m tem interesse e um exemplo disso \u00e9 a vinda do postulador, que aceitou o convite da Prov\u00edncia\u201d, adiantou Frei Alex.<\/p>\n<div id=\"attachment_12984\" style=\"width: 410px\" class=\"wp-caption alignleft\"><a href=\"http:\/\/franciscanos.org.br\/wp-content\/uploads\/2012\/03\/reuniao_joacaba_g14.jpg\"><img aria-describedby=\"caption-attachment-12984\" loading=\"lazy\" class=\"size-full wp-image-12984\" title=\"Especial Frei Bruno\" src=\"http:\/\/franciscanos.org.br\/wp-content\/uploads\/2012\/03\/reuniao_joacaba_g14.jpg\" alt=\"\" width=\"400\" height=\"225\" \/><\/a><p id=\"caption-attachment-12984\" class=\"wp-caption-text\">Reuni\u00e3o com todas as equipes em Joa\u00e7aba<\/p><\/div>\n<p>Segundo o bispo, D. M\u00e1rio, a presen\u00e7a dos postuladores em Joa\u00e7aba foi um momento especial e hist\u00f3rico. &#8220;Fui informado pelo Postulador em Roma, Frei Giani, que a Ordem dos Frades Menores apresenta muito interesse na causa da beatifica\u00e7\u00e3o de Frei Bruno. \u00c9 importante saber desse apoio \u00e0 causa. Assim, damos inic\u00edo ao processo fortalecidos e animados\u201d, confessou o bispo franciscano capuchinho.<\/p>\n<p>Segundo o Postulador italiano, esta causa de Frei Bruno tem uma caracter\u00edstica pr\u00f3pria, pois est\u00e1 come\u00e7ando 50 anos depois da sua morte. &#8220;No fundo \u00e9 uma garantia para sua fama de santidade. Mas, por outro lado, apresenta obst\u00e1culos como o fato de que muitas pessoas que o conheceram j\u00e1 partiram para a eternidade. Todavia, por sorte, temos ainda muitas pessoas vivas que o conheceram ainda em vida&#8221;, disse.<\/p>\n<p>Depois de detalhar todos os passos para se chegar \u00e0 beatifica\u00e7\u00e3o e canoniza\u00e7\u00e3o, Frei Giani n\u00e3o soube dizer quanto tempo levar\u00e1 o processo.&#8221;Cada caso \u00e9 um caso. Cada processo tem suas peculiaridades e, por isso, n\u00e3o podemos afirmar com precis\u00e3o&#8221;, disse, mas deu uma esperan\u00e7a aos brasileiros: &#8220;A Congrega\u00e7\u00e3o da Causa dos Santos olha com muito carinho para as novas Igrejas. Em outras palavras: a Europa j\u00e1 tem muitos santos&#8230;&#8221;.<\/p>\n<p>A seguir, os passos que ser\u00e3o dados segundo a orienta\u00e7\u00e3o do Postulador da Ordem.<\/p>\n<p>&nbsp;<\/p>\n<h2>\u00a0O LONGO CAMINHO PARA SE CHEGAR \u00c0 GL\u00d3RIA DOS C\u00c9US<\/h2>\n<p><strong>FASE DIOCESANA<\/strong><\/p>\n<div id=\"attachment_12985\" style=\"width: 235px\" class=\"wp-caption alignright\"><a href=\"http:\/\/franciscanos.org.br\/wp-content\/uploads\/2012\/03\/reuniao_bruno_g1403.jpg\"><img aria-describedby=\"caption-attachment-12985\" loading=\"lazy\" class=\"size-full wp-image-12985\" title=\"Especial Frei Bruno\" src=\"http:\/\/franciscanos.org.br\/wp-content\/uploads\/2012\/03\/reuniao_bruno_g1403.jpg\" alt=\"\" width=\"225\" height=\"400\" \/><\/a><p id=\"caption-attachment-12985\" class=\"wp-caption-text\">Monumento a Frei Bruno em Joa\u00e7aba<\/p><\/div>\n<p><strong>1. &#8220;Libellum Suplicem&#8221;<\/strong><\/p>\n<p>O in\u00edcio oficial \u00e9 feito quando o bispo diocesano recebe o requerimento do Postulador. Este documento oficial tem o t\u00edtulo de <em>&#8220;Libellum Supplicem&#8221;<\/em> e, assim que o bispo acolher o pedido, far\u00e1 uma consulta aos bispos do Regional de Santa Catarina.<\/p>\n<p>Depois o bispo vai se dirigir ao respons\u00e1vel da Congrega\u00e7\u00e3o da Causa dos Santos, em Roma, para pedir o <em>&#8220;Nihil obstat&#8221;,<\/em> um decreto para mostrar que n\u00e3o existe um obst\u00e1culo que deponha contra a causa.<\/p>\n<p>Com essas duas garantias, dos bispos do Regional e de Roma, o processo pode caminhar e o bispo diocesano dita o decreto de Introdu\u00e7\u00e3o da Causa do agora Servo de Deus.<\/p>\n<p><strong>2. Tribunal Eclesi\u00e1stico<\/strong><\/p>\n<p>Como existem pessoas que conheceram Frei Bruno em vida, o bispo pode imediatamente fazer a nomea\u00e7\u00e3o do Tribunal Eclesi\u00e1stico, formado por um juiz, um delegado do bispo, um promotor de justi\u00e7a e um (ou dois) secret\u00e1rio.<\/p>\n<p>O Postulador ou vice apresenta ao bispo a rela\u00e7\u00e3o dos testemunhos das pessoas que conheceram Frei Bruno, ao mesmo tempo em que o bispo vai nomear uma comiss\u00e3o hist\u00f3rica para recolher todos os documentos que t\u00eam a ver com a vida de Frei Bruno. Ou seja, Frei Clar\u00eancio n\u00e3o vai trabalhar sozinho, mas ter\u00e1 apoio de uma comiss\u00e3o, formada por tr\u00eas peritos, que v\u00e3o recolher: 1. Documentos pessoais; 2. Cartas, homilias, serm\u00f5es e tudo que ele escreveu. \u00c9 necess\u00e1rio fazer uma c\u00f3pia autenticada de todos esses documentos antes de entregar para o tribunal. O original pode ficar com a fam\u00edlia; e 3. Colher todo o material que foi escrito sobre ele em livros, revistas e jornais etc.<\/p>\n<p>Terminada a coleta dos materiais, o dossi\u00ea ser\u00e1 enviado pelo bispo diocesano \u00e0 Congrega\u00e7\u00e3o da Causa dos Santos, em Roma.<\/p>\n<p><strong>FASE ROMANA<\/strong><\/p>\n<p>Quando os autos do processo chegam a Roma, a Congrega\u00e7\u00e3o da Causa dos Santos vai examinar se a documenta\u00e7\u00e3o \u00e9 v\u00e1lida.<\/p>\n<p>A partir de seu parecer, nomeia um Relator que tem a miss\u00e3o de, com base neste dossi\u00ea, selecionar, escrever e sintetizar num documento chamado <strong>&#8220;Positio&#8221;.<\/strong> Pela &#8220;<strong>Positio&#8221;<\/strong>, ele vai comprovar as virtudes que se manifestaram no candidato, dividindo-a em tr\u00eas partes: 1. A vida; 2. As virtudes: e 3. A Fama de santidade.<\/p>\n<p>1. A vida \u00e9 a parte documentada que ficar\u00e1 a cargo de Frei Clar\u00eancio e da comiss\u00e3o hist\u00f3rica.<\/p>\n<p>2. As virtudes s\u00e3o as tr\u00eas virtudes teologais (f\u00e9, esperan\u00e7a e caridade), as quatro virtudes cardeais, a saber: prud\u00eancia (sabedoria), fortaleza (coragem), temperan\u00e7a e justi\u00e7a e as tr\u00eas virtudes da vida religiosa: pobreza, castidade e obedi\u00eancia. Para cada uma dessas virtudes tem que se apresentar exemplos ou se comprovar.<\/p>\n<p>3. A Fama de santidade vai mostrar que Frei Bruno j\u00e1 era tido como santo enquanto vivia, foi visto assim depois da morte e essa fama continua at\u00e9 os dias de hoje.<\/p>\n<p>Com a elabora\u00e7\u00e3o da <strong>&#8220;Positio&#8221;,<\/strong> passar\u00e1 por tr\u00eas n\u00edveis de julgamento:<\/p>\n<p>1. Os consultores hist\u00f3ricos v\u00e3o dar um parecer porque \u00e9 uma causa de 50 anos;<\/p>\n<p>2. Os Consultores te\u00f3logos votar\u00e3o sobre o m\u00e9rito da causa. Esses, juntamente com o Promotor da F\u00e9, estudar\u00e3o a \u201c<strong>Positio\u201d<\/strong> de tal forma que, antes de a mesma passar ao Congresso especial, as diversas quest\u00f5es sejam examinadas em profundidade.<\/p>\n<p>3. Os votos definitivos dos consultores te\u00f3logos, juntamente com as conclus\u00f5es redigidas pelo Promotor da F\u00e9, ser\u00e3o submetidas ao ju\u00edzo dos Cardeais e Bispos.<\/p>\n<p>Se a Congrega\u00e7\u00e3o para a Causa dos Santos aprova a <strong>&#8220;Positio&#8221;,<\/strong> o Santo Padre pode promulgar o decreto das virtudes her\u00f3icas. O que era Servo de Deus passar\u00e1 a ser considerado Vener\u00e1vel.<\/p>\n<p><strong>O PROCESSO DO MILAGRE<\/strong><\/p>\n<p><a href=\"http:\/\/franciscanos.org.br\/wp-content\/uploads\/2012\/03\/box_bruno.jpg\"><img loading=\"lazy\" class=\"alignright size-full wp-image-12988\" title=\"Especial Frei Bruno\" src=\"http:\/\/franciscanos.org.br\/wp-content\/uploads\/2012\/03\/box_bruno.jpg\" alt=\"\" width=\"400\" height=\"341\" \/><\/a>Cumpridas essas fases, quando houver a certeza que se realizou algum milagre ou uma cura que n\u00e3o tem explica\u00e7\u00e3o, tem in\u00edcio outro processo, que vai repetir <strong>as fases diocesana e romana<\/strong>. Segundo o Postulador, a vantagem \u00e9 que esse processo pode andar junto com o processo inicial, desde que j\u00e1 se tenha a not\u00edcia de milagres, o que deve acontecer na causa de Frei Bruno, pois j\u00e1 existem relatos de curas documentados.<\/p>\n<p>Importante lembrar que o milagre poder\u00e1 acontecer em qualquer lugar do mundo, desde que se fa\u00e7a a invoca\u00e7\u00e3o de Deus atrav\u00e9s da intercess\u00e3o de Frei Bruno. Segundo o Postulador, agora \u00e9 importante divulgar a <strong>Ora\u00e7\u00e3o a Frei Bruno.<\/strong><\/p>\n<p>O Postulador alertou tamb\u00e9m que curas obtidas de doen\u00e7as psicol\u00f3gicas n\u00e3o t\u00eam valor para a Congrega\u00e7\u00e3o, assim como c\u00e2ncer, que pode ter um diagn\u00f3stico equivocado, como aconteceu recentemente com a presidente da Argentina. No caso de curas realizadas h\u00e1 20 anos, basta ter a documenta\u00e7\u00e3o m\u00e9dica da \u00e9poca.<\/p>\n<p>Acerca dos supostos milagres, a Congrega\u00e7\u00e3o proceder\u00e1 do seguinte modo:<\/p>\n<p>1\u00ba) Os presum\u00edveis milagres, sobre os quais o Relator encarregado para o efeito prepara uma <strong>&#8220;Positio&#8221;,<\/strong> s\u00e3o examinados na reuni\u00e3o de peritos (no caso de curas, na reuni\u00e3o de m\u00e9dicos), cujos votos e conclus\u00f5es ser\u00e3o expressos detalhadamente numa minuciosa rela\u00e7\u00e3o.<\/p>\n<p>2\u00ba) Posteriormente, os milagres s\u00e3o discutidos num Congresso especial de te\u00f3logos e, por fim, na Congrega\u00e7\u00e3o dos Padres Cardeais e Bispos.<\/p>\n<p>As opini\u00f5es dos Padres Cardeais e Bispos s\u00e3o comunicadas ao Santo Padre, a quem compete exclusivamente o direito de decretar o culto p\u00fablico eclesi\u00e1stico que se pode tributar aos Servos de Deus.<\/p>\n<p>Ou seja, depois do rigoroso processo romano, se o veredito for positivo, o Prefeito da Congrega\u00e7\u00e3o ordena a confec\u00e7\u00e3o do Decreto de Beatifica\u00e7\u00e3o para ser submetido \u00e0 aprova\u00e7\u00e3o do Santo Padre.<\/p>\n<p>Para o Bem-Aventurado ser santo, \u00e9 preciso abrir um novo processo com o segundo milagre.<\/p>\n","protected":false},"excerpt":{"rendered":"<p>Frei Bruno<\/p>\n","protected":false},"author":1,"featured_media":229103,"comment_status":"closed","ping_status":"closed","sticky":false,"template":"","format":"standard","meta":[],"categories":[1],"tags":[215,216,873,220],"acf":[],"yoast_head":"<!-- This site is optimized with the Yoast SEO plugin v19.2 - https:\/\/yoast.com\/wordpress\/plugins\/seo\/ -->\n<title>Postulador da Ordem explica os passos a serem dados na causa - Not\u00edcias - Franciscanos<\/title>\n<meta name=\"robots\" content=\"index, follow, max-snippet:-1, max-image-preview:large, max-video-preview:-1\" \/>\n<link rel=\"canonical\" href=\"https:\/\/franciscanos.org.br\/noticias\/postulador-da-ordem-explica-os-passos-a-serem-dados-na-causa.html\" \/>\n<meta property=\"og:locale\" content=\"pt_BR\" \/>\n<meta property=\"og:type\" content=\"article\" \/>\n<meta property=\"og:title\" content=\"Postulador da Ordem explica os passos a serem dados na causa - Not\u00edcias - Franciscanos\" \/>\n<meta property=\"og:description\" content=\"Frei Bruno\" \/>\n<meta property=\"og:url\" content=\"https:\/\/franciscanos.org.br\/noticias\/postulador-da-ordem-explica-os-passos-a-serem-dados-na-causa.html\" \/>\n<meta property=\"og:site_name\" content=\"Not\u00edcias - Franciscanos\" \/>\n<meta property=\"article:published_time\" content=\"2012-03-14T12:20:47+00:00\" \/>\n<meta property=\"article:modified_time\" content=\"2020-11-09T18:46:41+00:00\" \/>\n<meta property=\"og:image\" content=\"https:\/\/franciscanos.org.br\/noticias\/wp-content\/uploads\/2012\/03\/postulador_1d.jpg\" \/>\n\t<meta property=\"og:image:width\" content=\"800\" \/>\n\t<meta property=\"og:image:height\" content=\"600\" \/>\n\t<meta property=\"og:image:type\" content=\"image\/jpeg\" \/>\n<meta name=\"author\" content=\"admin\" \/>\n<meta name=\"twitter:card\" content=\"summary_large_image\" \/>\n<meta name=\"twitter:label1\" content=\"Escrito por\" \/>\n\t<meta name=\"twitter:data1\" content=\"admin\" \/>\n\t<meta name=\"twitter:label2\" content=\"Est. tempo de leitura\" \/>\n\t<meta name=\"twitter:data2\" content=\"9 minutos\" \/>\n<script type=\"application\/ld+json\" class=\"yoast-schema-graph\">{\"@context\":\"https:\/\/schema.org\",\"@graph\":[{\"@type\":\"WebSite\",\"@id\":\"https:\/\/franciscanos.org.br\/noticias\/#website\",\"url\":\"https:\/\/franciscanos.org.br\/noticias\/\",\"name\":\"Not\u00edcias - Franciscanos\",\"description\":\"Prov\u00edncia Franciscana da Imaculada Concei\u00e7\u00e3o do Brasil - Ordem dos Frades Menores - OFM\",\"potentialAction\":[{\"@type\":\"SearchAction\",\"target\":{\"@type\":\"EntryPoint\",\"urlTemplate\":\"https:\/\/franciscanos.org.br\/noticias\/?s={search_term_string}\"},\"query-input\":\"required name=search_term_string\"}],\"inLanguage\":\"pt-BR\"},{\"@type\":\"ImageObject\",\"inLanguage\":\"pt-BR\",\"@id\":\"https:\/\/franciscanos.org.br\/noticias\/postulador-da-ordem-explica-os-passos-a-serem-dados-na-causa.html#primaryimage\",\"url\":\"https:\/\/franciscanos.org.br\/noticias\/wp-content\/uploads\/2012\/03\/postulador_1d.jpg\",\"contentUrl\":\"https:\/\/franciscanos.org.br\/noticias\/wp-content\/uploads\/2012\/03\/postulador_1d.jpg\",\"width\":800,\"height\":600},{\"@type\":\"WebPage\",\"@id\":\"https:\/\/franciscanos.org.br\/noticias\/postulador-da-ordem-explica-os-passos-a-serem-dados-na-causa.html#webpage\",\"url\":\"https:\/\/franciscanos.org.br\/noticias\/postulador-da-ordem-explica-os-passos-a-serem-dados-na-causa.html\",\"name\":\"Postulador da Ordem explica os passos a serem dados na causa - Not\u00edcias - Franciscanos\",\"isPartOf\":{\"@id\":\"https:\/\/franciscanos.org.br\/noticias\/#website\"},\"primaryImageOfPage\":{\"@id\":\"https:\/\/franciscanos.org.br\/noticias\/postulador-da-ordem-explica-os-passos-a-serem-dados-na-causa.html#primaryimage\"},\"datePublished\":\"2012-03-14T12:20:47+00:00\",\"dateModified\":\"2020-11-09T18:46:41+00:00\",\"author\":{\"@id\":\"https:\/\/franciscanos.org.br\/noticias\/#\/schema\/person\/b38fbf43118f02820bd932f2e4b14ad3\"},\"breadcrumb\":{\"@id\":\"https:\/\/franciscanos.org.br\/noticias\/postulador-da-ordem-explica-os-passos-a-serem-dados-na-causa.html#breadcrumb\"},\"inLanguage\":\"pt-BR\",\"potentialAction\":[{\"@type\":\"ReadAction\",\"target\":[\"https:\/\/franciscanos.org.br\/noticias\/postulador-da-ordem-explica-os-passos-a-serem-dados-na-causa.html\"]}]},{\"@type\":\"BreadcrumbList\",\"@id\":\"https:\/\/franciscanos.org.br\/noticias\/postulador-da-ordem-explica-os-passos-a-serem-dados-na-causa.html#breadcrumb\",\"itemListElement\":[{\"@type\":\"ListItem\",\"position\":1,\"name\":\"Home\",\"item\":\"https:\/\/franciscanos.org.br\/noticias\"},{\"@type\":\"ListItem\",\"position\":2,\"name\":\"Postulador da Ordem explica os passos a serem dados na causa\"}]},{\"@type\":\"Person\",\"@id\":\"https:\/\/franciscanos.org.br\/noticias\/#\/schema\/person\/b38fbf43118f02820bd932f2e4b14ad3\",\"name\":\"admin\",\"image\":{\"@type\":\"ImageObject\",\"inLanguage\":\"pt-BR\",\"@id\":\"https:\/\/franciscanos.org.br\/noticias\/#\/schema\/person\/image\/\",\"url\":\"https:\/\/secure.gravatar.com\/avatar\/e8495742d34d0ba6448ea1c628263b3e?s=96&d=mm&r=g\",\"contentUrl\":\"https:\/\/secure.gravatar.com\/avatar\/e8495742d34d0ba6448ea1c628263b3e?s=96&d=mm&r=g\",\"caption\":\"admin\"},\"url\":\"https:\/\/franciscanos.org.br\/noticias\/author\/admin\"}]}<\/script>\n<!-- \/ Yoast SEO plugin. -->","yoast_head_json":{"title":"Postulador da Ordem explica os passos a serem dados na causa - Not\u00edcias - Franciscanos","robots":{"index":"index","follow":"follow","max-snippet":"max-snippet:-1","max-image-preview":"max-image-preview:large","max-video-preview":"max-video-preview:-1"},"canonical":"https:\/\/franciscanos.org.br\/noticias\/postulador-da-ordem-explica-os-passos-a-serem-dados-na-causa.html","og_locale":"pt_BR","og_type":"article","og_title":"Postulador da Ordem explica os passos a serem dados na causa - Not\u00edcias - Franciscanos","og_description":"Frei Bruno","og_url":"https:\/\/franciscanos.org.br\/noticias\/postulador-da-ordem-explica-os-passos-a-serem-dados-na-causa.html","og_site_name":"Not\u00edcias - Franciscanos","article_published_time":"2012-03-14T12:20:47+00:00","article_modified_time":"2020-11-09T18:46:41+00:00","og_image":[{"width":800,"height":600,"url":"https:\/\/franciscanos.org.br\/noticias\/wp-content\/uploads\/2012\/03\/postulador_1d.jpg","type":"image\/jpeg"}],"author":"admin","twitter_card":"summary_large_image","twitter_misc":{"Escrito por":"admin","Est. tempo de leitura":"9 minutos"},"schema":{"@context":"https:\/\/schema.org","@graph":[{"@type":"WebSite","@id":"https:\/\/franciscanos.org.br\/noticias\/#website","url":"https:\/\/franciscanos.org.br\/noticias\/","name":"Not\u00edcias - Franciscanos","description":"Prov\u00edncia Franciscana da Imaculada Concei\u00e7\u00e3o do Brasil - Ordem dos Frades Menores - OFM","potentialAction":[{"@type":"SearchAction","target":{"@type":"EntryPoint","urlTemplate":"https:\/\/franciscanos.org.br\/noticias\/?s={search_term_string}"},"query-input":"required name=search_term_string"}],"inLanguage":"pt-BR"},{"@type":"ImageObject","inLanguage":"pt-BR","@id":"https:\/\/franciscanos.org.br\/noticias\/postulador-da-ordem-explica-os-passos-a-serem-dados-na-causa.html#primaryimage","url":"https:\/\/franciscanos.org.br\/noticias\/wp-content\/uploads\/2012\/03\/postulador_1d.jpg","contentUrl":"https:\/\/franciscanos.org.br\/noticias\/wp-content\/uploads\/2012\/03\/postulador_1d.jpg","width":800,"height":600},{"@type":"WebPage","@id":"https:\/\/franciscanos.org.br\/noticias\/postulador-da-ordem-explica-os-passos-a-serem-dados-na-causa.html#webpage","url":"https:\/\/franciscanos.org.br\/noticias\/postulador-da-ordem-explica-os-passos-a-serem-dados-na-causa.html","name":"Postulador da Ordem explica os passos a serem dados na causa - Not\u00edcias - Franciscanos","isPartOf":{"@id":"https:\/\/franciscanos.org.br\/noticias\/#website"},"primaryImageOfPage":{"@id":"https:\/\/franciscanos.org.br\/noticias\/postulador-da-ordem-explica-os-passos-a-serem-dados-na-causa.html#primaryimage"},"datePublished":"2012-03-14T12:20:47+00:00","dateModified":"2020-11-09T18:46:41+00:00","author":{"@id":"https:\/\/franciscanos.org.br\/noticias\/#\/schema\/person\/b38fbf43118f02820bd932f2e4b14ad3"},"breadcrumb":{"@id":"https:\/\/franciscanos.org.br\/noticias\/postulador-da-ordem-explica-os-passos-a-serem-dados-na-causa.html#breadcrumb"},"inLanguage":"pt-BR","potentialAction":[{"@type":"ReadAction","target":["https:\/\/franciscanos.org.br\/noticias\/postulador-da-ordem-explica-os-passos-a-serem-dados-na-causa.html"]}]},{"@type":"BreadcrumbList","@id":"https:\/\/franciscanos.org.br\/noticias\/postulador-da-ordem-explica-os-passos-a-serem-dados-na-causa.html#breadcrumb","itemListElement":[{"@type":"ListItem","position":1,"name":"Home","item":"https:\/\/franciscanos.org.br\/noticias"},{"@type":"ListItem","position":2,"name":"Postulador da Ordem explica os passos a serem dados na causa"}]},{"@type":"Person","@id":"https:\/\/franciscanos.org.br\/noticias\/#\/schema\/person\/b38fbf43118f02820bd932f2e4b14ad3","name":"admin","image":{"@type":"ImageObject","inLanguage":"pt-BR","@id":"https:\/\/franciscanos.org.br\/noticias\/#\/schema\/person\/image\/","url":"https:\/\/secure.gravatar.com\/avatar\/e8495742d34d0ba6448ea1c628263b3e?s=96&d=mm&r=g","contentUrl":"https:\/\/secure.gravatar.com\/avatar\/e8495742d34d0ba6448ea1c628263b3e?s=96&d=mm&r=g","caption":"admin"},"url":"https:\/\/franciscanos.org.br\/noticias\/author\/admin"}]}},"_links":{"self":[{"href":"https:\/\/franciscanos.org.br\/noticias\/wp-json\/wp\/v2\/posts\/12976"}],"collection":[{"href":"https:\/\/franciscanos.org.br\/noticias\/wp-json\/wp\/v2\/posts"}],"about":[{"href":"https:\/\/franciscanos.org.br\/noticias\/wp-json\/wp\/v2\/types\/post"}],"author":[{"embeddable":true,"href":"https:\/\/franciscanos.org.br\/noticias\/wp-json\/wp\/v2\/users\/1"}],"replies":[{"embeddable":true,"href":"https:\/\/franciscanos.org.br\/noticias\/wp-json\/wp\/v2\/comments?post=12976"}],"version-history":[{"count":2,"href":"https:\/\/franciscanos.org.br\/noticias\/wp-json\/wp\/v2\/posts\/12976\/revisions"}],"predecessor-version":[{"id":229104,"href":"https:\/\/franciscanos.org.br\/noticias\/wp-json\/wp\/v2\/posts\/12976\/revisions\/229104"}],"wp:featuredmedia":[{"embeddable":true,"href":"https:\/\/franciscanos.org.br\/noticias\/wp-json\/wp\/v2\/media\/229103"}],"wp:attachment":[{"href":"https:\/\/franciscanos.org.br\/noticias\/wp-json\/wp\/v2\/media?parent=12976"}],"wp:term":[{"taxonomy":"category","embeddable":true,"href":"https:\/\/franciscanos.org.br\/noticias\/wp-json\/wp\/v2\/categories?post=12976"},{"taxonomy":"post_tag","embeddable":true,"href":"https:\/\/franciscanos.org.br\/noticias\/wp-json\/wp\/v2\/tags?post=12976"}],"curies":[{"name":"wp","href":"https:\/\/api.w.org\/{rel}","templated":true}]}}