{"id":129717,"date":"2017-04-06T11:17:18","date_gmt":"2017-04-06T14:17:18","guid":{"rendered":"http:\/\/franciscanos.org.br\/?p=129717"},"modified":"2019-01-18T15:59:31","modified_gmt":"2019-01-18T17:59:31","slug":"lancamentos-da-semana-27","status":"publish","type":"post","link":"https:\/\/franciscanos.org.br\/noticias\/lancamentos-da-semana-27.html","title":{"rendered":"Lan\u00e7amentos da semana"},"content":{"rendered":"<h3><strong><a href=\"http:\/\/franciscanos.org.br\/wp-content\/uploads\/2017\/04\/jesus-paulo.jpg\"><img loading=\"lazy\" class=\"alignleft size-full wp-image-129723\" src=\"http:\/\/franciscanos.org.br\/wp-content\/uploads\/2017\/04\/jesus-paulo.jpg\" alt=\"jesus-paulo\" width=\"200\" height=\"306\" \/><\/a>Jesus, Paulo e os Evangelhos<\/strong><\/h3>\n<p><strong>James D. G. Dunn<\/strong><\/p>\n<p>Esta obra, escrita por um pesquisador amplamente respeitado, oferece uma vis\u00e3o panor\u00e2mica harm\u00f4nica e esclarecedora sobre as origens do movimento inicial de Jesus e do in\u00edcio da comunidade crist\u00e3.<\/p>\n<p>Al\u00e9m disso, aborda uma variedade de quest\u00f5es b\u00e1sicas do estudo do Novo Testamento, como as seguintes: <em>Onde<\/em>, <em>por que<\/em> e <em>como<\/em> os Evangelhos foram escritos e <em>o que<\/em> dever\u00edamos esperar deles; A confiabilidade e a historicidade dos relatos dos Evangelhos a respeito da vida e do minist\u00e9rio de Jesus; A significativa e perene import\u00e2ncia do ap\u00f3stolo Paulo e de sua mensagem; Pontos de continuidade e descontinuidade entre o ensinamento de Jesus e o de Paulo \u2013 e como interligar os dois.<\/p>\n<p style=\"padding-left: 30px;\"><strong>James D. G. Dunn<\/strong> <em>\u00e9 professor de teologia aposentado, detentor da c\u00e1tedra Lightfoot na Universidade de Durham na Inglaterra. Dentre seus muitos livros merecem destaque Jesus Remembered [Jesus recordado] e Beginning from Jerusalem [Come\u00e7ando em Jerusal\u00e9m] (volumes 1 e 2 de Christianity in the Making [Cristianismo em constru\u00e7\u00e3o]) e os coment\u00e1rios a Romanos, G\u00e1latas, Colossenses e Fil\u00eamon.<\/em><\/p>\n<p><strong>N\u00ba DE P\u00c1GINAS<\/strong><strong>: 256<\/strong><\/p>\n<p>&nbsp;<\/p>\n<h3><strong><a href=\"http:\/\/franciscanos.org.br\/wp-content\/uploads\/2017\/04\/sao-jose-de-anchieta.jpg\"><img loading=\"lazy\" class=\"alignleft size-full wp-image-129724\" src=\"http:\/\/franciscanos.org.br\/wp-content\/uploads\/2017\/04\/sao-jose-de-anchieta.jpg\" alt=\"sao-jose-de-anchieta\" width=\"200\" height=\"296\" \/><\/a>S\u00e3o Jos\u00e9 de Anchieta<br \/>\n<\/strong><strong>Invocado contra a viol\u00eancia, os assaltos e os seq\u00fcestros<\/strong><\/h3>\n<p><strong>Elam de Almeida Pimentel<\/strong><\/p>\n<p>S\u00e3o Jos\u00e9 de Anchieta \u00e9 modelo de mission\u00e1rio e evangelizador que utilizou a poesia, o teatro e recursos pr\u00f3prios da \u00e9poca, levando em considera\u00e7\u00e3o a cultura dos \u00edndios ao catequiz\u00e1-los.<\/p>\n<p>S\u00e3o Jos\u00e9 de Anchieta, \u201cO Ap\u00f3stolo do Brasil\u201d, \u00e9 o santo que amou os \u00edndios, que fez milagres e alcan\u00e7ou gra\u00e7as para os nossos antepassados, segundo a tradi\u00e7\u00e3o.\u00a0 Em situa\u00e7\u00f5es dif\u00edceis, na imin\u00eancia de assaltos e sequestros, muitos recorrem a\u00a0 S\u00e3o Jos\u00e9 de Anchieta em forma de ora\u00e7\u00e3o: \u201cEstende teu manto e protege nesta vida todos aqueles a quem amamos\u201d.<\/p>\n<p><strong>N\u00ba DE P\u00c1GINAS<\/strong><strong>: 32<\/strong><\/p>\n<p>&nbsp;<\/p>\n<p>&nbsp;<\/p>\n<h3><strong><a href=\"http:\/\/franciscanos.org.br\/wp-content\/uploads\/2017\/04\/o-poder.jpg\"><img loading=\"lazy\" class=\"alignleft size-full wp-image-129725\" src=\"http:\/\/franciscanos.org.br\/wp-content\/uploads\/2017\/04\/o-poder.jpg\" alt=\"o-poder\" width=\"200\" height=\"308\" \/><\/a>O poder de uma boa conversa<br \/>\n<\/strong><strong>Comunica\u00e7\u00e3o e empatia para l\u00edderes, gestores, coaches, educadores, pais e demais facilitadores<\/strong><\/h3>\n<p><strong>Alexandre Henrique Santos<\/strong><\/p>\n<p>Conversar nos alimenta. A ideia da boa conversa \u00e9 permitir que as pessoas possam nutrir-se reciprocamente, e da melhor maneira poss\u00edvel. Um di\u00e1logo emp\u00e1tico permite aos interlocutores se sentirem aceitos, espont\u00e2neos e fortalecidos. Ainda assim estamos nos prim\u00f3rdios do entendimento da profundidade e da abrang\u00eancia da empatia. A descoberta do neur\u00f4nio-espelho \u2013 apelidado \u201cneur\u00f4nio da empatia\u201d \u2013, mesmo sendo fato not\u00e1vel, representa apenas um passo na maratona que temos pela frente.<\/p>\n<p>A alavanca que nos conduzir\u00e1 a uma sociedade mais pac\u00edfica, solid\u00e1ria e humana, n\u00e3o ser\u00e1 nenhuma grande vari\u00e1vel, como a luta de classes, o embate republicano dos partidos pol\u00edticos ou a globaliza\u00e7\u00e3o da economia \u2013 por mais ativos e relevantes que sejam. A for\u00e7a transformadora ser\u00e1 a resson\u00e2ncia do di\u00e1logo emp\u00e1tico entre as pessoas e os seus grupos. Essa \u00e9 a tese que se apresenta aqui.<\/p>\n<p>Inicialmente destinado aos facilitadores, ou seja, aos que queiram utilizar a conversa como meio de servir ao pr\u00f3ximo, o conte\u00fado do texto ser\u00e1 \u00fatil a qualquer pessoa que queira dar um salto qu\u00e2ntico na qualidade dos seus di\u00e1logos e v\u00ednculos interpessoais.<\/p>\n<p style=\"padding-left: 30px;\"><strong>Alexandre Henrique Santos<\/strong><em> vive no Brasil e na Espanha. Tem um perfil ecl\u00e9tico: soci\u00f3logo, consultor de empresas, terapeuta e coach, com cursos de especializa\u00e7\u00e3o obtidos nos Estados Unidos, M\u00e9xico e Pol\u00f4nia. Criou e dirige a <\/em><strong>Acaiaca Consultoria<\/strong><em>, pela qual faz palestras, consultorias e workshops, no Brasil e no exterior, sobre comunica\u00e7\u00e3o interpessoal, lideran\u00e7a, coaching, empatia, teambuilding e diversidade. Participa de trabalhos volunt\u00e1rios e campanhas de solidariedade. Tem como hobby a composi\u00e7\u00e3o musical. Publicou tamb\u00e9m pela Editora Vozes \u201cPlanejamento Pessoal \u2013 Guia para alcan\u00e7ar suas metas\u201d. Contato: <\/em><em><a href=\"mailto:alexandre@acaiacaconsultoria.com.br\">alexandre@acaiacaconsultoria.com.br<\/a><\/em><\/p>\n<p><strong>N\u00ba DE P\u00c1GINAS<\/strong><strong>: 304<\/strong><\/p>\n<p>&nbsp;<\/p>\n<h3><strong><a href=\"http:\/\/franciscanos.org.br\/wp-content\/uploads\/2017\/04\/como-mulher.jpg\"><img loading=\"lazy\" class=\"alignleft size-full wp-image-129726\" src=\"http:\/\/franciscanos.org.br\/wp-content\/uploads\/2017\/04\/como-mulher.jpg\" alt=\"como-mulher\" width=\"200\" height=\"307\" \/><\/a>Como entender uma mulher num piscar de olhos<\/strong><\/h3>\n<p><strong>Morgan Tarditi<\/strong><\/p>\n<p>Homens e mulheres nem sempre falam a mesma l\u00edngua. Muitas vezes parecem estar em mundos separados quando se comunicam, e o significado das palavras nem sempre \u00e9 o mesmo para ambos. Com isso, as rela\u00e7\u00f5es do casal costumam ter momentos em que um int\u00e9rprete seria realmente muito bem-vindo!<\/p>\n<p>O modo como entendem, veem, sentem e se expressam por meio de palavras, gestos e comportamentos \u00e9 resultado do modo particular como ambos aprenderam a ser. A cultura impregnada em seu universo cria tipos muito diferentes com caracter\u00edsticas femininas bastante dif\u00edceis de ser entendidas pelos homens, e vice-versa.<\/p>\n<p>Com muita habilidade esta obra tra\u00e7a um panorama do universo feminino na linguagem dos homens, mostrando os tipos mais paradigm\u00e1ticos de mulheres com suas caracter\u00edsticas e sua forma de ser, pensar, agir, entender o mundo. Um manual de instru\u00e7\u00f5es indispens\u00e1vel, ou um kit de sobreviv\u00eancia cheio de humor, bom senso e perspic\u00e1cia para lidar \u2013 da melhor forma poss\u00edvel! &#8211; com sua parceira.<\/p>\n<p style=\"padding-left: 30px;\"><strong>Morgan Tarditi<\/strong><em> \u00e9 conhecido por sua assertividade e pela desenvoltura com que se movimenta entre o p\u00fablico das comunidades virtuais de que participa, por sua paix\u00e3o pela m\u00fasica e por seu trabalho de programador e de ghostwriter.<\/em><\/p>\n<p><strong>N\u00ba DE P\u00c1GINAS<\/strong><strong>: 96<\/strong><\/p>\n<p>&nbsp;<\/p>\n<h3><strong><a href=\"http:\/\/franciscanos.org.br\/wp-content\/uploads\/2017\/04\/mulher.jpg\"><img loading=\"lazy\" class=\"alignleft size-full wp-image-129727\" src=\"http:\/\/franciscanos.org.br\/wp-content\/uploads\/2017\/04\/mulher.jpg\" alt=\"mulher\" width=\"200\" height=\"307\" \/><\/a>Como entender um homem num piscar de olhos<\/strong><\/h3>\n<p><strong>Nuala Santini<\/strong><\/p>\n<p>Homens e mulheres nem sempre falam a mesma l\u00edngua. Muitas vezes parecem estar em mundos separados quando se comunicam, e o significado das palavras nem sempre \u00e9 o mesmo para ambos. Com isso, as rela\u00e7\u00f5es do casal costumam ter momentos em que um int\u00e9rprete seria realmente muito bem-vindo!<\/p>\n<p>O modo como entendem, veem, sentem, e se expressam por meio de palavras, gestos e comportamentos \u00a0\u00e9 resultado do modo particular como ambos aprenderam a ser. A cultura impregnada em seu universo cria tipos muito diferentes com caracter\u00edsticas masculinas bastante dif\u00edceis de ser entendidas pelas mulheres, e vice-versa.<\/p>\n<p>Com muita habilidade esta obra tra\u00e7a um panorama do universo masculino na linguagem das mulheres, mostrando os tipos paradigm\u00e1ticos de homens com suas caracter\u00edsticas e sua forma de ser, pensar, agir, entender o mundo. Um manual de instru\u00e7\u00f5es indispens\u00e1vel, ou um kit de sobreviv\u00eancia cheio de humor, bom-senso e perspic\u00e1cia para lidar \u2013 da melhor forma poss\u00edvel! \u2013 com seu parceiro.<\/p>\n<p style=\"padding-left: 30px;\"><strong>Nuala Santini<\/strong> <em>\u00e9 escritora entusiasmada sobre um vasto leque de assuntos. Dedica-se a compreender melhor o mundo dos homens e, no tempo livre, gosta de preparar receitas naturais e cultivar lavandas em seu jardim.<\/em><\/p>\n<p><strong>N\u00ba DE P\u00c1GINAS<\/strong><strong>: 112<\/strong><\/p>\n<p>&nbsp;<\/p>\n<h3><strong><a href=\"http:\/\/franciscanos.org.br\/wp-content\/uploads\/2017\/04\/10-licoes.jpg\"><img loading=\"lazy\" class=\"alignleft size-full wp-image-129728\" src=\"http:\/\/franciscanos.org.br\/wp-content\/uploads\/2017\/04\/10-licoes.jpg\" alt=\"10-licoes\" width=\"200\" height=\"345\" \/><\/a>10 li\u00e7\u00f5es sobre Wittgenstein<\/strong><\/h3>\n<p><strong>Gerson Francisco de Arruda J\u00fanior<\/strong><\/p>\n<p>Compreender Wittgenstein n\u00e3o \u00e9 uma tarefa f\u00e1cil, n\u00e3o s\u00f3 porque o escopo de sua filosofia \u00e9 muito amplo, mas tamb\u00e9m porque as suas ideias exerceram uma forte influ\u00eancia sobre v\u00e1rios campos da filosofia e de outras \u00e1reas do saber humano. \u00c9, pois, com o intuito de minimizar a dificuldade dessa tarefa que as <em>10<\/em><em> li\u00e7\u00f5es <\/em>aqui presentes objetivam expor, em seus tra\u00e7os essenciais, a filosofia de Wittgenstein, destacando os temas que mais significativamente marcaram cada uma das fases de seu pensamento.<\/p>\n<p style=\"padding-left: 30px;\"><em>Licenciado e Mestre em Filosofia, <strong>Gerson Francisco de Arruda J\u00fanior<\/strong> est\u00e1 concluindo o seu doutorado em filosofia da linguagem na Faculdade de Letras da Universidade de Lisboa. Atualmente, ele \u00e9 professor de filosofia no Centro de Teologia e Ci\u00eancias Humanas da Universidade Cat\u00f3lica de Pernambuco (UNICAP) e na Faculdade de Teologia Integrada (FATIN). Interessa-se, de um modo geral, pelos temas da filosofia da linguagem, da l\u00f3gica e da mente, e dedica-se, de um modo particular, ao estudo do pensamento de Wittgenstein.<\/em><\/p>\n<p><strong>N\u00ba DE P\u00c1GINAS: 136<\/strong><\/p>\n<p>&nbsp;<\/p>\n","protected":false},"excerpt":{"rendered":"<p>Editora Vozes<\/p>\n","protected":false},"author":1,"featured_media":194592,"comment_status":"open","ping_status":"open","sticky":false,"template":"","format":"standard","meta":[],"categories":[1],"tags":[238],"acf":[],"yoast_head":"<!-- This site is optimized with the Yoast SEO plugin v19.2 - https:\/\/yoast.com\/wordpress\/plugins\/seo\/ -->\n<title>Lan\u00e7amentos da semana - Not\u00edcias - Franciscanos<\/title>\n<meta name=\"robots\" content=\"index, follow, max-snippet:-1, max-image-preview:large, max-video-preview:-1\" \/>\n<link rel=\"canonical\" href=\"https:\/\/franciscanos.org.br\/noticias\/lancamentos-da-semana-27.html\" \/>\n<meta property=\"og:locale\" content=\"pt_BR\" \/>\n<meta property=\"og:type\" content=\"article\" \/>\n<meta property=\"og:title\" content=\"Lan\u00e7amentos da semana - Not\u00edcias - Franciscanos\" \/>\n<meta property=\"og:description\" content=\"Editora Vozes\" \/>\n<meta property=\"og:url\" content=\"https:\/\/franciscanos.org.br\/noticias\/lancamentos-da-semana-27.html\" \/>\n<meta property=\"og:site_name\" content=\"Not\u00edcias - Franciscanos\" \/>\n<meta property=\"article:published_time\" content=\"2017-04-06T14:17:18+00:00\" \/>\n<meta property=\"article:modified_time\" content=\"2019-01-18T17:59:31+00:00\" \/>\n<meta property=\"og:image\" content=\"https:\/\/franciscanos.org.br\/noticias\/wp-content\/uploads\/2017\/11\/vozes.png\" \/>\n\t<meta property=\"og:image:width\" content=\"273\" \/>\n\t<meta property=\"og:image:height\" content=\"181\" \/>\n\t<meta property=\"og:image:type\" content=\"image\/png\" \/>\n<meta name=\"author\" content=\"admin\" \/>\n<meta name=\"twitter:card\" content=\"summary_large_image\" \/>\n<meta name=\"twitter:label1\" content=\"Escrito por\" \/>\n\t<meta name=\"twitter:data1\" content=\"admin\" \/>\n\t<meta name=\"twitter:label2\" content=\"Est. tempo de leitura\" \/>\n\t<meta name=\"twitter:data2\" content=\"6 minutos\" \/>\n<script type=\"application\/ld+json\" class=\"yoast-schema-graph\">{\"@context\":\"https:\/\/schema.org\",\"@graph\":[{\"@type\":\"WebSite\",\"@id\":\"https:\/\/franciscanos.org.br\/noticias\/#website\",\"url\":\"https:\/\/franciscanos.org.br\/noticias\/\",\"name\":\"Not\u00edcias - Franciscanos\",\"description\":\"Prov\u00edncia Franciscana da Imaculada Concei\u00e7\u00e3o do Brasil - Ordem dos Frades Menores - OFM\",\"potentialAction\":[{\"@type\":\"SearchAction\",\"target\":{\"@type\":\"EntryPoint\",\"urlTemplate\":\"https:\/\/franciscanos.org.br\/noticias\/?s={search_term_string}\"},\"query-input\":\"required name=search_term_string\"}],\"inLanguage\":\"pt-BR\"},{\"@type\":\"ImageObject\",\"inLanguage\":\"pt-BR\",\"@id\":\"https:\/\/franciscanos.org.br\/noticias\/lancamentos-da-semana-27.html#primaryimage\",\"url\":\"https:\/\/franciscanos.org.br\/noticias\/wp-content\/uploads\/2017\/11\/vozes.png\",\"contentUrl\":\"https:\/\/franciscanos.org.br\/noticias\/wp-content\/uploads\/2017\/11\/vozes.png\",\"width\":273,\"height\":181},{\"@type\":\"WebPage\",\"@id\":\"https:\/\/franciscanos.org.br\/noticias\/lancamentos-da-semana-27.html#webpage\",\"url\":\"https:\/\/franciscanos.org.br\/noticias\/lancamentos-da-semana-27.html\",\"name\":\"Lan\u00e7amentos da semana - Not\u00edcias - Franciscanos\",\"isPartOf\":{\"@id\":\"https:\/\/franciscanos.org.br\/noticias\/#website\"},\"primaryImageOfPage\":{\"@id\":\"https:\/\/franciscanos.org.br\/noticias\/lancamentos-da-semana-27.html#primaryimage\"},\"datePublished\":\"2017-04-06T14:17:18+00:00\",\"dateModified\":\"2019-01-18T17:59:31+00:00\",\"author\":{\"@id\":\"https:\/\/franciscanos.org.br\/noticias\/#\/schema\/person\/b38fbf43118f02820bd932f2e4b14ad3\"},\"breadcrumb\":{\"@id\":\"https:\/\/franciscanos.org.br\/noticias\/lancamentos-da-semana-27.html#breadcrumb\"},\"inLanguage\":\"pt-BR\",\"potentialAction\":[{\"@type\":\"ReadAction\",\"target\":[\"https:\/\/franciscanos.org.br\/noticias\/lancamentos-da-semana-27.html\"]}]},{\"@type\":\"BreadcrumbList\",\"@id\":\"https:\/\/franciscanos.org.br\/noticias\/lancamentos-da-semana-27.html#breadcrumb\",\"itemListElement\":[{\"@type\":\"ListItem\",\"position\":1,\"name\":\"Home\",\"item\":\"https:\/\/franciscanos.org.br\/noticias\"},{\"@type\":\"ListItem\",\"position\":2,\"name\":\"Lan\u00e7amentos da semana\"}]},{\"@type\":\"Person\",\"@id\":\"https:\/\/franciscanos.org.br\/noticias\/#\/schema\/person\/b38fbf43118f02820bd932f2e4b14ad3\",\"name\":\"admin\",\"image\":{\"@type\":\"ImageObject\",\"inLanguage\":\"pt-BR\",\"@id\":\"https:\/\/franciscanos.org.br\/noticias\/#\/schema\/person\/image\/\",\"url\":\"https:\/\/secure.gravatar.com\/avatar\/e8495742d34d0ba6448ea1c628263b3e?s=96&d=mm&r=g\",\"contentUrl\":\"https:\/\/secure.gravatar.com\/avatar\/e8495742d34d0ba6448ea1c628263b3e?s=96&d=mm&r=g\",\"caption\":\"admin\"},\"url\":\"https:\/\/franciscanos.org.br\/noticias\/author\/admin\"}]}<\/script>\n<!-- \/ Yoast SEO plugin. -->","yoast_head_json":{"title":"Lan\u00e7amentos da semana - Not\u00edcias - Franciscanos","robots":{"index":"index","follow":"follow","max-snippet":"max-snippet:-1","max-image-preview":"max-image-preview:large","max-video-preview":"max-video-preview:-1"},"canonical":"https:\/\/franciscanos.org.br\/noticias\/lancamentos-da-semana-27.html","og_locale":"pt_BR","og_type":"article","og_title":"Lan\u00e7amentos da semana - Not\u00edcias - Franciscanos","og_description":"Editora Vozes","og_url":"https:\/\/franciscanos.org.br\/noticias\/lancamentos-da-semana-27.html","og_site_name":"Not\u00edcias - Franciscanos","article_published_time":"2017-04-06T14:17:18+00:00","article_modified_time":"2019-01-18T17:59:31+00:00","og_image":[{"width":273,"height":181,"url":"https:\/\/franciscanos.org.br\/noticias\/wp-content\/uploads\/2017\/11\/vozes.png","type":"image\/png"}],"author":"admin","twitter_card":"summary_large_image","twitter_misc":{"Escrito por":"admin","Est. tempo de leitura":"6 minutos"},"schema":{"@context":"https:\/\/schema.org","@graph":[{"@type":"WebSite","@id":"https:\/\/franciscanos.org.br\/noticias\/#website","url":"https:\/\/franciscanos.org.br\/noticias\/","name":"Not\u00edcias - Franciscanos","description":"Prov\u00edncia Franciscana da Imaculada Concei\u00e7\u00e3o do Brasil - Ordem dos Frades Menores - OFM","potentialAction":[{"@type":"SearchAction","target":{"@type":"EntryPoint","urlTemplate":"https:\/\/franciscanos.org.br\/noticias\/?s={search_term_string}"},"query-input":"required name=search_term_string"}],"inLanguage":"pt-BR"},{"@type":"ImageObject","inLanguage":"pt-BR","@id":"https:\/\/franciscanos.org.br\/noticias\/lancamentos-da-semana-27.html#primaryimage","url":"https:\/\/franciscanos.org.br\/noticias\/wp-content\/uploads\/2017\/11\/vozes.png","contentUrl":"https:\/\/franciscanos.org.br\/noticias\/wp-content\/uploads\/2017\/11\/vozes.png","width":273,"height":181},{"@type":"WebPage","@id":"https:\/\/franciscanos.org.br\/noticias\/lancamentos-da-semana-27.html#webpage","url":"https:\/\/franciscanos.org.br\/noticias\/lancamentos-da-semana-27.html","name":"Lan\u00e7amentos da semana - Not\u00edcias - Franciscanos","isPartOf":{"@id":"https:\/\/franciscanos.org.br\/noticias\/#website"},"primaryImageOfPage":{"@id":"https:\/\/franciscanos.org.br\/noticias\/lancamentos-da-semana-27.html#primaryimage"},"datePublished":"2017-04-06T14:17:18+00:00","dateModified":"2019-01-18T17:59:31+00:00","author":{"@id":"https:\/\/franciscanos.org.br\/noticias\/#\/schema\/person\/b38fbf43118f02820bd932f2e4b14ad3"},"breadcrumb":{"@id":"https:\/\/franciscanos.org.br\/noticias\/lancamentos-da-semana-27.html#breadcrumb"},"inLanguage":"pt-BR","potentialAction":[{"@type":"ReadAction","target":["https:\/\/franciscanos.org.br\/noticias\/lancamentos-da-semana-27.html"]}]},{"@type":"BreadcrumbList","@id":"https:\/\/franciscanos.org.br\/noticias\/lancamentos-da-semana-27.html#breadcrumb","itemListElement":[{"@type":"ListItem","position":1,"name":"Home","item":"https:\/\/franciscanos.org.br\/noticias"},{"@type":"ListItem","position":2,"name":"Lan\u00e7amentos da semana"}]},{"@type":"Person","@id":"https:\/\/franciscanos.org.br\/noticias\/#\/schema\/person\/b38fbf43118f02820bd932f2e4b14ad3","name":"admin","image":{"@type":"ImageObject","inLanguage":"pt-BR","@id":"https:\/\/franciscanos.org.br\/noticias\/#\/schema\/person\/image\/","url":"https:\/\/secure.gravatar.com\/avatar\/e8495742d34d0ba6448ea1c628263b3e?s=96&d=mm&r=g","contentUrl":"https:\/\/secure.gravatar.com\/avatar\/e8495742d34d0ba6448ea1c628263b3e?s=96&d=mm&r=g","caption":"admin"},"url":"https:\/\/franciscanos.org.br\/noticias\/author\/admin"}]}},"_links":{"self":[{"href":"https:\/\/franciscanos.org.br\/noticias\/wp-json\/wp\/v2\/posts\/129717"}],"collection":[{"href":"https:\/\/franciscanos.org.br\/noticias\/wp-json\/wp\/v2\/posts"}],"about":[{"href":"https:\/\/franciscanos.org.br\/noticias\/wp-json\/wp\/v2\/types\/post"}],"author":[{"embeddable":true,"href":"https:\/\/franciscanos.org.br\/noticias\/wp-json\/wp\/v2\/users\/1"}],"replies":[{"embeddable":true,"href":"https:\/\/franciscanos.org.br\/noticias\/wp-json\/wp\/v2\/comments?post=129717"}],"version-history":[{"count":0,"href":"https:\/\/franciscanos.org.br\/noticias\/wp-json\/wp\/v2\/posts\/129717\/revisions"}],"wp:featuredmedia":[{"embeddable":true,"href":"https:\/\/franciscanos.org.br\/noticias\/wp-json\/wp\/v2\/media\/194592"}],"wp:attachment":[{"href":"https:\/\/franciscanos.org.br\/noticias\/wp-json\/wp\/v2\/media?parent=129717"}],"wp:term":[{"taxonomy":"category","embeddable":true,"href":"https:\/\/franciscanos.org.br\/noticias\/wp-json\/wp\/v2\/categories?post=129717"},{"taxonomy":"post_tag","embeddable":true,"href":"https:\/\/franciscanos.org.br\/noticias\/wp-json\/wp\/v2\/tags?post=129717"}],"curies":[{"name":"wp","href":"https:\/\/api.w.org\/{rel}","templated":true}]}}