{"id":129679,"date":"2017-04-06T08:11:16","date_gmt":"2017-04-06T11:11:16","guid":{"rendered":"http:\/\/franciscanos.org.br\/?p=129679"},"modified":"2020-06-09T09:52:25","modified_gmt":"2020-06-09T12:52:25","slug":"papa-olhar-para-jesus-e-se-encher-de-alegria","status":"publish","type":"post","link":"https:\/\/franciscanos.org.br\/noticias\/papa-olhar-para-jesus-e-se-encher-de-alegria.html","title":{"rendered":"Papa: &#8220;Olhar para Jesus e se encher de alegria&#8221;"},"content":{"rendered":"<p><img loading=\"lazy\" class=\"alignleft\" src=\"http:\/\/franciscanos.org.br\/wp-content\/uploads\/2017\/04\/marta_060417.jpg\" alt=\"marta_060417\" width=\"820\" height=\"409\" \/><\/p>\n<p><strong>Cidade do Vaticano &#8211;<\/strong> \u201cDeus \u00e9 sempre fiel \u00e0 sua alian\u00e7a: foi fiel \u00e0 promessa com Abra\u00e3o e \u00e0 salva\u00e7\u00e3o prometida em seu Filho, Jesus\u201d. Este foi o centro da homilia proferida pelo Papa na manh\u00e3 de quinta-feira (06\/04) na missa da Casa Santa Marta. A primeira leitura narra a alian\u00e7a que Deus fez com Abra\u00e3o, que Jesus e os fariseus chamam \u2018pai\u2019, porque foi ele que gerou \u201ceste povo, que hoje \u00e9 a Igreja\u201d. Abra\u00e3o confia, obedece quando \u00e9 enviado para outra terra, recebida em heran\u00e7a. Homem de f\u00e9 e de esperan\u00e7a, acredita quando lhe \u00e9 dito que teria um filho, aos 100 anos, \u201ccom a esposa est\u00e9ril\u201d. \u201cQuem quisesse descrever a vida de Abra\u00e3o, poderia dizer: \u2018\u00c9 um sonhador\u2019\u201d, disse o Papa. \u201cEra um sonhador da esperan\u00e7a, mas n\u00e3o era um louco\u201d, explicou: \u201cColocado \u00e0 prova depois de ter o filho, lhe \u00e9 pedido que o ofere\u00e7a em sacrif\u00edcio: obedeceu e foi adiante, contra qualquer esperan\u00e7a: este \u00e9 o nosso pai Abra\u00e3o, que vai avante, avante, e quando viu Jesus, ficou cheio de alegria. Sim: a alegria de ver que Deus n\u00e3o o havia enganado, que Deus \u2013 como rezamos no c\u00e2ntico \u2013 \u00e9 sempre fiel \u00e0 sua alian\u00e7a\u201d.<\/p>\n<p>O Salmo responsorial convida a lembrar as maravilhas, os seus prod\u00edgios. Para n\u00f3s, descend\u00eancia de Abra\u00e3o, \u00e9 como quando pensamos em nosso pai que j\u00e1 se foi, e nos lembramos das \u2018coisas boas do papai\u2019 e pensamos: \u2018Papai era grande!\u2019.<\/p>\n<p>O pacto de Abra\u00e3o consiste em obedecer \u2018sempre\u2019, prosseguiu Francisco. Por parte de Deus, a promessa foi de faz\u00ea-lo \u2018pai de uma multid\u00e3o de na\u00e7\u00f5es\u2019. \u2018N\u00e3o te chamar\u00e1s Abr\u00e3o, mas o teu nome ser\u00e1 Abra\u00e3o\u2019, lhe diz o Senhor. E Abra\u00e3o acreditou. Depois, em outro di\u00e1logo, ainda no G\u00eanesis, Deus lhe diz que sua descend\u00eancia ser\u00e1 numerosa como as estrelas do c\u00e9u e a areia do mar. E hoje, n\u00f3s podemos dizer: \u2018Eu sou uma daquelas estrelas. Eu sou um gr\u00e3o de areia\u2019.<\/p>\n<p>Entre Abra\u00e3o e n\u00f3s, h\u00e1 a outra Hist\u00f3ria, disse o Papa, a hist\u00f3ria do Pai dos C\u00e9us e de Jesus que por isso diz aos fariseus que Abra\u00e3o exultou na esperan\u00e7a de ver \u201co meu dia\u201d. \u201cEle viu e, ficou cheio de alegria\u201d. Esta \u00e9 a grande mensagem e a Igreja hoje nos convida precisamente a nos determos e a olharmos para \u201cas nossas ra\u00edzes\u201d, \u201cnosso pai\u201d, que \u201cnos fez povo, o c\u00e9u cheio de estrelas, praias cheias de gr\u00e3os de areia\u201d: \u201cOlhar para a Hist\u00f3ria: eu n\u00e3o estou sozinho, eu sou um povo. Vamos juntos. A Igreja \u00e9 um povo. Mas um povo sonhado por Deus, um povo que deu um pai sobre a Terra que obedeceu, e temos um irm\u00e3o que deu sua vida por n\u00f3s, para nos tornar um povo. E assim podemos olhar para o Pai, agradecer; olhar para Jesus, agradecer; e olhar para Abra\u00e3o e para n\u00f3s, que somos parte do caminho\u201d.<\/p>\n<p>Francisco convida, ent\u00e3o, a fazer de hoje \u201cum dia de mem\u00f3ria\u201d, evidenciando que \u201cnesta grande Hist\u00f3ria, na moldura de Deus e Jesus, h\u00e1 a pequena hist\u00f3ria de cada um de n\u00f3s\u201d: \u201cEu convido voc\u00eas a tirarem, hoje, cinco minutos, dez minutos, sentados, sem r\u00e1dio, sem televis\u00e3o; sentados, e pensar sobre a pr\u00f3pria hist\u00f3ria: as b\u00ean\u00e7\u00e3os e dificuldades, tudo. As gra\u00e7as e os pecados: tudo. E olhar ali a fidelidade daquele Deus que permaneceu fiel \u00e0 sua alian\u00e7a, e se manteve fiel \u00e0 promessa que fizera a Abra\u00e3o, permaneceu fiel \u00e0 salva\u00e7\u00e3o que prometera em Seu Filho Jesus. Estou certo de que entre as coisas talvez ruins &#8211; porque todos n\u00f3s temos, tantas coisas ruins, na vida &#8211; se hoje fizermos isso, vamos descobrir a beleza do amor de Deus, a beleza de Sua miseric\u00f3rdia, a beleza da esperan\u00e7a. E tenho certeza que todos n\u00f3s estaremos cheios de alegria\u201d.<\/p>\n<hr \/>\n<p><em>Fonte: R\u00e1dio Vaticano<\/em><\/p>\n","protected":false},"excerpt":{"rendered":"<p>Missa em Santa Marta<\/p>\n","protected":false},"author":1,"featured_media":198074,"comment_status":"open","ping_status":"open","sticky":false,"template":"","format":"standard","meta":[],"categories":[1428],"tags":[1586],"acf":[],"yoast_head":"<!-- This site is optimized with the Yoast SEO plugin v19.2 - https:\/\/yoast.com\/wordpress\/plugins\/seo\/ -->\n<title>Papa: &quot;Olhar para Jesus e se encher de alegria&quot; - Not\u00edcias - Franciscanos<\/title>\n<meta name=\"robots\" content=\"index, follow, max-snippet:-1, max-image-preview:large, max-video-preview:-1\" \/>\n<link rel=\"canonical\" href=\"https:\/\/franciscanos.org.br\/noticias\/papa-olhar-para-jesus-e-se-encher-de-alegria.html\" \/>\n<meta property=\"og:locale\" content=\"pt_BR\" \/>\n<meta property=\"og:type\" content=\"article\" \/>\n<meta property=\"og:title\" content=\"Papa: &quot;Olhar para Jesus e se encher de alegria&quot; - Not\u00edcias - Franciscanos\" \/>\n<meta property=\"og:description\" content=\"Missa em Santa Marta\" \/>\n<meta property=\"og:url\" content=\"https:\/\/franciscanos.org.br\/noticias\/papa-olhar-para-jesus-e-se-encher-de-alegria.html\" \/>\n<meta property=\"og:site_name\" content=\"Not\u00edcias - Franciscanos\" \/>\n<meta property=\"article:published_time\" content=\"2017-04-06T11:11:16+00:00\" \/>\n<meta property=\"article:modified_time\" content=\"2020-06-09T12:52:25+00:00\" \/>\n<meta property=\"og:image\" content=\"https:\/\/franciscanos.org.br\/noticias\/wp-content\/uploads\/2017\/04\/marta_060417.jpg\" \/>\n\t<meta property=\"og:image:width\" content=\"273\" \/>\n\t<meta property=\"og:image:height\" content=\"181\" \/>\n\t<meta property=\"og:image:type\" content=\"image\/jpeg\" \/>\n<meta name=\"author\" content=\"admin\" \/>\n<meta name=\"twitter:card\" content=\"summary_large_image\" \/>\n<meta name=\"twitter:label1\" content=\"Escrito por\" \/>\n\t<meta name=\"twitter:data1\" content=\"admin\" \/>\n\t<meta name=\"twitter:label2\" content=\"Est. tempo de leitura\" \/>\n\t<meta name=\"twitter:data2\" content=\"3 minutos\" \/>\n<script type=\"application\/ld+json\" class=\"yoast-schema-graph\">{\"@context\":\"https:\/\/schema.org\",\"@graph\":[{\"@type\":\"WebSite\",\"@id\":\"https:\/\/franciscanos.org.br\/noticias\/#website\",\"url\":\"https:\/\/franciscanos.org.br\/noticias\/\",\"name\":\"Not\u00edcias - Franciscanos\",\"description\":\"Prov\u00edncia Franciscana da Imaculada Concei\u00e7\u00e3o do Brasil - Ordem dos Frades Menores - OFM\",\"potentialAction\":[{\"@type\":\"SearchAction\",\"target\":{\"@type\":\"EntryPoint\",\"urlTemplate\":\"https:\/\/franciscanos.org.br\/noticias\/?s={search_term_string}\"},\"query-input\":\"required name=search_term_string\"}],\"inLanguage\":\"pt-BR\"},{\"@type\":\"ImageObject\",\"inLanguage\":\"pt-BR\",\"@id\":\"https:\/\/franciscanos.org.br\/noticias\/papa-olhar-para-jesus-e-se-encher-de-alegria.html#primaryimage\",\"url\":\"https:\/\/franciscanos.org.br\/noticias\/wp-content\/uploads\/2017\/04\/marta_060417.jpg\",\"contentUrl\":\"https:\/\/franciscanos.org.br\/noticias\/wp-content\/uploads\/2017\/04\/marta_060417.jpg\",\"width\":273,\"height\":181},{\"@type\":\"WebPage\",\"@id\":\"https:\/\/franciscanos.org.br\/noticias\/papa-olhar-para-jesus-e-se-encher-de-alegria.html#webpage\",\"url\":\"https:\/\/franciscanos.org.br\/noticias\/papa-olhar-para-jesus-e-se-encher-de-alegria.html\",\"name\":\"Papa: \\\"Olhar para Jesus e se encher de alegria\\\" - Not\u00edcias - Franciscanos\",\"isPartOf\":{\"@id\":\"https:\/\/franciscanos.org.br\/noticias\/#website\"},\"primaryImageOfPage\":{\"@id\":\"https:\/\/franciscanos.org.br\/noticias\/papa-olhar-para-jesus-e-se-encher-de-alegria.html#primaryimage\"},\"datePublished\":\"2017-04-06T11:11:16+00:00\",\"dateModified\":\"2020-06-09T12:52:25+00:00\",\"author\":{\"@id\":\"https:\/\/franciscanos.org.br\/noticias\/#\/schema\/person\/b38fbf43118f02820bd932f2e4b14ad3\"},\"breadcrumb\":{\"@id\":\"https:\/\/franciscanos.org.br\/noticias\/papa-olhar-para-jesus-e-se-encher-de-alegria.html#breadcrumb\"},\"inLanguage\":\"pt-BR\",\"potentialAction\":[{\"@type\":\"ReadAction\",\"target\":[\"https:\/\/franciscanos.org.br\/noticias\/papa-olhar-para-jesus-e-se-encher-de-alegria.html\"]}]},{\"@type\":\"BreadcrumbList\",\"@id\":\"https:\/\/franciscanos.org.br\/noticias\/papa-olhar-para-jesus-e-se-encher-de-alegria.html#breadcrumb\",\"itemListElement\":[{\"@type\":\"ListItem\",\"position\":1,\"name\":\"Home\",\"item\":\"https:\/\/franciscanos.org.br\/noticias\"},{\"@type\":\"ListItem\",\"position\":2,\"name\":\"Papa: &#8220;Olhar para Jesus e se encher de alegria&#8221;\"}]},{\"@type\":\"Person\",\"@id\":\"https:\/\/franciscanos.org.br\/noticias\/#\/schema\/person\/b38fbf43118f02820bd932f2e4b14ad3\",\"name\":\"admin\",\"image\":{\"@type\":\"ImageObject\",\"inLanguage\":\"pt-BR\",\"@id\":\"https:\/\/franciscanos.org.br\/noticias\/#\/schema\/person\/image\/\",\"url\":\"https:\/\/secure.gravatar.com\/avatar\/e8495742d34d0ba6448ea1c628263b3e?s=96&d=mm&r=g\",\"contentUrl\":\"https:\/\/secure.gravatar.com\/avatar\/e8495742d34d0ba6448ea1c628263b3e?s=96&d=mm&r=g\",\"caption\":\"admin\"},\"url\":\"https:\/\/franciscanos.org.br\/noticias\/author\/admin\"}]}<\/script>\n<!-- \/ Yoast SEO plugin. -->","yoast_head_json":{"title":"Papa: \"Olhar para Jesus e se encher de alegria\" - Not\u00edcias - Franciscanos","robots":{"index":"index","follow":"follow","max-snippet":"max-snippet:-1","max-image-preview":"max-image-preview:large","max-video-preview":"max-video-preview:-1"},"canonical":"https:\/\/franciscanos.org.br\/noticias\/papa-olhar-para-jesus-e-se-encher-de-alegria.html","og_locale":"pt_BR","og_type":"article","og_title":"Papa: \"Olhar para Jesus e se encher de alegria\" - Not\u00edcias - Franciscanos","og_description":"Missa em Santa Marta","og_url":"https:\/\/franciscanos.org.br\/noticias\/papa-olhar-para-jesus-e-se-encher-de-alegria.html","og_site_name":"Not\u00edcias - Franciscanos","article_published_time":"2017-04-06T11:11:16+00:00","article_modified_time":"2020-06-09T12:52:25+00:00","og_image":[{"width":273,"height":181,"url":"https:\/\/franciscanos.org.br\/noticias\/wp-content\/uploads\/2017\/04\/marta_060417.jpg","type":"image\/jpeg"}],"author":"admin","twitter_card":"summary_large_image","twitter_misc":{"Escrito por":"admin","Est. tempo de leitura":"3 minutos"},"schema":{"@context":"https:\/\/schema.org","@graph":[{"@type":"WebSite","@id":"https:\/\/franciscanos.org.br\/noticias\/#website","url":"https:\/\/franciscanos.org.br\/noticias\/","name":"Not\u00edcias - Franciscanos","description":"Prov\u00edncia Franciscana da Imaculada Concei\u00e7\u00e3o do Brasil - Ordem dos Frades Menores - OFM","potentialAction":[{"@type":"SearchAction","target":{"@type":"EntryPoint","urlTemplate":"https:\/\/franciscanos.org.br\/noticias\/?s={search_term_string}"},"query-input":"required name=search_term_string"}],"inLanguage":"pt-BR"},{"@type":"ImageObject","inLanguage":"pt-BR","@id":"https:\/\/franciscanos.org.br\/noticias\/papa-olhar-para-jesus-e-se-encher-de-alegria.html#primaryimage","url":"https:\/\/franciscanos.org.br\/noticias\/wp-content\/uploads\/2017\/04\/marta_060417.jpg","contentUrl":"https:\/\/franciscanos.org.br\/noticias\/wp-content\/uploads\/2017\/04\/marta_060417.jpg","width":273,"height":181},{"@type":"WebPage","@id":"https:\/\/franciscanos.org.br\/noticias\/papa-olhar-para-jesus-e-se-encher-de-alegria.html#webpage","url":"https:\/\/franciscanos.org.br\/noticias\/papa-olhar-para-jesus-e-se-encher-de-alegria.html","name":"Papa: \"Olhar para Jesus e se encher de alegria\" - Not\u00edcias - Franciscanos","isPartOf":{"@id":"https:\/\/franciscanos.org.br\/noticias\/#website"},"primaryImageOfPage":{"@id":"https:\/\/franciscanos.org.br\/noticias\/papa-olhar-para-jesus-e-se-encher-de-alegria.html#primaryimage"},"datePublished":"2017-04-06T11:11:16+00:00","dateModified":"2020-06-09T12:52:25+00:00","author":{"@id":"https:\/\/franciscanos.org.br\/noticias\/#\/schema\/person\/b38fbf43118f02820bd932f2e4b14ad3"},"breadcrumb":{"@id":"https:\/\/franciscanos.org.br\/noticias\/papa-olhar-para-jesus-e-se-encher-de-alegria.html#breadcrumb"},"inLanguage":"pt-BR","potentialAction":[{"@type":"ReadAction","target":["https:\/\/franciscanos.org.br\/noticias\/papa-olhar-para-jesus-e-se-encher-de-alegria.html"]}]},{"@type":"BreadcrumbList","@id":"https:\/\/franciscanos.org.br\/noticias\/papa-olhar-para-jesus-e-se-encher-de-alegria.html#breadcrumb","itemListElement":[{"@type":"ListItem","position":1,"name":"Home","item":"https:\/\/franciscanos.org.br\/noticias"},{"@type":"ListItem","position":2,"name":"Papa: &#8220;Olhar para Jesus e se encher de alegria&#8221;"}]},{"@type":"Person","@id":"https:\/\/franciscanos.org.br\/noticias\/#\/schema\/person\/b38fbf43118f02820bd932f2e4b14ad3","name":"admin","image":{"@type":"ImageObject","inLanguage":"pt-BR","@id":"https:\/\/franciscanos.org.br\/noticias\/#\/schema\/person\/image\/","url":"https:\/\/secure.gravatar.com\/avatar\/e8495742d34d0ba6448ea1c628263b3e?s=96&d=mm&r=g","contentUrl":"https:\/\/secure.gravatar.com\/avatar\/e8495742d34d0ba6448ea1c628263b3e?s=96&d=mm&r=g","caption":"admin"},"url":"https:\/\/franciscanos.org.br\/noticias\/author\/admin"}]}},"_links":{"self":[{"href":"https:\/\/franciscanos.org.br\/noticias\/wp-json\/wp\/v2\/posts\/129679"}],"collection":[{"href":"https:\/\/franciscanos.org.br\/noticias\/wp-json\/wp\/v2\/posts"}],"about":[{"href":"https:\/\/franciscanos.org.br\/noticias\/wp-json\/wp\/v2\/types\/post"}],"author":[{"embeddable":true,"href":"https:\/\/franciscanos.org.br\/noticias\/wp-json\/wp\/v2\/users\/1"}],"replies":[{"embeddable":true,"href":"https:\/\/franciscanos.org.br\/noticias\/wp-json\/wp\/v2\/comments?post=129679"}],"version-history":[{"count":1,"href":"https:\/\/franciscanos.org.br\/noticias\/wp-json\/wp\/v2\/posts\/129679\/revisions"}],"predecessor-version":[{"id":225398,"href":"https:\/\/franciscanos.org.br\/noticias\/wp-json\/wp\/v2\/posts\/129679\/revisions\/225398"}],"wp:featuredmedia":[{"embeddable":true,"href":"https:\/\/franciscanos.org.br\/noticias\/wp-json\/wp\/v2\/media\/198074"}],"wp:attachment":[{"href":"https:\/\/franciscanos.org.br\/noticias\/wp-json\/wp\/v2\/media?parent=129679"}],"wp:term":[{"taxonomy":"category","embeddable":true,"href":"https:\/\/franciscanos.org.br\/noticias\/wp-json\/wp\/v2\/categories?post=129679"},{"taxonomy":"post_tag","embeddable":true,"href":"https:\/\/franciscanos.org.br\/noticias\/wp-json\/wp\/v2\/tags?post=129679"}],"curies":[{"name":"wp","href":"https:\/\/api.w.org\/{rel}","templated":true}]}}