{"id":129277,"date":"2017-04-04T08:12:34","date_gmt":"2017-04-04T11:12:34","guid":{"rendered":"http:\/\/franciscanos.org.br\/?p=129277"},"modified":"2019-01-29T13:49:17","modified_gmt":"2019-01-29T15:49:17","slug":"paroquia-do-rosario-faz-retiro-para-crismandos-de-84-comunidades","status":"publish","type":"post","link":"https:\/\/franciscanos.org.br\/noticias\/paroquia-do-rosario-faz-retiro-para-crismandos-de-84-comunidades.html","title":{"rendered":"Par\u00f3quia do Ros\u00e1rio faz retiro para crismandos"},"content":{"rendered":"<p><img loading=\"lazy\" class=\"size-full wp-image-129278 aligncenter\" src=\"http:\/\/franciscanos.org.br\/wp-content\/uploads\/2017\/04\/retiro_040417.jpg\" alt=\"retiro_040417\" width=\"830\" height=\"363\" \/><\/p>\n<p><strong>Frei Florival Mariano de Toledo<\/strong><\/p>\n<p><strong>Vila Velha (ES)<\/strong> \u2013 Neste \u00faltimo final de semana (1\u00ba e 2 de abril), sete comunidades da Par\u00f3quia de Nossa Senhora do Ros\u00e1rio, que atualmente trabalham com a anima\u00e7\u00e3o de catequese de crisma, prepararam um retiro para adolescentes e jovens que est\u00e3o frequentando a catequese de crisma. S\u00e3o ao todo 84 jovens entre 15 e 16 anos que participaram. Mais outros 100 que trabalharam na realiza\u00e7\u00e3o do mesmo. O retiro aconteceu no Projeto Santa Clara.<\/p>\n<p>Este retiro faz parte da programa\u00e7\u00e3o desta catequese da Par\u00f3quia e teve o objetivo fortalecer a espiritualidade crist\u00e3, refor\u00e7ar a identidade jovem na Igreja, incentivar a integra\u00e7\u00e3o com outros jovens das comunidades e rezar juntos. A intensidade deste retiro ficou marcada pela diversidade de assuntos abordados:<\/p>\n<p style=\"padding-left: 30px;\">1) Olhar mission\u00e1rio em terras estrangeiras: um jovem m\u00e9dico, que j\u00e1 foi catequista de crisma em nossa Par\u00f3quia e que hoje participa voluntariamente de uma ONG que tem um trabalho mission\u00e1rio na \u00c1frica, em Mo\u00e7ambique. Partilhou sua experi\u00eancia com essa realidade enquanto jovem.<br \/>\n2) O nosso Creio: Frei Clar\u00eancio Neotti partilhou aqui as falsas ideias de f\u00e9 que enfraquecem nosso relacionamento com o Criador.<br \/>\n3) Oportunidade de meditar na presen\u00e7a do Sant\u00edssimo Sacramento, momento de solid\u00e3o e encontro pessoal.<br \/>\n4) Perd\u00e3o como caminho do amor, partilhado por Frei Leandro Costa.<br \/>\n5) Quem s\u00e3o os jovens que atuam em nossas comunidades: n\u00e3o poderia faltar um olhar da nossa juventude que est\u00e1 nas dez comunidades de nossa Par\u00f3quia. Tem uma coordena\u00e7\u00e3o de cinco jovens pela Par\u00f3quia e cada comunidade seus coordenadores que veem animado essa pastoral. Dez coordenadores se fizeram presentes e transmitiram seus trabalhos, suas alegrias e os grandes desafios.<br \/>\n6) Vida em fam\u00edlia, com momentos de partilha.<br \/>\n7) Celebrar: a missa foi a express\u00e3o de entregar tudo a Deus pelo mist\u00e9rio de Cristo de tudo om que foi vivido nestes dias, presidida por Frei Florival Mariano de Toledo.<br \/>\n8) Confraterniza\u00e7\u00e3o: preparam uma festa surpresa para frei Frei Djalmo Fuck, que fez anivers\u00e1rio no dia 31 de mar\u00e7o.<\/p>\n<p>Uma equipe de catequistas maravilhosa ajudou neste retiro envolvendo toda a Par\u00f3quia neste servi\u00e7o de anima\u00e7\u00e3o dos nossos adolescentes e jovens para serem crisma-dos. Enfim, muitas descobertas, reencontro consigo mesmo, um \u00e2nimo novo e um caminho a percorrer. A crisma est\u00e1 marcada para o dia 14 de julho de 2017, no Santu\u00e1rio Divino Esp\u00edrito Santo.<\/p>\n","protected":false},"excerpt":{"rendered":"<p>Vila Velha<\/p>\n","protected":false},"author":1,"featured_media":198095,"comment_status":"open","ping_status":"open","sticky":false,"template":"","format":"standard","meta":[],"categories":[1],"tags":[231],"acf":[],"yoast_head":"<!-- This site is optimized with the Yoast SEO plugin v19.2 - https:\/\/yoast.com\/wordpress\/plugins\/seo\/ -->\n<title>Par\u00f3quia do Ros\u00e1rio faz retiro para crismandos - Not\u00edcias - Franciscanos<\/title>\n<meta name=\"robots\" content=\"index, follow, max-snippet:-1, max-image-preview:large, max-video-preview:-1\" \/>\n<link rel=\"canonical\" href=\"https:\/\/franciscanos.org.br\/noticias\/paroquia-do-rosario-faz-retiro-para-crismandos-de-84-comunidades.html\" \/>\n<meta property=\"og:locale\" content=\"pt_BR\" \/>\n<meta property=\"og:type\" content=\"article\" \/>\n<meta property=\"og:title\" content=\"Par\u00f3quia do Ros\u00e1rio faz retiro para crismandos - Not\u00edcias - Franciscanos\" \/>\n<meta property=\"og:description\" content=\"Vila Velha\" \/>\n<meta property=\"og:url\" content=\"https:\/\/franciscanos.org.br\/noticias\/paroquia-do-rosario-faz-retiro-para-crismandos-de-84-comunidades.html\" \/>\n<meta property=\"og:site_name\" content=\"Not\u00edcias - Franciscanos\" \/>\n<meta property=\"article:published_time\" content=\"2017-04-04T11:12:34+00:00\" \/>\n<meta property=\"article:modified_time\" content=\"2019-01-29T15:49:17+00:00\" \/>\n<meta property=\"og:image\" content=\"https:\/\/franciscanos.org.br\/noticias\/wp-content\/uploads\/2017\/04\/retiro_040417.jpg\" \/>\n\t<meta property=\"og:image:width\" content=\"273\" \/>\n\t<meta property=\"og:image:height\" content=\"181\" \/>\n\t<meta property=\"og:image:type\" content=\"image\/jpeg\" \/>\n<meta name=\"author\" content=\"admin\" \/>\n<meta name=\"twitter:card\" content=\"summary_large_image\" \/>\n<meta name=\"twitter:label1\" content=\"Escrito por\" \/>\n\t<meta name=\"twitter:data1\" content=\"admin\" \/>\n\t<meta name=\"twitter:label2\" content=\"Est. tempo de leitura\" \/>\n\t<meta name=\"twitter:data2\" content=\"2 minutos\" \/>\n<script type=\"application\/ld+json\" class=\"yoast-schema-graph\">{\"@context\":\"https:\/\/schema.org\",\"@graph\":[{\"@type\":\"WebSite\",\"@id\":\"https:\/\/franciscanos.org.br\/noticias\/#website\",\"url\":\"https:\/\/franciscanos.org.br\/noticias\/\",\"name\":\"Not\u00edcias - Franciscanos\",\"description\":\"Prov\u00edncia Franciscana da Imaculada Concei\u00e7\u00e3o do Brasil - Ordem dos Frades Menores - OFM\",\"potentialAction\":[{\"@type\":\"SearchAction\",\"target\":{\"@type\":\"EntryPoint\",\"urlTemplate\":\"https:\/\/franciscanos.org.br\/noticias\/?s={search_term_string}\"},\"query-input\":\"required name=search_term_string\"}],\"inLanguage\":\"pt-BR\"},{\"@type\":\"ImageObject\",\"inLanguage\":\"pt-BR\",\"@id\":\"https:\/\/franciscanos.org.br\/noticias\/paroquia-do-rosario-faz-retiro-para-crismandos-de-84-comunidades.html#primaryimage\",\"url\":\"https:\/\/franciscanos.org.br\/noticias\/wp-content\/uploads\/2017\/04\/retiro_040417.jpg\",\"contentUrl\":\"https:\/\/franciscanos.org.br\/noticias\/wp-content\/uploads\/2017\/04\/retiro_040417.jpg\",\"width\":273,\"height\":181},{\"@type\":\"WebPage\",\"@id\":\"https:\/\/franciscanos.org.br\/noticias\/paroquia-do-rosario-faz-retiro-para-crismandos-de-84-comunidades.html#webpage\",\"url\":\"https:\/\/franciscanos.org.br\/noticias\/paroquia-do-rosario-faz-retiro-para-crismandos-de-84-comunidades.html\",\"name\":\"Par\u00f3quia do Ros\u00e1rio faz retiro para crismandos - Not\u00edcias - Franciscanos\",\"isPartOf\":{\"@id\":\"https:\/\/franciscanos.org.br\/noticias\/#website\"},\"primaryImageOfPage\":{\"@id\":\"https:\/\/franciscanos.org.br\/noticias\/paroquia-do-rosario-faz-retiro-para-crismandos-de-84-comunidades.html#primaryimage\"},\"datePublished\":\"2017-04-04T11:12:34+00:00\",\"dateModified\":\"2019-01-29T15:49:17+00:00\",\"author\":{\"@id\":\"https:\/\/franciscanos.org.br\/noticias\/#\/schema\/person\/b38fbf43118f02820bd932f2e4b14ad3\"},\"breadcrumb\":{\"@id\":\"https:\/\/franciscanos.org.br\/noticias\/paroquia-do-rosario-faz-retiro-para-crismandos-de-84-comunidades.html#breadcrumb\"},\"inLanguage\":\"pt-BR\",\"potentialAction\":[{\"@type\":\"ReadAction\",\"target\":[\"https:\/\/franciscanos.org.br\/noticias\/paroquia-do-rosario-faz-retiro-para-crismandos-de-84-comunidades.html\"]}]},{\"@type\":\"BreadcrumbList\",\"@id\":\"https:\/\/franciscanos.org.br\/noticias\/paroquia-do-rosario-faz-retiro-para-crismandos-de-84-comunidades.html#breadcrumb\",\"itemListElement\":[{\"@type\":\"ListItem\",\"position\":1,\"name\":\"Home\",\"item\":\"https:\/\/franciscanos.org.br\/noticias\"},{\"@type\":\"ListItem\",\"position\":2,\"name\":\"Par\u00f3quia do Ros\u00e1rio faz retiro para crismandos\"}]},{\"@type\":\"Person\",\"@id\":\"https:\/\/franciscanos.org.br\/noticias\/#\/schema\/person\/b38fbf43118f02820bd932f2e4b14ad3\",\"name\":\"admin\",\"image\":{\"@type\":\"ImageObject\",\"inLanguage\":\"pt-BR\",\"@id\":\"https:\/\/franciscanos.org.br\/noticias\/#\/schema\/person\/image\/\",\"url\":\"https:\/\/secure.gravatar.com\/avatar\/e8495742d34d0ba6448ea1c628263b3e?s=96&d=mm&r=g\",\"contentUrl\":\"https:\/\/secure.gravatar.com\/avatar\/e8495742d34d0ba6448ea1c628263b3e?s=96&d=mm&r=g\",\"caption\":\"admin\"},\"url\":\"https:\/\/franciscanos.org.br\/noticias\/author\/admin\"}]}<\/script>\n<!-- \/ Yoast SEO plugin. -->","yoast_head_json":{"title":"Par\u00f3quia do Ros\u00e1rio faz retiro para crismandos - Not\u00edcias - Franciscanos","robots":{"index":"index","follow":"follow","max-snippet":"max-snippet:-1","max-image-preview":"max-image-preview:large","max-video-preview":"max-video-preview:-1"},"canonical":"https:\/\/franciscanos.org.br\/noticias\/paroquia-do-rosario-faz-retiro-para-crismandos-de-84-comunidades.html","og_locale":"pt_BR","og_type":"article","og_title":"Par\u00f3quia do Ros\u00e1rio faz retiro para crismandos - Not\u00edcias - Franciscanos","og_description":"Vila Velha","og_url":"https:\/\/franciscanos.org.br\/noticias\/paroquia-do-rosario-faz-retiro-para-crismandos-de-84-comunidades.html","og_site_name":"Not\u00edcias - Franciscanos","article_published_time":"2017-04-04T11:12:34+00:00","article_modified_time":"2019-01-29T15:49:17+00:00","og_image":[{"width":273,"height":181,"url":"https:\/\/franciscanos.org.br\/noticias\/wp-content\/uploads\/2017\/04\/retiro_040417.jpg","type":"image\/jpeg"}],"author":"admin","twitter_card":"summary_large_image","twitter_misc":{"Escrito por":"admin","Est. tempo de leitura":"2 minutos"},"schema":{"@context":"https:\/\/schema.org","@graph":[{"@type":"WebSite","@id":"https:\/\/franciscanos.org.br\/noticias\/#website","url":"https:\/\/franciscanos.org.br\/noticias\/","name":"Not\u00edcias - Franciscanos","description":"Prov\u00edncia Franciscana da Imaculada Concei\u00e7\u00e3o do Brasil - Ordem dos Frades Menores - OFM","potentialAction":[{"@type":"SearchAction","target":{"@type":"EntryPoint","urlTemplate":"https:\/\/franciscanos.org.br\/noticias\/?s={search_term_string}"},"query-input":"required name=search_term_string"}],"inLanguage":"pt-BR"},{"@type":"ImageObject","inLanguage":"pt-BR","@id":"https:\/\/franciscanos.org.br\/noticias\/paroquia-do-rosario-faz-retiro-para-crismandos-de-84-comunidades.html#primaryimage","url":"https:\/\/franciscanos.org.br\/noticias\/wp-content\/uploads\/2017\/04\/retiro_040417.jpg","contentUrl":"https:\/\/franciscanos.org.br\/noticias\/wp-content\/uploads\/2017\/04\/retiro_040417.jpg","width":273,"height":181},{"@type":"WebPage","@id":"https:\/\/franciscanos.org.br\/noticias\/paroquia-do-rosario-faz-retiro-para-crismandos-de-84-comunidades.html#webpage","url":"https:\/\/franciscanos.org.br\/noticias\/paroquia-do-rosario-faz-retiro-para-crismandos-de-84-comunidades.html","name":"Par\u00f3quia do Ros\u00e1rio faz retiro para crismandos - Not\u00edcias - Franciscanos","isPartOf":{"@id":"https:\/\/franciscanos.org.br\/noticias\/#website"},"primaryImageOfPage":{"@id":"https:\/\/franciscanos.org.br\/noticias\/paroquia-do-rosario-faz-retiro-para-crismandos-de-84-comunidades.html#primaryimage"},"datePublished":"2017-04-04T11:12:34+00:00","dateModified":"2019-01-29T15:49:17+00:00","author":{"@id":"https:\/\/franciscanos.org.br\/noticias\/#\/schema\/person\/b38fbf43118f02820bd932f2e4b14ad3"},"breadcrumb":{"@id":"https:\/\/franciscanos.org.br\/noticias\/paroquia-do-rosario-faz-retiro-para-crismandos-de-84-comunidades.html#breadcrumb"},"inLanguage":"pt-BR","potentialAction":[{"@type":"ReadAction","target":["https:\/\/franciscanos.org.br\/noticias\/paroquia-do-rosario-faz-retiro-para-crismandos-de-84-comunidades.html"]}]},{"@type":"BreadcrumbList","@id":"https:\/\/franciscanos.org.br\/noticias\/paroquia-do-rosario-faz-retiro-para-crismandos-de-84-comunidades.html#breadcrumb","itemListElement":[{"@type":"ListItem","position":1,"name":"Home","item":"https:\/\/franciscanos.org.br\/noticias"},{"@type":"ListItem","position":2,"name":"Par\u00f3quia do Ros\u00e1rio faz retiro para crismandos"}]},{"@type":"Person","@id":"https:\/\/franciscanos.org.br\/noticias\/#\/schema\/person\/b38fbf43118f02820bd932f2e4b14ad3","name":"admin","image":{"@type":"ImageObject","inLanguage":"pt-BR","@id":"https:\/\/franciscanos.org.br\/noticias\/#\/schema\/person\/image\/","url":"https:\/\/secure.gravatar.com\/avatar\/e8495742d34d0ba6448ea1c628263b3e?s=96&d=mm&r=g","contentUrl":"https:\/\/secure.gravatar.com\/avatar\/e8495742d34d0ba6448ea1c628263b3e?s=96&d=mm&r=g","caption":"admin"},"url":"https:\/\/franciscanos.org.br\/noticias\/author\/admin"}]}},"_links":{"self":[{"href":"https:\/\/franciscanos.org.br\/noticias\/wp-json\/wp\/v2\/posts\/129277"}],"collection":[{"href":"https:\/\/franciscanos.org.br\/noticias\/wp-json\/wp\/v2\/posts"}],"about":[{"href":"https:\/\/franciscanos.org.br\/noticias\/wp-json\/wp\/v2\/types\/post"}],"author":[{"embeddable":true,"href":"https:\/\/franciscanos.org.br\/noticias\/wp-json\/wp\/v2\/users\/1"}],"replies":[{"embeddable":true,"href":"https:\/\/franciscanos.org.br\/noticias\/wp-json\/wp\/v2\/comments?post=129277"}],"version-history":[{"count":0,"href":"https:\/\/franciscanos.org.br\/noticias\/wp-json\/wp\/v2\/posts\/129277\/revisions"}],"wp:featuredmedia":[{"embeddable":true,"href":"https:\/\/franciscanos.org.br\/noticias\/wp-json\/wp\/v2\/media\/198095"}],"wp:attachment":[{"href":"https:\/\/franciscanos.org.br\/noticias\/wp-json\/wp\/v2\/media?parent=129277"}],"wp:term":[{"taxonomy":"category","embeddable":true,"href":"https:\/\/franciscanos.org.br\/noticias\/wp-json\/wp\/v2\/categories?post=129277"},{"taxonomy":"post_tag","embeddable":true,"href":"https:\/\/franciscanos.org.br\/noticias\/wp-json\/wp\/v2\/tags?post=129277"}],"curies":[{"name":"wp","href":"https:\/\/api.w.org\/{rel}","templated":true}]}}