{"id":129176,"date":"2017-04-03T08:34:31","date_gmt":"2017-04-03T11:34:31","guid":{"rendered":"http:\/\/franciscanos.org.br\/?p=129176"},"modified":"2020-06-09T09:54:19","modified_gmt":"2020-06-09T12:54:19","slug":"jesus-e-a-plenitude-da-lei-com-a-misericordia-e-o-perdao","status":"publish","type":"post","link":"https:\/\/franciscanos.org.br\/noticias\/jesus-e-a-plenitude-da-lei-com-a-misericordia-e-o-perdao.html","title":{"rendered":"Jesus \u00e9 a plenitude da lei com a miseric\u00f3rdia e o perd\u00e3o"},"content":{"rendered":"<p><img loading=\"lazy\" class=\"alignleft\" src=\"http:\/\/franciscanos.org.br\/wp-content\/uploads\/2017\/04\/marta_030417.jpg\" alt=\"marta_030417\" width=\"830\" height=\"401\" \/><strong>Cidade do Vaticano &#8211;<\/strong> \u201cJesus, que julga com miseric\u00f3rdia, \u00e9 a plenitude da lei\u201d, disse o Papa Francisco na missa matutina celebrada, nesta segunda-feira 3, na Casa Santa Marta.<\/p>\n<p>&#8220;Diante do pecado e da corrup\u00e7\u00e3o, Jesus \u00e9 a \u201cplenitude da lei\u201d. O Papa refletiu em sua homilia sobre o Evangelho de Jo\u00e3o que prop\u00f5e o trecho em que Cristo, a prop\u00f3sito da mulher surpreendida em adult\u00e9rio, diz a quem a acusa: \u201cQuem dentre v\u00f3s n\u00e3o tiver pecado, seja o primeiro a atirar-lhe uma pedra.\u201d<\/p>\n<p>O Pont\u00edfice se deteve tamb\u00e9m na Primeira Leitura, extra\u00edda do Livro do Profeta Daniel, dedicada a Susana que foi v\u00edtima de dois ju\u00edzes anci\u00e3os do povo que orquestraram contra ela um \u201cadult\u00e9rio falso, fict\u00edcio\u201d. Ela \u00e9 obrigada a escolher entre \u201cfidelidade a Deus e \u00e0 lei\u201d e \u201csalvar a vida\u201d: \u201cera fiel ao marido\u201d, disse o Papa, \u201ctalvez tivesse outros pecados, pois todos somos pecadores\u201d. \u201cA \u00fanica mulher que n\u00e3o tem pecado \u00e9 Nossa Senhora\u201d.<\/p>\n<p>Nos dois epis\u00f3dios se encontram \u201cinoc\u00eancia, pecado, corrup\u00e7\u00e3o e lei\u201d, pois nos dois casos os ju\u00edzes eram corruptos\u201d.<\/p>\n<p>\u201cSempre existiram no mundo ju\u00edzes corruptos. Existem tamb\u00e9m hoje em todas as partes do mundo. Por que a corrup\u00e7\u00e3o chega a uma pessoa? Porque uma coisa \u00e9 o pecado: Eu pequei, escorreguei, sou infiel a Deus, mas procuro n\u00e3o fazer mais ou procuro me ajeitar com o Senhor ou pelo menos sei que isso n\u00e3o \u00e9 bom. Outra \u00e9 a corrup\u00e7\u00e3o. Existe corrup\u00e7\u00e3o quando o pecado entra, entra na consci\u00eancia e n\u00e3o deixa lugar nem mesmo para o ar.\u201d<\/p>\n<p>Quando tudo se torna pecado: isso \u00e9 corrup\u00e7\u00e3o. \u201cOs corruptos pensam em fazer bem com a impunidade. No caso de Susana, os ju\u00edzes anci\u00e3os \u201cforam corruptos dos v\u00edcios da lux\u00faria\u201d, amea\u00e7ando-a de testemunhar falsidades contra ela. \u201cN\u00e3o \u00e9 o primeiro caso\u201d, refletiu Francisco, \u201cque nas Escrituras aparecem falsos testemunhos. Isso nos recorda Jesus, condenado \u00e0 morte por falso testemunho\u201d.<\/p>\n<p>No caso da verdadeira ad\u00faltera, quem a acusa s\u00e3o outros ju\u00edzes que \u201ctinham perdido a cabe\u00e7a\u201d fazendo crescer neles uma interpreta\u00e7\u00e3o t\u00e3o r\u00edgida da lei que n\u00e3o deixava espa\u00e7o ao Esp\u00edrito Santo\u201d: ou seja, a corrup\u00e7\u00e3o da legalidade, legalismo, contra a gra\u00e7a\u201d. Depois, temos Jesus, verdadeiro Mestre da lei diante de falsos ju\u00edzes que tinham o cora\u00e7\u00e3o pervertido ou que davam senten\u00e7as injustas \u201coprimindo os inocentes e absolvendo os malvados\u201d:<\/p>\n<p>\u201cJesus diz poucas coisas, poucas coisas. Diz: \u2018Quem dentre v\u00f3s n\u00e3o tiver pecado, seja o primeiro a atirar-lhe uma pedra\u2019. E \u00e0 pecadora diz: Eu n\u00e3o te condeno. N\u00e3o peques mais\u2019. Esta \u00e9 a plenitude da lei, n\u00e3o a dos escribas e fariseus que tinham a mente corrompida, fazendo v\u00e1rias leis sem deixar espa\u00e7o \u00e0 miseric\u00f3rdia. Jesus \u00e9 a plenitude da lei e Jesus julga com miseric\u00f3rdia.\u201d<\/p>\n<p>\u201cDeixando livre a mulher inocente, a quem Jesus chama de \u201cM\u00e3e\u201d porque, explicou Francisco, \u201ca sua m\u00e3e \u00e9 a \u00fanica inocente\u201d, saem palavras n\u00e3o bonitas da boca do profeta em rela\u00e7\u00e3o aos ju\u00edzes: Encarquilhados nos v\u00edcios, no mal. O Papa convidou a pensar na maldade com a qual os nossos v\u00edcios julgam as pessoas:<\/p>\n<p>\u201cN\u00f3s tamb\u00e9m julgamos no cora\u00e7\u00e3o os outros, hein? Somos corruptos? Ou ainda n\u00e3o? Parem. Paremos e olhemos Jesus que sempre julga com miseric\u00f3rdia: Eu tamb\u00e9m n\u00e3o te condeno. Podes ir em paz, e n\u00e3o peques mais.\u201d<\/p>\n<hr \/>\n<p><em>Fonte: R\u00e1dio Vaticano<\/em><\/p>\n","protected":false},"excerpt":{"rendered":"<p>Missa em Santa Marta<\/p>\n","protected":false},"author":1,"featured_media":198103,"comment_status":"open","ping_status":"open","sticky":false,"template":"","format":"standard","meta":[],"categories":[1428],"tags":[1586],"acf":[],"yoast_head":"<!-- This site is optimized with the Yoast SEO plugin v19.2 - https:\/\/yoast.com\/wordpress\/plugins\/seo\/ -->\n<title>Jesus \u00e9 a plenitude da lei com a miseric\u00f3rdia e o perd\u00e3o - Not\u00edcias - Franciscanos<\/title>\n<meta name=\"robots\" content=\"index, follow, max-snippet:-1, max-image-preview:large, max-video-preview:-1\" \/>\n<link rel=\"canonical\" href=\"https:\/\/franciscanos.org.br\/noticias\/jesus-e-a-plenitude-da-lei-com-a-misericordia-e-o-perdao.html\" \/>\n<meta property=\"og:locale\" content=\"pt_BR\" \/>\n<meta property=\"og:type\" content=\"article\" \/>\n<meta property=\"og:title\" content=\"Jesus \u00e9 a plenitude da lei com a miseric\u00f3rdia e o perd\u00e3o - Not\u00edcias - Franciscanos\" \/>\n<meta property=\"og:description\" content=\"Missa em Santa Marta\" \/>\n<meta property=\"og:url\" content=\"https:\/\/franciscanos.org.br\/noticias\/jesus-e-a-plenitude-da-lei-com-a-misericordia-e-o-perdao.html\" \/>\n<meta property=\"og:site_name\" content=\"Not\u00edcias - Franciscanos\" \/>\n<meta property=\"article:published_time\" content=\"2017-04-03T11:34:31+00:00\" \/>\n<meta property=\"article:modified_time\" content=\"2020-06-09T12:54:19+00:00\" \/>\n<meta property=\"og:image\" content=\"https:\/\/franciscanos.org.br\/noticias\/wp-content\/uploads\/2017\/04\/marta_030417.jpg\" \/>\n\t<meta property=\"og:image:width\" content=\"273\" \/>\n\t<meta property=\"og:image:height\" content=\"181\" \/>\n\t<meta property=\"og:image:type\" content=\"image\/jpeg\" \/>\n<meta name=\"author\" content=\"admin\" \/>\n<meta name=\"twitter:card\" content=\"summary_large_image\" \/>\n<meta name=\"twitter:label1\" content=\"Escrito por\" \/>\n\t<meta name=\"twitter:data1\" content=\"admin\" \/>\n\t<meta name=\"twitter:label2\" content=\"Est. tempo de leitura\" \/>\n\t<meta name=\"twitter:data2\" content=\"3 minutos\" \/>\n<script type=\"application\/ld+json\" class=\"yoast-schema-graph\">{\"@context\":\"https:\/\/schema.org\",\"@graph\":[{\"@type\":\"WebSite\",\"@id\":\"https:\/\/franciscanos.org.br\/noticias\/#website\",\"url\":\"https:\/\/franciscanos.org.br\/noticias\/\",\"name\":\"Not\u00edcias - Franciscanos\",\"description\":\"Prov\u00edncia Franciscana da Imaculada Concei\u00e7\u00e3o do Brasil - Ordem dos Frades Menores - OFM\",\"potentialAction\":[{\"@type\":\"SearchAction\",\"target\":{\"@type\":\"EntryPoint\",\"urlTemplate\":\"https:\/\/franciscanos.org.br\/noticias\/?s={search_term_string}\"},\"query-input\":\"required name=search_term_string\"}],\"inLanguage\":\"pt-BR\"},{\"@type\":\"ImageObject\",\"inLanguage\":\"pt-BR\",\"@id\":\"https:\/\/franciscanos.org.br\/noticias\/jesus-e-a-plenitude-da-lei-com-a-misericordia-e-o-perdao.html#primaryimage\",\"url\":\"https:\/\/franciscanos.org.br\/noticias\/wp-content\/uploads\/2017\/04\/marta_030417.jpg\",\"contentUrl\":\"https:\/\/franciscanos.org.br\/noticias\/wp-content\/uploads\/2017\/04\/marta_030417.jpg\",\"width\":273,\"height\":181},{\"@type\":\"WebPage\",\"@id\":\"https:\/\/franciscanos.org.br\/noticias\/jesus-e-a-plenitude-da-lei-com-a-misericordia-e-o-perdao.html#webpage\",\"url\":\"https:\/\/franciscanos.org.br\/noticias\/jesus-e-a-plenitude-da-lei-com-a-misericordia-e-o-perdao.html\",\"name\":\"Jesus \u00e9 a plenitude da lei com a miseric\u00f3rdia e o perd\u00e3o - Not\u00edcias - Franciscanos\",\"isPartOf\":{\"@id\":\"https:\/\/franciscanos.org.br\/noticias\/#website\"},\"primaryImageOfPage\":{\"@id\":\"https:\/\/franciscanos.org.br\/noticias\/jesus-e-a-plenitude-da-lei-com-a-misericordia-e-o-perdao.html#primaryimage\"},\"datePublished\":\"2017-04-03T11:34:31+00:00\",\"dateModified\":\"2020-06-09T12:54:19+00:00\",\"author\":{\"@id\":\"https:\/\/franciscanos.org.br\/noticias\/#\/schema\/person\/b38fbf43118f02820bd932f2e4b14ad3\"},\"breadcrumb\":{\"@id\":\"https:\/\/franciscanos.org.br\/noticias\/jesus-e-a-plenitude-da-lei-com-a-misericordia-e-o-perdao.html#breadcrumb\"},\"inLanguage\":\"pt-BR\",\"potentialAction\":[{\"@type\":\"ReadAction\",\"target\":[\"https:\/\/franciscanos.org.br\/noticias\/jesus-e-a-plenitude-da-lei-com-a-misericordia-e-o-perdao.html\"]}]},{\"@type\":\"BreadcrumbList\",\"@id\":\"https:\/\/franciscanos.org.br\/noticias\/jesus-e-a-plenitude-da-lei-com-a-misericordia-e-o-perdao.html#breadcrumb\",\"itemListElement\":[{\"@type\":\"ListItem\",\"position\":1,\"name\":\"Home\",\"item\":\"https:\/\/franciscanos.org.br\/noticias\"},{\"@type\":\"ListItem\",\"position\":2,\"name\":\"Jesus \u00e9 a plenitude da lei com a miseric\u00f3rdia e o perd\u00e3o\"}]},{\"@type\":\"Person\",\"@id\":\"https:\/\/franciscanos.org.br\/noticias\/#\/schema\/person\/b38fbf43118f02820bd932f2e4b14ad3\",\"name\":\"admin\",\"image\":{\"@type\":\"ImageObject\",\"inLanguage\":\"pt-BR\",\"@id\":\"https:\/\/franciscanos.org.br\/noticias\/#\/schema\/person\/image\/\",\"url\":\"https:\/\/secure.gravatar.com\/avatar\/e8495742d34d0ba6448ea1c628263b3e?s=96&d=mm&r=g\",\"contentUrl\":\"https:\/\/secure.gravatar.com\/avatar\/e8495742d34d0ba6448ea1c628263b3e?s=96&d=mm&r=g\",\"caption\":\"admin\"},\"url\":\"https:\/\/franciscanos.org.br\/noticias\/author\/admin\"}]}<\/script>\n<!-- \/ Yoast SEO plugin. -->","yoast_head_json":{"title":"Jesus \u00e9 a plenitude da lei com a miseric\u00f3rdia e o perd\u00e3o - Not\u00edcias - Franciscanos","robots":{"index":"index","follow":"follow","max-snippet":"max-snippet:-1","max-image-preview":"max-image-preview:large","max-video-preview":"max-video-preview:-1"},"canonical":"https:\/\/franciscanos.org.br\/noticias\/jesus-e-a-plenitude-da-lei-com-a-misericordia-e-o-perdao.html","og_locale":"pt_BR","og_type":"article","og_title":"Jesus \u00e9 a plenitude da lei com a miseric\u00f3rdia e o perd\u00e3o - Not\u00edcias - Franciscanos","og_description":"Missa em Santa Marta","og_url":"https:\/\/franciscanos.org.br\/noticias\/jesus-e-a-plenitude-da-lei-com-a-misericordia-e-o-perdao.html","og_site_name":"Not\u00edcias - Franciscanos","article_published_time":"2017-04-03T11:34:31+00:00","article_modified_time":"2020-06-09T12:54:19+00:00","og_image":[{"width":273,"height":181,"url":"https:\/\/franciscanos.org.br\/noticias\/wp-content\/uploads\/2017\/04\/marta_030417.jpg","type":"image\/jpeg"}],"author":"admin","twitter_card":"summary_large_image","twitter_misc":{"Escrito por":"admin","Est. tempo de leitura":"3 minutos"},"schema":{"@context":"https:\/\/schema.org","@graph":[{"@type":"WebSite","@id":"https:\/\/franciscanos.org.br\/noticias\/#website","url":"https:\/\/franciscanos.org.br\/noticias\/","name":"Not\u00edcias - Franciscanos","description":"Prov\u00edncia Franciscana da Imaculada Concei\u00e7\u00e3o do Brasil - Ordem dos Frades Menores - OFM","potentialAction":[{"@type":"SearchAction","target":{"@type":"EntryPoint","urlTemplate":"https:\/\/franciscanos.org.br\/noticias\/?s={search_term_string}"},"query-input":"required name=search_term_string"}],"inLanguage":"pt-BR"},{"@type":"ImageObject","inLanguage":"pt-BR","@id":"https:\/\/franciscanos.org.br\/noticias\/jesus-e-a-plenitude-da-lei-com-a-misericordia-e-o-perdao.html#primaryimage","url":"https:\/\/franciscanos.org.br\/noticias\/wp-content\/uploads\/2017\/04\/marta_030417.jpg","contentUrl":"https:\/\/franciscanos.org.br\/noticias\/wp-content\/uploads\/2017\/04\/marta_030417.jpg","width":273,"height":181},{"@type":"WebPage","@id":"https:\/\/franciscanos.org.br\/noticias\/jesus-e-a-plenitude-da-lei-com-a-misericordia-e-o-perdao.html#webpage","url":"https:\/\/franciscanos.org.br\/noticias\/jesus-e-a-plenitude-da-lei-com-a-misericordia-e-o-perdao.html","name":"Jesus \u00e9 a plenitude da lei com a miseric\u00f3rdia e o perd\u00e3o - Not\u00edcias - Franciscanos","isPartOf":{"@id":"https:\/\/franciscanos.org.br\/noticias\/#website"},"primaryImageOfPage":{"@id":"https:\/\/franciscanos.org.br\/noticias\/jesus-e-a-plenitude-da-lei-com-a-misericordia-e-o-perdao.html#primaryimage"},"datePublished":"2017-04-03T11:34:31+00:00","dateModified":"2020-06-09T12:54:19+00:00","author":{"@id":"https:\/\/franciscanos.org.br\/noticias\/#\/schema\/person\/b38fbf43118f02820bd932f2e4b14ad3"},"breadcrumb":{"@id":"https:\/\/franciscanos.org.br\/noticias\/jesus-e-a-plenitude-da-lei-com-a-misericordia-e-o-perdao.html#breadcrumb"},"inLanguage":"pt-BR","potentialAction":[{"@type":"ReadAction","target":["https:\/\/franciscanos.org.br\/noticias\/jesus-e-a-plenitude-da-lei-com-a-misericordia-e-o-perdao.html"]}]},{"@type":"BreadcrumbList","@id":"https:\/\/franciscanos.org.br\/noticias\/jesus-e-a-plenitude-da-lei-com-a-misericordia-e-o-perdao.html#breadcrumb","itemListElement":[{"@type":"ListItem","position":1,"name":"Home","item":"https:\/\/franciscanos.org.br\/noticias"},{"@type":"ListItem","position":2,"name":"Jesus \u00e9 a plenitude da lei com a miseric\u00f3rdia e o perd\u00e3o"}]},{"@type":"Person","@id":"https:\/\/franciscanos.org.br\/noticias\/#\/schema\/person\/b38fbf43118f02820bd932f2e4b14ad3","name":"admin","image":{"@type":"ImageObject","inLanguage":"pt-BR","@id":"https:\/\/franciscanos.org.br\/noticias\/#\/schema\/person\/image\/","url":"https:\/\/secure.gravatar.com\/avatar\/e8495742d34d0ba6448ea1c628263b3e?s=96&d=mm&r=g","contentUrl":"https:\/\/secure.gravatar.com\/avatar\/e8495742d34d0ba6448ea1c628263b3e?s=96&d=mm&r=g","caption":"admin"},"url":"https:\/\/franciscanos.org.br\/noticias\/author\/admin"}]}},"_links":{"self":[{"href":"https:\/\/franciscanos.org.br\/noticias\/wp-json\/wp\/v2\/posts\/129176"}],"collection":[{"href":"https:\/\/franciscanos.org.br\/noticias\/wp-json\/wp\/v2\/posts"}],"about":[{"href":"https:\/\/franciscanos.org.br\/noticias\/wp-json\/wp\/v2\/types\/post"}],"author":[{"embeddable":true,"href":"https:\/\/franciscanos.org.br\/noticias\/wp-json\/wp\/v2\/users\/1"}],"replies":[{"embeddable":true,"href":"https:\/\/franciscanos.org.br\/noticias\/wp-json\/wp\/v2\/comments?post=129176"}],"version-history":[{"count":1,"href":"https:\/\/franciscanos.org.br\/noticias\/wp-json\/wp\/v2\/posts\/129176\/revisions"}],"predecessor-version":[{"id":225401,"href":"https:\/\/franciscanos.org.br\/noticias\/wp-json\/wp\/v2\/posts\/129176\/revisions\/225401"}],"wp:featuredmedia":[{"embeddable":true,"href":"https:\/\/franciscanos.org.br\/noticias\/wp-json\/wp\/v2\/media\/198103"}],"wp:attachment":[{"href":"https:\/\/franciscanos.org.br\/noticias\/wp-json\/wp\/v2\/media?parent=129176"}],"wp:term":[{"taxonomy":"category","embeddable":true,"href":"https:\/\/franciscanos.org.br\/noticias\/wp-json\/wp\/v2\/categories?post=129176"},{"taxonomy":"post_tag","embeddable":true,"href":"https:\/\/franciscanos.org.br\/noticias\/wp-json\/wp\/v2\/tags?post=129176"}],"curies":[{"name":"wp","href":"https:\/\/api.w.org\/{rel}","templated":true}]}}