{"id":129168,"date":"2017-04-03T08:09:11","date_gmt":"2017-04-03T11:09:11","guid":{"rendered":"http:\/\/franciscanos.org.br\/?p=129168"},"modified":"2019-01-29T13:55:44","modified_gmt":"2019-01-29T15:55:44","slug":"guias-fazem-tour-no-santuario-para-divulgar-aos-turistas","status":"publish","type":"post","link":"https:\/\/franciscanos.org.br\/noticias\/guias-fazem-tour-no-santuario-para-divulgar-aos-turistas.html","title":{"rendered":"Guias fazem tour no Santu\u00e1rio para divulgar aos turistas"},"content":{"rendered":"<p><img loading=\"lazy\" class=\"aligncenter\" src=\"http:\/\/franciscanos.org.br\/wp-content\/uploads\/2017\/04\/convento_030417_2.jpg\" alt=\"convento_030417_2\" width=\"830\" height=\"370\" \/><\/p>\n<p>Pouca coisa sobrou do inc\u00eandio de 1880. O fogo apenas n\u00e3o consumiu as paredes, resistentes e feitas em taipa de pil\u00e3o, e as imagens de S\u00e3o Francisco e de Nossa Senhora da Imaculada Concei\u00e7\u00e3o, ambas do s\u00e9culo XVII.<br \/>\nEste foi um dos fatos apresentados na manh\u00e3 da \u00faltima sexta-feira, 31 de mar\u00e7o, quando um grupo de nove guias de turismo esteve em visita pelo Santu\u00e1rio de S\u00e3o Francisco, localizado na regi\u00e3o central de S\u00e3o Paulo. Recebidos pelo p\u00e1roco e reitor, Frei Alvaci Mendes da Luz, conheceram relatos que unem hist\u00f3ria, arquitetura e f\u00e9.<\/p>\n<p>\u201cNosso objetivo \u00e9 nos aprofundar nestes acontecimentos cada vez mais, uma vez que nossa cidade sempre atrai turistas, principalmente vindos de outros pa\u00edses. Muitos se interessam pela arquitetura. Mas h\u00e1 tamb\u00e9m aqueles que s\u00e3o atra\u00eddos pela riqueza das constru\u00e7\u00f5es associada \u00e0s hist\u00f3rias que carregam. E as igrejas cat\u00f3licas, pelo papel na forma\u00e7\u00e3o da sociedade, s\u00e3o o foco principal destas visitas\u201d, relata o guia S\u00e9rgio, um dos l\u00edderes do grupo.<\/p>\n<p>Por quase tr\u00eas horas Frei Alvaci dedicou-se a explicar desde a hist\u00f3ria do convento, que neste 2017 completa 370 anos de funda\u00e7\u00e3o, citando a \u201cdoa\u00e7\u00e3o\u201d do antigo convento para a cria\u00e7\u00e3o da Faculdade de Direito, a constru\u00e7\u00e3o da Igreja de S\u00e3o Francisco das Chagas, numa iniciativa dos leigos da Ordem Terceira, at\u00e9 mesmo as a\u00e7\u00f5es hoje desenvolvidas pelas diversas pastorais presentes na par\u00f3quia.<\/p>\n<p>\u201cOs relatos hist\u00f3ricos nos mostram que esta casa sempre foi refer\u00eancia de apoio \u00e0 comunidade mais carente. Ao fundo, onde hoje est\u00e1 a estrutura do convento, os frades tinham pomares e criavam animais. Tudo isso era repartido com os mais humildes. Era a chamada \u2018Porta dos Pobres\u2019, servi\u00e7o que n\u00e3o deixou de acontecer com o passar dos anos\u201d, contou o frei.<\/p>\n<p>Atualmente os frades, com apoio da Prefeitura de S\u00e3o Paulo &#8211; que colabora com o alimento, atende 300 moradores de rua, todos os dias para o almo\u00e7o. O ch\u00e1 da tarde e o banho completam essa a\u00e7\u00e3o de acolhida, estendida a outros pontos da cidade atrav\u00e9s do SEFRAS \u2013 Servi\u00e7o Franciscano de Solidariedade, cujas atividades tamb\u00e9m envolvem crian\u00e7as em situa\u00e7\u00e3o de vulnerabilidade, acolhida aos imigrantes, entre outras a\u00e7\u00f5es.<\/p>\n<h3><img loading=\"lazy\" class=\"aligncenter\" src=\"http:\/\/franciscanos.org.br\/wp-content\/uploads\/2017\/04\/convento_030417.jpg\" alt=\"convento_030417\" width=\"830\" height=\"443\" \/><\/h3>\n<p><strong>Hist\u00f3ria, avan\u00e7os e f\u00e9<\/strong><\/p>\n<p>At\u00e9 1940 o pr\u00e9dio da igreja era apenas conventual, embora sempre aberto \u00e0 comunidade, conforme o carisma dos franciscanos. Foi apenas em 1940, com o crescimento da comunidade ao seu redor, que veio a eleva\u00e7\u00e3o \u00e0 par\u00f3quia. J\u00e1 em 1997, por ato do ent\u00e3o cardeal da Arquidiocese de S\u00e3o Paulo, Dom Paulo Evaristo Arns, o ent\u00e3o Convento e Par\u00f3quia foi elevado a Santu\u00e1rio.<\/p>\n<p>A visita, que passou tamb\u00e9m pela Igreja de S\u00e3o Francisco das Chagas e seus interiores \u2013 incluindo o museu e o mausol\u00e9u onde est\u00e3o sepultados antigos fieis, trouxe fatos tamb\u00e9m da vida de S\u00e3o Francisco, desde a impress\u00e3o das chagas em suas m\u00e3os at\u00e9 sua liga\u00e7\u00e3o com os animais.<\/p>\n<p>\u201cO t\u00edtulo de Francisco como patrono dos animais \u00e9 uma devo\u00e7\u00e3o que tem for\u00e7a maior no Brasil. A base disso est\u00e1 no fato dele ser considerado o Santo Universal, aquele que pensava em todas as criaturas como fruto da a\u00e7\u00e3o de Deus, e tamb\u00e9m por ele ter composto o \u2018c\u00e2ntico das criaturas\u2019, que \u00e9 considerada a primeira poesia em l\u00edngua italiana. Mas soma-se a isso o epis\u00f3dio em que ele pregou aos p\u00e1ssaros e acalmou um lobo. Em 1980, o papa Jo\u00e3o Paulo II o declara Patrono Mundial da Ecologia\u201d, explicou Frei Alvaci.<\/p>\n<p>Pequenos detalhes da vida de Santo Ant\u00f4nio de Sant\u00b4Ana Galv\u00e3o (Frei Galv\u00e3o), que morou no convento por 60 anos, tamb\u00e9m foram lembrados, da mesma forma que os p\u00e3es, feito pelos frades e vendidos na porta da igreja. Ali\u00e1s, no final da visita, este foi o ponto de dispers\u00e3o, com os guias comprando os p\u00e3es e j\u00e1 entusiasmados em voltar com o primeiro grupo de turistas.<\/p>\n<p><em>Texto e fotos: Rafael Faria<\/em><\/p>\n","protected":false},"excerpt":{"rendered":"<p> S\u00e3o Francisco<\/p>\n","protected":false},"author":1,"featured_media":198112,"comment_status":"open","ping_status":"open","sticky":false,"template":"","format":"standard","meta":[],"categories":[1],"tags":[312],"acf":[],"yoast_head":"<!-- This site is optimized with the Yoast SEO plugin v19.2 - https:\/\/yoast.com\/wordpress\/plugins\/seo\/ -->\n<title>Guias fazem tour no Santu\u00e1rio para divulgar aos turistas - Not\u00edcias - Franciscanos<\/title>\n<meta name=\"robots\" content=\"index, follow, max-snippet:-1, max-image-preview:large, max-video-preview:-1\" \/>\n<link rel=\"canonical\" href=\"https:\/\/franciscanos.org.br\/noticias\/guias-fazem-tour-no-santuario-para-divulgar-aos-turistas.html\" \/>\n<meta property=\"og:locale\" content=\"pt_BR\" \/>\n<meta property=\"og:type\" content=\"article\" \/>\n<meta property=\"og:title\" content=\"Guias fazem tour no Santu\u00e1rio para divulgar aos turistas - Not\u00edcias - Franciscanos\" \/>\n<meta property=\"og:description\" content=\"S\u00e3o Francisco\" \/>\n<meta property=\"og:url\" content=\"https:\/\/franciscanos.org.br\/noticias\/guias-fazem-tour-no-santuario-para-divulgar-aos-turistas.html\" \/>\n<meta property=\"og:site_name\" content=\"Not\u00edcias - Franciscanos\" \/>\n<meta property=\"article:published_time\" content=\"2017-04-03T11:09:11+00:00\" \/>\n<meta property=\"article:modified_time\" content=\"2019-01-29T15:55:44+00:00\" \/>\n<meta property=\"og:image\" content=\"https:\/\/franciscanos.org.br\/noticias\/wp-content\/uploads\/2017\/04\/convento_030417.jpg\" \/>\n\t<meta property=\"og:image:width\" content=\"273\" \/>\n\t<meta property=\"og:image:height\" content=\"181\" \/>\n\t<meta property=\"og:image:type\" content=\"image\/jpeg\" \/>\n<meta name=\"author\" content=\"admin\" \/>\n<meta name=\"twitter:card\" content=\"summary_large_image\" \/>\n<meta name=\"twitter:label1\" content=\"Escrito por\" \/>\n\t<meta name=\"twitter:data1\" content=\"admin\" \/>\n\t<meta name=\"twitter:label2\" content=\"Est. tempo de leitura\" \/>\n\t<meta name=\"twitter:data2\" content=\"3 minutos\" \/>\n<script type=\"application\/ld+json\" class=\"yoast-schema-graph\">{\"@context\":\"https:\/\/schema.org\",\"@graph\":[{\"@type\":\"WebSite\",\"@id\":\"https:\/\/franciscanos.org.br\/noticias\/#website\",\"url\":\"https:\/\/franciscanos.org.br\/noticias\/\",\"name\":\"Not\u00edcias - Franciscanos\",\"description\":\"Prov\u00edncia Franciscana da Imaculada Concei\u00e7\u00e3o do Brasil - Ordem dos Frades Menores - OFM\",\"potentialAction\":[{\"@type\":\"SearchAction\",\"target\":{\"@type\":\"EntryPoint\",\"urlTemplate\":\"https:\/\/franciscanos.org.br\/noticias\/?s={search_term_string}\"},\"query-input\":\"required name=search_term_string\"}],\"inLanguage\":\"pt-BR\"},{\"@type\":\"ImageObject\",\"inLanguage\":\"pt-BR\",\"@id\":\"https:\/\/franciscanos.org.br\/noticias\/guias-fazem-tour-no-santuario-para-divulgar-aos-turistas.html#primaryimage\",\"url\":\"https:\/\/franciscanos.org.br\/noticias\/wp-content\/uploads\/2017\/04\/convento_030417.jpg\",\"contentUrl\":\"https:\/\/franciscanos.org.br\/noticias\/wp-content\/uploads\/2017\/04\/convento_030417.jpg\",\"width\":273,\"height\":181},{\"@type\":\"WebPage\",\"@id\":\"https:\/\/franciscanos.org.br\/noticias\/guias-fazem-tour-no-santuario-para-divulgar-aos-turistas.html#webpage\",\"url\":\"https:\/\/franciscanos.org.br\/noticias\/guias-fazem-tour-no-santuario-para-divulgar-aos-turistas.html\",\"name\":\"Guias fazem tour no Santu\u00e1rio para divulgar aos turistas - Not\u00edcias - Franciscanos\",\"isPartOf\":{\"@id\":\"https:\/\/franciscanos.org.br\/noticias\/#website\"},\"primaryImageOfPage\":{\"@id\":\"https:\/\/franciscanos.org.br\/noticias\/guias-fazem-tour-no-santuario-para-divulgar-aos-turistas.html#primaryimage\"},\"datePublished\":\"2017-04-03T11:09:11+00:00\",\"dateModified\":\"2019-01-29T15:55:44+00:00\",\"author\":{\"@id\":\"https:\/\/franciscanos.org.br\/noticias\/#\/schema\/person\/b38fbf43118f02820bd932f2e4b14ad3\"},\"breadcrumb\":{\"@id\":\"https:\/\/franciscanos.org.br\/noticias\/guias-fazem-tour-no-santuario-para-divulgar-aos-turistas.html#breadcrumb\"},\"inLanguage\":\"pt-BR\",\"potentialAction\":[{\"@type\":\"ReadAction\",\"target\":[\"https:\/\/franciscanos.org.br\/noticias\/guias-fazem-tour-no-santuario-para-divulgar-aos-turistas.html\"]}]},{\"@type\":\"BreadcrumbList\",\"@id\":\"https:\/\/franciscanos.org.br\/noticias\/guias-fazem-tour-no-santuario-para-divulgar-aos-turistas.html#breadcrumb\",\"itemListElement\":[{\"@type\":\"ListItem\",\"position\":1,\"name\":\"Home\",\"item\":\"https:\/\/franciscanos.org.br\/noticias\"},{\"@type\":\"ListItem\",\"position\":2,\"name\":\"Guias fazem tour no Santu\u00e1rio para divulgar aos turistas\"}]},{\"@type\":\"Person\",\"@id\":\"https:\/\/franciscanos.org.br\/noticias\/#\/schema\/person\/b38fbf43118f02820bd932f2e4b14ad3\",\"name\":\"admin\",\"image\":{\"@type\":\"ImageObject\",\"inLanguage\":\"pt-BR\",\"@id\":\"https:\/\/franciscanos.org.br\/noticias\/#\/schema\/person\/image\/\",\"url\":\"https:\/\/secure.gravatar.com\/avatar\/e8495742d34d0ba6448ea1c628263b3e?s=96&d=mm&r=g\",\"contentUrl\":\"https:\/\/secure.gravatar.com\/avatar\/e8495742d34d0ba6448ea1c628263b3e?s=96&d=mm&r=g\",\"caption\":\"admin\"},\"url\":\"https:\/\/franciscanos.org.br\/noticias\/author\/admin\"}]}<\/script>\n<!-- \/ Yoast SEO plugin. -->","yoast_head_json":{"title":"Guias fazem tour no Santu\u00e1rio para divulgar aos turistas - Not\u00edcias - Franciscanos","robots":{"index":"index","follow":"follow","max-snippet":"max-snippet:-1","max-image-preview":"max-image-preview:large","max-video-preview":"max-video-preview:-1"},"canonical":"https:\/\/franciscanos.org.br\/noticias\/guias-fazem-tour-no-santuario-para-divulgar-aos-turistas.html","og_locale":"pt_BR","og_type":"article","og_title":"Guias fazem tour no Santu\u00e1rio para divulgar aos turistas - Not\u00edcias - Franciscanos","og_description":"S\u00e3o Francisco","og_url":"https:\/\/franciscanos.org.br\/noticias\/guias-fazem-tour-no-santuario-para-divulgar-aos-turistas.html","og_site_name":"Not\u00edcias - Franciscanos","article_published_time":"2017-04-03T11:09:11+00:00","article_modified_time":"2019-01-29T15:55:44+00:00","og_image":[{"width":273,"height":181,"url":"https:\/\/franciscanos.org.br\/noticias\/wp-content\/uploads\/2017\/04\/convento_030417.jpg","type":"image\/jpeg"}],"author":"admin","twitter_card":"summary_large_image","twitter_misc":{"Escrito por":"admin","Est. tempo de leitura":"3 minutos"},"schema":{"@context":"https:\/\/schema.org","@graph":[{"@type":"WebSite","@id":"https:\/\/franciscanos.org.br\/noticias\/#website","url":"https:\/\/franciscanos.org.br\/noticias\/","name":"Not\u00edcias - Franciscanos","description":"Prov\u00edncia Franciscana da Imaculada Concei\u00e7\u00e3o do Brasil - Ordem dos Frades Menores - OFM","potentialAction":[{"@type":"SearchAction","target":{"@type":"EntryPoint","urlTemplate":"https:\/\/franciscanos.org.br\/noticias\/?s={search_term_string}"},"query-input":"required name=search_term_string"}],"inLanguage":"pt-BR"},{"@type":"ImageObject","inLanguage":"pt-BR","@id":"https:\/\/franciscanos.org.br\/noticias\/guias-fazem-tour-no-santuario-para-divulgar-aos-turistas.html#primaryimage","url":"https:\/\/franciscanos.org.br\/noticias\/wp-content\/uploads\/2017\/04\/convento_030417.jpg","contentUrl":"https:\/\/franciscanos.org.br\/noticias\/wp-content\/uploads\/2017\/04\/convento_030417.jpg","width":273,"height":181},{"@type":"WebPage","@id":"https:\/\/franciscanos.org.br\/noticias\/guias-fazem-tour-no-santuario-para-divulgar-aos-turistas.html#webpage","url":"https:\/\/franciscanos.org.br\/noticias\/guias-fazem-tour-no-santuario-para-divulgar-aos-turistas.html","name":"Guias fazem tour no Santu\u00e1rio para divulgar aos turistas - Not\u00edcias - Franciscanos","isPartOf":{"@id":"https:\/\/franciscanos.org.br\/noticias\/#website"},"primaryImageOfPage":{"@id":"https:\/\/franciscanos.org.br\/noticias\/guias-fazem-tour-no-santuario-para-divulgar-aos-turistas.html#primaryimage"},"datePublished":"2017-04-03T11:09:11+00:00","dateModified":"2019-01-29T15:55:44+00:00","author":{"@id":"https:\/\/franciscanos.org.br\/noticias\/#\/schema\/person\/b38fbf43118f02820bd932f2e4b14ad3"},"breadcrumb":{"@id":"https:\/\/franciscanos.org.br\/noticias\/guias-fazem-tour-no-santuario-para-divulgar-aos-turistas.html#breadcrumb"},"inLanguage":"pt-BR","potentialAction":[{"@type":"ReadAction","target":["https:\/\/franciscanos.org.br\/noticias\/guias-fazem-tour-no-santuario-para-divulgar-aos-turistas.html"]}]},{"@type":"BreadcrumbList","@id":"https:\/\/franciscanos.org.br\/noticias\/guias-fazem-tour-no-santuario-para-divulgar-aos-turistas.html#breadcrumb","itemListElement":[{"@type":"ListItem","position":1,"name":"Home","item":"https:\/\/franciscanos.org.br\/noticias"},{"@type":"ListItem","position":2,"name":"Guias fazem tour no Santu\u00e1rio para divulgar aos turistas"}]},{"@type":"Person","@id":"https:\/\/franciscanos.org.br\/noticias\/#\/schema\/person\/b38fbf43118f02820bd932f2e4b14ad3","name":"admin","image":{"@type":"ImageObject","inLanguage":"pt-BR","@id":"https:\/\/franciscanos.org.br\/noticias\/#\/schema\/person\/image\/","url":"https:\/\/secure.gravatar.com\/avatar\/e8495742d34d0ba6448ea1c628263b3e?s=96&d=mm&r=g","contentUrl":"https:\/\/secure.gravatar.com\/avatar\/e8495742d34d0ba6448ea1c628263b3e?s=96&d=mm&r=g","caption":"admin"},"url":"https:\/\/franciscanos.org.br\/noticias\/author\/admin"}]}},"_links":{"self":[{"href":"https:\/\/franciscanos.org.br\/noticias\/wp-json\/wp\/v2\/posts\/129168"}],"collection":[{"href":"https:\/\/franciscanos.org.br\/noticias\/wp-json\/wp\/v2\/posts"}],"about":[{"href":"https:\/\/franciscanos.org.br\/noticias\/wp-json\/wp\/v2\/types\/post"}],"author":[{"embeddable":true,"href":"https:\/\/franciscanos.org.br\/noticias\/wp-json\/wp\/v2\/users\/1"}],"replies":[{"embeddable":true,"href":"https:\/\/franciscanos.org.br\/noticias\/wp-json\/wp\/v2\/comments?post=129168"}],"version-history":[{"count":0,"href":"https:\/\/franciscanos.org.br\/noticias\/wp-json\/wp\/v2\/posts\/129168\/revisions"}],"wp:featuredmedia":[{"embeddable":true,"href":"https:\/\/franciscanos.org.br\/noticias\/wp-json\/wp\/v2\/media\/198112"}],"wp:attachment":[{"href":"https:\/\/franciscanos.org.br\/noticias\/wp-json\/wp\/v2\/media?parent=129168"}],"wp:term":[{"taxonomy":"category","embeddable":true,"href":"https:\/\/franciscanos.org.br\/noticias\/wp-json\/wp\/v2\/categories?post=129168"},{"taxonomy":"post_tag","embeddable":true,"href":"https:\/\/franciscanos.org.br\/noticias\/wp-json\/wp\/v2\/tags?post=129168"}],"curies":[{"name":"wp","href":"https:\/\/api.w.org\/{rel}","templated":true}]}}