{"id":129086,"date":"2017-04-02T17:53:08","date_gmt":"2017-04-02T20:53:08","guid":{"rendered":"http:\/\/franciscanos.org.br\/?p=129086"},"modified":"2020-06-09T09:55:38","modified_gmt":"2020-06-09T12:55:38","slug":"deus-nao-faz-desaparecer-o-mal-magicamente-mas-compartilha-o-sofrimento","status":"publish","type":"post","link":"https:\/\/franciscanos.org.br\/noticias\/deus-nao-faz-desaparecer-o-mal-magicamente-mas-compartilha-o-sofrimento.html","title":{"rendered":"N\u00e3o cedamos \u00e0 l\u00f3gica in\u00fatil e inconclusiva do medo"},"content":{"rendered":"<p><img loading=\"lazy\" class=\"aligncenter\" src=\"http:\/\/franciscanos.org.br\/wp-content\/uploads\/2017\/04\/papa_020417_3.jpg\" alt=\"papa_020417_3\" width=\"790\" height=\"495\" \/><strong>Carpi<\/strong> \u2013 Na manh\u00e3 deste domingo, o Papa Francisco presidiu a Santa Missa na localidade de Carpi, atingida por um terremoto em 2012 e que provocou 28 mortes e grandes danos materiais. Setenta mil fi\u00e9is participaram da celebra\u00e7\u00e3o.<\/p>\n<p>O Papa partiu de helic\u00f3ptero do Vaticano \u00e0s 8h15, tendo aterrissado cerca de 1h30 mais tarde no campo de rugby \u201cDorando Pietri\u201d.<\/p>\n<h2>Eis a sua homilia na \u00edntegra:<\/h2>\n<p>\u201cAs leituras de hoje nos falam do Deus da vida, que vence a morte. Concentremo-nos, em particular, no \u00faltimo dos sinais milagrosos que Jesus realiza antes de sua P\u00e1scoa, no sepulcro de seu amigo L\u00e1zaro.<\/p>\n<p>Ali parece que tudo acabou: o t\u00famulo est\u00e1 fechado por uma grande pedra; ao redor, somente choro e desola\u00e7\u00e3o. Tamb\u00e9m Jesus est\u00e1 abalado pelo mist\u00e9rio dram\u00e1tico da perda de uma pessoa querida: \u201cComoveu-se profundamente\u201d e ficou \u201cmuito perturbado\u201d. Depois \u201cchorou\u201d e dirigiu-se ao sepulcro, diz o Evangelho, \u201cmais uma vez profundamente comovido\u201d. \u00c9 este o cora\u00e7\u00e3o de Deus: afastado do mal mas pr\u00f3ximo de quem sofre; n\u00e3o faz desaparecer o mal magicamente, mas compartilha o sofrimento, o assume e o transforma habitando-o.<\/p>\n<p>&nbsp;<\/p>\n<p>Observemos por\u00e9m que, em meio \u00e0 desola\u00e7\u00e3o geral pela morte de L\u00e1zaro, Jesus n\u00e3o se deixa tomar pelo desconforto. Mesmo sofrendo Ele mesmo, pede que se creia firmemente; n\u00e3o se fecha no choro, mas comovido, coloca-se a caminho em dire\u00e7\u00e3o ao sepulcro. N\u00e3o se deixa dominar pelo ambiente emotivo resignado que o circunda, mas reza com confian\u00e7a e diz: \u201cPai, eu te dou gra\u00e7as\u201d. Assim, no mist\u00e9rio do sofrimento, diante do qual o pensamento e o progresso se quebram como moscas no vidro, Jesus nos d\u00e1 o exemplo de como nos comportar: n\u00e3o foge do sofrimento, que pertence a esta vida, mas n\u00e3o se deixa aprisionar pelo pessimismo.<\/p>\n<p>Em volta daquele sepulcro, acontece assim um grande encontro-choque. De um lado, existe a grande desilus\u00e3o, a precariedade da nossa vida mortal que, atravessada pela ang\u00fastia pela morte, experimenta frequentemente a derrota, uma obscuridade interior que parece intranspon\u00edvel. A nossa alma, criada para a vida, sofre sentindo que a sua sede de eterno bem \u00e9 oprimida por um mal antigo e obscuro. Por um lado existe esta derrota do sepulcro.<\/p>\n<p>Mas por outro lado h\u00e1 a esperan\u00e7a que vence a morte e o mal que tem um nome: a esperan\u00e7a se chama Jesus. Ele n\u00e3o traz um pouco de bem-estar ou algum rem\u00e9dio para prolongar a vida, mas proclama: \u201cEu sou a ressurrei\u00e7\u00e3o e a vida; quem cr\u00ea em mim, ainda que esteja morto, viver\u00e1\u201d. Por isto decididamente diz: \u201cTirai a pedra!\u201d e a L\u00e1zaro grita em alta voz: \u201cVem para fora!\u201d.<\/p>\n<p>&nbsp;<\/p>\n<p>Queridos irm\u00e3os e irm\u00e3s, tamb\u00e9m n\u00f3s somos convidados a decidir de que parte estar. Se pode estar do lado do sepulcro ou do lado de Jesus. H\u00e1 tamb\u00e9m quem se deixe fechar na tristeza e quem se abre \u00e0 esperan\u00e7a. H\u00e1 quem permanece preso nos escombros da vida e que, como voc\u00eas, com a ajuda de Deus, levanta os escombros e reconstr\u00f3i com paciente esperan\u00e7a.<\/p>\n<p>Diante dos grandes \u201cporqu\u00eas\u201d da vida temos dois caminhos: ficar a olhar melancolicamente os sepulcros de ontem e de hoje ou aproximar Jesus de nossos sepulcros. Sim, porque cada um de n\u00f3s j\u00e1 tem um pequeno sepulcro, alguma zona um pouco morta dentro do cora\u00e7\u00e3o; uma ferida, uma injusti\u00e7a sofrida ou cometida, um rancor que n\u00e3o d\u00e1 tr\u00e9gua, um remorso que vai e volta, um pecado que n\u00e3o se consegue superar.<\/p>\n<p>Identifiquemos hoje estes nossos pequenos sepulcros que temos dentro e convidemos Jesus para ir l\u00e1. \u00c9 estranho, mas seguidamente preferimos estar sozinhos nas grutas obscuras que temos dentro, antes que convidar Jesus para estar l\u00e1; somos tentados em buscar sempre n\u00f3s mesmos, remoendo e nos afundando na ang\u00fastia, lambendo as chagas, antes que ir at\u00e9 Ele, que diz: \u201cVinde a mim, todos v\u00f3s que estais cansados e oprimidos, e eu vos aliviarei\u201d.<\/p>\n<p>N\u00e3o deixemo-nos aprisionar pelas tenta\u00e7\u00f5es de permanecer sozinhos e desconfiados, chorando por aquilo que nos acontece; n\u00e3o cedamos \u00e0 l\u00f3gica in\u00fatil e inconclusiva do medo, do repetir resignado de que vai tudo mal e nada \u00e9 mais como antes. Esta \u00e9 a atmosfera do sepulcro; o Senhor deseja ao inv\u00e9s disto, abrir o caminho da vida, o do encontro com Ele, da confian\u00e7a nele, da ressurrei\u00e7\u00e3o do cora\u00e7\u00e3o, o caminho do \u201cLevanta-te! Levanta-te, saia!\u201d. \u00c9 isto que nos pede o Senhor, e Ele est\u00e1 ao lado de n\u00f3s para fazer isto.<\/p>\n<p>Ou\u00e7amos ent\u00e3o como dirigidas a cada um de n\u00f3s as palavras de Jesus a L\u00e1zaro: \u201cVem para fora!\u201d; vem para fora do emaranhado da tristeza sem esperan\u00e7a; desata as vendas do medo que criam obst\u00e1culo no caminho; os la\u00e7os das fraquezas e das inquieta\u00e7\u00f5es que te bloqueiam, repete que Deus desata os n\u00f3s. Seguindo Jesus aprendemos a n\u00e3o amarrar a nossa vida nos problemas que se apresentam; sempre existir\u00e3o problemas, sempre, e quando resolvemos um, pontualmente chega outro. Podemos por\u00e9m encontrar uma nova estabilidade, e esta estabilidade \u00e9 precisamente Jesus, esta estabilidade se chama Jesus, que \u00e9 a ressurrei\u00e7\u00e3o e a vida: com ele a alegria habita o cora\u00e7\u00e3o, a esperan\u00e7a renasce, a dor se transforma em paz, o temor em confian\u00e7a, a prova em oferta de amor. E mesmo que n\u00e3o faltem os pesos, haver\u00e1 a sempre a sua m\u00e3o que nos levanta novamente, a sua Palavra que nos encoraja e diz a todos n\u00f3s, a cada um de n\u00f3s: \u201cVenha para fora! Venha para mim!\u201d. Diz a todos n\u00f3s: \u201cN\u00e3o tenham medo!\u201d.<\/p>\n<p>&nbsp;<\/p>\n<p>Tamb\u00e9m a n\u00f3s hoje, como ent\u00e3o, Jesus diz: \u201cTirai e pedra!\u201d. Por mais pesado que seja o passado, grande o pecado, forte a vergonha, n\u00e3o barremos a entrada do Senhor. Tiremos diante d\u2019Ele a pedra que lhe impede de entrar: \u00e9 este o tempo favor\u00e1vel para remover o nosso pecado, o nosso apego \u00e0s vaidades mundanas, o orgulho que nos bloqueia a alma, tantas inimizades entre n\u00f3s, nas fam\u00edlias&#8230; este \u00e9 o momento favor\u00e1vel para remover todas estas coisas.<\/p>\n<p>Visitados e libertados por Jesus, pe\u00e7amos a gra\u00e7a de ser testemunhas de vida neste mundo que tem sede dele, testemunhas que suscitam e ressuscitam a esperan\u00e7a de Deus nos cora\u00e7\u00f5es cansados e pesados pela tristeza. O nosso an\u00fancio \u00e9 a alegria do Senhor vivo, que ainda hoje diz, como a Ezequiel: \u201cEis que eu abrirei os vossos sepulcros, e vos farei subir das vossas sepulturas, \u00f3 povo meu\u201d.<\/p>\n<hr \/>\n<p>&nbsp;<\/p>\n<h2>COM AS V\u00cdTIMAS DOS TERREMOTOS NA IT\u00c1LIA<\/h2>\n<p>Antes de regressar ao Vaticano, o \u00faltimo compromisso do Papa na regi\u00e3o italiana Emilia-Romagna foi com os moradores de Mirandola, outro munic\u00edpio afetado pelo sismo de maio de 2012.<\/p>\n<p>Diante da Catedral que ficou parcialmente destru\u00edda, &#8220;sob os sinais vis\u00edveis de uma prova\u00e7\u00e3o t\u00e3o dura\u201d, Francisco recordou a visita de seu predecessor, Bento XVI, logo depois do terremoto para levar solidariedade e o seu encorajamento pessoal a toda a comunidade eclesial. \u201cE hoje eu estou aqui entre voc\u00eas para confirmar o afeto de toda a Igreja e para testemunhar a cada um a minha proximidade e o meu encorajamento pelo caminho que ainda resta por fazer na reconstru\u00e7\u00e3o.\u201d<\/p>\n<p>O Papa disse estar consciente dos danos que o tremor provocou no patrim\u00f4nio humano e cultural da regi\u00e3o. \u201cMas penso sobretudo nas feridas interiores: o sofrimento de quem perdeu seus entes e de quem viu os sacrif\u00edcios de toda uma vida se perderem\u201d, disse o Pont\u00edfice, louvando o esp\u00edrito batalhador da popula\u00e7\u00e3o.<\/p>\n<p>&nbsp;<\/p>\n<p>\u201cAs feridas foram sanadas, mas ficaram e ficar\u00e3o para sempre as cicatrizes\u201d, afirmou o Papa, encorajando a popula\u00e7\u00e3o a crescer os filhos \u201cna coragem, dignidade e fortaleza que tiveram no momento das feridas\u201d.<\/p>\n<p>\u201cOs meus votos s\u00e3o de que jamais faltem for\u00e7a de \u00e2nimo, esperan\u00e7a e as dotes de laboriosidade, que \u00e9 uma caracter\u00edstica de voc\u00eas. Permane\u00e7a firme a inten\u00e7\u00e3o de n\u00e3o ceder ao desencorajamento diante das dificuldades\u201d, acrescentou Francisco, pedindo um esfor\u00e7o a mais para reconstruir o centro hist\u00f3rico da cidade.<\/p>\n<p>O \u00faltimo pensamento do Pont\u00edfice foi dedicado \u00e0s v\u00edtimas do sismo: \u201cDiante da Catedral, s\u00edmbolo da f\u00e9 e da tradi\u00e7\u00e3o deste territ\u00f3rio e gravemente danificado pelo terremoto, elevo com voc\u00eas ao Senhor uma fervorosa ora\u00e7\u00e3o pelas v\u00edtimas do sismo, pelos seus familiares e por aqueles que ainda vivem em situa\u00e7\u00e3o prec\u00e1ria\u201d.<\/p>\n<p>Sobre o altar da Catedral, disse ainda o Papa, \u201cdepositei flores em mem\u00f3ria de quem nos deixou no terremoto\u201d.<\/p>\n<p>E concluiu: \u201cDaqui duas semanas celebraremos a P\u00e1scoa da Ressurrei\u00e7\u00e3o. Que a for\u00e7a do Senhor ressuscitado ampere o seu empenho em completar a reconstru\u00e7\u00e3o e anime sua esperan\u00e7a\u201d. Depois do discurso, o Papa saudou alguns moradores de Mirandola.<\/p>\n<p>&nbsp;<\/p>\n<h2>REZANDO PELOS COLOMBIANOS<\/h2>\n<p>O Papa Francisco, antes de rezar a Ora\u00e7\u00e3o mariana do Angelus, em Carpi, expressou o seu pesar pela trag\u00e9dia causada por um enorme deslizamento de terra na cidade de Mocoa, na Col\u00f4mbia, na prov\u00edncia de Putumayo. Falando de improviso, assegurou suas ora\u00e7\u00f5es pelas v\u00edtimas e pelas fam\u00edlias.<\/p>\n<p>\u201cEstou profundamente entristecido pela trag\u00e9dia que atingiu a Col\u00f4mbia, onde um gigante deslizamento de terra, causado por chuvas torrenciais, atingiu a cidade de Mocoa, causando numerosos mortos e feridos. Rezo pelas v\u00edtimas e asseguro a minha proximidade e a de voc\u00eas \u00e0queles que choram a morte de seus entes queridos, e agrade\u00e7o a todos aqueles que est\u00e3o trabalhando para prestar socorro&#8221;. O balan\u00e7o, no momento, \u00e9 de 250 mortos e centenas de feridos e desaparecidos.<\/p>\n<p>Francisco dirigiu ainda o seu pensamento \u00e0 dram\u00e1tica situa\u00e7\u00e3o no Congo fazendo um premente apelo para que se chegue \u00e0 paz.<\/p>\n<p>\u201cContinuam a chegar not\u00edcias n\u00e3o boas de sangrentos confrontos armados na regi\u00e3o de Kasai, na Rep\u00fablica Democr\u00e1tica do Congo, confrontos que est\u00e3o causando mortes e deslocamentos e que atingem tamb\u00e9m pessoas e propriedades da Igreja: igrejas, hospitais, escolas&#8230; Asseguro a minha proximidade a esta na\u00e7\u00e3o, e exorto todos a rezar pela paz para que os cora\u00e7\u00f5es dos art\u00edfices de tais crimes n\u00e3o permane\u00e7am escravos do \u00f3dio e da viol\u00eancia, o \u00f3dio e a viol\u00eancia sempre destroem\u201d.<\/p>\n<p>Al\u00e9m disso, &#8211; continuou o Papa &#8211; sigo com grande aten\u00e7\u00e3o o que est\u00e1 acontecendo na Venezuela e Paraguai. Rezo por aquelas popula\u00e7\u00f5es a mim t\u00e3o queridas, e convido todos a perseverarem incansavelmente, evitando todo tipo de viol\u00eancia, na busca de solu\u00e7\u00f5es pol\u00edticas.<\/p>\n<hr \/>\n<p><em>Fonte: R\u00e1dio Vaticano<\/em><\/p>\n","protected":false},"excerpt":{"rendered":"<p>Papa em Carpi <\/p>\n","protected":false},"author":1,"featured_media":198133,"comment_status":"open","ping_status":"open","sticky":false,"template":"","format":"standard","meta":[],"categories":[1428],"tags":[55],"acf":[],"yoast_head":"<!-- This site is optimized with the Yoast SEO plugin v19.2 - https:\/\/yoast.com\/wordpress\/plugins\/seo\/ -->\n<title>N\u00e3o cedamos \u00e0 l\u00f3gica in\u00fatil e inconclusiva do medo - Not\u00edcias - Franciscanos<\/title>\n<meta name=\"robots\" content=\"index, follow, max-snippet:-1, max-image-preview:large, max-video-preview:-1\" \/>\n<link rel=\"canonical\" href=\"https:\/\/franciscanos.org.br\/noticias\/deus-nao-faz-desaparecer-o-mal-magicamente-mas-compartilha-o-sofrimento.html\" \/>\n<meta property=\"og:locale\" content=\"pt_BR\" \/>\n<meta property=\"og:type\" content=\"article\" \/>\n<meta property=\"og:title\" content=\"N\u00e3o cedamos \u00e0 l\u00f3gica in\u00fatil e inconclusiva do medo - Not\u00edcias - Franciscanos\" \/>\n<meta property=\"og:description\" content=\"Papa em Carpi\" \/>\n<meta property=\"og:url\" content=\"https:\/\/franciscanos.org.br\/noticias\/deus-nao-faz-desaparecer-o-mal-magicamente-mas-compartilha-o-sofrimento.html\" \/>\n<meta property=\"og:site_name\" content=\"Not\u00edcias - Franciscanos\" \/>\n<meta property=\"article:published_time\" content=\"2017-04-02T20:53:08+00:00\" \/>\n<meta property=\"article:modified_time\" content=\"2020-06-09T12:55:38+00:00\" \/>\n<meta property=\"og:image\" content=\"https:\/\/franciscanos.org.br\/noticias\/wp-content\/uploads\/2017\/04\/papa_020417_3.jpg\" \/>\n\t<meta property=\"og:image:width\" content=\"273\" \/>\n\t<meta property=\"og:image:height\" content=\"181\" \/>\n\t<meta property=\"og:image:type\" content=\"image\/jpeg\" \/>\n<meta name=\"author\" content=\"admin\" \/>\n<meta name=\"twitter:card\" content=\"summary_large_image\" \/>\n<meta name=\"twitter:label1\" content=\"Escrito por\" \/>\n\t<meta name=\"twitter:data1\" content=\"admin\" \/>\n\t<meta name=\"twitter:label2\" content=\"Est. tempo de leitura\" \/>\n\t<meta name=\"twitter:data2\" content=\"9 minutos\" \/>\n<script type=\"application\/ld+json\" class=\"yoast-schema-graph\">{\"@context\":\"https:\/\/schema.org\",\"@graph\":[{\"@type\":\"WebSite\",\"@id\":\"https:\/\/franciscanos.org.br\/noticias\/#website\",\"url\":\"https:\/\/franciscanos.org.br\/noticias\/\",\"name\":\"Not\u00edcias - Franciscanos\",\"description\":\"Prov\u00edncia Franciscana da Imaculada Concei\u00e7\u00e3o do Brasil - Ordem dos Frades Menores - OFM\",\"potentialAction\":[{\"@type\":\"SearchAction\",\"target\":{\"@type\":\"EntryPoint\",\"urlTemplate\":\"https:\/\/franciscanos.org.br\/noticias\/?s={search_term_string}\"},\"query-input\":\"required name=search_term_string\"}],\"inLanguage\":\"pt-BR\"},{\"@type\":\"ImageObject\",\"inLanguage\":\"pt-BR\",\"@id\":\"https:\/\/franciscanos.org.br\/noticias\/deus-nao-faz-desaparecer-o-mal-magicamente-mas-compartilha-o-sofrimento.html#primaryimage\",\"url\":\"https:\/\/franciscanos.org.br\/noticias\/wp-content\/uploads\/2017\/04\/papa_020417_3.jpg\",\"contentUrl\":\"https:\/\/franciscanos.org.br\/noticias\/wp-content\/uploads\/2017\/04\/papa_020417_3.jpg\",\"width\":273,\"height\":181},{\"@type\":\"WebPage\",\"@id\":\"https:\/\/franciscanos.org.br\/noticias\/deus-nao-faz-desaparecer-o-mal-magicamente-mas-compartilha-o-sofrimento.html#webpage\",\"url\":\"https:\/\/franciscanos.org.br\/noticias\/deus-nao-faz-desaparecer-o-mal-magicamente-mas-compartilha-o-sofrimento.html\",\"name\":\"N\u00e3o cedamos \u00e0 l\u00f3gica in\u00fatil e inconclusiva do medo - Not\u00edcias - Franciscanos\",\"isPartOf\":{\"@id\":\"https:\/\/franciscanos.org.br\/noticias\/#website\"},\"primaryImageOfPage\":{\"@id\":\"https:\/\/franciscanos.org.br\/noticias\/deus-nao-faz-desaparecer-o-mal-magicamente-mas-compartilha-o-sofrimento.html#primaryimage\"},\"datePublished\":\"2017-04-02T20:53:08+00:00\",\"dateModified\":\"2020-06-09T12:55:38+00:00\",\"author\":{\"@id\":\"https:\/\/franciscanos.org.br\/noticias\/#\/schema\/person\/b38fbf43118f02820bd932f2e4b14ad3\"},\"breadcrumb\":{\"@id\":\"https:\/\/franciscanos.org.br\/noticias\/deus-nao-faz-desaparecer-o-mal-magicamente-mas-compartilha-o-sofrimento.html#breadcrumb\"},\"inLanguage\":\"pt-BR\",\"potentialAction\":[{\"@type\":\"ReadAction\",\"target\":[\"https:\/\/franciscanos.org.br\/noticias\/deus-nao-faz-desaparecer-o-mal-magicamente-mas-compartilha-o-sofrimento.html\"]}]},{\"@type\":\"BreadcrumbList\",\"@id\":\"https:\/\/franciscanos.org.br\/noticias\/deus-nao-faz-desaparecer-o-mal-magicamente-mas-compartilha-o-sofrimento.html#breadcrumb\",\"itemListElement\":[{\"@type\":\"ListItem\",\"position\":1,\"name\":\"Home\",\"item\":\"https:\/\/franciscanos.org.br\/noticias\"},{\"@type\":\"ListItem\",\"position\":2,\"name\":\"N\u00e3o cedamos \u00e0 l\u00f3gica in\u00fatil e inconclusiva do medo\"}]},{\"@type\":\"Person\",\"@id\":\"https:\/\/franciscanos.org.br\/noticias\/#\/schema\/person\/b38fbf43118f02820bd932f2e4b14ad3\",\"name\":\"admin\",\"image\":{\"@type\":\"ImageObject\",\"inLanguage\":\"pt-BR\",\"@id\":\"https:\/\/franciscanos.org.br\/noticias\/#\/schema\/person\/image\/\",\"url\":\"https:\/\/secure.gravatar.com\/avatar\/e8495742d34d0ba6448ea1c628263b3e?s=96&d=mm&r=g\",\"contentUrl\":\"https:\/\/secure.gravatar.com\/avatar\/e8495742d34d0ba6448ea1c628263b3e?s=96&d=mm&r=g\",\"caption\":\"admin\"},\"url\":\"https:\/\/franciscanos.org.br\/noticias\/author\/admin\"}]}<\/script>\n<!-- \/ Yoast SEO plugin. -->","yoast_head_json":{"title":"N\u00e3o cedamos \u00e0 l\u00f3gica in\u00fatil e inconclusiva do medo - Not\u00edcias - Franciscanos","robots":{"index":"index","follow":"follow","max-snippet":"max-snippet:-1","max-image-preview":"max-image-preview:large","max-video-preview":"max-video-preview:-1"},"canonical":"https:\/\/franciscanos.org.br\/noticias\/deus-nao-faz-desaparecer-o-mal-magicamente-mas-compartilha-o-sofrimento.html","og_locale":"pt_BR","og_type":"article","og_title":"N\u00e3o cedamos \u00e0 l\u00f3gica in\u00fatil e inconclusiva do medo - Not\u00edcias - Franciscanos","og_description":"Papa em Carpi","og_url":"https:\/\/franciscanos.org.br\/noticias\/deus-nao-faz-desaparecer-o-mal-magicamente-mas-compartilha-o-sofrimento.html","og_site_name":"Not\u00edcias - Franciscanos","article_published_time":"2017-04-02T20:53:08+00:00","article_modified_time":"2020-06-09T12:55:38+00:00","og_image":[{"width":273,"height":181,"url":"https:\/\/franciscanos.org.br\/noticias\/wp-content\/uploads\/2017\/04\/papa_020417_3.jpg","type":"image\/jpeg"}],"author":"admin","twitter_card":"summary_large_image","twitter_misc":{"Escrito por":"admin","Est. tempo de leitura":"9 minutos"},"schema":{"@context":"https:\/\/schema.org","@graph":[{"@type":"WebSite","@id":"https:\/\/franciscanos.org.br\/noticias\/#website","url":"https:\/\/franciscanos.org.br\/noticias\/","name":"Not\u00edcias - Franciscanos","description":"Prov\u00edncia Franciscana da Imaculada Concei\u00e7\u00e3o do Brasil - Ordem dos Frades Menores - OFM","potentialAction":[{"@type":"SearchAction","target":{"@type":"EntryPoint","urlTemplate":"https:\/\/franciscanos.org.br\/noticias\/?s={search_term_string}"},"query-input":"required name=search_term_string"}],"inLanguage":"pt-BR"},{"@type":"ImageObject","inLanguage":"pt-BR","@id":"https:\/\/franciscanos.org.br\/noticias\/deus-nao-faz-desaparecer-o-mal-magicamente-mas-compartilha-o-sofrimento.html#primaryimage","url":"https:\/\/franciscanos.org.br\/noticias\/wp-content\/uploads\/2017\/04\/papa_020417_3.jpg","contentUrl":"https:\/\/franciscanos.org.br\/noticias\/wp-content\/uploads\/2017\/04\/papa_020417_3.jpg","width":273,"height":181},{"@type":"WebPage","@id":"https:\/\/franciscanos.org.br\/noticias\/deus-nao-faz-desaparecer-o-mal-magicamente-mas-compartilha-o-sofrimento.html#webpage","url":"https:\/\/franciscanos.org.br\/noticias\/deus-nao-faz-desaparecer-o-mal-magicamente-mas-compartilha-o-sofrimento.html","name":"N\u00e3o cedamos \u00e0 l\u00f3gica in\u00fatil e inconclusiva do medo - Not\u00edcias - Franciscanos","isPartOf":{"@id":"https:\/\/franciscanos.org.br\/noticias\/#website"},"primaryImageOfPage":{"@id":"https:\/\/franciscanos.org.br\/noticias\/deus-nao-faz-desaparecer-o-mal-magicamente-mas-compartilha-o-sofrimento.html#primaryimage"},"datePublished":"2017-04-02T20:53:08+00:00","dateModified":"2020-06-09T12:55:38+00:00","author":{"@id":"https:\/\/franciscanos.org.br\/noticias\/#\/schema\/person\/b38fbf43118f02820bd932f2e4b14ad3"},"breadcrumb":{"@id":"https:\/\/franciscanos.org.br\/noticias\/deus-nao-faz-desaparecer-o-mal-magicamente-mas-compartilha-o-sofrimento.html#breadcrumb"},"inLanguage":"pt-BR","potentialAction":[{"@type":"ReadAction","target":["https:\/\/franciscanos.org.br\/noticias\/deus-nao-faz-desaparecer-o-mal-magicamente-mas-compartilha-o-sofrimento.html"]}]},{"@type":"BreadcrumbList","@id":"https:\/\/franciscanos.org.br\/noticias\/deus-nao-faz-desaparecer-o-mal-magicamente-mas-compartilha-o-sofrimento.html#breadcrumb","itemListElement":[{"@type":"ListItem","position":1,"name":"Home","item":"https:\/\/franciscanos.org.br\/noticias"},{"@type":"ListItem","position":2,"name":"N\u00e3o cedamos \u00e0 l\u00f3gica in\u00fatil e inconclusiva do medo"}]},{"@type":"Person","@id":"https:\/\/franciscanos.org.br\/noticias\/#\/schema\/person\/b38fbf43118f02820bd932f2e4b14ad3","name":"admin","image":{"@type":"ImageObject","inLanguage":"pt-BR","@id":"https:\/\/franciscanos.org.br\/noticias\/#\/schema\/person\/image\/","url":"https:\/\/secure.gravatar.com\/avatar\/e8495742d34d0ba6448ea1c628263b3e?s=96&d=mm&r=g","contentUrl":"https:\/\/secure.gravatar.com\/avatar\/e8495742d34d0ba6448ea1c628263b3e?s=96&d=mm&r=g","caption":"admin"},"url":"https:\/\/franciscanos.org.br\/noticias\/author\/admin"}]}},"_links":{"self":[{"href":"https:\/\/franciscanos.org.br\/noticias\/wp-json\/wp\/v2\/posts\/129086"}],"collection":[{"href":"https:\/\/franciscanos.org.br\/noticias\/wp-json\/wp\/v2\/posts"}],"about":[{"href":"https:\/\/franciscanos.org.br\/noticias\/wp-json\/wp\/v2\/types\/post"}],"author":[{"embeddable":true,"href":"https:\/\/franciscanos.org.br\/noticias\/wp-json\/wp\/v2\/users\/1"}],"replies":[{"embeddable":true,"href":"https:\/\/franciscanos.org.br\/noticias\/wp-json\/wp\/v2\/comments?post=129086"}],"version-history":[{"count":1,"href":"https:\/\/franciscanos.org.br\/noticias\/wp-json\/wp\/v2\/posts\/129086\/revisions"}],"predecessor-version":[{"id":225402,"href":"https:\/\/franciscanos.org.br\/noticias\/wp-json\/wp\/v2\/posts\/129086\/revisions\/225402"}],"wp:featuredmedia":[{"embeddable":true,"href":"https:\/\/franciscanos.org.br\/noticias\/wp-json\/wp\/v2\/media\/198133"}],"wp:attachment":[{"href":"https:\/\/franciscanos.org.br\/noticias\/wp-json\/wp\/v2\/media?parent=129086"}],"wp:term":[{"taxonomy":"category","embeddable":true,"href":"https:\/\/franciscanos.org.br\/noticias\/wp-json\/wp\/v2\/categories?post=129086"},{"taxonomy":"post_tag","embeddable":true,"href":"https:\/\/franciscanos.org.br\/noticias\/wp-json\/wp\/v2\/tags?post=129086"}],"curies":[{"name":"wp","href":"https:\/\/api.w.org\/{rel}","templated":true}]}}