{"id":129045,"date":"2017-03-31T13:36:16","date_gmt":"2017-03-31T16:36:16","guid":{"rendered":"http:\/\/franciscanos.org.br\/?p=129045"},"modified":"2019-01-28T13:22:31","modified_gmt":"2019-01-28T15:22:31","slug":"dom-cappio-chama-de-espetaculos-circenses-as-inauguracoes-transposicao","status":"publish","type":"post","link":"https:\/\/franciscanos.org.br\/noticias\/dom-cappio-chama-de-espetaculos-circenses-as-inauguracoes-transposicao.html","title":{"rendered":"D. Cappio chama de espet\u00e1culos circenses as inaugura\u00e7\u00f5es"},"content":{"rendered":"<p><img loading=\"lazy\" class=\"aligncenter\" src=\"http:\/\/franciscanos.org.br\/wp-content\/uploads\/2017\/03\/cappio_310317_2.jpg\" alt=\"cappio_310317_2\" width=\"820\" height=\"413\" \/><\/p>\n<p>Uma das vozes mais cr\u00edticas \u00e0 transposi\u00e7\u00e3o do Rio S\u00e3o Francisco, o bispo Diocesano de Barra, no oeste baiano, Dom Luiz Cappio, ainda tem f\u00e9 no projeto. Cappio \u2013 que diz n\u00e3o ser contra a transposi\u00e7\u00e3o em si, mas \u00e0 forma como foi conduzida \u2013 n\u00e3o mudou a opini\u00e3o desde quanto fez duas greves de fome, clamando pela revitaliza\u00e7\u00e3o do rio, cuja maior extens\u00e3o corre pela Bahia. A primeira, em 2005, durou 11 dias. Em 2007, o jejum foi de 23 dias. D. Cappio declarou que n\u00e3o pretende fazer novas greves de fome. Na vis\u00e3o dele, a verdade sobre o projeto ser\u00e1 revelada a tempo de a pr\u00f3pria Constitui\u00e7\u00e3o exigir mudan\u00e7as. \u201cO grito de alerta foi dado em duas ocasi\u00f5es, atrav\u00e9s dos jejuns que assumimos. O Brasil e o mundo tomou conhecimento desta realidade triste em que vive o rio e o povo ribeirinho. A verdade se mostrar\u00e1 a seu tempo. Ningu\u00e9m perde por esperar\u201d, vaticinou em entrevista ao Bahia Not\u00edcias.<\/p>\n<p>De acordo com o religioso, foram \u201ccircenses\u201d as inaugura\u00e7\u00f5es feitas por Michel Temer e pelos ex-presidentes Lula e Dilma Rousseff. \u201cAcompanhamos os espet\u00e1culos circenses das duas inaugura\u00e7\u00f5es [&#8230;] Este projeto foi e continua sendo um rico &#8220;cabo eleitoral&#8221;. Nosso atual presidente corre atr\u00e1s de aprova\u00e7\u00e3o popular para seu desastroso governo. O grupo do PT quer garantir um lugar na agenda eleitoreira para 2018. Quer promo\u00e7\u00e3o melhor do que inaugurar o projeto de transposi\u00e7\u00e3o?\u201d, questionou.<\/p>\n<p>Para o frei, em tempo de estiagem prolongada, falar em \u201cobras h\u00eddricas\u201d \u00e9 \u201cfonte segura de votos\u201d devido ao sonho das comunidades de terem abastecimento regular. No entanto, na vis\u00e3o dele, quem vai se beneficiar, de fato, s\u00e3o os projetos \u201cagroindustriais\u201d. Como esperava a revitaliza\u00e7\u00e3o do rio, Cappio usa a analogia de que um \u201can\u00eamico n\u00e3o pode doar sangue\u201d e se diz indignado com o tudo que transcorreu. E interroga: \u201cO Rio S\u00e3o Francisco, na situa\u00e7\u00e3o em que ele se encontra, at\u00e9 quando ter\u00e1 condi\u00e7\u00f5es de satisfazer a gan\u00e2ncia de poucos em detrimento \u00e0s necessidades de muitos? At\u00e9 agora n\u00e3o temos nenhum projeto s\u00e9rio de revitaliza\u00e7\u00e3o. Fala-se muito, mas ainda n\u00e3o chegou. Meu sentimento \u00e9 de indigna\u00e7\u00e3o\u201d, desabafa.<\/p>\n<p>Em rela\u00e7\u00e3o aos ribeirinhos, Dom Cappio afirmou que \u00e9 preciso que haja uma uni\u00e3o de todos para o que chamou de grandes reformas ambientais. \u201cTodos, ribeirinhos e povo brasileiro, precisamos urgentemente assumir esta luta pelas grandes reformas ambientais, principalmente no que diz respeito a \u00e1gua. Desde o in\u00edcio das obras de transposi\u00e7\u00e3o, fala-se tamb\u00e9m na revitaliza\u00e7\u00e3o. A transposi\u00e7\u00e3o chega a seu fim e a revitaliza\u00e7\u00e3o ainda n\u00e3o come\u00e7ou. A luta s\u00e9ria, assumida pela revitaliza\u00e7\u00e3o \u00e9 condi\u00e7\u00e3o &#8216;sine qua non&#8217; para que o Rio S\u00e3o Francisco continue vivo e gerando vida para milh\u00f5es de brasileiros\u201d, finalizou o bispo franciscano.<\/p>\n<p><em>Texto de Francis Juliano, no Bahia Not\u00edcias.<\/em><\/p>\n","protected":false},"excerpt":{"rendered":"<p>Rio S\u00e3o Francisco<\/p>\n","protected":false},"author":1,"featured_media":197129,"comment_status":"open","ping_status":"open","sticky":false,"template":"","format":"standard","meta":[],"categories":[1],"tags":[868],"acf":[],"yoast_head":"<!-- This site is optimized with the Yoast SEO plugin v19.2 - https:\/\/yoast.com\/wordpress\/plugins\/seo\/ -->\n<title>D. Cappio chama de espet\u00e1culos circenses as inaugura\u00e7\u00f5es - Not\u00edcias - Franciscanos<\/title>\n<meta name=\"robots\" content=\"index, follow, max-snippet:-1, max-image-preview:large, max-video-preview:-1\" \/>\n<link rel=\"canonical\" href=\"https:\/\/franciscanos.org.br\/noticias\/dom-cappio-chama-de-espetaculos-circenses-as-inauguracoes-transposicao.html\" \/>\n<meta property=\"og:locale\" content=\"pt_BR\" \/>\n<meta property=\"og:type\" content=\"article\" \/>\n<meta property=\"og:title\" content=\"D. Cappio chama de espet\u00e1culos circenses as inaugura\u00e7\u00f5es - Not\u00edcias - Franciscanos\" \/>\n<meta property=\"og:description\" content=\"Rio S\u00e3o Francisco\" \/>\n<meta property=\"og:url\" content=\"https:\/\/franciscanos.org.br\/noticias\/dom-cappio-chama-de-espetaculos-circenses-as-inauguracoes-transposicao.html\" \/>\n<meta property=\"og:site_name\" content=\"Not\u00edcias - Franciscanos\" \/>\n<meta property=\"article:published_time\" content=\"2017-03-31T16:36:16+00:00\" \/>\n<meta property=\"article:modified_time\" content=\"2019-01-28T15:22:31+00:00\" \/>\n<meta property=\"og:image\" content=\"https:\/\/franciscanos.org.br\/noticias\/wp-content\/uploads\/2017\/03\/cappio_310317_2.jpg\" \/>\n\t<meta property=\"og:image:width\" content=\"273\" \/>\n\t<meta property=\"og:image:height\" content=\"181\" \/>\n\t<meta property=\"og:image:type\" content=\"image\/jpeg\" \/>\n<meta name=\"author\" content=\"admin\" \/>\n<meta name=\"twitter:card\" content=\"summary_large_image\" \/>\n<meta name=\"twitter:label1\" content=\"Escrito por\" \/>\n\t<meta name=\"twitter:data1\" content=\"admin\" \/>\n\t<meta name=\"twitter:label2\" content=\"Est. tempo de leitura\" \/>\n\t<meta name=\"twitter:data2\" content=\"3 minutos\" \/>\n<script type=\"application\/ld+json\" class=\"yoast-schema-graph\">{\"@context\":\"https:\/\/schema.org\",\"@graph\":[{\"@type\":\"WebSite\",\"@id\":\"https:\/\/franciscanos.org.br\/noticias\/#website\",\"url\":\"https:\/\/franciscanos.org.br\/noticias\/\",\"name\":\"Not\u00edcias - Franciscanos\",\"description\":\"Prov\u00edncia Franciscana da Imaculada Concei\u00e7\u00e3o do Brasil - Ordem dos Frades Menores - OFM\",\"potentialAction\":[{\"@type\":\"SearchAction\",\"target\":{\"@type\":\"EntryPoint\",\"urlTemplate\":\"https:\/\/franciscanos.org.br\/noticias\/?s={search_term_string}\"},\"query-input\":\"required name=search_term_string\"}],\"inLanguage\":\"pt-BR\"},{\"@type\":\"ImageObject\",\"inLanguage\":\"pt-BR\",\"@id\":\"https:\/\/franciscanos.org.br\/noticias\/dom-cappio-chama-de-espetaculos-circenses-as-inauguracoes-transposicao.html#primaryimage\",\"url\":\"https:\/\/franciscanos.org.br\/noticias\/wp-content\/uploads\/2017\/03\/cappio_310317_2.jpg\",\"contentUrl\":\"https:\/\/franciscanos.org.br\/noticias\/wp-content\/uploads\/2017\/03\/cappio_310317_2.jpg\",\"width\":273,\"height\":181},{\"@type\":\"WebPage\",\"@id\":\"https:\/\/franciscanos.org.br\/noticias\/dom-cappio-chama-de-espetaculos-circenses-as-inauguracoes-transposicao.html#webpage\",\"url\":\"https:\/\/franciscanos.org.br\/noticias\/dom-cappio-chama-de-espetaculos-circenses-as-inauguracoes-transposicao.html\",\"name\":\"D. Cappio chama de espet\u00e1culos circenses as inaugura\u00e7\u00f5es - Not\u00edcias - Franciscanos\",\"isPartOf\":{\"@id\":\"https:\/\/franciscanos.org.br\/noticias\/#website\"},\"primaryImageOfPage\":{\"@id\":\"https:\/\/franciscanos.org.br\/noticias\/dom-cappio-chama-de-espetaculos-circenses-as-inauguracoes-transposicao.html#primaryimage\"},\"datePublished\":\"2017-03-31T16:36:16+00:00\",\"dateModified\":\"2019-01-28T15:22:31+00:00\",\"author\":{\"@id\":\"https:\/\/franciscanos.org.br\/noticias\/#\/schema\/person\/b38fbf43118f02820bd932f2e4b14ad3\"},\"breadcrumb\":{\"@id\":\"https:\/\/franciscanos.org.br\/noticias\/dom-cappio-chama-de-espetaculos-circenses-as-inauguracoes-transposicao.html#breadcrumb\"},\"inLanguage\":\"pt-BR\",\"potentialAction\":[{\"@type\":\"ReadAction\",\"target\":[\"https:\/\/franciscanos.org.br\/noticias\/dom-cappio-chama-de-espetaculos-circenses-as-inauguracoes-transposicao.html\"]}]},{\"@type\":\"BreadcrumbList\",\"@id\":\"https:\/\/franciscanos.org.br\/noticias\/dom-cappio-chama-de-espetaculos-circenses-as-inauguracoes-transposicao.html#breadcrumb\",\"itemListElement\":[{\"@type\":\"ListItem\",\"position\":1,\"name\":\"Home\",\"item\":\"https:\/\/franciscanos.org.br\/noticias\"},{\"@type\":\"ListItem\",\"position\":2,\"name\":\"D. Cappio chama de espet\u00e1culos circenses as inaugura\u00e7\u00f5es\"}]},{\"@type\":\"Person\",\"@id\":\"https:\/\/franciscanos.org.br\/noticias\/#\/schema\/person\/b38fbf43118f02820bd932f2e4b14ad3\",\"name\":\"admin\",\"image\":{\"@type\":\"ImageObject\",\"inLanguage\":\"pt-BR\",\"@id\":\"https:\/\/franciscanos.org.br\/noticias\/#\/schema\/person\/image\/\",\"url\":\"https:\/\/secure.gravatar.com\/avatar\/e8495742d34d0ba6448ea1c628263b3e?s=96&d=mm&r=g\",\"contentUrl\":\"https:\/\/secure.gravatar.com\/avatar\/e8495742d34d0ba6448ea1c628263b3e?s=96&d=mm&r=g\",\"caption\":\"admin\"},\"url\":\"https:\/\/franciscanos.org.br\/noticias\/author\/admin\"}]}<\/script>\n<!-- \/ Yoast SEO plugin. -->","yoast_head_json":{"title":"D. Cappio chama de espet\u00e1culos circenses as inaugura\u00e7\u00f5es - Not\u00edcias - Franciscanos","robots":{"index":"index","follow":"follow","max-snippet":"max-snippet:-1","max-image-preview":"max-image-preview:large","max-video-preview":"max-video-preview:-1"},"canonical":"https:\/\/franciscanos.org.br\/noticias\/dom-cappio-chama-de-espetaculos-circenses-as-inauguracoes-transposicao.html","og_locale":"pt_BR","og_type":"article","og_title":"D. Cappio chama de espet\u00e1culos circenses as inaugura\u00e7\u00f5es - Not\u00edcias - Franciscanos","og_description":"Rio S\u00e3o Francisco","og_url":"https:\/\/franciscanos.org.br\/noticias\/dom-cappio-chama-de-espetaculos-circenses-as-inauguracoes-transposicao.html","og_site_name":"Not\u00edcias - Franciscanos","article_published_time":"2017-03-31T16:36:16+00:00","article_modified_time":"2019-01-28T15:22:31+00:00","og_image":[{"width":273,"height":181,"url":"https:\/\/franciscanos.org.br\/noticias\/wp-content\/uploads\/2017\/03\/cappio_310317_2.jpg","type":"image\/jpeg"}],"author":"admin","twitter_card":"summary_large_image","twitter_misc":{"Escrito por":"admin","Est. tempo de leitura":"3 minutos"},"schema":{"@context":"https:\/\/schema.org","@graph":[{"@type":"WebSite","@id":"https:\/\/franciscanos.org.br\/noticias\/#website","url":"https:\/\/franciscanos.org.br\/noticias\/","name":"Not\u00edcias - Franciscanos","description":"Prov\u00edncia Franciscana da Imaculada Concei\u00e7\u00e3o do Brasil - Ordem dos Frades Menores - OFM","potentialAction":[{"@type":"SearchAction","target":{"@type":"EntryPoint","urlTemplate":"https:\/\/franciscanos.org.br\/noticias\/?s={search_term_string}"},"query-input":"required name=search_term_string"}],"inLanguage":"pt-BR"},{"@type":"ImageObject","inLanguage":"pt-BR","@id":"https:\/\/franciscanos.org.br\/noticias\/dom-cappio-chama-de-espetaculos-circenses-as-inauguracoes-transposicao.html#primaryimage","url":"https:\/\/franciscanos.org.br\/noticias\/wp-content\/uploads\/2017\/03\/cappio_310317_2.jpg","contentUrl":"https:\/\/franciscanos.org.br\/noticias\/wp-content\/uploads\/2017\/03\/cappio_310317_2.jpg","width":273,"height":181},{"@type":"WebPage","@id":"https:\/\/franciscanos.org.br\/noticias\/dom-cappio-chama-de-espetaculos-circenses-as-inauguracoes-transposicao.html#webpage","url":"https:\/\/franciscanos.org.br\/noticias\/dom-cappio-chama-de-espetaculos-circenses-as-inauguracoes-transposicao.html","name":"D. Cappio chama de espet\u00e1culos circenses as inaugura\u00e7\u00f5es - Not\u00edcias - Franciscanos","isPartOf":{"@id":"https:\/\/franciscanos.org.br\/noticias\/#website"},"primaryImageOfPage":{"@id":"https:\/\/franciscanos.org.br\/noticias\/dom-cappio-chama-de-espetaculos-circenses-as-inauguracoes-transposicao.html#primaryimage"},"datePublished":"2017-03-31T16:36:16+00:00","dateModified":"2019-01-28T15:22:31+00:00","author":{"@id":"https:\/\/franciscanos.org.br\/noticias\/#\/schema\/person\/b38fbf43118f02820bd932f2e4b14ad3"},"breadcrumb":{"@id":"https:\/\/franciscanos.org.br\/noticias\/dom-cappio-chama-de-espetaculos-circenses-as-inauguracoes-transposicao.html#breadcrumb"},"inLanguage":"pt-BR","potentialAction":[{"@type":"ReadAction","target":["https:\/\/franciscanos.org.br\/noticias\/dom-cappio-chama-de-espetaculos-circenses-as-inauguracoes-transposicao.html"]}]},{"@type":"BreadcrumbList","@id":"https:\/\/franciscanos.org.br\/noticias\/dom-cappio-chama-de-espetaculos-circenses-as-inauguracoes-transposicao.html#breadcrumb","itemListElement":[{"@type":"ListItem","position":1,"name":"Home","item":"https:\/\/franciscanos.org.br\/noticias"},{"@type":"ListItem","position":2,"name":"D. Cappio chama de espet\u00e1culos circenses as inaugura\u00e7\u00f5es"}]},{"@type":"Person","@id":"https:\/\/franciscanos.org.br\/noticias\/#\/schema\/person\/b38fbf43118f02820bd932f2e4b14ad3","name":"admin","image":{"@type":"ImageObject","inLanguage":"pt-BR","@id":"https:\/\/franciscanos.org.br\/noticias\/#\/schema\/person\/image\/","url":"https:\/\/secure.gravatar.com\/avatar\/e8495742d34d0ba6448ea1c628263b3e?s=96&d=mm&r=g","contentUrl":"https:\/\/secure.gravatar.com\/avatar\/e8495742d34d0ba6448ea1c628263b3e?s=96&d=mm&r=g","caption":"admin"},"url":"https:\/\/franciscanos.org.br\/noticias\/author\/admin"}]}},"_links":{"self":[{"href":"https:\/\/franciscanos.org.br\/noticias\/wp-json\/wp\/v2\/posts\/129045"}],"collection":[{"href":"https:\/\/franciscanos.org.br\/noticias\/wp-json\/wp\/v2\/posts"}],"about":[{"href":"https:\/\/franciscanos.org.br\/noticias\/wp-json\/wp\/v2\/types\/post"}],"author":[{"embeddable":true,"href":"https:\/\/franciscanos.org.br\/noticias\/wp-json\/wp\/v2\/users\/1"}],"replies":[{"embeddable":true,"href":"https:\/\/franciscanos.org.br\/noticias\/wp-json\/wp\/v2\/comments?post=129045"}],"version-history":[{"count":0,"href":"https:\/\/franciscanos.org.br\/noticias\/wp-json\/wp\/v2\/posts\/129045\/revisions"}],"wp:featuredmedia":[{"embeddable":true,"href":"https:\/\/franciscanos.org.br\/noticias\/wp-json\/wp\/v2\/media\/197129"}],"wp:attachment":[{"href":"https:\/\/franciscanos.org.br\/noticias\/wp-json\/wp\/v2\/media?parent=129045"}],"wp:term":[{"taxonomy":"category","embeddable":true,"href":"https:\/\/franciscanos.org.br\/noticias\/wp-json\/wp\/v2\/categories?post=129045"},{"taxonomy":"post_tag","embeddable":true,"href":"https:\/\/franciscanos.org.br\/noticias\/wp-json\/wp\/v2\/tags?post=129045"}],"curies":[{"name":"wp","href":"https:\/\/api.w.org\/{rel}","templated":true}]}}