{"id":128991,"date":"2017-03-31T09:26:45","date_gmt":"2017-03-31T12:26:45","guid":{"rendered":"http:\/\/franciscanos.org.br\/?p=128991"},"modified":"2019-01-28T13:27:39","modified_gmt":"2019-01-28T15:27:39","slug":"cfmb-divulga-carta-aberta-ao-povo-brasileiro-contra-a-subtracao-de-direitos-fundamentais","status":"publish","type":"post","link":"https:\/\/franciscanos.org.br\/noticias\/cfmb-divulga-carta-aberta-ao-povo-brasileiro-contra-a-subtracao-de-direitos-fundamentais.html","title":{"rendered":"Carta aberta contra a subtra\u00e7\u00e3o de direitos fundamentais"},"content":{"rendered":"<p><img loading=\"lazy\" class=\"alignleft\" src=\"http:\/\/franciscanos.org.br\/wp-content\/uploads\/2017\/03\/cfmb_310317.jpg\" alt=\"cfmb_310317\" width=\"830\" height=\"445\" \/><\/p>\n<blockquote><p><em>\u201cDepois do peda\u00e7o de p\u00e3o, Satan\u00e1s entrou em Judas. Ent\u00e3o Jesus lhe disse: \u2018O que tens a fazer, executa-o depressa\u2019\u201d (Jo 13,27). <\/em><\/p><\/blockquote>\n<p>Reunidos no Convento S\u00e3o Francisco, em Olinda (PE), o primeiro Convento da Ordem dos Frades Menores no Brasil (1585), entre os dias 27 e 31 de mar\u00e7o, n\u00f3s, os Ministros e Cust\u00f3dios da Confer\u00eancia da Ordem dos Frades Menores do Brasil (CFMB), desejamos manifestar nossa m\u00e1xima preocupa\u00e7\u00e3o diante do momento pol\u00edtico e social que vivemos em nosso pa\u00eds. O ritmo c\u00e9lere da tramita\u00e7\u00e3o de propostas pol\u00eamicas em torno de temas delicados faz-nos recordar a pressa de Judas Iscariotes para entregar Jesus aos poderosos. Neste caso, entregue de bandeja ao interesse dos detentores do poder e do dinheiro est\u00e1 o povo brasileiro, especialmente os mais simples: trabalhadores e assalariados.<\/p>\n<p>Propostas aos moldes da PEC 287\/16, que versa sobre a reforma da Previd\u00eancia, e o \u201cdesengavetamento\u201d repentino e acelerado do Projeto de Lei 4.302\/98, que aprova a terceiriza\u00e7\u00e3o irrestrita de todas as atividades profissionais, soam como uma \u201ccorrida\u201d contra o tempo de quem deseja, \u00e0 for\u00e7a de um momento de instabilidade e inseguran\u00e7a, ver aprovadas leis que, \u00e0 custa da subtra\u00e7\u00e3o dos poucos recursos de muitos, concentrar ainda mais a riqueza nas m\u00e3os de uma seleta minoria.<\/p>\n<p>Cientes de que teto, terra e trabalho s\u00e3o direitos inalien\u00e1veis de todo e qualquer ser humano (<em>Cf. discurso do Papa Francisco aos Movimentos Populares em outubro de 2014<\/em>), e em comunh\u00e3o com a Confer\u00eancia Nacional dos Bispos do Brasil (CNBB), a Confer\u00eancia dos Religiosos do Brasil (CRB),\u00a0 a Confer\u00eancia da Fam\u00edlia Franciscana no Brasil (CFFB), os Presidentes e Representantes das Igrejas Evang\u00e9licas Hist\u00f3ricas do Brasil e outras entidades e institui\u00e7\u00f5es que manifestam as mesmas preocupa\u00e7\u00f5es, queremos tamb\u00e9m apresentar nossa disposi\u00e7\u00e3o em trabalhar com firmeza para que nenhum direito dos mais pobres seja subtra\u00eddo injustamente. Pautados pelos princ\u00edpios do respeito, da justi\u00e7a e da paz, valores irrenunci\u00e1veis de nossa tradi\u00e7\u00e3o franciscana, convocamos todas as pessoas de boa vontade, especialmente nas comunidades de f\u00e9 onde nos fazemos presentes, a se mobilizarem ao redor destes temas, a fim de buscarmos o melhor para o nosso povo.<\/p>\n<p><em>Olinda, 31 de mar\u00e7o de 2017.<\/em><\/p>\n<p style=\"padding-left: 30px;\">\u00a0<strong>Frei Jo\u00e3o Amilton dos Santos<\/strong>, OFM, Prov\u00edncia Franciscana de Santo Ant\u00f4nio do Brasil (PE, CE, BA, AL, SE, RN, PB)<\/p>\n<p style=\"padding-left: 30px;\"><strong>Frei In\u00e1cio Dellazari<\/strong>, OFM, Prov\u00edncia S\u00e3o Francisco (RS)<\/p>\n<p style=\"padding-left: 30px;\"><strong>Frei Fid\u00eancio Vanboemmel<\/strong>, OFM, Prov\u00edncia Imaculada Concei\u00e7\u00e3o do Brasil (SP, RJ, PR, SC e ES)<\/p>\n<p style=\"padding-left: 30px;\"><strong>Frei Hilton Farias de Souza<\/strong>, OFM, Prov\u00edncia Santa Cruz (MG)<\/p>\n<p style=\"padding-left: 30px;\"><strong>Frei Marco Aur\u00e9lio da Cruz<\/strong>, OFM, Prov\u00edncia Sant\u00edssimo Nome de Jesus (GO, TO, DF)<\/p>\n<p style=\"padding-left: 30px;\"><strong>Frei Bernardo Brand\u00e3o<\/strong>, OFM, Prov\u00edncia Nossa Senhora da Assun\u00e7\u00e3o (MA, PI)<\/p>\n<p style=\"padding-left: 30px;\"><strong>Frei Francisco de Assis Paix\u00e3o<\/strong>, OFM, Cust\u00f3dia S\u00e3o Benedito da Amaz\u00f4nia (PA, AM, RR)<\/p>\n<p style=\"padding-left: 30px;\"><strong>Frei Flaerdi Silvestre Valvassori<\/strong>, OFM, Custodia do Sagrado Cora\u00e7\u00e3o de Jesus (SP, MG)<\/p>\n<p style=\"padding-left: 30px;\"><strong>Frei Roberto Miguel do Nascimento<\/strong>, OFM,\u00a0 Cust\u00f3dia das Sete Alegrias de Nossa Senhora (MS e MT)<\/p>\n<p style=\"padding-left: 30px;\"><strong>Frei Valmir Ramos<\/strong>, OFM, Definidor Geral da Ordem dos Frades Menores (Roma, It\u00e1lia)<\/p>\n<hr \/>\n<p style=\"padding-left: 30px;\">\u00a0<img loading=\"lazy\" src=\"http:\/\/franciscanos.org.br\/wp-content\/uploads\/2017\/03\/cfmb_3103171.jpg\" alt=\"Untitled-1\" width=\"830\" height=\"1412\" \/><\/p>\n","protected":false},"excerpt":{"rendered":"<p>CFMB<\/p>\n","protected":false},"author":1,"featured_media":197139,"comment_status":"open","ping_status":"open","sticky":false,"template":"","format":"standard","meta":[],"categories":[1],"tags":[240],"acf":[],"yoast_head":"<!-- This site is optimized with the Yoast SEO plugin v19.2 - https:\/\/yoast.com\/wordpress\/plugins\/seo\/ -->\n<title>Carta aberta contra a subtra\u00e7\u00e3o de direitos fundamentais - Not\u00edcias - Franciscanos<\/title>\n<meta name=\"robots\" content=\"index, follow, max-snippet:-1, max-image-preview:large, max-video-preview:-1\" \/>\n<link rel=\"canonical\" href=\"https:\/\/franciscanos.org.br\/noticias\/cfmb-divulga-carta-aberta-ao-povo-brasileiro-contra-a-subtracao-de-direitos-fundamentais.html\" \/>\n<meta property=\"og:locale\" content=\"pt_BR\" \/>\n<meta property=\"og:type\" content=\"article\" \/>\n<meta property=\"og:title\" content=\"Carta aberta contra a subtra\u00e7\u00e3o de direitos fundamentais - Not\u00edcias - Franciscanos\" \/>\n<meta property=\"og:description\" content=\"CFMB\" \/>\n<meta property=\"og:url\" content=\"https:\/\/franciscanos.org.br\/noticias\/cfmb-divulga-carta-aberta-ao-povo-brasileiro-contra-a-subtracao-de-direitos-fundamentais.html\" \/>\n<meta property=\"og:site_name\" content=\"Not\u00edcias - Franciscanos\" \/>\n<meta property=\"article:published_time\" content=\"2017-03-31T12:26:45+00:00\" \/>\n<meta property=\"article:modified_time\" content=\"2019-01-28T15:27:39+00:00\" \/>\n<meta property=\"og:image\" content=\"https:\/\/franciscanos.org.br\/noticias\/wp-content\/uploads\/2017\/03\/cfmb_310317.jpg\" \/>\n\t<meta property=\"og:image:width\" content=\"273\" \/>\n\t<meta property=\"og:image:height\" content=\"181\" \/>\n\t<meta property=\"og:image:type\" content=\"image\/jpeg\" \/>\n<meta name=\"author\" content=\"admin\" \/>\n<meta name=\"twitter:card\" content=\"summary_large_image\" \/>\n<meta name=\"twitter:label1\" content=\"Escrito por\" \/>\n\t<meta name=\"twitter:data1\" content=\"admin\" \/>\n\t<meta name=\"twitter:label2\" content=\"Est. tempo de leitura\" \/>\n\t<meta name=\"twitter:data2\" content=\"3 minutos\" \/>\n<script type=\"application\/ld+json\" class=\"yoast-schema-graph\">{\"@context\":\"https:\/\/schema.org\",\"@graph\":[{\"@type\":\"WebSite\",\"@id\":\"https:\/\/franciscanos.org.br\/noticias\/#website\",\"url\":\"https:\/\/franciscanos.org.br\/noticias\/\",\"name\":\"Not\u00edcias - Franciscanos\",\"description\":\"Prov\u00edncia Franciscana da Imaculada Concei\u00e7\u00e3o do Brasil - Ordem dos Frades Menores - OFM\",\"potentialAction\":[{\"@type\":\"SearchAction\",\"target\":{\"@type\":\"EntryPoint\",\"urlTemplate\":\"https:\/\/franciscanos.org.br\/noticias\/?s={search_term_string}\"},\"query-input\":\"required name=search_term_string\"}],\"inLanguage\":\"pt-BR\"},{\"@type\":\"ImageObject\",\"inLanguage\":\"pt-BR\",\"@id\":\"https:\/\/franciscanos.org.br\/noticias\/cfmb-divulga-carta-aberta-ao-povo-brasileiro-contra-a-subtracao-de-direitos-fundamentais.html#primaryimage\",\"url\":\"https:\/\/franciscanos.org.br\/noticias\/wp-content\/uploads\/2017\/03\/cfmb_310317.jpg\",\"contentUrl\":\"https:\/\/franciscanos.org.br\/noticias\/wp-content\/uploads\/2017\/03\/cfmb_310317.jpg\",\"width\":273,\"height\":181},{\"@type\":\"WebPage\",\"@id\":\"https:\/\/franciscanos.org.br\/noticias\/cfmb-divulga-carta-aberta-ao-povo-brasileiro-contra-a-subtracao-de-direitos-fundamentais.html#webpage\",\"url\":\"https:\/\/franciscanos.org.br\/noticias\/cfmb-divulga-carta-aberta-ao-povo-brasileiro-contra-a-subtracao-de-direitos-fundamentais.html\",\"name\":\"Carta aberta contra a subtra\u00e7\u00e3o de direitos fundamentais - Not\u00edcias - Franciscanos\",\"isPartOf\":{\"@id\":\"https:\/\/franciscanos.org.br\/noticias\/#website\"},\"primaryImageOfPage\":{\"@id\":\"https:\/\/franciscanos.org.br\/noticias\/cfmb-divulga-carta-aberta-ao-povo-brasileiro-contra-a-subtracao-de-direitos-fundamentais.html#primaryimage\"},\"datePublished\":\"2017-03-31T12:26:45+00:00\",\"dateModified\":\"2019-01-28T15:27:39+00:00\",\"author\":{\"@id\":\"https:\/\/franciscanos.org.br\/noticias\/#\/schema\/person\/b38fbf43118f02820bd932f2e4b14ad3\"},\"breadcrumb\":{\"@id\":\"https:\/\/franciscanos.org.br\/noticias\/cfmb-divulga-carta-aberta-ao-povo-brasileiro-contra-a-subtracao-de-direitos-fundamentais.html#breadcrumb\"},\"inLanguage\":\"pt-BR\",\"potentialAction\":[{\"@type\":\"ReadAction\",\"target\":[\"https:\/\/franciscanos.org.br\/noticias\/cfmb-divulga-carta-aberta-ao-povo-brasileiro-contra-a-subtracao-de-direitos-fundamentais.html\"]}]},{\"@type\":\"BreadcrumbList\",\"@id\":\"https:\/\/franciscanos.org.br\/noticias\/cfmb-divulga-carta-aberta-ao-povo-brasileiro-contra-a-subtracao-de-direitos-fundamentais.html#breadcrumb\",\"itemListElement\":[{\"@type\":\"ListItem\",\"position\":1,\"name\":\"Home\",\"item\":\"https:\/\/franciscanos.org.br\/noticias\"},{\"@type\":\"ListItem\",\"position\":2,\"name\":\"Carta aberta contra a subtra\u00e7\u00e3o de direitos fundamentais\"}]},{\"@type\":\"Person\",\"@id\":\"https:\/\/franciscanos.org.br\/noticias\/#\/schema\/person\/b38fbf43118f02820bd932f2e4b14ad3\",\"name\":\"admin\",\"image\":{\"@type\":\"ImageObject\",\"inLanguage\":\"pt-BR\",\"@id\":\"https:\/\/franciscanos.org.br\/noticias\/#\/schema\/person\/image\/\",\"url\":\"https:\/\/secure.gravatar.com\/avatar\/e8495742d34d0ba6448ea1c628263b3e?s=96&d=mm&r=g\",\"contentUrl\":\"https:\/\/secure.gravatar.com\/avatar\/e8495742d34d0ba6448ea1c628263b3e?s=96&d=mm&r=g\",\"caption\":\"admin\"},\"url\":\"https:\/\/franciscanos.org.br\/noticias\/author\/admin\"}]}<\/script>\n<!-- \/ Yoast SEO plugin. -->","yoast_head_json":{"title":"Carta aberta contra a subtra\u00e7\u00e3o de direitos fundamentais - Not\u00edcias - Franciscanos","robots":{"index":"index","follow":"follow","max-snippet":"max-snippet:-1","max-image-preview":"max-image-preview:large","max-video-preview":"max-video-preview:-1"},"canonical":"https:\/\/franciscanos.org.br\/noticias\/cfmb-divulga-carta-aberta-ao-povo-brasileiro-contra-a-subtracao-de-direitos-fundamentais.html","og_locale":"pt_BR","og_type":"article","og_title":"Carta aberta contra a subtra\u00e7\u00e3o de direitos fundamentais - Not\u00edcias - Franciscanos","og_description":"CFMB","og_url":"https:\/\/franciscanos.org.br\/noticias\/cfmb-divulga-carta-aberta-ao-povo-brasileiro-contra-a-subtracao-de-direitos-fundamentais.html","og_site_name":"Not\u00edcias - Franciscanos","article_published_time":"2017-03-31T12:26:45+00:00","article_modified_time":"2019-01-28T15:27:39+00:00","og_image":[{"width":273,"height":181,"url":"https:\/\/franciscanos.org.br\/noticias\/wp-content\/uploads\/2017\/03\/cfmb_310317.jpg","type":"image\/jpeg"}],"author":"admin","twitter_card":"summary_large_image","twitter_misc":{"Escrito por":"admin","Est. tempo de leitura":"3 minutos"},"schema":{"@context":"https:\/\/schema.org","@graph":[{"@type":"WebSite","@id":"https:\/\/franciscanos.org.br\/noticias\/#website","url":"https:\/\/franciscanos.org.br\/noticias\/","name":"Not\u00edcias - Franciscanos","description":"Prov\u00edncia Franciscana da Imaculada Concei\u00e7\u00e3o do Brasil - Ordem dos Frades Menores - OFM","potentialAction":[{"@type":"SearchAction","target":{"@type":"EntryPoint","urlTemplate":"https:\/\/franciscanos.org.br\/noticias\/?s={search_term_string}"},"query-input":"required name=search_term_string"}],"inLanguage":"pt-BR"},{"@type":"ImageObject","inLanguage":"pt-BR","@id":"https:\/\/franciscanos.org.br\/noticias\/cfmb-divulga-carta-aberta-ao-povo-brasileiro-contra-a-subtracao-de-direitos-fundamentais.html#primaryimage","url":"https:\/\/franciscanos.org.br\/noticias\/wp-content\/uploads\/2017\/03\/cfmb_310317.jpg","contentUrl":"https:\/\/franciscanos.org.br\/noticias\/wp-content\/uploads\/2017\/03\/cfmb_310317.jpg","width":273,"height":181},{"@type":"WebPage","@id":"https:\/\/franciscanos.org.br\/noticias\/cfmb-divulga-carta-aberta-ao-povo-brasileiro-contra-a-subtracao-de-direitos-fundamentais.html#webpage","url":"https:\/\/franciscanos.org.br\/noticias\/cfmb-divulga-carta-aberta-ao-povo-brasileiro-contra-a-subtracao-de-direitos-fundamentais.html","name":"Carta aberta contra a subtra\u00e7\u00e3o de direitos fundamentais - Not\u00edcias - Franciscanos","isPartOf":{"@id":"https:\/\/franciscanos.org.br\/noticias\/#website"},"primaryImageOfPage":{"@id":"https:\/\/franciscanos.org.br\/noticias\/cfmb-divulga-carta-aberta-ao-povo-brasileiro-contra-a-subtracao-de-direitos-fundamentais.html#primaryimage"},"datePublished":"2017-03-31T12:26:45+00:00","dateModified":"2019-01-28T15:27:39+00:00","author":{"@id":"https:\/\/franciscanos.org.br\/noticias\/#\/schema\/person\/b38fbf43118f02820bd932f2e4b14ad3"},"breadcrumb":{"@id":"https:\/\/franciscanos.org.br\/noticias\/cfmb-divulga-carta-aberta-ao-povo-brasileiro-contra-a-subtracao-de-direitos-fundamentais.html#breadcrumb"},"inLanguage":"pt-BR","potentialAction":[{"@type":"ReadAction","target":["https:\/\/franciscanos.org.br\/noticias\/cfmb-divulga-carta-aberta-ao-povo-brasileiro-contra-a-subtracao-de-direitos-fundamentais.html"]}]},{"@type":"BreadcrumbList","@id":"https:\/\/franciscanos.org.br\/noticias\/cfmb-divulga-carta-aberta-ao-povo-brasileiro-contra-a-subtracao-de-direitos-fundamentais.html#breadcrumb","itemListElement":[{"@type":"ListItem","position":1,"name":"Home","item":"https:\/\/franciscanos.org.br\/noticias"},{"@type":"ListItem","position":2,"name":"Carta aberta contra a subtra\u00e7\u00e3o de direitos fundamentais"}]},{"@type":"Person","@id":"https:\/\/franciscanos.org.br\/noticias\/#\/schema\/person\/b38fbf43118f02820bd932f2e4b14ad3","name":"admin","image":{"@type":"ImageObject","inLanguage":"pt-BR","@id":"https:\/\/franciscanos.org.br\/noticias\/#\/schema\/person\/image\/","url":"https:\/\/secure.gravatar.com\/avatar\/e8495742d34d0ba6448ea1c628263b3e?s=96&d=mm&r=g","contentUrl":"https:\/\/secure.gravatar.com\/avatar\/e8495742d34d0ba6448ea1c628263b3e?s=96&d=mm&r=g","caption":"admin"},"url":"https:\/\/franciscanos.org.br\/noticias\/author\/admin"}]}},"_links":{"self":[{"href":"https:\/\/franciscanos.org.br\/noticias\/wp-json\/wp\/v2\/posts\/128991"}],"collection":[{"href":"https:\/\/franciscanos.org.br\/noticias\/wp-json\/wp\/v2\/posts"}],"about":[{"href":"https:\/\/franciscanos.org.br\/noticias\/wp-json\/wp\/v2\/types\/post"}],"author":[{"embeddable":true,"href":"https:\/\/franciscanos.org.br\/noticias\/wp-json\/wp\/v2\/users\/1"}],"replies":[{"embeddable":true,"href":"https:\/\/franciscanos.org.br\/noticias\/wp-json\/wp\/v2\/comments?post=128991"}],"version-history":[{"count":0,"href":"https:\/\/franciscanos.org.br\/noticias\/wp-json\/wp\/v2\/posts\/128991\/revisions"}],"wp:featuredmedia":[{"embeddable":true,"href":"https:\/\/franciscanos.org.br\/noticias\/wp-json\/wp\/v2\/media\/197139"}],"wp:attachment":[{"href":"https:\/\/franciscanos.org.br\/noticias\/wp-json\/wp\/v2\/media?parent=128991"}],"wp:term":[{"taxonomy":"category","embeddable":true,"href":"https:\/\/franciscanos.org.br\/noticias\/wp-json\/wp\/v2\/categories?post=128991"},{"taxonomy":"post_tag","embeddable":true,"href":"https:\/\/franciscanos.org.br\/noticias\/wp-json\/wp\/v2\/tags?post=128991"}],"curies":[{"name":"wp","href":"https:\/\/api.w.org\/{rel}","templated":true}]}}