{"id":128951,"date":"2017-03-30T15:51:01","date_gmt":"2017-03-30T18:51:01","guid":{"rendered":"http:\/\/franciscanos.org.br\/?p=128951"},"modified":"2019-01-28T13:28:57","modified_gmt":"2019-01-28T15:28:57","slug":"cidade-de-rodeio-se-prepara-para-a-4a-caminhada-franciscana","status":"publish","type":"post","link":"https:\/\/franciscanos.org.br\/noticias\/cidade-de-rodeio-se-prepara-para-a-4a-caminhada-franciscana.html","title":{"rendered":"Jovens se preparam para a Caminhada Franciscana"},"content":{"rendered":"<p><img loading=\"lazy\" class=\"alignleft\" src=\"http:\/\/franciscanos.org.br\/wp-content\/uploads\/2017\/03\/caminhada830_300317.jpg\" alt=\"caminhada830_300317\" width=\"830\" height=\"400\" \/>Neste fim de semana, a cidade de Rodeio (SC), receber\u00e1 a 6\u00aa edi\u00e7\u00e3o da Caminhada Franciscana da Juventude. O encontro contar\u00e1 com a participa\u00e7\u00e3o de 560 jovens, o maior n\u00famero de inscritos de todos os eventos j\u00e1 realizados pelo Servi\u00e7o de Anima\u00e7\u00e3o Vocacional (SAV), conforme destaca o Coordenador, Frei Diego Melo. \u201cN\u00e3o imagin\u00e1vamos que haveria tanta ades\u00e3o, uma vez que realizamos as Miss\u00f5es Franciscanas da Juventude h\u00e1 pouco menos de 3 meses e sabemos que n\u00e3o \u00e9 t\u00e3o simples para os jovens se organizarem para uma viagem como essas. No entanto, eles nos surpreenderam com tamanha ades\u00e3o, o que nos causa muita alegria e indica que estamos no caminho certo\u201d, afirma.<br \/>\nCom o tema <strong>&#8220;Eis que Ele vai passar&#8221;<\/strong> (1Rs 19,11), os jovens percorrer\u00e3o aproximadamente 35 km, passando por diversas par\u00f3quias e locais significativos da cidade, como a Comunidade Terap\u00eautica Beth Hay\u00f4tser e o Eremit\u00e9rio Frei Eg\u00eddio, uma casa de retiros em estilo medieval e que fica no alto de uma montanha.<\/p>\n<p>A partir da espiritualidade, a Caminhada Franciscana da Juventude deseja oferecer aos jovens a experi\u00eancia do sil\u00eancio e contempla\u00e7\u00e3o, para despertar no jovem esta sensibilidade, fortalecendo o encontro com Deus e consigo mesmo.<\/p>\n<p>Os organizadores\u00a0contam tamb\u00e9m que para acolher todos os participantes foi necess\u00e1rio um grande envolvimento das fam\u00edlias locais. \u201cDurante a prepara\u00e7\u00e3o houve uma grande mobiliza\u00e7\u00e3o na cidade de Rodeio para que as fam\u00edlias acolhessem a esse t\u00e3o grande n\u00famero de jovens em suas casas. Fizemos uma ampla divulga\u00e7\u00e3o em r\u00e1dios, jornais, celebra\u00e7\u00f5es, internet etc. Assim, j\u00e1 temos hospedagem nas fam\u00edlias para todos\u201d, afirma.<\/p>\n<p><strong>Juventude e voca\u00e7\u00e3o<\/strong><\/p>\n<p>A 4\u00aa edi\u00e7\u00e3o da Caminhada Franciscana da Juventude acontece em uma das casas de forma\u00e7\u00e3o da Prov\u00edncia, o Noviciado S\u00e3o Jos\u00e9, e contar\u00e1 com a participa\u00e7\u00e3o dos novi\u00e7os. O coordenador do SAV acredita que ser\u00e1 tamb\u00e9m um grande momento de divulga\u00e7\u00e3o e promo\u00e7\u00e3o vocacional. \u201cQueremos mostrar aos jovens a beleza da vida religiosa franciscana como um caminho que pode ser uma resposta para muitos deles\u201d, acrescenta o frade.<\/p>\n<p><strong>Reflex\u00f5es para o S\u00ednodo dos Bispos<\/strong><\/p>\n<p>A Caminhada ser\u00e1 marcada tamb\u00e9m pela apresenta\u00e7\u00e3o do S\u00ednodo dos Bispos sobre a juventude. Os jovens de Bauru e Agudos, cidades-sede da pr\u00f3xima Miss\u00e3o Franciscana, prepararam todo o material que ser\u00e1 apresentado para os participantes da Caminhada. \u201cSer\u00e3o os pr\u00f3prios jovens que ir\u00e3o refletir sobre a sua pr\u00f3pria realidade e poder\u00e3o, inclusive, sugerir novos caminhos de evangeliza\u00e7\u00e3o. Trata-se, portanto, do protagonismo juvenil nesse processo\u201d, afirma Frei Gabriel Dellandrea, do SAV.<\/p>\n<p>Entre os participantes, estar\u00e1 Washington Lima, do Secret\u00e1rio Nacional da Juventude Franciscana (Jufra). Ele, al\u00e9m de participar da Caminhada, far\u00e1 um convite para que os jovens conhe\u00e7am melhor a Jufra. Outra presen\u00e7a a ser destacada \u00e9 a dos jovens da Par\u00f3quia S\u00e3o Pedro, de Gaspar (SC). Ser\u00e3o 136 jovens, entre eles o p\u00e1roco, Frei Paulijacson de Moura.<\/p>\n","protected":false},"excerpt":{"rendered":"<p>SAV<\/p>\n","protected":false},"author":1,"featured_media":197143,"comment_status":"open","ping_status":"open","sticky":false,"template":"","format":"standard","meta":[],"categories":[1],"tags":[699],"acf":[],"yoast_head":"<!-- This site is optimized with the Yoast SEO plugin v19.2 - https:\/\/yoast.com\/wordpress\/plugins\/seo\/ -->\n<title>Jovens se preparam para a Caminhada Franciscana - Not\u00edcias - Franciscanos<\/title>\n<meta name=\"robots\" content=\"index, follow, max-snippet:-1, max-image-preview:large, max-video-preview:-1\" \/>\n<link rel=\"canonical\" href=\"https:\/\/franciscanos.org.br\/noticias\/cidade-de-rodeio-se-prepara-para-a-4a-caminhada-franciscana.html\" \/>\n<meta property=\"og:locale\" content=\"pt_BR\" \/>\n<meta property=\"og:type\" content=\"article\" \/>\n<meta property=\"og:title\" content=\"Jovens se preparam para a Caminhada Franciscana - Not\u00edcias - Franciscanos\" \/>\n<meta property=\"og:description\" content=\"SAV\" \/>\n<meta property=\"og:url\" content=\"https:\/\/franciscanos.org.br\/noticias\/cidade-de-rodeio-se-prepara-para-a-4a-caminhada-franciscana.html\" \/>\n<meta property=\"og:site_name\" content=\"Not\u00edcias - Franciscanos\" \/>\n<meta property=\"article:published_time\" content=\"2017-03-30T18:51:01+00:00\" \/>\n<meta property=\"article:modified_time\" content=\"2019-01-28T15:28:57+00:00\" \/>\n<meta property=\"og:image\" content=\"https:\/\/franciscanos.org.br\/noticias\/wp-content\/uploads\/2017\/03\/caminhada830_300317.jpg\" \/>\n\t<meta property=\"og:image:width\" content=\"273\" \/>\n\t<meta property=\"og:image:height\" content=\"181\" \/>\n\t<meta property=\"og:image:type\" content=\"image\/jpeg\" \/>\n<meta name=\"author\" content=\"admin\" \/>\n<meta name=\"twitter:card\" content=\"summary_large_image\" \/>\n<meta name=\"twitter:label1\" content=\"Escrito por\" \/>\n\t<meta name=\"twitter:data1\" content=\"admin\" \/>\n\t<meta name=\"twitter:label2\" content=\"Est. tempo de leitura\" \/>\n\t<meta name=\"twitter:data2\" content=\"3 minutos\" \/>\n<script type=\"application\/ld+json\" class=\"yoast-schema-graph\">{\"@context\":\"https:\/\/schema.org\",\"@graph\":[{\"@type\":\"WebSite\",\"@id\":\"https:\/\/franciscanos.org.br\/noticias\/#website\",\"url\":\"https:\/\/franciscanos.org.br\/noticias\/\",\"name\":\"Not\u00edcias - Franciscanos\",\"description\":\"Prov\u00edncia Franciscana da Imaculada Concei\u00e7\u00e3o do Brasil - Ordem dos Frades Menores - OFM\",\"potentialAction\":[{\"@type\":\"SearchAction\",\"target\":{\"@type\":\"EntryPoint\",\"urlTemplate\":\"https:\/\/franciscanos.org.br\/noticias\/?s={search_term_string}\"},\"query-input\":\"required name=search_term_string\"}],\"inLanguage\":\"pt-BR\"},{\"@type\":\"ImageObject\",\"inLanguage\":\"pt-BR\",\"@id\":\"https:\/\/franciscanos.org.br\/noticias\/cidade-de-rodeio-se-prepara-para-a-4a-caminhada-franciscana.html#primaryimage\",\"url\":\"https:\/\/franciscanos.org.br\/noticias\/wp-content\/uploads\/2017\/03\/caminhada830_300317.jpg\",\"contentUrl\":\"https:\/\/franciscanos.org.br\/noticias\/wp-content\/uploads\/2017\/03\/caminhada830_300317.jpg\",\"width\":273,\"height\":181},{\"@type\":\"WebPage\",\"@id\":\"https:\/\/franciscanos.org.br\/noticias\/cidade-de-rodeio-se-prepara-para-a-4a-caminhada-franciscana.html#webpage\",\"url\":\"https:\/\/franciscanos.org.br\/noticias\/cidade-de-rodeio-se-prepara-para-a-4a-caminhada-franciscana.html\",\"name\":\"Jovens se preparam para a Caminhada Franciscana - Not\u00edcias - Franciscanos\",\"isPartOf\":{\"@id\":\"https:\/\/franciscanos.org.br\/noticias\/#website\"},\"primaryImageOfPage\":{\"@id\":\"https:\/\/franciscanos.org.br\/noticias\/cidade-de-rodeio-se-prepara-para-a-4a-caminhada-franciscana.html#primaryimage\"},\"datePublished\":\"2017-03-30T18:51:01+00:00\",\"dateModified\":\"2019-01-28T15:28:57+00:00\",\"author\":{\"@id\":\"https:\/\/franciscanos.org.br\/noticias\/#\/schema\/person\/b38fbf43118f02820bd932f2e4b14ad3\"},\"breadcrumb\":{\"@id\":\"https:\/\/franciscanos.org.br\/noticias\/cidade-de-rodeio-se-prepara-para-a-4a-caminhada-franciscana.html#breadcrumb\"},\"inLanguage\":\"pt-BR\",\"potentialAction\":[{\"@type\":\"ReadAction\",\"target\":[\"https:\/\/franciscanos.org.br\/noticias\/cidade-de-rodeio-se-prepara-para-a-4a-caminhada-franciscana.html\"]}]},{\"@type\":\"BreadcrumbList\",\"@id\":\"https:\/\/franciscanos.org.br\/noticias\/cidade-de-rodeio-se-prepara-para-a-4a-caminhada-franciscana.html#breadcrumb\",\"itemListElement\":[{\"@type\":\"ListItem\",\"position\":1,\"name\":\"Home\",\"item\":\"https:\/\/franciscanos.org.br\/noticias\"},{\"@type\":\"ListItem\",\"position\":2,\"name\":\"Jovens se preparam para a Caminhada Franciscana\"}]},{\"@type\":\"Person\",\"@id\":\"https:\/\/franciscanos.org.br\/noticias\/#\/schema\/person\/b38fbf43118f02820bd932f2e4b14ad3\",\"name\":\"admin\",\"image\":{\"@type\":\"ImageObject\",\"inLanguage\":\"pt-BR\",\"@id\":\"https:\/\/franciscanos.org.br\/noticias\/#\/schema\/person\/image\/\",\"url\":\"https:\/\/secure.gravatar.com\/avatar\/e8495742d34d0ba6448ea1c628263b3e?s=96&d=mm&r=g\",\"contentUrl\":\"https:\/\/secure.gravatar.com\/avatar\/e8495742d34d0ba6448ea1c628263b3e?s=96&d=mm&r=g\",\"caption\":\"admin\"},\"url\":\"https:\/\/franciscanos.org.br\/noticias\/author\/admin\"}]}<\/script>\n<!-- \/ Yoast SEO plugin. -->","yoast_head_json":{"title":"Jovens se preparam para a Caminhada Franciscana - Not\u00edcias - Franciscanos","robots":{"index":"index","follow":"follow","max-snippet":"max-snippet:-1","max-image-preview":"max-image-preview:large","max-video-preview":"max-video-preview:-1"},"canonical":"https:\/\/franciscanos.org.br\/noticias\/cidade-de-rodeio-se-prepara-para-a-4a-caminhada-franciscana.html","og_locale":"pt_BR","og_type":"article","og_title":"Jovens se preparam para a Caminhada Franciscana - Not\u00edcias - Franciscanos","og_description":"SAV","og_url":"https:\/\/franciscanos.org.br\/noticias\/cidade-de-rodeio-se-prepara-para-a-4a-caminhada-franciscana.html","og_site_name":"Not\u00edcias - Franciscanos","article_published_time":"2017-03-30T18:51:01+00:00","article_modified_time":"2019-01-28T15:28:57+00:00","og_image":[{"width":273,"height":181,"url":"https:\/\/franciscanos.org.br\/noticias\/wp-content\/uploads\/2017\/03\/caminhada830_300317.jpg","type":"image\/jpeg"}],"author":"admin","twitter_card":"summary_large_image","twitter_misc":{"Escrito por":"admin","Est. tempo de leitura":"3 minutos"},"schema":{"@context":"https:\/\/schema.org","@graph":[{"@type":"WebSite","@id":"https:\/\/franciscanos.org.br\/noticias\/#website","url":"https:\/\/franciscanos.org.br\/noticias\/","name":"Not\u00edcias - Franciscanos","description":"Prov\u00edncia Franciscana da Imaculada Concei\u00e7\u00e3o do Brasil - Ordem dos Frades Menores - OFM","potentialAction":[{"@type":"SearchAction","target":{"@type":"EntryPoint","urlTemplate":"https:\/\/franciscanos.org.br\/noticias\/?s={search_term_string}"},"query-input":"required name=search_term_string"}],"inLanguage":"pt-BR"},{"@type":"ImageObject","inLanguage":"pt-BR","@id":"https:\/\/franciscanos.org.br\/noticias\/cidade-de-rodeio-se-prepara-para-a-4a-caminhada-franciscana.html#primaryimage","url":"https:\/\/franciscanos.org.br\/noticias\/wp-content\/uploads\/2017\/03\/caminhada830_300317.jpg","contentUrl":"https:\/\/franciscanos.org.br\/noticias\/wp-content\/uploads\/2017\/03\/caminhada830_300317.jpg","width":273,"height":181},{"@type":"WebPage","@id":"https:\/\/franciscanos.org.br\/noticias\/cidade-de-rodeio-se-prepara-para-a-4a-caminhada-franciscana.html#webpage","url":"https:\/\/franciscanos.org.br\/noticias\/cidade-de-rodeio-se-prepara-para-a-4a-caminhada-franciscana.html","name":"Jovens se preparam para a Caminhada Franciscana - Not\u00edcias - Franciscanos","isPartOf":{"@id":"https:\/\/franciscanos.org.br\/noticias\/#website"},"primaryImageOfPage":{"@id":"https:\/\/franciscanos.org.br\/noticias\/cidade-de-rodeio-se-prepara-para-a-4a-caminhada-franciscana.html#primaryimage"},"datePublished":"2017-03-30T18:51:01+00:00","dateModified":"2019-01-28T15:28:57+00:00","author":{"@id":"https:\/\/franciscanos.org.br\/noticias\/#\/schema\/person\/b38fbf43118f02820bd932f2e4b14ad3"},"breadcrumb":{"@id":"https:\/\/franciscanos.org.br\/noticias\/cidade-de-rodeio-se-prepara-para-a-4a-caminhada-franciscana.html#breadcrumb"},"inLanguage":"pt-BR","potentialAction":[{"@type":"ReadAction","target":["https:\/\/franciscanos.org.br\/noticias\/cidade-de-rodeio-se-prepara-para-a-4a-caminhada-franciscana.html"]}]},{"@type":"BreadcrumbList","@id":"https:\/\/franciscanos.org.br\/noticias\/cidade-de-rodeio-se-prepara-para-a-4a-caminhada-franciscana.html#breadcrumb","itemListElement":[{"@type":"ListItem","position":1,"name":"Home","item":"https:\/\/franciscanos.org.br\/noticias"},{"@type":"ListItem","position":2,"name":"Jovens se preparam para a Caminhada Franciscana"}]},{"@type":"Person","@id":"https:\/\/franciscanos.org.br\/noticias\/#\/schema\/person\/b38fbf43118f02820bd932f2e4b14ad3","name":"admin","image":{"@type":"ImageObject","inLanguage":"pt-BR","@id":"https:\/\/franciscanos.org.br\/noticias\/#\/schema\/person\/image\/","url":"https:\/\/secure.gravatar.com\/avatar\/e8495742d34d0ba6448ea1c628263b3e?s=96&d=mm&r=g","contentUrl":"https:\/\/secure.gravatar.com\/avatar\/e8495742d34d0ba6448ea1c628263b3e?s=96&d=mm&r=g","caption":"admin"},"url":"https:\/\/franciscanos.org.br\/noticias\/author\/admin"}]}},"_links":{"self":[{"href":"https:\/\/franciscanos.org.br\/noticias\/wp-json\/wp\/v2\/posts\/128951"}],"collection":[{"href":"https:\/\/franciscanos.org.br\/noticias\/wp-json\/wp\/v2\/posts"}],"about":[{"href":"https:\/\/franciscanos.org.br\/noticias\/wp-json\/wp\/v2\/types\/post"}],"author":[{"embeddable":true,"href":"https:\/\/franciscanos.org.br\/noticias\/wp-json\/wp\/v2\/users\/1"}],"replies":[{"embeddable":true,"href":"https:\/\/franciscanos.org.br\/noticias\/wp-json\/wp\/v2\/comments?post=128951"}],"version-history":[{"count":0,"href":"https:\/\/franciscanos.org.br\/noticias\/wp-json\/wp\/v2\/posts\/128951\/revisions"}],"wp:featuredmedia":[{"embeddable":true,"href":"https:\/\/franciscanos.org.br\/noticias\/wp-json\/wp\/v2\/media\/197143"}],"wp:attachment":[{"href":"https:\/\/franciscanos.org.br\/noticias\/wp-json\/wp\/v2\/media?parent=128951"}],"wp:term":[{"taxonomy":"category","embeddable":true,"href":"https:\/\/franciscanos.org.br\/noticias\/wp-json\/wp\/v2\/categories?post=128951"},{"taxonomy":"post_tag","embeddable":true,"href":"https:\/\/franciscanos.org.br\/noticias\/wp-json\/wp\/v2\/tags?post=128951"}],"curies":[{"name":"wp","href":"https:\/\/api.w.org\/{rel}","templated":true}]}}