{"id":128920,"date":"2017-03-30T13:43:14","date_gmt":"2017-03-30T16:43:14","guid":{"rendered":"http:\/\/franciscanos.org.br\/?p=128920"},"modified":"2019-01-28T13:32:29","modified_gmt":"2019-01-28T15:32:29","slug":"usf-realiza-o-1o-retiro-universitario-em-campinas","status":"publish","type":"post","link":"https:\/\/franciscanos.org.br\/noticias\/usf-realiza-o-1o-retiro-universitario-em-campinas.html","title":{"rendered":"USF realiza o 1\u00ba Retiro Universit\u00e1rio em Campinas"},"content":{"rendered":"<p><img loading=\"lazy\" class=\"aligncenter\" src=\"http:\/\/franciscanos.org.br\/wp-content\/uploads\/2017\/03\/usf_300317.jpg\" alt=\"usf_300317\" width=\"830\" height=\"340\" \/><\/p>\n<p>O N\u00facleo de Pastoral Universit\u00e1ria realizou no \u00faltimo dia 25 de mar\u00e7o, no Campus Campinas-Swift,\u00a0 o 1\u00ba Retiro Universit\u00e1rio da Universidade S\u00e3o Francisco (USF). Os participantes tiveram como assessor Frei Vit\u00f3rio Mazzuco, o Mestre em Espiritualidade Franciscana e diretor vice-presidente da Associa\u00e7\u00e3o Nossa Senhora da Paz, mantenedora da Universidade.<\/p>\n<p>A Pastoral Universit\u00e1ria atua em toda a Universidade S\u00e3o Francisco (USF) como assessoria da Chancelaria em aten\u00e7\u00e3o aos apelos da Igreja e da Ordem Franciscana, que abra\u00e7ou, no \u00faltimo Cap\u00edtulo\/Assembleia Provincial, a Educa\u00e7\u00e3o como uma das cinco frentes da miss\u00e3o evangelizadora. A Pastoral \u00e9 motivadora constante do diferencial \u201cfranciscano\u201d desta Institui\u00e7\u00e3o de Ensino e \u00e9 composta por um Coordenador designado pela Chancelaria e membros encarregados das atividades ordin\u00e1rias do setor.<\/p>\n<p>Segundo o aluno Vilmar Damasceno Santos, do 7\u00b0 semestre de Engenharia Qu\u00edmica, do Campus de Itatiba da USF, \u00e9 gratificante estudar numa entidade cat\u00f3lica, preocupada com o lado espiritual de seus estudantes, funcion\u00e1rios e amigos, que podem participar de um retiro universit\u00e1rio.\u00a0 &#8220;Diante da proposta de viver um deserto espiritual que vem de encontro \u00e0 Quaresma, tempo de reflex\u00e3o, interioriza\u00e7\u00e3o, sil\u00eancio e, acima de tudo, mudan\u00e7a de vida, percebemos nesse retiro a grandeza da espiritualidade e do recolhimento interior diante da agita\u00e7\u00e3o do dia a dia. N\u00e3o \u00e9 f\u00e1cil apertar o freio da vida quando se est\u00e1 correndo h\u00e1 muito tempo, para se desconectar do mundo externo e se religar ao mundo interno&#8221;, avaliar Vilmar.<\/p>\n<p><img loading=\"lazy\" class=\"alignleft\" src=\"http:\/\/franciscanos.org.br\/wp-content\/uploads\/2017\/03\/usf_300317_2.jpg\" alt=\"usf_300317_2\" width=\"830\" height=\"388\" \/><\/p>\n<p>Para ele, a simplicidade de um retiro como este consegue &#8220;nos desmontar de nossa arrog\u00e2ncia, prepot\u00eancia, soberba&#8221;, acredita. &#8220;Poucas pessoas, poucas palavras, poucas m\u00fasicas, mas com riqueza de momentos. Cada instante foi \u00fanico e de valor inestim\u00e1vel, pois a recompensa desses momentos s\u00e3o inating\u00edveis, e ficam gravadas no cora\u00e7\u00e3o e na alma de quem teve a gra\u00e7a de vivenciar esse retiro&#8221;.<\/p>\n<p>Vilmar espera outros encontros como esse para proporcionar aos participantes experi\u00eancias que elevar\u00e3o a alta estima. &#8220;Consequentemente enxergar o mundo de outra forma e ser a diferen\u00e7a nele. Que venham os pr\u00f3ximos encontros e que mais pessoas bebam dessa fonte aberta. Pergunto: &#8216;Quem \u00e9 voc\u00ea?&#8217; Venha descobrir no pr\u00f3ximo encontro. Paz e bem!\u201d, completou o estudante de Engenharia Qu\u00edmica.<\/p>\n<p>J\u00e1 para Tatiane Civitanova Casseli, aluna do 9\u00ba semestre do Curso de Direito, no campus Bragan\u00e7a Paulista, esse 1\u00ba Retiro Universit\u00e1rio foi uma &#8220;experi\u00eancia incr\u00edvel&#8221;, al\u00e9m do aprendizado sobre a espiritualidade franciscana. &#8220;A parte que me chamou mais aten\u00e7\u00e3o foi o momento da medita\u00e7\u00e3o, onde tive a oportunidade de poder me encontrar um pouco mais e me entender um pouco mais, encontrando com isso uma paz que fazia tempo que n\u00e3o sentia. E mais, essa medita\u00e7\u00e3o foi importante porque, por um momento, deixamos nosso ego\u00edsmo de lado e aprendemos a ter uma disciplina espiritual, lembrando sempre que outros tamb\u00e9m precisam de n\u00f3s&#8221;, confessou.<\/p>\n<p>Segundo a estudante, o 1\u00ba Retiro foi uma experi\u00eancia que procurava, e que conseguiu encontrar, conseguindo com isso paz interior.<\/p>\n<p>Sandra Regina Gurgueira, colaboradora da Central de Coordena\u00e7\u00f5es no campus Campinas-Cambu\u00ed, fez quest\u00e3o de agradecer aos promotores deste Retiro. &#8220;Para mim significou, em primeiro lugar, a capacidade de fazer melhores escolhas. Escolhi cuidar de mim. Esse per\u00edodo de 8 horas significou o in\u00edcio de um novo caminho pessoal na busca de minha verdadeira ess\u00eancia em acordo com minha expectativa. \u00c9 incr\u00edvel ser olhada e me olhar com amor. Aprender a aprender e aprender a me ensinar, atrav\u00e9s das afirma\u00e7\u00f5es, o que realmente \u00e9 importante. E sou um ser \u00fanico e especial, em Deus, quero dizer: Espiritualmente. Obrigada!\u201d, completou Sandra.<\/p>\n<p>&nbsp;<\/p>\n<p>A Pastoral Universit\u00e1ria agradece a todos os participantes e os envolvidos na realiza\u00e7\u00e3o deste Retiro.<\/p>\n","protected":false},"excerpt":{"rendered":"<p>Pastoral Universit\u00e1ria<\/p>\n","protected":false},"author":1,"featured_media":197146,"comment_status":"open","ping_status":"open","sticky":false,"template":"","format":"standard","meta":[],"categories":[1],"tags":[354],"acf":[],"yoast_head":"<!-- This site is optimized with the Yoast SEO plugin v19.2 - https:\/\/yoast.com\/wordpress\/plugins\/seo\/ -->\n<title>USF realiza o 1\u00ba Retiro Universit\u00e1rio em Campinas - Not\u00edcias - Franciscanos<\/title>\n<meta name=\"robots\" content=\"index, follow, max-snippet:-1, max-image-preview:large, max-video-preview:-1\" \/>\n<link rel=\"canonical\" href=\"https:\/\/franciscanos.org.br\/noticias\/usf-realiza-o-1o-retiro-universitario-em-campinas.html\" \/>\n<meta property=\"og:locale\" content=\"pt_BR\" \/>\n<meta property=\"og:type\" content=\"article\" \/>\n<meta property=\"og:title\" content=\"USF realiza o 1\u00ba Retiro Universit\u00e1rio em Campinas - Not\u00edcias - Franciscanos\" \/>\n<meta property=\"og:description\" content=\"Pastoral Universit\u00e1ria\" \/>\n<meta property=\"og:url\" content=\"https:\/\/franciscanos.org.br\/noticias\/usf-realiza-o-1o-retiro-universitario-em-campinas.html\" \/>\n<meta property=\"og:site_name\" content=\"Not\u00edcias - Franciscanos\" \/>\n<meta property=\"article:published_time\" content=\"2017-03-30T16:43:14+00:00\" \/>\n<meta property=\"article:modified_time\" content=\"2019-01-28T15:32:29+00:00\" \/>\n<meta property=\"og:image\" content=\"https:\/\/franciscanos.org.br\/noticias\/wp-content\/uploads\/2017\/03\/retiro-19.jpg\" \/>\n\t<meta property=\"og:image:width\" content=\"273\" \/>\n\t<meta property=\"og:image:height\" content=\"181\" \/>\n\t<meta property=\"og:image:type\" content=\"image\/jpeg\" \/>\n<meta name=\"author\" content=\"admin\" \/>\n<meta name=\"twitter:card\" content=\"summary_large_image\" \/>\n<meta name=\"twitter:label1\" content=\"Escrito por\" \/>\n\t<meta name=\"twitter:data1\" content=\"admin\" \/>\n\t<meta name=\"twitter:label2\" content=\"Est. tempo de leitura\" \/>\n\t<meta name=\"twitter:data2\" content=\"3 minutos\" \/>\n<script type=\"application\/ld+json\" class=\"yoast-schema-graph\">{\"@context\":\"https:\/\/schema.org\",\"@graph\":[{\"@type\":\"WebSite\",\"@id\":\"https:\/\/franciscanos.org.br\/noticias\/#website\",\"url\":\"https:\/\/franciscanos.org.br\/noticias\/\",\"name\":\"Not\u00edcias - Franciscanos\",\"description\":\"Prov\u00edncia Franciscana da Imaculada Concei\u00e7\u00e3o do Brasil - Ordem dos Frades Menores - OFM\",\"potentialAction\":[{\"@type\":\"SearchAction\",\"target\":{\"@type\":\"EntryPoint\",\"urlTemplate\":\"https:\/\/franciscanos.org.br\/noticias\/?s={search_term_string}\"},\"query-input\":\"required name=search_term_string\"}],\"inLanguage\":\"pt-BR\"},{\"@type\":\"ImageObject\",\"inLanguage\":\"pt-BR\",\"@id\":\"https:\/\/franciscanos.org.br\/noticias\/usf-realiza-o-1o-retiro-universitario-em-campinas.html#primaryimage\",\"url\":\"https:\/\/franciscanos.org.br\/noticias\/wp-content\/uploads\/2017\/03\/retiro-19.jpg\",\"contentUrl\":\"https:\/\/franciscanos.org.br\/noticias\/wp-content\/uploads\/2017\/03\/retiro-19.jpg\",\"width\":273,\"height\":181},{\"@type\":\"WebPage\",\"@id\":\"https:\/\/franciscanos.org.br\/noticias\/usf-realiza-o-1o-retiro-universitario-em-campinas.html#webpage\",\"url\":\"https:\/\/franciscanos.org.br\/noticias\/usf-realiza-o-1o-retiro-universitario-em-campinas.html\",\"name\":\"USF realiza o 1\u00ba Retiro Universit\u00e1rio em Campinas - Not\u00edcias - Franciscanos\",\"isPartOf\":{\"@id\":\"https:\/\/franciscanos.org.br\/noticias\/#website\"},\"primaryImageOfPage\":{\"@id\":\"https:\/\/franciscanos.org.br\/noticias\/usf-realiza-o-1o-retiro-universitario-em-campinas.html#primaryimage\"},\"datePublished\":\"2017-03-30T16:43:14+00:00\",\"dateModified\":\"2019-01-28T15:32:29+00:00\",\"author\":{\"@id\":\"https:\/\/franciscanos.org.br\/noticias\/#\/schema\/person\/b38fbf43118f02820bd932f2e4b14ad3\"},\"breadcrumb\":{\"@id\":\"https:\/\/franciscanos.org.br\/noticias\/usf-realiza-o-1o-retiro-universitario-em-campinas.html#breadcrumb\"},\"inLanguage\":\"pt-BR\",\"potentialAction\":[{\"@type\":\"ReadAction\",\"target\":[\"https:\/\/franciscanos.org.br\/noticias\/usf-realiza-o-1o-retiro-universitario-em-campinas.html\"]}]},{\"@type\":\"BreadcrumbList\",\"@id\":\"https:\/\/franciscanos.org.br\/noticias\/usf-realiza-o-1o-retiro-universitario-em-campinas.html#breadcrumb\",\"itemListElement\":[{\"@type\":\"ListItem\",\"position\":1,\"name\":\"Home\",\"item\":\"https:\/\/franciscanos.org.br\/noticias\"},{\"@type\":\"ListItem\",\"position\":2,\"name\":\"USF realiza o 1\u00ba Retiro Universit\u00e1rio em Campinas\"}]},{\"@type\":\"Person\",\"@id\":\"https:\/\/franciscanos.org.br\/noticias\/#\/schema\/person\/b38fbf43118f02820bd932f2e4b14ad3\",\"name\":\"admin\",\"image\":{\"@type\":\"ImageObject\",\"inLanguage\":\"pt-BR\",\"@id\":\"https:\/\/franciscanos.org.br\/noticias\/#\/schema\/person\/image\/\",\"url\":\"https:\/\/secure.gravatar.com\/avatar\/e8495742d34d0ba6448ea1c628263b3e?s=96&d=mm&r=g\",\"contentUrl\":\"https:\/\/secure.gravatar.com\/avatar\/e8495742d34d0ba6448ea1c628263b3e?s=96&d=mm&r=g\",\"caption\":\"admin\"},\"url\":\"https:\/\/franciscanos.org.br\/noticias\/author\/admin\"}]}<\/script>\n<!-- \/ Yoast SEO plugin. -->","yoast_head_json":{"title":"USF realiza o 1\u00ba Retiro Universit\u00e1rio em Campinas - Not\u00edcias - Franciscanos","robots":{"index":"index","follow":"follow","max-snippet":"max-snippet:-1","max-image-preview":"max-image-preview:large","max-video-preview":"max-video-preview:-1"},"canonical":"https:\/\/franciscanos.org.br\/noticias\/usf-realiza-o-1o-retiro-universitario-em-campinas.html","og_locale":"pt_BR","og_type":"article","og_title":"USF realiza o 1\u00ba Retiro Universit\u00e1rio em Campinas - Not\u00edcias - Franciscanos","og_description":"Pastoral Universit\u00e1ria","og_url":"https:\/\/franciscanos.org.br\/noticias\/usf-realiza-o-1o-retiro-universitario-em-campinas.html","og_site_name":"Not\u00edcias - Franciscanos","article_published_time":"2017-03-30T16:43:14+00:00","article_modified_time":"2019-01-28T15:32:29+00:00","og_image":[{"width":273,"height":181,"url":"https:\/\/franciscanos.org.br\/noticias\/wp-content\/uploads\/2017\/03\/retiro-19.jpg","type":"image\/jpeg"}],"author":"admin","twitter_card":"summary_large_image","twitter_misc":{"Escrito por":"admin","Est. tempo de leitura":"3 minutos"},"schema":{"@context":"https:\/\/schema.org","@graph":[{"@type":"WebSite","@id":"https:\/\/franciscanos.org.br\/noticias\/#website","url":"https:\/\/franciscanos.org.br\/noticias\/","name":"Not\u00edcias - Franciscanos","description":"Prov\u00edncia Franciscana da Imaculada Concei\u00e7\u00e3o do Brasil - Ordem dos Frades Menores - OFM","potentialAction":[{"@type":"SearchAction","target":{"@type":"EntryPoint","urlTemplate":"https:\/\/franciscanos.org.br\/noticias\/?s={search_term_string}"},"query-input":"required name=search_term_string"}],"inLanguage":"pt-BR"},{"@type":"ImageObject","inLanguage":"pt-BR","@id":"https:\/\/franciscanos.org.br\/noticias\/usf-realiza-o-1o-retiro-universitario-em-campinas.html#primaryimage","url":"https:\/\/franciscanos.org.br\/noticias\/wp-content\/uploads\/2017\/03\/retiro-19.jpg","contentUrl":"https:\/\/franciscanos.org.br\/noticias\/wp-content\/uploads\/2017\/03\/retiro-19.jpg","width":273,"height":181},{"@type":"WebPage","@id":"https:\/\/franciscanos.org.br\/noticias\/usf-realiza-o-1o-retiro-universitario-em-campinas.html#webpage","url":"https:\/\/franciscanos.org.br\/noticias\/usf-realiza-o-1o-retiro-universitario-em-campinas.html","name":"USF realiza o 1\u00ba Retiro Universit\u00e1rio em Campinas - Not\u00edcias - Franciscanos","isPartOf":{"@id":"https:\/\/franciscanos.org.br\/noticias\/#website"},"primaryImageOfPage":{"@id":"https:\/\/franciscanos.org.br\/noticias\/usf-realiza-o-1o-retiro-universitario-em-campinas.html#primaryimage"},"datePublished":"2017-03-30T16:43:14+00:00","dateModified":"2019-01-28T15:32:29+00:00","author":{"@id":"https:\/\/franciscanos.org.br\/noticias\/#\/schema\/person\/b38fbf43118f02820bd932f2e4b14ad3"},"breadcrumb":{"@id":"https:\/\/franciscanos.org.br\/noticias\/usf-realiza-o-1o-retiro-universitario-em-campinas.html#breadcrumb"},"inLanguage":"pt-BR","potentialAction":[{"@type":"ReadAction","target":["https:\/\/franciscanos.org.br\/noticias\/usf-realiza-o-1o-retiro-universitario-em-campinas.html"]}]},{"@type":"BreadcrumbList","@id":"https:\/\/franciscanos.org.br\/noticias\/usf-realiza-o-1o-retiro-universitario-em-campinas.html#breadcrumb","itemListElement":[{"@type":"ListItem","position":1,"name":"Home","item":"https:\/\/franciscanos.org.br\/noticias"},{"@type":"ListItem","position":2,"name":"USF realiza o 1\u00ba Retiro Universit\u00e1rio em Campinas"}]},{"@type":"Person","@id":"https:\/\/franciscanos.org.br\/noticias\/#\/schema\/person\/b38fbf43118f02820bd932f2e4b14ad3","name":"admin","image":{"@type":"ImageObject","inLanguage":"pt-BR","@id":"https:\/\/franciscanos.org.br\/noticias\/#\/schema\/person\/image\/","url":"https:\/\/secure.gravatar.com\/avatar\/e8495742d34d0ba6448ea1c628263b3e?s=96&d=mm&r=g","contentUrl":"https:\/\/secure.gravatar.com\/avatar\/e8495742d34d0ba6448ea1c628263b3e?s=96&d=mm&r=g","caption":"admin"},"url":"https:\/\/franciscanos.org.br\/noticias\/author\/admin"}]}},"_links":{"self":[{"href":"https:\/\/franciscanos.org.br\/noticias\/wp-json\/wp\/v2\/posts\/128920"}],"collection":[{"href":"https:\/\/franciscanos.org.br\/noticias\/wp-json\/wp\/v2\/posts"}],"about":[{"href":"https:\/\/franciscanos.org.br\/noticias\/wp-json\/wp\/v2\/types\/post"}],"author":[{"embeddable":true,"href":"https:\/\/franciscanos.org.br\/noticias\/wp-json\/wp\/v2\/users\/1"}],"replies":[{"embeddable":true,"href":"https:\/\/franciscanos.org.br\/noticias\/wp-json\/wp\/v2\/comments?post=128920"}],"version-history":[{"count":0,"href":"https:\/\/franciscanos.org.br\/noticias\/wp-json\/wp\/v2\/posts\/128920\/revisions"}],"wp:featuredmedia":[{"embeddable":true,"href":"https:\/\/franciscanos.org.br\/noticias\/wp-json\/wp\/v2\/media\/197146"}],"wp:attachment":[{"href":"https:\/\/franciscanos.org.br\/noticias\/wp-json\/wp\/v2\/media?parent=128920"}],"wp:term":[{"taxonomy":"category","embeddable":true,"href":"https:\/\/franciscanos.org.br\/noticias\/wp-json\/wp\/v2\/categories?post=128920"},{"taxonomy":"post_tag","embeddable":true,"href":"https:\/\/franciscanos.org.br\/noticias\/wp-json\/wp\/v2\/tags?post=128920"}],"curies":[{"name":"wp","href":"https:\/\/api.w.org\/{rel}","templated":true}]}}