{"id":128863,"date":"2017-03-30T08:07:13","date_gmt":"2017-03-30T11:07:13","guid":{"rendered":"http:\/\/franciscanos.org.br\/?p=128863"},"modified":"2020-06-09T09:57:26","modified_gmt":"2020-06-09T12:57:26","slug":"papa-os-idolos-nos-escravizam-so-deus-nos-ama","status":"publish","type":"post","link":"https:\/\/franciscanos.org.br\/noticias\/papa-os-idolos-nos-escravizam-so-deus-nos-ama.html","title":{"rendered":"Papa Francisco: os \u00eddolos nos escravizam, s\u00f3 Deus nos ama"},"content":{"rendered":"<p><img loading=\"lazy\" class=\"alignleft\" src=\"http:\/\/franciscanos.org.br\/wp-content\/uploads\/2017\/03\/papa_300317.jpg\" alt=\"papa_300317\" width=\"820\" height=\"393\" \/><\/p>\n<p><strong>Cidade do Vaticano<\/strong> \u2013 \u00c9 preciso estar atento para n\u00e3o se afastar do Senhor em busca de falsos \u00eddolos e da mundanidade: esta foi a advert\u00eancia feita pelo Papa na homilia da missa celebrada na quinta-feira (30\/03) na capela da Casa Santa Marta. O Pont\u00edfice se inspirou no Livro do \u00caxodo para refletir sobre o \u201csonho e as desilus\u00f5es de Deus\u201d. O povo, disse ele, \u00e9 o \u201csonho de Deus. Sonhava porque amava\u201d. Aquele povo, por\u00e9m, trai os sonhos do Pai e Deus \u201ccome\u00e7a a se sentir desiludido\u201d e pede a Mois\u00e9s para que des\u00e7a da montanha onde subiu para receber a Lei. O povo \u201cn\u00e3o teve a paci\u00eancia de esperar Deus\u201d por 40 dias. Eles fizeram um bezerro de ouro. Um deus \u201cpara se divertir\u201d e se esqueceram do \u201cDeus que os salvou\u201d.<\/p>\n<p>O profeta Baruc, acrescentou Francisco, \u201ctem uma frase que define bem este povo: \u2018Voc\u00eas se esqueceram de quem os criou\u2019\u201d:<br \/>\n\u201cEsquecer Deus que nos criou, que nos fez crescer, que nos acompanhou na vida: esta \u00e9 a desilus\u00e3o de Deus. E muitas vezes no Evangelho, nas Par\u00e1bolas, Jesus fala daquele homem que faz um vinha e depois faliu, porque os oper\u00e1rios a queriam para si. No cora\u00e7\u00e3o do homem, h\u00e1 sempre esta inquieta\u00e7\u00e3o! N\u00e3o est\u00e1 satisfeito com Deus, com o amor fiel. O cora\u00e7\u00e3o do homem est\u00e1 sempre orientado para a infidelidade. Esta \u00e9 a tenta\u00e7\u00e3o.\u201d<\/p>\n<p>Deus, portanto, \u201cpor meio de um profeta, repreende este povo\u201d que \u201cn\u00e3o tem const\u00e2ncia, n\u00e3o sabe esperar, se perverteu\u201d, se afasta do verdadeiro Deus e busca outro deus: \u201cE h\u00e1 a desilus\u00e3o de Deus: a infidelidade do povo\u2026 E tamb\u00e9m n\u00f3s somos povo de Deus e conhecemos bem como \u00e9 o nosso cora\u00e7\u00e3o e todos os dias devemos retomar o caminho para n\u00e3o escorregar lentamente em dire\u00e7\u00e3o aos \u00eddolos, \u00e0s fantasias, \u00e0 mundanidade, \u00e0 infidelidade. Creio que hoje nos far\u00e1 bem pensar no Senhor desiludido: \u2018Diga-me, Senhor, est\u00e1 desiludido comigo?\u2019. Com certeza sim, por algum motivo. Mas pensar e fazer esta pergunta\u201d.<\/p>\n<p>Francisco recordou que Deus tem \u201cum cora\u00e7\u00e3o terno, um cora\u00e7\u00e3o de pai\u201d. E lembrou quando Jesus chorou sobre Jerusal\u00e9m. Por isso, devemos nos perguntar se \u201cDeus chora por mim?\u201d, se \u201cest\u00e1 desiludido comigo?\u201d, se \u201cme afastei do Senhor?\u201d.<\/p>\n<p>\u201cQuantos \u00eddolos tenho dos quais n\u00e3o sou capaz de me desfazer, que me escravizam? Esta idolatria que temos dentro de n\u00f3s\u2026 E Deus chora por mim. Pensemos hoje nesta desilus\u00e3o de Deus que nos fez por amor e n\u00f3s vamos em busca de amor, de bem-estar, de conforto em outro lugar e n\u00e3o em Seu amor. N\u00f3s nos afastamos deste Deus que nos criou. E esta \u00e9 uma reflex\u00e3o de Quaresma. Isso nos far\u00e1 bem. E isso, faz\u00ea-lo todos os dias; um pequeno exame de consci\u00eancia: \u2018Senhor, que teve tantos sonhos para mim, eu sei que me afastei, mas me diga onde, como voltar&#8230;\u2019. E a surpresa ser\u00e1 que Ele sempre nos espera, como o pai do filho pr\u00f3digo, que o viu chegar de longe porque o aguardava\u201d.<\/p>\n<hr \/>\n<p><em>Fonte: R\u00e1dio Vaticano<\/em><\/p>\n","protected":false},"excerpt":{"rendered":"<p>Missa em Santa Marta<\/p>\n","protected":false},"author":1,"featured_media":197156,"comment_status":"open","ping_status":"open","sticky":false,"template":"","format":"standard","meta":[],"categories":[1428],"tags":[1586],"acf":[],"yoast_head":"<!-- This site is optimized with the Yoast SEO plugin v19.2 - https:\/\/yoast.com\/wordpress\/plugins\/seo\/ -->\n<title>Papa Francisco: os \u00eddolos nos escravizam, s\u00f3 Deus nos ama - Not\u00edcias - Franciscanos<\/title>\n<meta name=\"robots\" content=\"index, follow, max-snippet:-1, max-image-preview:large, max-video-preview:-1\" \/>\n<link rel=\"canonical\" href=\"https:\/\/franciscanos.org.br\/noticias\/papa-os-idolos-nos-escravizam-so-deus-nos-ama.html\" \/>\n<meta property=\"og:locale\" content=\"pt_BR\" \/>\n<meta property=\"og:type\" content=\"article\" \/>\n<meta property=\"og:title\" content=\"Papa Francisco: os \u00eddolos nos escravizam, s\u00f3 Deus nos ama - Not\u00edcias - Franciscanos\" \/>\n<meta property=\"og:description\" content=\"Missa em Santa Marta\" \/>\n<meta property=\"og:url\" content=\"https:\/\/franciscanos.org.br\/noticias\/papa-os-idolos-nos-escravizam-so-deus-nos-ama.html\" \/>\n<meta property=\"og:site_name\" content=\"Not\u00edcias - Franciscanos\" \/>\n<meta property=\"article:published_time\" content=\"2017-03-30T11:07:13+00:00\" \/>\n<meta property=\"article:modified_time\" content=\"2020-06-09T12:57:26+00:00\" \/>\n<meta property=\"og:image\" content=\"https:\/\/franciscanos.org.br\/noticias\/wp-content\/uploads\/2017\/03\/papa_300317.jpg\" \/>\n\t<meta property=\"og:image:width\" content=\"273\" \/>\n\t<meta property=\"og:image:height\" content=\"181\" \/>\n\t<meta property=\"og:image:type\" content=\"image\/jpeg\" \/>\n<meta name=\"author\" content=\"admin\" \/>\n<meta name=\"twitter:card\" content=\"summary_large_image\" \/>\n<meta name=\"twitter:label1\" content=\"Escrito por\" \/>\n\t<meta name=\"twitter:data1\" content=\"admin\" \/>\n\t<meta name=\"twitter:label2\" content=\"Est. tempo de leitura\" \/>\n\t<meta name=\"twitter:data2\" content=\"3 minutos\" \/>\n<script type=\"application\/ld+json\" class=\"yoast-schema-graph\">{\"@context\":\"https:\/\/schema.org\",\"@graph\":[{\"@type\":\"WebSite\",\"@id\":\"https:\/\/franciscanos.org.br\/noticias\/#website\",\"url\":\"https:\/\/franciscanos.org.br\/noticias\/\",\"name\":\"Not\u00edcias - Franciscanos\",\"description\":\"Prov\u00edncia Franciscana da Imaculada Concei\u00e7\u00e3o do Brasil - Ordem dos Frades Menores - OFM\",\"potentialAction\":[{\"@type\":\"SearchAction\",\"target\":{\"@type\":\"EntryPoint\",\"urlTemplate\":\"https:\/\/franciscanos.org.br\/noticias\/?s={search_term_string}\"},\"query-input\":\"required name=search_term_string\"}],\"inLanguage\":\"pt-BR\"},{\"@type\":\"ImageObject\",\"inLanguage\":\"pt-BR\",\"@id\":\"https:\/\/franciscanos.org.br\/noticias\/papa-os-idolos-nos-escravizam-so-deus-nos-ama.html#primaryimage\",\"url\":\"https:\/\/franciscanos.org.br\/noticias\/wp-content\/uploads\/2017\/03\/papa_300317.jpg\",\"contentUrl\":\"https:\/\/franciscanos.org.br\/noticias\/wp-content\/uploads\/2017\/03\/papa_300317.jpg\",\"width\":273,\"height\":181},{\"@type\":\"WebPage\",\"@id\":\"https:\/\/franciscanos.org.br\/noticias\/papa-os-idolos-nos-escravizam-so-deus-nos-ama.html#webpage\",\"url\":\"https:\/\/franciscanos.org.br\/noticias\/papa-os-idolos-nos-escravizam-so-deus-nos-ama.html\",\"name\":\"Papa Francisco: os \u00eddolos nos escravizam, s\u00f3 Deus nos ama - Not\u00edcias - Franciscanos\",\"isPartOf\":{\"@id\":\"https:\/\/franciscanos.org.br\/noticias\/#website\"},\"primaryImageOfPage\":{\"@id\":\"https:\/\/franciscanos.org.br\/noticias\/papa-os-idolos-nos-escravizam-so-deus-nos-ama.html#primaryimage\"},\"datePublished\":\"2017-03-30T11:07:13+00:00\",\"dateModified\":\"2020-06-09T12:57:26+00:00\",\"author\":{\"@id\":\"https:\/\/franciscanos.org.br\/noticias\/#\/schema\/person\/b38fbf43118f02820bd932f2e4b14ad3\"},\"breadcrumb\":{\"@id\":\"https:\/\/franciscanos.org.br\/noticias\/papa-os-idolos-nos-escravizam-so-deus-nos-ama.html#breadcrumb\"},\"inLanguage\":\"pt-BR\",\"potentialAction\":[{\"@type\":\"ReadAction\",\"target\":[\"https:\/\/franciscanos.org.br\/noticias\/papa-os-idolos-nos-escravizam-so-deus-nos-ama.html\"]}]},{\"@type\":\"BreadcrumbList\",\"@id\":\"https:\/\/franciscanos.org.br\/noticias\/papa-os-idolos-nos-escravizam-so-deus-nos-ama.html#breadcrumb\",\"itemListElement\":[{\"@type\":\"ListItem\",\"position\":1,\"name\":\"Home\",\"item\":\"https:\/\/franciscanos.org.br\/noticias\"},{\"@type\":\"ListItem\",\"position\":2,\"name\":\"Papa Francisco: os \u00eddolos nos escravizam, s\u00f3 Deus nos ama\"}]},{\"@type\":\"Person\",\"@id\":\"https:\/\/franciscanos.org.br\/noticias\/#\/schema\/person\/b38fbf43118f02820bd932f2e4b14ad3\",\"name\":\"admin\",\"image\":{\"@type\":\"ImageObject\",\"inLanguage\":\"pt-BR\",\"@id\":\"https:\/\/franciscanos.org.br\/noticias\/#\/schema\/person\/image\/\",\"url\":\"https:\/\/secure.gravatar.com\/avatar\/e8495742d34d0ba6448ea1c628263b3e?s=96&d=mm&r=g\",\"contentUrl\":\"https:\/\/secure.gravatar.com\/avatar\/e8495742d34d0ba6448ea1c628263b3e?s=96&d=mm&r=g\",\"caption\":\"admin\"},\"url\":\"https:\/\/franciscanos.org.br\/noticias\/author\/admin\"}]}<\/script>\n<!-- \/ Yoast SEO plugin. -->","yoast_head_json":{"title":"Papa Francisco: os \u00eddolos nos escravizam, s\u00f3 Deus nos ama - Not\u00edcias - Franciscanos","robots":{"index":"index","follow":"follow","max-snippet":"max-snippet:-1","max-image-preview":"max-image-preview:large","max-video-preview":"max-video-preview:-1"},"canonical":"https:\/\/franciscanos.org.br\/noticias\/papa-os-idolos-nos-escravizam-so-deus-nos-ama.html","og_locale":"pt_BR","og_type":"article","og_title":"Papa Francisco: os \u00eddolos nos escravizam, s\u00f3 Deus nos ama - Not\u00edcias - Franciscanos","og_description":"Missa em Santa Marta","og_url":"https:\/\/franciscanos.org.br\/noticias\/papa-os-idolos-nos-escravizam-so-deus-nos-ama.html","og_site_name":"Not\u00edcias - Franciscanos","article_published_time":"2017-03-30T11:07:13+00:00","article_modified_time":"2020-06-09T12:57:26+00:00","og_image":[{"width":273,"height":181,"url":"https:\/\/franciscanos.org.br\/noticias\/wp-content\/uploads\/2017\/03\/papa_300317.jpg","type":"image\/jpeg"}],"author":"admin","twitter_card":"summary_large_image","twitter_misc":{"Escrito por":"admin","Est. tempo de leitura":"3 minutos"},"schema":{"@context":"https:\/\/schema.org","@graph":[{"@type":"WebSite","@id":"https:\/\/franciscanos.org.br\/noticias\/#website","url":"https:\/\/franciscanos.org.br\/noticias\/","name":"Not\u00edcias - Franciscanos","description":"Prov\u00edncia Franciscana da Imaculada Concei\u00e7\u00e3o do Brasil - Ordem dos Frades Menores - OFM","potentialAction":[{"@type":"SearchAction","target":{"@type":"EntryPoint","urlTemplate":"https:\/\/franciscanos.org.br\/noticias\/?s={search_term_string}"},"query-input":"required name=search_term_string"}],"inLanguage":"pt-BR"},{"@type":"ImageObject","inLanguage":"pt-BR","@id":"https:\/\/franciscanos.org.br\/noticias\/papa-os-idolos-nos-escravizam-so-deus-nos-ama.html#primaryimage","url":"https:\/\/franciscanos.org.br\/noticias\/wp-content\/uploads\/2017\/03\/papa_300317.jpg","contentUrl":"https:\/\/franciscanos.org.br\/noticias\/wp-content\/uploads\/2017\/03\/papa_300317.jpg","width":273,"height":181},{"@type":"WebPage","@id":"https:\/\/franciscanos.org.br\/noticias\/papa-os-idolos-nos-escravizam-so-deus-nos-ama.html#webpage","url":"https:\/\/franciscanos.org.br\/noticias\/papa-os-idolos-nos-escravizam-so-deus-nos-ama.html","name":"Papa Francisco: os \u00eddolos nos escravizam, s\u00f3 Deus nos ama - Not\u00edcias - Franciscanos","isPartOf":{"@id":"https:\/\/franciscanos.org.br\/noticias\/#website"},"primaryImageOfPage":{"@id":"https:\/\/franciscanos.org.br\/noticias\/papa-os-idolos-nos-escravizam-so-deus-nos-ama.html#primaryimage"},"datePublished":"2017-03-30T11:07:13+00:00","dateModified":"2020-06-09T12:57:26+00:00","author":{"@id":"https:\/\/franciscanos.org.br\/noticias\/#\/schema\/person\/b38fbf43118f02820bd932f2e4b14ad3"},"breadcrumb":{"@id":"https:\/\/franciscanos.org.br\/noticias\/papa-os-idolos-nos-escravizam-so-deus-nos-ama.html#breadcrumb"},"inLanguage":"pt-BR","potentialAction":[{"@type":"ReadAction","target":["https:\/\/franciscanos.org.br\/noticias\/papa-os-idolos-nos-escravizam-so-deus-nos-ama.html"]}]},{"@type":"BreadcrumbList","@id":"https:\/\/franciscanos.org.br\/noticias\/papa-os-idolos-nos-escravizam-so-deus-nos-ama.html#breadcrumb","itemListElement":[{"@type":"ListItem","position":1,"name":"Home","item":"https:\/\/franciscanos.org.br\/noticias"},{"@type":"ListItem","position":2,"name":"Papa Francisco: os \u00eddolos nos escravizam, s\u00f3 Deus nos ama"}]},{"@type":"Person","@id":"https:\/\/franciscanos.org.br\/noticias\/#\/schema\/person\/b38fbf43118f02820bd932f2e4b14ad3","name":"admin","image":{"@type":"ImageObject","inLanguage":"pt-BR","@id":"https:\/\/franciscanos.org.br\/noticias\/#\/schema\/person\/image\/","url":"https:\/\/secure.gravatar.com\/avatar\/e8495742d34d0ba6448ea1c628263b3e?s=96&d=mm&r=g","contentUrl":"https:\/\/secure.gravatar.com\/avatar\/e8495742d34d0ba6448ea1c628263b3e?s=96&d=mm&r=g","caption":"admin"},"url":"https:\/\/franciscanos.org.br\/noticias\/author\/admin"}]}},"_links":{"self":[{"href":"https:\/\/franciscanos.org.br\/noticias\/wp-json\/wp\/v2\/posts\/128863"}],"collection":[{"href":"https:\/\/franciscanos.org.br\/noticias\/wp-json\/wp\/v2\/posts"}],"about":[{"href":"https:\/\/franciscanos.org.br\/noticias\/wp-json\/wp\/v2\/types\/post"}],"author":[{"embeddable":true,"href":"https:\/\/franciscanos.org.br\/noticias\/wp-json\/wp\/v2\/users\/1"}],"replies":[{"embeddable":true,"href":"https:\/\/franciscanos.org.br\/noticias\/wp-json\/wp\/v2\/comments?post=128863"}],"version-history":[{"count":1,"href":"https:\/\/franciscanos.org.br\/noticias\/wp-json\/wp\/v2\/posts\/128863\/revisions"}],"predecessor-version":[{"id":225404,"href":"https:\/\/franciscanos.org.br\/noticias\/wp-json\/wp\/v2\/posts\/128863\/revisions\/225404"}],"wp:featuredmedia":[{"embeddable":true,"href":"https:\/\/franciscanos.org.br\/noticias\/wp-json\/wp\/v2\/media\/197156"}],"wp:attachment":[{"href":"https:\/\/franciscanos.org.br\/noticias\/wp-json\/wp\/v2\/media?parent=128863"}],"wp:term":[{"taxonomy":"category","embeddable":true,"href":"https:\/\/franciscanos.org.br\/noticias\/wp-json\/wp\/v2\/categories?post=128863"},{"taxonomy":"post_tag","embeddable":true,"href":"https:\/\/franciscanos.org.br\/noticias\/wp-json\/wp\/v2\/tags?post=128863"}],"curies":[{"name":"wp","href":"https:\/\/api.w.org\/{rel}","templated":true}]}}