{"id":128859,"date":"2017-03-30T08:07:17","date_gmt":"2017-03-30T11:07:17","guid":{"rendered":"http:\/\/franciscanos.org.br\/?p=128859"},"modified":"2019-01-28T13:45:31","modified_gmt":"2019-01-28T15:45:31","slug":"sav-reune-35-frades-para-discutir-animacao-vocacional","status":"publish","type":"post","link":"https:\/\/franciscanos.org.br\/noticias\/sav-reune-35-frades-para-discutir-animacao-vocacional.html","title":{"rendered":"35 frades para discutir anima\u00e7\u00e3o vocacional"},"content":{"rendered":"<p><img loading=\"lazy\" class=\"alignleft\" src=\"http:\/\/franciscanos.org.br\/wp-content\/uploads\/2017\/03\/sav_300317_1.jpg\" alt=\"sav_300317_1\" width=\"830\" height=\"328\" \/><\/p>\n<p><strong>Rondinha (PR)<\/strong> &#8211; A Prov\u00edncia Franciscana da Imaculada Concei\u00e7\u00e3o do Brasil, atrav\u00e9s do seu Servi\u00e7o de Anima\u00e7\u00e3o Vocacional (SAV), reuniu 35 frades durante o Encontro Provincial deste servi\u00e7o, realizado nos dias 28 e 29 de mar\u00e7o, na Fraternidade Franciscana S\u00e3o Boaventura, em Campo Largo (PR). Este encontro \u00e9 um momento forte de articula\u00e7\u00e3o deste servi\u00e7o e foi conduzido pelo Animador Provincial, Frei Diego Atalino de Melo.<\/p>\n<p>Na manh\u00e3 do primeiro dia deu-se \u00eanfase \u00e0 forma\u00e7\u00e3o humana e, para isso, os frades tiveram a assessoria da doutora Patr\u00edcia Piper, psiquiatra do Centro \u00c2ncora de Revitaliza\u00e7\u00e3o da Vida Religiosa e Sacerdotal, em Curitiba (PR). A convidada exp\u00f4s temas que, normalmente, surgem em seus quadros cl\u00ednicos, buscando, assim, fazer com que a anima\u00e7\u00e3o vocacional da Prov\u00edncia olhe com cuidado e aten\u00e7\u00e3o esse processo formativo do jovem. Esta preocupa\u00e7\u00e3o visa o bom acompanhamento de cada jovem, procurando, com sinceridade, conhecer melhor a pessoa que est\u00e1 procurando trilhar os caminhos da Vida Religiosa Franciscana. J\u00e1 na parte da tarde, os frades fizeram a leitura do Plano Org\u00e2nico do SAV e partilharam as realidades do acompanhamento dos jovens e dos vocacionados em suas respectivas fraternidades.<\/p>\n<p>No segundo dia, na parte da manh\u00e3, durante uma breve ora\u00e7\u00e3o, os frades fizeram mem\u00f3ria do grande mestre da Sagrada Liturgia, Frei Alberto Beckh\u00e4user, que faleceu na \u00faltima ter\u00e7a-feira (28), destacando momentos fortes vividos com o confrade e valores por ele transmitidos em seus trabalhos no \u00e2mbito lit\u00fargico e tamb\u00e9m formativo, inclusive para a OFS. Em seguida, houve uma apresenta\u00e7\u00e3o dos trabalhos do Servi\u00e7o Vocacional e tamb\u00e9m uma conversa sobre o quadro num\u00e9rico da Prov\u00edncia, buscando sempre rever, cada vez melhor, a preocupa\u00e7\u00e3o e o reto desejo de fazer acontecer a anima\u00e7\u00e3o vocacional. Os frades tamb\u00e9m tomaram conhecimento da agenda do SAV para os pr\u00f3ximos meses, assim como foram definidos os encontros e est\u00e1gios vocacionais deste ano (a agenda ser\u00e1 divulgada em breve).<\/p>\n<p>Momentos fortes nas atividades com a juventude est\u00e3o previstos. Como lembra o Papa Francisco, o mundo da juventude \u00e9 um mundo complexo, rico e desafiador. &#8220;N\u00e3o faltam jovens generosos, solid\u00e1rios e comprometidos em n\u00edvel religioso e social; jovens que buscam uma vida espiritual, que t\u00eam fome de algo diferente do que o mundo oferece. Mas, mesmo entre esses jovens, h\u00e1 muitas v\u00edtimas da l\u00f3gica do mundanismo, como a busca do sucesso a qualquer pre\u00e7o, o dinheiro e o prazer f\u00e1ceis\u201d. Para o Papa, o nosso compromisso \u00e9 estar ao lado deles para contagi\u00e1-los com a alegria do Evangelho e de perten\u00e7a a Cristo.<\/p>\n<p>\u201cA voca\u00e7\u00e3o, como a pr\u00f3pria f\u00e9, \u00e9 um tesouro que trazemos em vasos de barro, que nunca deve ser roubado ou perder a sua beleza. A voca\u00e7\u00e3o \u00e9 um dom que recebemos do Senhor, que fixou seu olhar sobre n\u00f3s e nos amou, chamando-nos a segui-lo mediante a vida consagrada, como tamb\u00e9m uma responsabilidade para quem a recebeu\u201d, define Francisco.<\/p>\n","protected":false},"excerpt":{"rendered":"<p>SAV<\/p>\n","protected":false},"author":1,"featured_media":197152,"comment_status":"open","ping_status":"open","sticky":false,"template":"","format":"standard","meta":[],"categories":[1],"tags":[552],"acf":[],"yoast_head":"<!-- This site is optimized with the Yoast SEO plugin v19.2 - https:\/\/yoast.com\/wordpress\/plugins\/seo\/ -->\n<title>35 frades para discutir anima\u00e7\u00e3o vocacional - Not\u00edcias - Franciscanos<\/title>\n<meta name=\"robots\" content=\"index, follow, max-snippet:-1, max-image-preview:large, max-video-preview:-1\" \/>\n<link rel=\"canonical\" href=\"https:\/\/franciscanos.org.br\/noticias\/sav-reune-35-frades-para-discutir-animacao-vocacional.html\" \/>\n<meta property=\"og:locale\" content=\"pt_BR\" \/>\n<meta property=\"og:type\" content=\"article\" \/>\n<meta property=\"og:title\" content=\"35 frades para discutir anima\u00e7\u00e3o vocacional - Not\u00edcias - Franciscanos\" \/>\n<meta property=\"og:description\" content=\"SAV\" \/>\n<meta property=\"og:url\" content=\"https:\/\/franciscanos.org.br\/noticias\/sav-reune-35-frades-para-discutir-animacao-vocacional.html\" \/>\n<meta property=\"og:site_name\" content=\"Not\u00edcias - Franciscanos\" \/>\n<meta property=\"article:published_time\" content=\"2017-03-30T11:07:17+00:00\" \/>\n<meta property=\"article:modified_time\" content=\"2019-01-28T15:45:31+00:00\" \/>\n<meta property=\"og:image\" content=\"https:\/\/franciscanos.org.br\/noticias\/wp-content\/uploads\/2017\/03\/sav_300317_1.jpg\" \/>\n\t<meta property=\"og:image:width\" content=\"273\" \/>\n\t<meta property=\"og:image:height\" content=\"181\" \/>\n\t<meta property=\"og:image:type\" content=\"image\/jpeg\" \/>\n<meta name=\"author\" content=\"admin\" \/>\n<meta name=\"twitter:card\" content=\"summary_large_image\" \/>\n<meta name=\"twitter:label1\" content=\"Escrito por\" \/>\n\t<meta name=\"twitter:data1\" content=\"admin\" \/>\n\t<meta name=\"twitter:label2\" content=\"Est. tempo de leitura\" \/>\n\t<meta name=\"twitter:data2\" content=\"3 minutos\" \/>\n<script type=\"application\/ld+json\" class=\"yoast-schema-graph\">{\"@context\":\"https:\/\/schema.org\",\"@graph\":[{\"@type\":\"WebSite\",\"@id\":\"https:\/\/franciscanos.org.br\/noticias\/#website\",\"url\":\"https:\/\/franciscanos.org.br\/noticias\/\",\"name\":\"Not\u00edcias - Franciscanos\",\"description\":\"Prov\u00edncia Franciscana da Imaculada Concei\u00e7\u00e3o do Brasil - Ordem dos Frades Menores - OFM\",\"potentialAction\":[{\"@type\":\"SearchAction\",\"target\":{\"@type\":\"EntryPoint\",\"urlTemplate\":\"https:\/\/franciscanos.org.br\/noticias\/?s={search_term_string}\"},\"query-input\":\"required name=search_term_string\"}],\"inLanguage\":\"pt-BR\"},{\"@type\":\"ImageObject\",\"inLanguage\":\"pt-BR\",\"@id\":\"https:\/\/franciscanos.org.br\/noticias\/sav-reune-35-frades-para-discutir-animacao-vocacional.html#primaryimage\",\"url\":\"https:\/\/franciscanos.org.br\/noticias\/wp-content\/uploads\/2017\/03\/sav_300317_1.jpg\",\"contentUrl\":\"https:\/\/franciscanos.org.br\/noticias\/wp-content\/uploads\/2017\/03\/sav_300317_1.jpg\",\"width\":273,\"height\":181},{\"@type\":\"WebPage\",\"@id\":\"https:\/\/franciscanos.org.br\/noticias\/sav-reune-35-frades-para-discutir-animacao-vocacional.html#webpage\",\"url\":\"https:\/\/franciscanos.org.br\/noticias\/sav-reune-35-frades-para-discutir-animacao-vocacional.html\",\"name\":\"35 frades para discutir anima\u00e7\u00e3o vocacional - Not\u00edcias - Franciscanos\",\"isPartOf\":{\"@id\":\"https:\/\/franciscanos.org.br\/noticias\/#website\"},\"primaryImageOfPage\":{\"@id\":\"https:\/\/franciscanos.org.br\/noticias\/sav-reune-35-frades-para-discutir-animacao-vocacional.html#primaryimage\"},\"datePublished\":\"2017-03-30T11:07:17+00:00\",\"dateModified\":\"2019-01-28T15:45:31+00:00\",\"author\":{\"@id\":\"https:\/\/franciscanos.org.br\/noticias\/#\/schema\/person\/b38fbf43118f02820bd932f2e4b14ad3\"},\"breadcrumb\":{\"@id\":\"https:\/\/franciscanos.org.br\/noticias\/sav-reune-35-frades-para-discutir-animacao-vocacional.html#breadcrumb\"},\"inLanguage\":\"pt-BR\",\"potentialAction\":[{\"@type\":\"ReadAction\",\"target\":[\"https:\/\/franciscanos.org.br\/noticias\/sav-reune-35-frades-para-discutir-animacao-vocacional.html\"]}]},{\"@type\":\"BreadcrumbList\",\"@id\":\"https:\/\/franciscanos.org.br\/noticias\/sav-reune-35-frades-para-discutir-animacao-vocacional.html#breadcrumb\",\"itemListElement\":[{\"@type\":\"ListItem\",\"position\":1,\"name\":\"Home\",\"item\":\"https:\/\/franciscanos.org.br\/noticias\"},{\"@type\":\"ListItem\",\"position\":2,\"name\":\"35 frades para discutir anima\u00e7\u00e3o vocacional\"}]},{\"@type\":\"Person\",\"@id\":\"https:\/\/franciscanos.org.br\/noticias\/#\/schema\/person\/b38fbf43118f02820bd932f2e4b14ad3\",\"name\":\"admin\",\"image\":{\"@type\":\"ImageObject\",\"inLanguage\":\"pt-BR\",\"@id\":\"https:\/\/franciscanos.org.br\/noticias\/#\/schema\/person\/image\/\",\"url\":\"https:\/\/secure.gravatar.com\/avatar\/e8495742d34d0ba6448ea1c628263b3e?s=96&d=mm&r=g\",\"contentUrl\":\"https:\/\/secure.gravatar.com\/avatar\/e8495742d34d0ba6448ea1c628263b3e?s=96&d=mm&r=g\",\"caption\":\"admin\"},\"url\":\"https:\/\/franciscanos.org.br\/noticias\/author\/admin\"}]}<\/script>\n<!-- \/ Yoast SEO plugin. -->","yoast_head_json":{"title":"35 frades para discutir anima\u00e7\u00e3o vocacional - Not\u00edcias - Franciscanos","robots":{"index":"index","follow":"follow","max-snippet":"max-snippet:-1","max-image-preview":"max-image-preview:large","max-video-preview":"max-video-preview:-1"},"canonical":"https:\/\/franciscanos.org.br\/noticias\/sav-reune-35-frades-para-discutir-animacao-vocacional.html","og_locale":"pt_BR","og_type":"article","og_title":"35 frades para discutir anima\u00e7\u00e3o vocacional - Not\u00edcias - Franciscanos","og_description":"SAV","og_url":"https:\/\/franciscanos.org.br\/noticias\/sav-reune-35-frades-para-discutir-animacao-vocacional.html","og_site_name":"Not\u00edcias - Franciscanos","article_published_time":"2017-03-30T11:07:17+00:00","article_modified_time":"2019-01-28T15:45:31+00:00","og_image":[{"width":273,"height":181,"url":"https:\/\/franciscanos.org.br\/noticias\/wp-content\/uploads\/2017\/03\/sav_300317_1.jpg","type":"image\/jpeg"}],"author":"admin","twitter_card":"summary_large_image","twitter_misc":{"Escrito por":"admin","Est. tempo de leitura":"3 minutos"},"schema":{"@context":"https:\/\/schema.org","@graph":[{"@type":"WebSite","@id":"https:\/\/franciscanos.org.br\/noticias\/#website","url":"https:\/\/franciscanos.org.br\/noticias\/","name":"Not\u00edcias - Franciscanos","description":"Prov\u00edncia Franciscana da Imaculada Concei\u00e7\u00e3o do Brasil - Ordem dos Frades Menores - OFM","potentialAction":[{"@type":"SearchAction","target":{"@type":"EntryPoint","urlTemplate":"https:\/\/franciscanos.org.br\/noticias\/?s={search_term_string}"},"query-input":"required name=search_term_string"}],"inLanguage":"pt-BR"},{"@type":"ImageObject","inLanguage":"pt-BR","@id":"https:\/\/franciscanos.org.br\/noticias\/sav-reune-35-frades-para-discutir-animacao-vocacional.html#primaryimage","url":"https:\/\/franciscanos.org.br\/noticias\/wp-content\/uploads\/2017\/03\/sav_300317_1.jpg","contentUrl":"https:\/\/franciscanos.org.br\/noticias\/wp-content\/uploads\/2017\/03\/sav_300317_1.jpg","width":273,"height":181},{"@type":"WebPage","@id":"https:\/\/franciscanos.org.br\/noticias\/sav-reune-35-frades-para-discutir-animacao-vocacional.html#webpage","url":"https:\/\/franciscanos.org.br\/noticias\/sav-reune-35-frades-para-discutir-animacao-vocacional.html","name":"35 frades para discutir anima\u00e7\u00e3o vocacional - Not\u00edcias - Franciscanos","isPartOf":{"@id":"https:\/\/franciscanos.org.br\/noticias\/#website"},"primaryImageOfPage":{"@id":"https:\/\/franciscanos.org.br\/noticias\/sav-reune-35-frades-para-discutir-animacao-vocacional.html#primaryimage"},"datePublished":"2017-03-30T11:07:17+00:00","dateModified":"2019-01-28T15:45:31+00:00","author":{"@id":"https:\/\/franciscanos.org.br\/noticias\/#\/schema\/person\/b38fbf43118f02820bd932f2e4b14ad3"},"breadcrumb":{"@id":"https:\/\/franciscanos.org.br\/noticias\/sav-reune-35-frades-para-discutir-animacao-vocacional.html#breadcrumb"},"inLanguage":"pt-BR","potentialAction":[{"@type":"ReadAction","target":["https:\/\/franciscanos.org.br\/noticias\/sav-reune-35-frades-para-discutir-animacao-vocacional.html"]}]},{"@type":"BreadcrumbList","@id":"https:\/\/franciscanos.org.br\/noticias\/sav-reune-35-frades-para-discutir-animacao-vocacional.html#breadcrumb","itemListElement":[{"@type":"ListItem","position":1,"name":"Home","item":"https:\/\/franciscanos.org.br\/noticias"},{"@type":"ListItem","position":2,"name":"35 frades para discutir anima\u00e7\u00e3o vocacional"}]},{"@type":"Person","@id":"https:\/\/franciscanos.org.br\/noticias\/#\/schema\/person\/b38fbf43118f02820bd932f2e4b14ad3","name":"admin","image":{"@type":"ImageObject","inLanguage":"pt-BR","@id":"https:\/\/franciscanos.org.br\/noticias\/#\/schema\/person\/image\/","url":"https:\/\/secure.gravatar.com\/avatar\/e8495742d34d0ba6448ea1c628263b3e?s=96&d=mm&r=g","contentUrl":"https:\/\/secure.gravatar.com\/avatar\/e8495742d34d0ba6448ea1c628263b3e?s=96&d=mm&r=g","caption":"admin"},"url":"https:\/\/franciscanos.org.br\/noticias\/author\/admin"}]}},"_links":{"self":[{"href":"https:\/\/franciscanos.org.br\/noticias\/wp-json\/wp\/v2\/posts\/128859"}],"collection":[{"href":"https:\/\/franciscanos.org.br\/noticias\/wp-json\/wp\/v2\/posts"}],"about":[{"href":"https:\/\/franciscanos.org.br\/noticias\/wp-json\/wp\/v2\/types\/post"}],"author":[{"embeddable":true,"href":"https:\/\/franciscanos.org.br\/noticias\/wp-json\/wp\/v2\/users\/1"}],"replies":[{"embeddable":true,"href":"https:\/\/franciscanos.org.br\/noticias\/wp-json\/wp\/v2\/comments?post=128859"}],"version-history":[{"count":0,"href":"https:\/\/franciscanos.org.br\/noticias\/wp-json\/wp\/v2\/posts\/128859\/revisions"}],"wp:featuredmedia":[{"embeddable":true,"href":"https:\/\/franciscanos.org.br\/noticias\/wp-json\/wp\/v2\/media\/197152"}],"wp:attachment":[{"href":"https:\/\/franciscanos.org.br\/noticias\/wp-json\/wp\/v2\/media?parent=128859"}],"wp:term":[{"taxonomy":"category","embeddable":true,"href":"https:\/\/franciscanos.org.br\/noticias\/wp-json\/wp\/v2\/categories?post=128859"},{"taxonomy":"post_tag","embeddable":true,"href":"https:\/\/franciscanos.org.br\/noticias\/wp-json\/wp\/v2\/tags?post=128859"}],"curies":[{"name":"wp","href":"https:\/\/api.w.org\/{rel}","templated":true}]}}