{"id":128791,"date":"2017-03-29T05:52:05","date_gmt":"2017-03-29T08:52:05","guid":{"rendered":"http:\/\/franciscanos.org.br\/?p=128791"},"modified":"2019-01-28T13:52:31","modified_gmt":"2019-01-28T15:52:31","slug":"falece-o-grande-liturgista-frei-alberto-beckhauser","status":"publish","type":"post","link":"https:\/\/franciscanos.org.br\/noticias\/falece-o-grande-liturgista-frei-alberto-beckhauser.html","title":{"rendered":"Falece o grande liturgista Frei Alberto Beckh\u00e4user"},"content":{"rendered":"<p><img loading=\"lazy\" class=\"aligncenter\" src=\"http:\/\/franciscanos.org.br\/wp-content\/uploads\/2017\/03\/freialberto_290317_3.jpg\" alt=\"freialberto_290317_3\" width=\"830\" height=\"501\" \/><\/p>\n<p>\u00c0s 22h da noite de 28 de mar\u00e7o, faleceu, em Petr\u00f3polis, Frei Alberto Beckh\u00e4user. Ele estava internado no Hospital da Benefic\u00eancia Portuguesa, e sofria de c\u00e2ncer no p\u00e2ncreas, diagnosticado em janeiro deste ano. Na manh\u00e3 de ontem, ter\u00e7a-feira, por boletim online, a pedido do guardi\u00e3o Frei F\u00e1bio Cesar Gomes, comunic\u00e1vamos que o estado de Frei Alberto se agravava a cada dia. Mostrava-se extremamente fraco e fazia grande esfor\u00e7o quando deseja dizer algo. Nos \u00faltimos dias, quase sempre estava sedado, devido \u00e0s dores.<\/p>\n<p>O corpo de Frei Alberto Beckh\u00e4user foi velado na capela do Instituto Teol\u00f3gico Franciscano, de Petr\u00f3polis, e o sepultamento se deu \u00a0ap\u00f3s a Missa de Ex\u00e9quias, \u00e0s 16 horas.<\/p>\n<p>O Ministro Provincial, Frei Fid\u00eancio Vanb\u00f6emmel, deixou a seguinte mensagem no seu perfil do Facebook.<\/p>\n<p><em>AO MESTRE COM CARINHO! <\/em><\/p>\n<p><em>Doeu-me a not\u00edcia que recebi do guardi\u00e3o da Fraternidade S\u00e3o Francisco, Frei F\u00e1bio C. Gomes, de Petr\u00f3polis, RJ, na noite desta ter\u00e7a feira: &#8220;Frei, nosso Frei Alberto Beckh\u00e4user acabou de descansar&#8221;. <\/em><br \/>\n<em>Ele me telefonou na noite da virada do ano. Relatou-me sua situa\u00e7\u00e3o, consciente da gravidade da sua doen\u00e7a (c\u00e2ncer), e escreveu a seguinte mensagem no dia 1\u00ba de janeiro deste ano depois de t\u00ea-la escrito a partir do mist\u00e9rio da Encarna\u00e7\u00e3o do Senhor:<\/em><\/p>\n<blockquote><p>Francisco e os irm\u00e3os enfermos:<br \/>\n\u201cPe\u00e7o ao irm\u00e3o enfermo<br \/>\nd\u00ea por tudo gra\u00e7as ao Criador, e seu pr\u00f3prio desejo<br \/>\nseja de ser<br \/>\nassim como Deus quiser,<br \/>\ns\u00e3o ou doente\u201d(S\u00e3o Francisco, RnB, cap. 10).<br \/>\nDesde o noviciado, como Mestre, procurei passar aos novi\u00e7os tal atitude. E h\u00e1 anos procuro viver na ora\u00e7\u00e3o e no canto tal atitude, compondo o canto: \u201cEm tudo dou-vos gra\u00e7as, \u00f3 Pai, por Cristo, no Esp\u00edrito Santo\u201d e \u201cFazei-me um convosco, \u00f3 Pai, por Cristo no Esp\u00edrito\u201d.<br \/>\nPe\u00e7o suas ora\u00e7\u00f5es para que nesta enfermidade possa em tudo dar gra\u00e7as ao Criador. Em tudo!<br \/>\nPetr\u00f3polis, Natal do Senhor de 2016. Frei Alberto Beckh\u00e4user, OFM<\/p><\/blockquote>\n<p><em>Caro Frei Alberto, mestre no Noviciado e grande professor em Liturgia, muito obrigado pela sua dedica\u00e7\u00e3o, seriedade acad\u00eamica no cuidado de ensinar a sagrada Liturgia com paix\u00e3o, esp\u00edrito e vida! <\/em><br \/>\n<em>Descanse em Paz, meu mestre!<\/em><\/p>\n<p><strong>Dados pessoais, forma\u00e7\u00e3o e atividades<\/strong><\/p>\n<p>&#8211; Nasceu aos 20 de maio de 1935<strong> (81 anos de idade)<\/strong>, na Freguesia de<em>Santa do Coqueiro Baixo<\/em>, hoje tamb\u00e9m chamada Santa Teresinha, ent\u00e3o, munic\u00edpio de Crici\u00fama, um tempo, pertencente ao Mun. de Nova Veneza e, hoje, Forquilhinha, SC.<\/p>\n<p>&#8211; Frei Alberto era o quinto de 12 filhos do casal Ernesto Beckh\u00e4user e Helena Hoepers. Seus pais s\u00e3o netos de imigrantes europeus. Apenas a av\u00f3 paterna era nascida na Europa, mais precisamente, na Let\u00f4nia, de religi\u00e3o batista. Por causa deste pormenor, seu pai Ernesto foi batizado na religi\u00e3o cat\u00f3lica pelos 20 anos de idade.<\/p>\n<p><strong>&#8211; Semin\u00e1rio:<\/strong> &#8211; Nas Miss\u00f5es populares de 1947, foi convidado por Frei Jo\u00e3o Bosco Erdrich a ir com ele para ser mission\u00e1rio. O menino topou e, em 1948 entrou no Semin\u00e1rio de Rodeio, seguindo todo o percurso de forma\u00e7\u00e3o na Prov\u00edncia, passando por Rio Negro (1950-1952), Agudos (1953-1956), Noviciado em Rodeio (1957) <strong>(59 anos de Vida Franciscana)<\/strong>, Filosofia em Curitiba (1958-1959) e Teologia em Petr\u00f3polis (1960-1963), onde fez a Profiss\u00e3o solene aos <strong>23.12.1960<\/strong> e foi ordenado presb\u00edtero aos<strong>15 de dezembro de 1962 (54 anos de Sacerd\u00f3cio)<\/strong>.<\/p>\n<p><img loading=\"lazy\" class=\"aligncenter\" src=\"http:\/\/franciscanos.org.br\/wp-content\/uploads\/2017\/03\/alberto2_290317.jpg\" alt=\"alberto2_290317\" width=\"820\" height=\"439\" \/><\/p>\n<p><strong>&#8211; Roma:<\/strong> &#8211; De 1963-1967 fez a Licen\u00e7a e o Doutorado em Teologia com Especializa\u00e7\u00e3o em Sagrada Liturgia no Pontif\u00edcio Ateneu Anselmiano, em Roma, com a gra\u00e7a de acompanhar e viver de perto v\u00e1rios anos do Conc\u00edlio Vaticano II (1963-1965).<\/p>\n<p><strong>&#8211; Petr\u00f3polis:<\/strong> &#8211; De 1967-1973 foi Professor de Liturgia no Instituto Teol\u00f3gico Franciscano em Petr\u00f3polis, tendo sido tamb\u00e9m Assistente da Ordem III local como era chamada ent\u00e3o, e da Fraternidade Regional. Foi algum tempo Vig\u00e1rio da Casa e Diretor do Instituto. Foi tamb\u00e9m Assistente de uma Equipe de Nossa Senhora. Foi Professor de Liturgia no CEFEPAL e Membro da Comiss\u00e3o de Tradutores dos Textos Lit\u00fargicos da CNBB, que funcionava no Rio de Janeiro.<\/p>\n<p><strong>&#8211; Rodeio:<\/strong> &#8211; De 1974-1979, Mestre de Novi\u00e7os, continuando a lecionar Liturgia em Petr\u00f3polis, no Instituto e no CEFEPAL, com cursos intensivos. Vig\u00e1rio da Casa.<\/p>\n<p><strong>&#8211; S\u00e3o Paulo:<\/strong> &#8211; De 1980-1982 viveu em S\u00e3o Paulo como Secret\u00e1rio da Prov\u00edncia. Foi Assistente Espiritual da Fraternidade Regional da OFS, ent\u00e3o VIII Regi\u00e3o, abrangendo S\u00e3o Paulo e Mato Grosso.<\/p>\n<p><strong>&#8211; Petr\u00f3polis:<\/strong> &#8211; De 1983-1985, integrou a Equipe de Mestres em Petr\u00f3polis, sendo nomeado, em 1984, Assistente Espiritual e Pastoral da OFS Nacional pela OFM.<\/p>\n<p><strong>&#8211; Bras\u00edlia:<\/strong> &#8211; De 1986-1991, Assessor de Liturgia da CNBB, sendo locado no Convento de Petr\u00f3polis, morando com os Frades em Bras\u00edlia.<\/p>\n<p><strong>&#8211; Rio de Janeiro:<\/strong> &#8211; De 1992-1994, Convento de Santo Ant\u00f4nio no Rio de Janeiro como Diretor \u201cvirtual\u201d do Santu\u00e1rio, Secret\u00e1rio Provincial da Evangeliza\u00e7\u00e3o Mission\u00e1ria e Coordenador de Tradu\u00e7\u00f5es e Edi\u00e7\u00f5es de Textos Lit\u00fargicos da CNBB. Foi Vig\u00e1rio da Casa. Retomou tamb\u00e9m aulas de Liturgia em Petr\u00f3polis.<\/p>\n<p><strong>&#8211; Petr\u00f3polis:<\/strong> &#8211; A partir de 1995, Membro da Fraternidade S\u00e3o Francisco, junto ao futuro Instituto Teol\u00f3gico Franciscano: Professor de Liturgia no nosso Instituto, Secret\u00e1rio da Evangeliza\u00e7\u00e3o Mission\u00e1ria (1995-1997), Coordenador de Tradu\u00e7\u00f5es e Edi\u00e7\u00f5es de Textos Lit\u00fargicos da CNBB, Assistente das Irm\u00e3s Clarissas na G\u00e1vea, Rio de Janeiro. De 2000 a 2003 foi assistente nacional da OFS, assistente das Clarissas do Rio de Janeiro, e assistente lit\u00fargico dos Coral dos Canarinhos. Em 2004, foi nomeado novamente assistente espiritual das Irm\u00e3s Clarissas do Rio de Janeiro.<\/p>\n<p>&nbsp;<\/p>\n<p><strong><img loading=\"lazy\" class=\"alignleft size-full wp-image-128805\" src=\"http:\/\/franciscanos.org.br\/wp-content\/uploads\/2017\/03\/freialberto_290317_5.jpg\" alt=\"freialberto_290317_5\" width=\"463\" height=\"800\" \/>Da ficha autobiogr\u00e1fica de Frei Alberto (atualizada em 2014)<\/strong><\/p>\n<p>Tenho queda para m\u00fasica, mas nunca cheguei a dominar um instrumento, talvez por falta de empenho. Gostava, por\u00e9m, da reg\u00eancia coral. J\u00e1 no Semin\u00e1rio de Agudos regia o coro da turma, atividade que continuei a exercer no Noviciado, no Tempo da Filosofia, inclusive junto ao Coral do Josephsverein e nos anos da Teologia em Petr\u00f3polis. Neste per\u00edodo, com outros confrades, tive o privil\u00e9gio de fazer o Curso de Canto Gregoriano no Instituto Pio X, no Rio de Janeiro. Frei Leto Bienias apreciava minha reg\u00eancia. Substitu\u00ed-o na Reg\u00eancia dos Carinhos em suas f\u00e9rias na Alemanha, creio que em 1961. Frei Leto sonhava comigo para a Dire\u00e7\u00e3o dos Canarinhos, chegando mesmo a custear um Professor de piano.<\/p>\n<p>Em 1963, fui designado para estudar Liturgia e M\u00fasica Sacra em Roma, para ser Professor de Liturgia e de M\u00fasica na forma\u00e7\u00e3o teol\u00f3gica dos frades. Visto ser imposs\u00edvel fazer as duas coisas, que exigiam tempo integral, pedi ao Ministro Provincial Frei Walter Kempf que definisse por qual mat\u00e9ria optar. Frei Walter mandou que me formasse em Liturgia e, na medida do poss\u00edvel, cursasse M\u00fasica sacra. Frequentei um curso de Hist\u00f3ria da M\u00fasica, mas logo restringi-me \u00e0 Liturgia.<\/p>\n<p>Minha vida de frade foi dedicada praticamente \u00e0 forma\u00e7\u00e3o. S\u00e3o mais de \u00a048 anos de aulas de Liturgia. A forma\u00e7\u00e3o lit\u00fargica dos frades; cursos, encontros nacionais e internacionais de Liturgia. Os estudos em Roma despertaram em mim a inclina\u00e7\u00e3o para a pesquisa e transmiss\u00e3o de uma compreens\u00e3o teol\u00f3gica da Liturgia e sua espiritualidade, com interesse pastoral. Interessam-me quest\u00f5es como a natureza da participa\u00e7\u00e3o ativa e frutuosa, a linguagem m\u00edtica, simb\u00f3lica dos mist\u00e9rios celebrados. Hoje leciono Liturgia no nosso Instituto Teol\u00f3gico em Petr\u00f3polis, no Semin\u00e1rio Diocesano de Petr\u00f3polis, no P\u00f3s-gradua\u00e7\u00e3o de Liturgia em S\u00e3o Paulo. Fui convidado neste ano para dar Curso de Liturgia no ITEPAL, em Bogot\u00e1, na Col\u00f4mbia e recebi convite para lecionar Liturgia na PUC do Rio a partir de 2002. S\u00e3o 35 anos de magist\u00e9rio, e de anima\u00e7\u00e3o da vida lit\u00fargica, enfrentando os altos e baixos da reforma e da renova\u00e7\u00e3o lit\u00fargicas desejadas pelo Conc\u00edlio Vaticano II e promovidas a partir dele. Voltando dos estudos em Roma, trouxe comigo um tr\u00edplice prop\u00f3sito: muita f\u00e9, muita coragem e muita paci\u00eancia. Prop\u00f3sito este hoje mais atual do que nunca. Mas, uma coisa posso dizer: Em meio aos raios e tempestades do tradicionalismo legalista e do progressismo irrespons\u00e1vel e ca\u00f3tico, a partir dos anos 90, entro com grande prazer e entusiasmo em sala de aula para lecionar Liturgia.<\/p>\n<p>N\u00e3o foi f\u00e1cil. Quando estudava Liturgia em Roma, os Rituais antigos praticamente tinham ca\u00eddo em desuso. Os novos ainda n\u00e3o tinham surgido. Importava pesquisar as fontes b\u00edblicas, patr\u00edsticas e lit\u00fargicas. Da\u00ed a insist\u00eancia no aspecto teol\u00f3gico da Liturgia.<\/p>\n<p>Para conciliar Liturgia e religiosidade\/piedade popular surgiram pesquisas sobre devo\u00e7\u00f5es populares, particularmente sobre o fen\u00f4meno dos Santu\u00e1rios. Da preocupa\u00e7\u00e3o teol\u00f3gica e espiritual da Liturgia surgiu a dezena de livros sobre a mat\u00e9ria e numerosos artigos, (cerca de 70) nas revistas, sobretudo na REB e no Grande Sinal. Quanto aos Santu\u00e1rios, participei do Primeiro Congresso Mundial da Pastoral dos Santu\u00e1rios em Roma e do Primeiro Congresso Latino-americano da Pastoral dos Santu\u00e1rios em Quito, no Equador. Assessorei v\u00e1rios Encontros de Pastoral dos Santu\u00e1rios no Brasil. Quando Reitor \u201cvirtual\u201d do Santu\u00e1rio de Santo Ant\u00f4nio do Rio de Janeiro, escrevi o livro <em>\u201cSanto Ant\u00f4nio atrav\u00e9s de suas Imagens\u201d<\/em>, onde trato da quest\u00e3o do culto dos santos e do sentido dos Santu\u00e1rios.<\/p>\n<p>Outra atividade a que a obedi\u00eancia me levou foi a assist\u00eancia \u00e0 OFS. Desde 1967 acompanhei todo o processo de renova\u00e7\u00e3o da OFS at\u00e9 hoje, na assist\u00eancia de Fraternidades em n\u00edvel local, Regional e Nacional.<\/p>\n<p>Da\u00ed surgiram dois livros: <em>Coment\u00e1rio Espiritual \u00e0 Regra da OFS<\/em>, adotado como livro base do tempo de forma\u00e7\u00e3o (noviciado) na OFS do Brasil e <em>Rezar a Vida e Viver a Ora\u00e7\u00e3o. Pequeno Tratado sobre a Ora\u00e7\u00e3o Crist\u00e3. <\/em>Este livro brotou do servi\u00e7o de assist\u00eancia \u00e0 OFS, atrav\u00e9s de artigos publicados na revista <em>Paz e Bem<\/em>, mas como livro \u00e9 pensado para todos os crist\u00e3os, inclusive, religiosos. Um terceiro livro est\u00e1 para aparecer com o t\u00edtulo prov\u00e1vel: <em>Felizes os que vivem em penit\u00eancia. Meu Deus e meu Tudo.<\/em>Tamb\u00e9m foi sendo escrito em forma de artigos para a OFS. Trata-se de um coment\u00e1rio da Carta aos Fi\u00e9is, de S\u00e3o Francisco, em sua primeira recens\u00e3o, que consta hoje como Pr\u00f3logo da Regra Renovada da OFS. Como livro, foi ampliado de modo que possa interessar a toda a Fam\u00edlia Franciscana.<\/p>\n<p>Outra \u00e1rea que gostaria de lembrar \u00e9 a colabora\u00e7\u00e3o com a CNBB na Tradu\u00e7\u00e3o e Edi\u00e7\u00e3o dos Livros Lit\u00fargicos, que considero um apostolado oculto que, ainda hoje, me toma mais da metade do tempo. Colaborei na tradu\u00e7\u00e3o de todos os Livros Lit\u00fargicos. A partir de 1991, quando deixei a assessoria da CNBB, foi-me confiada a Coordena\u00e7\u00e3o da Tradu\u00e7\u00e3o e Edi\u00e7\u00e3o dos Textos e Livros Lit\u00fargicos. Tratava-se da revis\u00e3o e publica\u00e7\u00e3o atualizada de todos os Livros lit\u00fargicos com a inser\u00e7\u00e3o dos textos b\u00edblicos aprovados por Roma para uso lit\u00fargico. Primeiro, a revis\u00e3o e publica\u00e7\u00e3o da 2\u00aa edi\u00e7\u00e3o t\u00edpica do Missal Romano. Depois, a montagem dos Quatro Volumes da Liturgia das Horas (o resultado do trabalho nos tr\u00eas anos no Convento de Santo Ant\u00f4nio, no Rio de Janeiro); a Ora\u00e7\u00e3o das Horas em volume \u00fanico para os que n\u00e3o t\u00eam obriga\u00e7\u00e3o do Of\u00edcio das Leituras; a nova edi\u00e7\u00e3o atualizada de todos os Rituais dos Sacramentos, a montagem e edi\u00e7\u00e3o dos Lecion\u00e1rios; a edi\u00e7\u00e3o do Pontifical Romano em volume \u00fanico, com Lecion\u00e1rio do Pontifical em separado. Acrescento a este trabalho a tradu\u00e7\u00e3o e acompanhamento de sua diagrama\u00e7\u00e3o e edi\u00e7\u00e3o dos Suplementos Franciscanos do Missal Romano e da Liturgia das Horas e os Rituais de Profiss\u00e3o religiosa franciscana.<\/p>\n<p>Outras atividades que me deram muita alegria: Cursos e Encontros de Liturgia para o Clero, Religiosos, Religiosas e Leigos; prega\u00e7\u00e3o de retiros; assist\u00eancia a religiosas, acompanhando noviciados, particularmente, de Congrega\u00e7\u00f5es Franciscanas. Assessorias diversas no campo da Liturgia \u00e0 CNBB, mesmo depois dos anos de Assessoria em Bras\u00edlia, sobre quest\u00f5es como Pastoral dos Santu\u00e1rios, Missas por e de Televis\u00e3o, o uso de Folhetos na Missa.<\/p>\n<p>O exerc\u00edcio do minist\u00e9rio ordenado. A chama mission\u00e1ria da origem de minha voca\u00e7\u00e3o sempre me acompanhou. Mas at\u00e9 hoje n\u00e3o tive a satisfa\u00e7\u00e3o de participar de uma Miss\u00e3o popular. O desejo da miss\u00e3o de certa maneira se realizou no exerc\u00edcio de Secret\u00e1rio da Evangeliza\u00e7\u00e3o mission\u00e1ria por seis anos e na perman\u00eancia de dois meses em nossa miss\u00e3o de Angola. A obedi\u00eancia levou-me a priorizar o apostolado de Frade Menor, no servi\u00e7o \u00e0 Ordem e \u00e0 Igreja, no campo do magist\u00e9rio e da Pastoral lit\u00fargica, da forma\u00e7\u00e3o, e da assist\u00eancia \u00e0 OFS. Compreendi esse servi\u00e7o como a\u00e7\u00e3o multiplicadora de agentes de pastoral, de mission\u00e1rios. O pastoreio direto ficou em segundo plano. O servi\u00e7o do minist\u00e9rio ordenado restringiu-se a colaborar nas celebra\u00e7\u00f5es nas Fraternidades onde passei, no minist\u00e9rio da Penit\u00eancia e na anima\u00e7\u00e3o das celebra\u00e7\u00f5es junto aos Grupos a que servi pelo Brasil a fora. Al\u00e9m disso, procurei exercer com entusiasmo o apostolado da comunica\u00e7\u00e3o escrita. Procuro ver como apostolado oculto mesmo a colabora\u00e7\u00e3o na tradu\u00e7\u00e3o, montagem e publica\u00e7\u00e3o dos livros lit\u00fargicos, o que exige, ao menos de mim, muita disciplina e ascese.<\/p>\n<p><strong>Mission\u00e1rio e mestre da Sagrada Liturgia<\/strong><\/p>\n<p>(por ocasi\u00e3o do anivers\u00e1rio de 75 anos de Frei Alberto, Frei Jos\u00e9 Ariovaldo da Silva fez-lhe homenagem, em parte aqui transcrita)<\/p>\n<p>\u201cN\u00e3o lhe bastava s\u00f3 traduzir os livros lit\u00fargicos! E a forma\u00e7\u00e3o lit\u00fargica?! Levar o clero (bispos, padres e di\u00e1conos) e o povo em geral a entender e assimilar a teologia e o esp\u00edrito da Liturgia que o Conc\u00edlio Vaticano II resgatava para toda a Igreja! E, coerentemente com este esp\u00edrito, celebrar a Liturgia de maneira digna, adaptada e participativa! Imenso desafio para uma Igreja secularmente fossilizada numa forma de liturgia excessivamente devocional e pouco mist\u00e9rica! Imenso desafio, num tempo em que o quadro de especialistas em Liturgia era reduzid\u00edssimo. Na d\u00e9cada de 60, t\u00ednhamos aqui um s\u00f3 doutor nesta especialidade, na pessoa de Frei Alberto. S\u00f3 em meados da d\u00e9cada de 70 \u00e9 que come\u00e7a a despontar em n\u00edvel nacional outro reconhecido doutor em Liturgia, na pessoa do Pe. Greg\u00f3rio Lutz CSSp. Assim sendo, com toda a escassez inicial de qualificados formadores, no servi\u00e7o de implanta\u00e7\u00e3o da reforma lit\u00fargica no Brasil, admiramos o imenso volume de trabalho de Frei Alberto e sua intensa colabora\u00e7\u00e3o atrav\u00e9s de seus escritos (livros e artigos), cursos, assessorias na CNBB, em dioceses, par\u00f3quias, Semin\u00e1rios, Faculdades e Institutos Teol\u00f3gicos. Assim, apaixonado pelo mist\u00e9rio do culto e da Igreja, Frei Alberto legou a uma multid\u00e3o de admiradores, leitores, alunos, disc\u00edpulos e ouvintes seus, a certeza de que a Liturgia, por ser divina, isto \u00e9, express\u00e3o m\u00e1xima do amor de Deus, merece ser muito bem celebrada: com convic\u00e7\u00e3o, piedade, de forma orante e verdadeira, fiel \u00e0s orienta\u00e7\u00f5es da Igreja, com muito amor e gratid\u00e3o a Deus e, consequentemente, com dedicado compromisso comunit\u00e1rio. (&#8230;)<\/p>\n<p>E hoje, j\u00e1 pr\u00f3ximos do cinquenten\u00e1rio da \u201cSacrosanctum Concilium\u201d, louvando e agradecendo o Alt\u00edssimo Senhor Deus e Nosso Senhor Jesus Cristo e o Esp\u00edrito Santo Par\u00e1clito, sinto uma vontade louca de proclamar \u2013 e o proclamo, sim, com a permiss\u00e3o de todos! \u2013 Frei Alberto Beckh\u00e4user, grande mission\u00e1rio e mestre franciscano da Sagrada Liturgia renovada do Conc\u00edlio Vaticano II para o Brasil, para a Am\u00e9rica Latina e Caribe, para a Igreja; refer\u00eancia para a Liturgia do Povo de Deus nesta terra de Santa Cruz. Parab\u00e9ns, Frei Alberto, e \u201cad multos annos\u201d!\u201d<\/p>\n<p>Que o Senhor acolha o Frei Alberto na Liturgia perene do C\u00e9u, no culto daqueles que, nesta terra, procuraram a Ele servir e adorar.<\/p>\n<p><strong>R.I.P.<\/strong><\/p>\n","protected":false},"excerpt":{"rendered":"<p>Falecimento<\/p>\n","protected":false},"author":1,"featured_media":197149,"comment_status":"open","ping_status":"open","sticky":false,"template":"","format":"standard","meta":[],"categories":[1],"tags":[1160],"acf":[],"yoast_head":"<!-- This site is optimized with the Yoast SEO plugin v19.2 - https:\/\/yoast.com\/wordpress\/plugins\/seo\/ -->\n<title>Falece o grande liturgista Frei Alberto Beckh\u00e4user - Not\u00edcias - Franciscanos<\/title>\n<meta name=\"robots\" content=\"index, follow, max-snippet:-1, max-image-preview:large, max-video-preview:-1\" \/>\n<link rel=\"canonical\" href=\"https:\/\/franciscanos.org.br\/noticias\/falece-o-grande-liturgista-frei-alberto-beckhauser.html\" \/>\n<meta property=\"og:locale\" content=\"pt_BR\" \/>\n<meta property=\"og:type\" content=\"article\" \/>\n<meta property=\"og:title\" content=\"Falece o grande liturgista Frei Alberto Beckh\u00e4user - Not\u00edcias - Franciscanos\" \/>\n<meta property=\"og:description\" content=\"Falecimento\" \/>\n<meta property=\"og:url\" content=\"https:\/\/franciscanos.org.br\/noticias\/falece-o-grande-liturgista-frei-alberto-beckhauser.html\" \/>\n<meta property=\"og:site_name\" content=\"Not\u00edcias - Franciscanos\" \/>\n<meta property=\"article:published_time\" content=\"2017-03-29T08:52:05+00:00\" \/>\n<meta property=\"article:modified_time\" content=\"2019-01-28T15:52:31+00:00\" \/>\n<meta property=\"og:image\" content=\"https:\/\/franciscanos.org.br\/noticias\/wp-content\/uploads\/2017\/03\/freialberto_290317_3.jpg\" \/>\n\t<meta property=\"og:image:width\" content=\"273\" \/>\n\t<meta property=\"og:image:height\" content=\"181\" \/>\n\t<meta property=\"og:image:type\" content=\"image\/jpeg\" \/>\n<meta name=\"author\" content=\"admin\" \/>\n<meta name=\"twitter:card\" content=\"summary_large_image\" \/>\n<meta name=\"twitter:label1\" content=\"Escrito por\" \/>\n\t<meta name=\"twitter:data1\" content=\"admin\" \/>\n\t<meta name=\"twitter:label2\" content=\"Est. tempo de leitura\" \/>\n\t<meta name=\"twitter:data2\" content=\"14 minutos\" \/>\n<script type=\"application\/ld+json\" class=\"yoast-schema-graph\">{\"@context\":\"https:\/\/schema.org\",\"@graph\":[{\"@type\":\"WebSite\",\"@id\":\"https:\/\/franciscanos.org.br\/noticias\/#website\",\"url\":\"https:\/\/franciscanos.org.br\/noticias\/\",\"name\":\"Not\u00edcias - Franciscanos\",\"description\":\"Prov\u00edncia Franciscana da Imaculada Concei\u00e7\u00e3o do Brasil - Ordem dos Frades Menores - OFM\",\"potentialAction\":[{\"@type\":\"SearchAction\",\"target\":{\"@type\":\"EntryPoint\",\"urlTemplate\":\"https:\/\/franciscanos.org.br\/noticias\/?s={search_term_string}\"},\"query-input\":\"required name=search_term_string\"}],\"inLanguage\":\"pt-BR\"},{\"@type\":\"ImageObject\",\"inLanguage\":\"pt-BR\",\"@id\":\"https:\/\/franciscanos.org.br\/noticias\/falece-o-grande-liturgista-frei-alberto-beckhauser.html#primaryimage\",\"url\":\"https:\/\/franciscanos.org.br\/noticias\/wp-content\/uploads\/2017\/03\/freialberto_290317_3.jpg\",\"contentUrl\":\"https:\/\/franciscanos.org.br\/noticias\/wp-content\/uploads\/2017\/03\/freialberto_290317_3.jpg\",\"width\":273,\"height\":181},{\"@type\":\"WebPage\",\"@id\":\"https:\/\/franciscanos.org.br\/noticias\/falece-o-grande-liturgista-frei-alberto-beckhauser.html#webpage\",\"url\":\"https:\/\/franciscanos.org.br\/noticias\/falece-o-grande-liturgista-frei-alberto-beckhauser.html\",\"name\":\"Falece o grande liturgista Frei Alberto Beckh\u00e4user - Not\u00edcias - Franciscanos\",\"isPartOf\":{\"@id\":\"https:\/\/franciscanos.org.br\/noticias\/#website\"},\"primaryImageOfPage\":{\"@id\":\"https:\/\/franciscanos.org.br\/noticias\/falece-o-grande-liturgista-frei-alberto-beckhauser.html#primaryimage\"},\"datePublished\":\"2017-03-29T08:52:05+00:00\",\"dateModified\":\"2019-01-28T15:52:31+00:00\",\"author\":{\"@id\":\"https:\/\/franciscanos.org.br\/noticias\/#\/schema\/person\/b38fbf43118f02820bd932f2e4b14ad3\"},\"breadcrumb\":{\"@id\":\"https:\/\/franciscanos.org.br\/noticias\/falece-o-grande-liturgista-frei-alberto-beckhauser.html#breadcrumb\"},\"inLanguage\":\"pt-BR\",\"potentialAction\":[{\"@type\":\"ReadAction\",\"target\":[\"https:\/\/franciscanos.org.br\/noticias\/falece-o-grande-liturgista-frei-alberto-beckhauser.html\"]}]},{\"@type\":\"BreadcrumbList\",\"@id\":\"https:\/\/franciscanos.org.br\/noticias\/falece-o-grande-liturgista-frei-alberto-beckhauser.html#breadcrumb\",\"itemListElement\":[{\"@type\":\"ListItem\",\"position\":1,\"name\":\"Home\",\"item\":\"https:\/\/franciscanos.org.br\/noticias\"},{\"@type\":\"ListItem\",\"position\":2,\"name\":\"Falece o grande liturgista Frei Alberto Beckh\u00e4user\"}]},{\"@type\":\"Person\",\"@id\":\"https:\/\/franciscanos.org.br\/noticias\/#\/schema\/person\/b38fbf43118f02820bd932f2e4b14ad3\",\"name\":\"admin\",\"image\":{\"@type\":\"ImageObject\",\"inLanguage\":\"pt-BR\",\"@id\":\"https:\/\/franciscanos.org.br\/noticias\/#\/schema\/person\/image\/\",\"url\":\"https:\/\/secure.gravatar.com\/avatar\/e8495742d34d0ba6448ea1c628263b3e?s=96&d=mm&r=g\",\"contentUrl\":\"https:\/\/secure.gravatar.com\/avatar\/e8495742d34d0ba6448ea1c628263b3e?s=96&d=mm&r=g\",\"caption\":\"admin\"},\"url\":\"https:\/\/franciscanos.org.br\/noticias\/author\/admin\"}]}<\/script>\n<!-- \/ Yoast SEO plugin. -->","yoast_head_json":{"title":"Falece o grande liturgista Frei Alberto Beckh\u00e4user - Not\u00edcias - Franciscanos","robots":{"index":"index","follow":"follow","max-snippet":"max-snippet:-1","max-image-preview":"max-image-preview:large","max-video-preview":"max-video-preview:-1"},"canonical":"https:\/\/franciscanos.org.br\/noticias\/falece-o-grande-liturgista-frei-alberto-beckhauser.html","og_locale":"pt_BR","og_type":"article","og_title":"Falece o grande liturgista Frei Alberto Beckh\u00e4user - Not\u00edcias - Franciscanos","og_description":"Falecimento","og_url":"https:\/\/franciscanos.org.br\/noticias\/falece-o-grande-liturgista-frei-alberto-beckhauser.html","og_site_name":"Not\u00edcias - Franciscanos","article_published_time":"2017-03-29T08:52:05+00:00","article_modified_time":"2019-01-28T15:52:31+00:00","og_image":[{"width":273,"height":181,"url":"https:\/\/franciscanos.org.br\/noticias\/wp-content\/uploads\/2017\/03\/freialberto_290317_3.jpg","type":"image\/jpeg"}],"author":"admin","twitter_card":"summary_large_image","twitter_misc":{"Escrito por":"admin","Est. tempo de leitura":"14 minutos"},"schema":{"@context":"https:\/\/schema.org","@graph":[{"@type":"WebSite","@id":"https:\/\/franciscanos.org.br\/noticias\/#website","url":"https:\/\/franciscanos.org.br\/noticias\/","name":"Not\u00edcias - Franciscanos","description":"Prov\u00edncia Franciscana da Imaculada Concei\u00e7\u00e3o do Brasil - Ordem dos Frades Menores - OFM","potentialAction":[{"@type":"SearchAction","target":{"@type":"EntryPoint","urlTemplate":"https:\/\/franciscanos.org.br\/noticias\/?s={search_term_string}"},"query-input":"required name=search_term_string"}],"inLanguage":"pt-BR"},{"@type":"ImageObject","inLanguage":"pt-BR","@id":"https:\/\/franciscanos.org.br\/noticias\/falece-o-grande-liturgista-frei-alberto-beckhauser.html#primaryimage","url":"https:\/\/franciscanos.org.br\/noticias\/wp-content\/uploads\/2017\/03\/freialberto_290317_3.jpg","contentUrl":"https:\/\/franciscanos.org.br\/noticias\/wp-content\/uploads\/2017\/03\/freialberto_290317_3.jpg","width":273,"height":181},{"@type":"WebPage","@id":"https:\/\/franciscanos.org.br\/noticias\/falece-o-grande-liturgista-frei-alberto-beckhauser.html#webpage","url":"https:\/\/franciscanos.org.br\/noticias\/falece-o-grande-liturgista-frei-alberto-beckhauser.html","name":"Falece o grande liturgista Frei Alberto Beckh\u00e4user - Not\u00edcias - Franciscanos","isPartOf":{"@id":"https:\/\/franciscanos.org.br\/noticias\/#website"},"primaryImageOfPage":{"@id":"https:\/\/franciscanos.org.br\/noticias\/falece-o-grande-liturgista-frei-alberto-beckhauser.html#primaryimage"},"datePublished":"2017-03-29T08:52:05+00:00","dateModified":"2019-01-28T15:52:31+00:00","author":{"@id":"https:\/\/franciscanos.org.br\/noticias\/#\/schema\/person\/b38fbf43118f02820bd932f2e4b14ad3"},"breadcrumb":{"@id":"https:\/\/franciscanos.org.br\/noticias\/falece-o-grande-liturgista-frei-alberto-beckhauser.html#breadcrumb"},"inLanguage":"pt-BR","potentialAction":[{"@type":"ReadAction","target":["https:\/\/franciscanos.org.br\/noticias\/falece-o-grande-liturgista-frei-alberto-beckhauser.html"]}]},{"@type":"BreadcrumbList","@id":"https:\/\/franciscanos.org.br\/noticias\/falece-o-grande-liturgista-frei-alberto-beckhauser.html#breadcrumb","itemListElement":[{"@type":"ListItem","position":1,"name":"Home","item":"https:\/\/franciscanos.org.br\/noticias"},{"@type":"ListItem","position":2,"name":"Falece o grande liturgista Frei Alberto Beckh\u00e4user"}]},{"@type":"Person","@id":"https:\/\/franciscanos.org.br\/noticias\/#\/schema\/person\/b38fbf43118f02820bd932f2e4b14ad3","name":"admin","image":{"@type":"ImageObject","inLanguage":"pt-BR","@id":"https:\/\/franciscanos.org.br\/noticias\/#\/schema\/person\/image\/","url":"https:\/\/secure.gravatar.com\/avatar\/e8495742d34d0ba6448ea1c628263b3e?s=96&d=mm&r=g","contentUrl":"https:\/\/secure.gravatar.com\/avatar\/e8495742d34d0ba6448ea1c628263b3e?s=96&d=mm&r=g","caption":"admin"},"url":"https:\/\/franciscanos.org.br\/noticias\/author\/admin"}]}},"_links":{"self":[{"href":"https:\/\/franciscanos.org.br\/noticias\/wp-json\/wp\/v2\/posts\/128791"}],"collection":[{"href":"https:\/\/franciscanos.org.br\/noticias\/wp-json\/wp\/v2\/posts"}],"about":[{"href":"https:\/\/franciscanos.org.br\/noticias\/wp-json\/wp\/v2\/types\/post"}],"author":[{"embeddable":true,"href":"https:\/\/franciscanos.org.br\/noticias\/wp-json\/wp\/v2\/users\/1"}],"replies":[{"embeddable":true,"href":"https:\/\/franciscanos.org.br\/noticias\/wp-json\/wp\/v2\/comments?post=128791"}],"version-history":[{"count":0,"href":"https:\/\/franciscanos.org.br\/noticias\/wp-json\/wp\/v2\/posts\/128791\/revisions"}],"wp:featuredmedia":[{"embeddable":true,"href":"https:\/\/franciscanos.org.br\/noticias\/wp-json\/wp\/v2\/media\/197149"}],"wp:attachment":[{"href":"https:\/\/franciscanos.org.br\/noticias\/wp-json\/wp\/v2\/media?parent=128791"}],"wp:term":[{"taxonomy":"category","embeddable":true,"href":"https:\/\/franciscanos.org.br\/noticias\/wp-json\/wp\/v2\/categories?post=128791"},{"taxonomy":"post_tag","embeddable":true,"href":"https:\/\/franciscanos.org.br\/noticias\/wp-json\/wp\/v2\/tags?post=128791"}],"curies":[{"name":"wp","href":"https:\/\/api.w.org\/{rel}","templated":true}]}}