{"id":128764,"date":"2017-03-28T07:01:36","date_gmt":"2017-03-28T10:01:36","guid":{"rendered":"http:\/\/franciscanos.org.br\/?p=128764"},"modified":"2020-06-09T09:58:47","modified_gmt":"2020-06-09T12:58:47","slug":"papa-francisco-a-preguica-nos-deixa-paraliticos","status":"publish","type":"post","link":"https:\/\/franciscanos.org.br\/noticias\/papa-francisco-a-preguica-nos-deixa-paraliticos.html","title":{"rendered":"Papa Francisco: &#8216;A pregui\u00e7a nos deixa paral\u00edticos&#8217;"},"content":{"rendered":"<p><img loading=\"lazy\" class=\"alignleft\" src=\"http:\/\/franciscanos.org.br\/wp-content\/uploads\/2017\/03\/marta_280317.jpg\" alt=\"marta_280317\" width=\"820\" height=\"378\" \/><\/p>\n<p><strong>Cidade do Vaticano<\/strong> \u00a0\u2013 O Evangelho do dia, que narra o epis\u00f3dio do paral\u00edtico curado por Jesus, foi o centro da homilia do Papa na Missa celebrada na manh\u00e3 desta ter\u00e7a-feira (28\/03), na Casa Santa Marta. Um homem que estava doente havia trinta e oito anos estava deitado na beira de uma piscina com cinco p\u00f3rticos, chamada Betsaida. Muitos doentes ficavam ali deitados &#8211; cegos, coxos e paral\u00edticos -, esperando que a \u00e1gua se movesse. Diziam que quando um anjo descia e movimentava a \u00e1gua da piscina, os primeiros doentes que entrassem, depois do borbulhar da \u00e1gua, ficava curado de qualquer doen\u00e7a que tivesse.<\/p>\n<p>Jesus viu o homem deitado e sabendo que estava doente h\u00e1 tanto tempo, disse-lhe: &#8216;Quer ficar curado?&#8217;<\/p>\n<p>\u201c\u00c9 belo, Jesus sempre nos diz \u2018Quer ficar curado? Quer ser feliz? Quer melhorar a sua vida? Quer estar cheio do Esp\u00edrito Santo?\u2019&#8230; a palavra de Jesus&#8230; Todos os outros que estavam ali \u2013 doentes, cegos, paral\u00edticos \u2013 disseram: \u2018Sim, Senhor, sim!\u2019. Mas aquele homem, estranho, respondeu a Jesus: \u2018Senhor, n\u00e3o tenho ningu\u00e9m que me leve \u00e0 piscina quando a \u00e1gua \u00e9 agitada. Quando estou chegando, outro entra na minha frente\u2019. Sua resposta \u00e9 uma lamenta\u00e7\u00e3o: \u2018Veja, Senhor, como \u00e9 ruim e injusta a vida comigo. Todos os outros podem entrar e se curar e eu tento h\u00e1 38 anos, mas&#8230;\u2019<\/p>\n<p>\u201cEste homem \u2013 observa o Papa \u2013 era como a \u00e1rvore plantada nos bra\u00e7os de um rio &#8211; como diz o primeiro Salmo &#8211; \u2018mas tinha as ra\u00edzes secas\u2019 e \u2018as ra\u00edzes n\u00e3o tocavam a \u00e1gua, n\u00e3o podiam extrair sa\u00fade das \u00e1guas\u2019\u201d: \u201cIsto se entende pelo comportamento, pelas lamenta\u00e7\u00f5es&#8230; sempre tentando dar a culpa ao outro: \u2018Mas s\u00e3o os outros que v\u00e3o antes de mim, eu sou um coitadinho que est\u00e1 aqui h\u00e1 38 anos&#8230;\u201d. Este \u00e9 um pecado feio, o pecado da pregui\u00e7a, que \u00e9 pior do que ter o cora\u00e7\u00e3o morno, bem pior. \u00c9 viver, mas \u2018viver sem vontade de ir avante, de fazer alguma coisa na vida; \u00e9 perder a mem\u00f3ria da alegria\u2019. \u201cEste homem n\u00e3o conhecia nem de nome a alegria, a havia perdido. Isto \u00e9 pecado, \u00e9 uma doen\u00e7a muito ruim\u201d. \u2018Mas eu estou bem assim, me acostumei&#8230; A vida foi injusta comigo&#8230;\u2019. \u201cSente-se o ressentimento, a amargura do seu cora\u00e7\u00e3o\u201d.<\/p>\n<p>Jesus n\u00e3o o repreende, mas lhe diz: \u2018Levanta-te, pega a tua cama e anda\u2019. O paral\u00edtico se cura; mas era s\u00e1bado, os Doutores da Lei lhe dizem que n\u00e3o lhe \u00e9 permitido carregar a cama e lhe perguntando quem o havia curado naquele dia. \u2018\u00c9 contra a lei, este homem n\u00e3o \u00e9 de Deus\u2019. O Paral\u00edtico n\u00e3o tinha ainda agradecido Jesus, n\u00e3o lhe havia nem perguntado seu nome. \u201cLevantou-se com a pregui\u00e7a de quem vive porque o oxig\u00eanio \u00e9 gr\u00e1tis\u201d, disse o Papa.<\/p>\n<p>\u201cDaqueles que vivem sempre vendo que os outros s\u00e3o mais felizes e vivem na tristeza, esquecendo-se da alegria. A pregui\u00e7a \u2013 explicou Francisco \u2013 \u00e9 um pecado que paralisa, que nos deixa paral\u00edticos, que n\u00e3o deixa caminhar. Hoje tamb\u00e9m o Senhor olha por todos n\u00f3s; todos temos pecadores, mas vendo este pecado, nos diz: \u2018Levanta\u2019\u201d: \u201cHoje o Senhor diz a cada um de n\u00f3s: \u2018Levanta, pega a sua vida como ela \u00e9: boa, ruim, como for, pegue-a e v\u00e1 adiante. N\u00e3o tenha medo, vai adiante, com a tua cama\u2019. \u2018Mas Senhor, n\u00e3o \u00e9 o \u00faltimo modelo&#8230;\u2019. \u2018Vai avante! Com a cama ruim, mas avante! \u00c9 a sua vida e a sua alegria!\u2019 \u201cQuer ser curado? \u2013 \u00e9 a primeira pergunta que o Senhor nos faz hoje. \u2018Sim, Senhor\u2019. \u2018Levanta\u2019. E na ant\u00edfona, no in\u00edcio da Missa, havia aquele trecho t\u00e3o bonito: \u2018V\u00f3s, que tendes sede, vinde \u00e0s \u00e1guas \u2013 s\u00e3o gr\u00e1tis, n\u00e3o a pagamento \u2013 vinde e bebei com alegria\u2019. E se dissermos ao Senhor \u2018Sim, quero ser curado; sim, Senhor, ajuda-me porque quero me levantar\u2019, saberemos como \u00e9 a alegria da salva\u00e7\u00e3o\u201d.<\/p>\n<hr \/>\n<p><em>Fonte: R\u00e1dio Vaticano<\/em><\/p>\n","protected":false},"excerpt":{"rendered":"<p>Missa em Santa Marta<\/p>\n","protected":false},"author":1,"featured_media":197167,"comment_status":"open","ping_status":"open","sticky":false,"template":"","format":"standard","meta":[],"categories":[1428],"tags":[1586],"acf":[],"yoast_head":"<!-- This site is optimized with the Yoast SEO plugin v19.2 - https:\/\/yoast.com\/wordpress\/plugins\/seo\/ -->\n<title>Papa Francisco: &#039;A pregui\u00e7a nos deixa paral\u00edticos&#039; - Not\u00edcias - Franciscanos<\/title>\n<meta name=\"robots\" content=\"index, follow, max-snippet:-1, max-image-preview:large, max-video-preview:-1\" \/>\n<link rel=\"canonical\" href=\"https:\/\/franciscanos.org.br\/noticias\/papa-francisco-a-preguica-nos-deixa-paraliticos.html\" \/>\n<meta property=\"og:locale\" content=\"pt_BR\" \/>\n<meta property=\"og:type\" content=\"article\" \/>\n<meta property=\"og:title\" content=\"Papa Francisco: &#039;A pregui\u00e7a nos deixa paral\u00edticos&#039; - Not\u00edcias - Franciscanos\" \/>\n<meta property=\"og:description\" content=\"Missa em Santa Marta\" \/>\n<meta property=\"og:url\" content=\"https:\/\/franciscanos.org.br\/noticias\/papa-francisco-a-preguica-nos-deixa-paraliticos.html\" \/>\n<meta property=\"og:site_name\" content=\"Not\u00edcias - Franciscanos\" \/>\n<meta property=\"article:published_time\" content=\"2017-03-28T10:01:36+00:00\" \/>\n<meta property=\"article:modified_time\" content=\"2020-06-09T12:58:47+00:00\" \/>\n<meta property=\"og:image\" content=\"https:\/\/franciscanos.org.br\/noticias\/wp-content\/uploads\/2017\/03\/marta_280317.jpg\" \/>\n\t<meta property=\"og:image:width\" content=\"273\" \/>\n\t<meta property=\"og:image:height\" content=\"181\" \/>\n\t<meta property=\"og:image:type\" content=\"image\/jpeg\" \/>\n<meta name=\"author\" content=\"admin\" \/>\n<meta name=\"twitter:card\" content=\"summary_large_image\" \/>\n<meta name=\"twitter:label1\" content=\"Escrito por\" \/>\n\t<meta name=\"twitter:data1\" content=\"admin\" \/>\n\t<meta name=\"twitter:label2\" content=\"Est. tempo de leitura\" \/>\n\t<meta name=\"twitter:data2\" content=\"3 minutos\" \/>\n<script type=\"application\/ld+json\" class=\"yoast-schema-graph\">{\"@context\":\"https:\/\/schema.org\",\"@graph\":[{\"@type\":\"WebSite\",\"@id\":\"https:\/\/franciscanos.org.br\/noticias\/#website\",\"url\":\"https:\/\/franciscanos.org.br\/noticias\/\",\"name\":\"Not\u00edcias - Franciscanos\",\"description\":\"Prov\u00edncia Franciscana da Imaculada Concei\u00e7\u00e3o do Brasil - Ordem dos Frades Menores - OFM\",\"potentialAction\":[{\"@type\":\"SearchAction\",\"target\":{\"@type\":\"EntryPoint\",\"urlTemplate\":\"https:\/\/franciscanos.org.br\/noticias\/?s={search_term_string}\"},\"query-input\":\"required name=search_term_string\"}],\"inLanguage\":\"pt-BR\"},{\"@type\":\"ImageObject\",\"inLanguage\":\"pt-BR\",\"@id\":\"https:\/\/franciscanos.org.br\/noticias\/papa-francisco-a-preguica-nos-deixa-paraliticos.html#primaryimage\",\"url\":\"https:\/\/franciscanos.org.br\/noticias\/wp-content\/uploads\/2017\/03\/marta_280317.jpg\",\"contentUrl\":\"https:\/\/franciscanos.org.br\/noticias\/wp-content\/uploads\/2017\/03\/marta_280317.jpg\",\"width\":273,\"height\":181},{\"@type\":\"WebPage\",\"@id\":\"https:\/\/franciscanos.org.br\/noticias\/papa-francisco-a-preguica-nos-deixa-paraliticos.html#webpage\",\"url\":\"https:\/\/franciscanos.org.br\/noticias\/papa-francisco-a-preguica-nos-deixa-paraliticos.html\",\"name\":\"Papa Francisco: 'A pregui\u00e7a nos deixa paral\u00edticos' - Not\u00edcias - Franciscanos\",\"isPartOf\":{\"@id\":\"https:\/\/franciscanos.org.br\/noticias\/#website\"},\"primaryImageOfPage\":{\"@id\":\"https:\/\/franciscanos.org.br\/noticias\/papa-francisco-a-preguica-nos-deixa-paraliticos.html#primaryimage\"},\"datePublished\":\"2017-03-28T10:01:36+00:00\",\"dateModified\":\"2020-06-09T12:58:47+00:00\",\"author\":{\"@id\":\"https:\/\/franciscanos.org.br\/noticias\/#\/schema\/person\/b38fbf43118f02820bd932f2e4b14ad3\"},\"breadcrumb\":{\"@id\":\"https:\/\/franciscanos.org.br\/noticias\/papa-francisco-a-preguica-nos-deixa-paraliticos.html#breadcrumb\"},\"inLanguage\":\"pt-BR\",\"potentialAction\":[{\"@type\":\"ReadAction\",\"target\":[\"https:\/\/franciscanos.org.br\/noticias\/papa-francisco-a-preguica-nos-deixa-paraliticos.html\"]}]},{\"@type\":\"BreadcrumbList\",\"@id\":\"https:\/\/franciscanos.org.br\/noticias\/papa-francisco-a-preguica-nos-deixa-paraliticos.html#breadcrumb\",\"itemListElement\":[{\"@type\":\"ListItem\",\"position\":1,\"name\":\"Home\",\"item\":\"https:\/\/franciscanos.org.br\/noticias\"},{\"@type\":\"ListItem\",\"position\":2,\"name\":\"Papa Francisco: &#8216;A pregui\u00e7a nos deixa paral\u00edticos&#8217;\"}]},{\"@type\":\"Person\",\"@id\":\"https:\/\/franciscanos.org.br\/noticias\/#\/schema\/person\/b38fbf43118f02820bd932f2e4b14ad3\",\"name\":\"admin\",\"image\":{\"@type\":\"ImageObject\",\"inLanguage\":\"pt-BR\",\"@id\":\"https:\/\/franciscanos.org.br\/noticias\/#\/schema\/person\/image\/\",\"url\":\"https:\/\/secure.gravatar.com\/avatar\/e8495742d34d0ba6448ea1c628263b3e?s=96&d=mm&r=g\",\"contentUrl\":\"https:\/\/secure.gravatar.com\/avatar\/e8495742d34d0ba6448ea1c628263b3e?s=96&d=mm&r=g\",\"caption\":\"admin\"},\"url\":\"https:\/\/franciscanos.org.br\/noticias\/author\/admin\"}]}<\/script>\n<!-- \/ Yoast SEO plugin. -->","yoast_head_json":{"title":"Papa Francisco: 'A pregui\u00e7a nos deixa paral\u00edticos' - Not\u00edcias - Franciscanos","robots":{"index":"index","follow":"follow","max-snippet":"max-snippet:-1","max-image-preview":"max-image-preview:large","max-video-preview":"max-video-preview:-1"},"canonical":"https:\/\/franciscanos.org.br\/noticias\/papa-francisco-a-preguica-nos-deixa-paraliticos.html","og_locale":"pt_BR","og_type":"article","og_title":"Papa Francisco: 'A pregui\u00e7a nos deixa paral\u00edticos' - Not\u00edcias - Franciscanos","og_description":"Missa em Santa Marta","og_url":"https:\/\/franciscanos.org.br\/noticias\/papa-francisco-a-preguica-nos-deixa-paraliticos.html","og_site_name":"Not\u00edcias - Franciscanos","article_published_time":"2017-03-28T10:01:36+00:00","article_modified_time":"2020-06-09T12:58:47+00:00","og_image":[{"width":273,"height":181,"url":"https:\/\/franciscanos.org.br\/noticias\/wp-content\/uploads\/2017\/03\/marta_280317.jpg","type":"image\/jpeg"}],"author":"admin","twitter_card":"summary_large_image","twitter_misc":{"Escrito por":"admin","Est. tempo de leitura":"3 minutos"},"schema":{"@context":"https:\/\/schema.org","@graph":[{"@type":"WebSite","@id":"https:\/\/franciscanos.org.br\/noticias\/#website","url":"https:\/\/franciscanos.org.br\/noticias\/","name":"Not\u00edcias - Franciscanos","description":"Prov\u00edncia Franciscana da Imaculada Concei\u00e7\u00e3o do Brasil - Ordem dos Frades Menores - OFM","potentialAction":[{"@type":"SearchAction","target":{"@type":"EntryPoint","urlTemplate":"https:\/\/franciscanos.org.br\/noticias\/?s={search_term_string}"},"query-input":"required name=search_term_string"}],"inLanguage":"pt-BR"},{"@type":"ImageObject","inLanguage":"pt-BR","@id":"https:\/\/franciscanos.org.br\/noticias\/papa-francisco-a-preguica-nos-deixa-paraliticos.html#primaryimage","url":"https:\/\/franciscanos.org.br\/noticias\/wp-content\/uploads\/2017\/03\/marta_280317.jpg","contentUrl":"https:\/\/franciscanos.org.br\/noticias\/wp-content\/uploads\/2017\/03\/marta_280317.jpg","width":273,"height":181},{"@type":"WebPage","@id":"https:\/\/franciscanos.org.br\/noticias\/papa-francisco-a-preguica-nos-deixa-paraliticos.html#webpage","url":"https:\/\/franciscanos.org.br\/noticias\/papa-francisco-a-preguica-nos-deixa-paraliticos.html","name":"Papa Francisco: 'A pregui\u00e7a nos deixa paral\u00edticos' - Not\u00edcias - Franciscanos","isPartOf":{"@id":"https:\/\/franciscanos.org.br\/noticias\/#website"},"primaryImageOfPage":{"@id":"https:\/\/franciscanos.org.br\/noticias\/papa-francisco-a-preguica-nos-deixa-paraliticos.html#primaryimage"},"datePublished":"2017-03-28T10:01:36+00:00","dateModified":"2020-06-09T12:58:47+00:00","author":{"@id":"https:\/\/franciscanos.org.br\/noticias\/#\/schema\/person\/b38fbf43118f02820bd932f2e4b14ad3"},"breadcrumb":{"@id":"https:\/\/franciscanos.org.br\/noticias\/papa-francisco-a-preguica-nos-deixa-paraliticos.html#breadcrumb"},"inLanguage":"pt-BR","potentialAction":[{"@type":"ReadAction","target":["https:\/\/franciscanos.org.br\/noticias\/papa-francisco-a-preguica-nos-deixa-paraliticos.html"]}]},{"@type":"BreadcrumbList","@id":"https:\/\/franciscanos.org.br\/noticias\/papa-francisco-a-preguica-nos-deixa-paraliticos.html#breadcrumb","itemListElement":[{"@type":"ListItem","position":1,"name":"Home","item":"https:\/\/franciscanos.org.br\/noticias"},{"@type":"ListItem","position":2,"name":"Papa Francisco: &#8216;A pregui\u00e7a nos deixa paral\u00edticos&#8217;"}]},{"@type":"Person","@id":"https:\/\/franciscanos.org.br\/noticias\/#\/schema\/person\/b38fbf43118f02820bd932f2e4b14ad3","name":"admin","image":{"@type":"ImageObject","inLanguage":"pt-BR","@id":"https:\/\/franciscanos.org.br\/noticias\/#\/schema\/person\/image\/","url":"https:\/\/secure.gravatar.com\/avatar\/e8495742d34d0ba6448ea1c628263b3e?s=96&d=mm&r=g","contentUrl":"https:\/\/secure.gravatar.com\/avatar\/e8495742d34d0ba6448ea1c628263b3e?s=96&d=mm&r=g","caption":"admin"},"url":"https:\/\/franciscanos.org.br\/noticias\/author\/admin"}]}},"_links":{"self":[{"href":"https:\/\/franciscanos.org.br\/noticias\/wp-json\/wp\/v2\/posts\/128764"}],"collection":[{"href":"https:\/\/franciscanos.org.br\/noticias\/wp-json\/wp\/v2\/posts"}],"about":[{"href":"https:\/\/franciscanos.org.br\/noticias\/wp-json\/wp\/v2\/types\/post"}],"author":[{"embeddable":true,"href":"https:\/\/franciscanos.org.br\/noticias\/wp-json\/wp\/v2\/users\/1"}],"replies":[{"embeddable":true,"href":"https:\/\/franciscanos.org.br\/noticias\/wp-json\/wp\/v2\/comments?post=128764"}],"version-history":[{"count":1,"href":"https:\/\/franciscanos.org.br\/noticias\/wp-json\/wp\/v2\/posts\/128764\/revisions"}],"predecessor-version":[{"id":225406,"href":"https:\/\/franciscanos.org.br\/noticias\/wp-json\/wp\/v2\/posts\/128764\/revisions\/225406"}],"wp:featuredmedia":[{"embeddable":true,"href":"https:\/\/franciscanos.org.br\/noticias\/wp-json\/wp\/v2\/media\/197167"}],"wp:attachment":[{"href":"https:\/\/franciscanos.org.br\/noticias\/wp-json\/wp\/v2\/media?parent=128764"}],"wp:term":[{"taxonomy":"category","embeddable":true,"href":"https:\/\/franciscanos.org.br\/noticias\/wp-json\/wp\/v2\/categories?post=128764"},{"taxonomy":"post_tag","embeddable":true,"href":"https:\/\/franciscanos.org.br\/noticias\/wp-json\/wp\/v2\/tags?post=128764"}],"curies":[{"name":"wp","href":"https:\/\/api.w.org\/{rel}","templated":true}]}}