{"id":128727,"date":"2017-03-27T08:40:35","date_gmt":"2017-03-27T11:40:35","guid":{"rendered":"http:\/\/franciscanos.org.br\/?p=128727"},"modified":"2019-01-28T13:56:58","modified_gmt":"2019-01-28T15:56:58","slug":"nossa-senhora-da-penha-visitou-o-santuario-do-espirito-santo","status":"publish","type":"post","link":"https:\/\/franciscanos.org.br\/noticias\/nossa-senhora-da-penha-visitou-o-santuario-do-espirito-santo.html","title":{"rendered":"Nossa Senhora da Penha visita Santu\u00e1rio do Esp\u00edrito Santo"},"content":{"rendered":"<p><img loading=\"lazy\" class=\"aligncenter\" src=\"http:\/\/franciscanos.org.br\/wp-content\/uploads\/2017\/03\/penha_270317.jpg\" alt=\"penha_270317\" width=\"820\" height=\"439\" \/><\/p>\n<p><strong>Vila Velha (ES)<\/strong> &#8211; Com a inten\u00e7\u00e3o de preparar as par\u00f3quias de Vila Velha para a grande festa da Penha, o Convento da Penha prop\u00f4s a visita da imagem de Nossa Senhora. Os p\u00e1rocos que se interessaram puderam escolher a data. O Santu\u00e1rio escolheu 25 de mar\u00e7o, solenidade da Anuncia\u00e7\u00e3o do Senhor, data tamb\u00e9m favor\u00e1vel por ser s\u00e1bado.<\/p>\n<p>Na sexta de noite, Frei Djalmo, Frei Florival e Frei Leandro buscaram no Convento a imagem e em carro aberto pelas ruas a trouxeram at\u00e9 o Santu\u00e1rio, onde os paroquianos a receberam com c\u00e2nticos e a entronizaram em altar preparado com as cores da Penha (que s\u00e3o tamb\u00e9m as cores do Estado do Esp\u00edrito Santo) sob o grande crucifixo, no amplo espa\u00e7o que antigamente se chamava de presbit\u00e9rio.<\/p>\n<p>O grupo Homens do Ter\u00e7o rezou os mist\u00e9rios gozosos, acompanhados de suas fam\u00edlias e grande n\u00famero de devotos. Frei Florival celebrou a Eucaristia, acentuando o significado pastoral da visita de Maria \u00e0 Par\u00f3quia na festa lit\u00fargica em que ela se tornou m\u00e3e do Filho de Deus. Ela, que concebera do Esp\u00edrito Santo, estava sendo recebida e homenageada no Santu\u00e1rio do Esp\u00edrito Santo.<\/p>\n<p>No s\u00e1bado, \u00e0s 7h da manh\u00e3 Frei Clar\u00eancio celebrou a Missa da solenidade, com bem mais de quatrocentas pessoas. Na homilia Frei Clar\u00eancio lembrou que, encarnando Maria a Jesus, encarnou tamb\u00e9m a Igreja; e concebendo Jesus, ela se tornou a M\u00e3e de Deus e com isto n\u00f3s nos tornamos participantes da natureza divina.<\/p>\n<p>Durante o dia as dez comunidades se revezaram na ora\u00e7\u00e3o, reflex\u00e3o e cantos. Foi intensa a participa\u00e7\u00e3o de todos. Entre 11h e 12h Frei Clar\u00eancio fez palestra diante de Nossa Senhora da Penha, sobre o sentido pastoral de sua presen\u00e7a no Estado. Lembrou que, diferentemente de outros t\u00edtulos de Nossa Senhora, este \u00e9 pascal e cristoc\u00eantrico, porque celebra a passagem da dor e da tristeza da morte (em latim <em>P<\/em><em>\u0153<\/em><em>na<\/em>, de onde, por corruptela popular nasceu Penha) para a alegria da ressurrei\u00e7\u00e3o. E demorou-se em mostrar o conte\u00fado forte de esperan\u00e7a que esse t\u00edtulo de Maria tem para os crist\u00e3os.<\/p>\n<p>\u00c0s 17h concelebramos a Missa da Anuncia\u00e7\u00e3o com o Santu\u00e1rio cheio. O Evangelho foi encenado e o di\u00e1logo entre o anjo e Maria todo cantado. Frei Almir Ribeiro Guimar\u00e3es, de passagem pela Par\u00f3quia, pregou sobre Maria, que foi abrindo seu cora\u00e7\u00e3o para Deus \u00e0 medida que foram surgindo os fatos bonitos e os fatos desencontrados da vida de Jesus. Crian\u00e7as trouxeram flores. Anjos em carne humana, de asas brancas, cantaram a Maria. Todos juntos rezamos pela paz, que nasce do respeito e da benqueren\u00e7a fraterna, prestando sentida homenagem a Mateus, o coordenador da pastoral dos jovens da Comunidade do Santu\u00e1rio, assassinado pela manh\u00e3. Foi o terceiro jovem que nossa par\u00f3quia perdeu em sete dias. Por isso nossa ora\u00e7\u00e3o vespertina \u00e0 Virgem da Penha, que nos visitava como m\u00e3e, se revestiu de promessas de n\u00e3o viol\u00eancia, de pacifica\u00e7\u00e3o social e de intenso carinho fraterno.<\/p>\n<p><strong>Frei Clar\u00eancio Neotti<\/strong><\/p>\n<p><em>Fotos: Gabriela Spalla, especial para este site<\/em><\/p>\n<p><img loading=\"lazy\" src=\"http:\/\/franciscanos.org.br\/wp-content\/uploads\/2017\/03\/penha_270317_4.png\" alt=\"penha_270317_4\" width=\"820\" height=\"227\" \/><\/p>\n","protected":false},"excerpt":{"rendered":"<p>Festa da Penha<\/p>\n","protected":false},"author":1,"featured_media":197174,"comment_status":"open","ping_status":"open","sticky":false,"template":"","format":"standard","meta":[],"categories":[1],"tags":[231],"acf":[],"yoast_head":"<!-- This site is optimized with the Yoast SEO plugin v19.2 - https:\/\/yoast.com\/wordpress\/plugins\/seo\/ -->\n<title>Nossa Senhora da Penha visita Santu\u00e1rio do Esp\u00edrito Santo - Not\u00edcias - Franciscanos<\/title>\n<meta name=\"robots\" content=\"index, follow, max-snippet:-1, max-image-preview:large, max-video-preview:-1\" \/>\n<link rel=\"canonical\" href=\"https:\/\/franciscanos.org.br\/noticias\/nossa-senhora-da-penha-visitou-o-santuario-do-espirito-santo.html\" \/>\n<meta property=\"og:locale\" content=\"pt_BR\" \/>\n<meta property=\"og:type\" content=\"article\" \/>\n<meta property=\"og:title\" content=\"Nossa Senhora da Penha visita Santu\u00e1rio do Esp\u00edrito Santo - Not\u00edcias - Franciscanos\" \/>\n<meta property=\"og:description\" content=\"Festa da Penha\" \/>\n<meta property=\"og:url\" content=\"https:\/\/franciscanos.org.br\/noticias\/nossa-senhora-da-penha-visitou-o-santuario-do-espirito-santo.html\" \/>\n<meta property=\"og:site_name\" content=\"Not\u00edcias - Franciscanos\" \/>\n<meta property=\"article:published_time\" content=\"2017-03-27T11:40:35+00:00\" \/>\n<meta property=\"article:modified_time\" content=\"2019-01-28T15:56:58+00:00\" \/>\n<meta property=\"og:image\" content=\"https:\/\/franciscanos.org.br\/noticias\/wp-content\/uploads\/2017\/03\/penha_270317.jpg\" \/>\n\t<meta property=\"og:image:width\" content=\"273\" \/>\n\t<meta property=\"og:image:height\" content=\"181\" \/>\n\t<meta property=\"og:image:type\" content=\"image\/jpeg\" \/>\n<meta name=\"author\" content=\"admin\" \/>\n<meta name=\"twitter:card\" content=\"summary_large_image\" \/>\n<meta name=\"twitter:label1\" content=\"Escrito por\" \/>\n\t<meta name=\"twitter:data1\" content=\"admin\" \/>\n\t<meta name=\"twitter:label2\" content=\"Est. tempo de leitura\" \/>\n\t<meta name=\"twitter:data2\" content=\"3 minutos\" \/>\n<script type=\"application\/ld+json\" class=\"yoast-schema-graph\">{\"@context\":\"https:\/\/schema.org\",\"@graph\":[{\"@type\":\"WebSite\",\"@id\":\"https:\/\/franciscanos.org.br\/noticias\/#website\",\"url\":\"https:\/\/franciscanos.org.br\/noticias\/\",\"name\":\"Not\u00edcias - Franciscanos\",\"description\":\"Prov\u00edncia Franciscana da Imaculada Concei\u00e7\u00e3o do Brasil - Ordem dos Frades Menores - OFM\",\"potentialAction\":[{\"@type\":\"SearchAction\",\"target\":{\"@type\":\"EntryPoint\",\"urlTemplate\":\"https:\/\/franciscanos.org.br\/noticias\/?s={search_term_string}\"},\"query-input\":\"required name=search_term_string\"}],\"inLanguage\":\"pt-BR\"},{\"@type\":\"ImageObject\",\"inLanguage\":\"pt-BR\",\"@id\":\"https:\/\/franciscanos.org.br\/noticias\/nossa-senhora-da-penha-visitou-o-santuario-do-espirito-santo.html#primaryimage\",\"url\":\"https:\/\/franciscanos.org.br\/noticias\/wp-content\/uploads\/2017\/03\/penha_270317.jpg\",\"contentUrl\":\"https:\/\/franciscanos.org.br\/noticias\/wp-content\/uploads\/2017\/03\/penha_270317.jpg\",\"width\":273,\"height\":181},{\"@type\":\"WebPage\",\"@id\":\"https:\/\/franciscanos.org.br\/noticias\/nossa-senhora-da-penha-visitou-o-santuario-do-espirito-santo.html#webpage\",\"url\":\"https:\/\/franciscanos.org.br\/noticias\/nossa-senhora-da-penha-visitou-o-santuario-do-espirito-santo.html\",\"name\":\"Nossa Senhora da Penha visita Santu\u00e1rio do Esp\u00edrito Santo - Not\u00edcias - Franciscanos\",\"isPartOf\":{\"@id\":\"https:\/\/franciscanos.org.br\/noticias\/#website\"},\"primaryImageOfPage\":{\"@id\":\"https:\/\/franciscanos.org.br\/noticias\/nossa-senhora-da-penha-visitou-o-santuario-do-espirito-santo.html#primaryimage\"},\"datePublished\":\"2017-03-27T11:40:35+00:00\",\"dateModified\":\"2019-01-28T15:56:58+00:00\",\"author\":{\"@id\":\"https:\/\/franciscanos.org.br\/noticias\/#\/schema\/person\/b38fbf43118f02820bd932f2e4b14ad3\"},\"breadcrumb\":{\"@id\":\"https:\/\/franciscanos.org.br\/noticias\/nossa-senhora-da-penha-visitou-o-santuario-do-espirito-santo.html#breadcrumb\"},\"inLanguage\":\"pt-BR\",\"potentialAction\":[{\"@type\":\"ReadAction\",\"target\":[\"https:\/\/franciscanos.org.br\/noticias\/nossa-senhora-da-penha-visitou-o-santuario-do-espirito-santo.html\"]}]},{\"@type\":\"BreadcrumbList\",\"@id\":\"https:\/\/franciscanos.org.br\/noticias\/nossa-senhora-da-penha-visitou-o-santuario-do-espirito-santo.html#breadcrumb\",\"itemListElement\":[{\"@type\":\"ListItem\",\"position\":1,\"name\":\"Home\",\"item\":\"https:\/\/franciscanos.org.br\/noticias\"},{\"@type\":\"ListItem\",\"position\":2,\"name\":\"Nossa Senhora da Penha visita Santu\u00e1rio do Esp\u00edrito Santo\"}]},{\"@type\":\"Person\",\"@id\":\"https:\/\/franciscanos.org.br\/noticias\/#\/schema\/person\/b38fbf43118f02820bd932f2e4b14ad3\",\"name\":\"admin\",\"image\":{\"@type\":\"ImageObject\",\"inLanguage\":\"pt-BR\",\"@id\":\"https:\/\/franciscanos.org.br\/noticias\/#\/schema\/person\/image\/\",\"url\":\"https:\/\/secure.gravatar.com\/avatar\/e8495742d34d0ba6448ea1c628263b3e?s=96&d=mm&r=g\",\"contentUrl\":\"https:\/\/secure.gravatar.com\/avatar\/e8495742d34d0ba6448ea1c628263b3e?s=96&d=mm&r=g\",\"caption\":\"admin\"},\"url\":\"https:\/\/franciscanos.org.br\/noticias\/author\/admin\"}]}<\/script>\n<!-- \/ Yoast SEO plugin. -->","yoast_head_json":{"title":"Nossa Senhora da Penha visita Santu\u00e1rio do Esp\u00edrito Santo - Not\u00edcias - Franciscanos","robots":{"index":"index","follow":"follow","max-snippet":"max-snippet:-1","max-image-preview":"max-image-preview:large","max-video-preview":"max-video-preview:-1"},"canonical":"https:\/\/franciscanos.org.br\/noticias\/nossa-senhora-da-penha-visitou-o-santuario-do-espirito-santo.html","og_locale":"pt_BR","og_type":"article","og_title":"Nossa Senhora da Penha visita Santu\u00e1rio do Esp\u00edrito Santo - Not\u00edcias - Franciscanos","og_description":"Festa da Penha","og_url":"https:\/\/franciscanos.org.br\/noticias\/nossa-senhora-da-penha-visitou-o-santuario-do-espirito-santo.html","og_site_name":"Not\u00edcias - Franciscanos","article_published_time":"2017-03-27T11:40:35+00:00","article_modified_time":"2019-01-28T15:56:58+00:00","og_image":[{"width":273,"height":181,"url":"https:\/\/franciscanos.org.br\/noticias\/wp-content\/uploads\/2017\/03\/penha_270317.jpg","type":"image\/jpeg"}],"author":"admin","twitter_card":"summary_large_image","twitter_misc":{"Escrito por":"admin","Est. tempo de leitura":"3 minutos"},"schema":{"@context":"https:\/\/schema.org","@graph":[{"@type":"WebSite","@id":"https:\/\/franciscanos.org.br\/noticias\/#website","url":"https:\/\/franciscanos.org.br\/noticias\/","name":"Not\u00edcias - Franciscanos","description":"Prov\u00edncia Franciscana da Imaculada Concei\u00e7\u00e3o do Brasil - Ordem dos Frades Menores - OFM","potentialAction":[{"@type":"SearchAction","target":{"@type":"EntryPoint","urlTemplate":"https:\/\/franciscanos.org.br\/noticias\/?s={search_term_string}"},"query-input":"required name=search_term_string"}],"inLanguage":"pt-BR"},{"@type":"ImageObject","inLanguage":"pt-BR","@id":"https:\/\/franciscanos.org.br\/noticias\/nossa-senhora-da-penha-visitou-o-santuario-do-espirito-santo.html#primaryimage","url":"https:\/\/franciscanos.org.br\/noticias\/wp-content\/uploads\/2017\/03\/penha_270317.jpg","contentUrl":"https:\/\/franciscanos.org.br\/noticias\/wp-content\/uploads\/2017\/03\/penha_270317.jpg","width":273,"height":181},{"@type":"WebPage","@id":"https:\/\/franciscanos.org.br\/noticias\/nossa-senhora-da-penha-visitou-o-santuario-do-espirito-santo.html#webpage","url":"https:\/\/franciscanos.org.br\/noticias\/nossa-senhora-da-penha-visitou-o-santuario-do-espirito-santo.html","name":"Nossa Senhora da Penha visita Santu\u00e1rio do Esp\u00edrito Santo - Not\u00edcias - Franciscanos","isPartOf":{"@id":"https:\/\/franciscanos.org.br\/noticias\/#website"},"primaryImageOfPage":{"@id":"https:\/\/franciscanos.org.br\/noticias\/nossa-senhora-da-penha-visitou-o-santuario-do-espirito-santo.html#primaryimage"},"datePublished":"2017-03-27T11:40:35+00:00","dateModified":"2019-01-28T15:56:58+00:00","author":{"@id":"https:\/\/franciscanos.org.br\/noticias\/#\/schema\/person\/b38fbf43118f02820bd932f2e4b14ad3"},"breadcrumb":{"@id":"https:\/\/franciscanos.org.br\/noticias\/nossa-senhora-da-penha-visitou-o-santuario-do-espirito-santo.html#breadcrumb"},"inLanguage":"pt-BR","potentialAction":[{"@type":"ReadAction","target":["https:\/\/franciscanos.org.br\/noticias\/nossa-senhora-da-penha-visitou-o-santuario-do-espirito-santo.html"]}]},{"@type":"BreadcrumbList","@id":"https:\/\/franciscanos.org.br\/noticias\/nossa-senhora-da-penha-visitou-o-santuario-do-espirito-santo.html#breadcrumb","itemListElement":[{"@type":"ListItem","position":1,"name":"Home","item":"https:\/\/franciscanos.org.br\/noticias"},{"@type":"ListItem","position":2,"name":"Nossa Senhora da Penha visita Santu\u00e1rio do Esp\u00edrito Santo"}]},{"@type":"Person","@id":"https:\/\/franciscanos.org.br\/noticias\/#\/schema\/person\/b38fbf43118f02820bd932f2e4b14ad3","name":"admin","image":{"@type":"ImageObject","inLanguage":"pt-BR","@id":"https:\/\/franciscanos.org.br\/noticias\/#\/schema\/person\/image\/","url":"https:\/\/secure.gravatar.com\/avatar\/e8495742d34d0ba6448ea1c628263b3e?s=96&d=mm&r=g","contentUrl":"https:\/\/secure.gravatar.com\/avatar\/e8495742d34d0ba6448ea1c628263b3e?s=96&d=mm&r=g","caption":"admin"},"url":"https:\/\/franciscanos.org.br\/noticias\/author\/admin"}]}},"_links":{"self":[{"href":"https:\/\/franciscanos.org.br\/noticias\/wp-json\/wp\/v2\/posts\/128727"}],"collection":[{"href":"https:\/\/franciscanos.org.br\/noticias\/wp-json\/wp\/v2\/posts"}],"about":[{"href":"https:\/\/franciscanos.org.br\/noticias\/wp-json\/wp\/v2\/types\/post"}],"author":[{"embeddable":true,"href":"https:\/\/franciscanos.org.br\/noticias\/wp-json\/wp\/v2\/users\/1"}],"replies":[{"embeddable":true,"href":"https:\/\/franciscanos.org.br\/noticias\/wp-json\/wp\/v2\/comments?post=128727"}],"version-history":[{"count":0,"href":"https:\/\/franciscanos.org.br\/noticias\/wp-json\/wp\/v2\/posts\/128727\/revisions"}],"wp:featuredmedia":[{"embeddable":true,"href":"https:\/\/franciscanos.org.br\/noticias\/wp-json\/wp\/v2\/media\/197174"}],"wp:attachment":[{"href":"https:\/\/franciscanos.org.br\/noticias\/wp-json\/wp\/v2\/media?parent=128727"}],"wp:term":[{"taxonomy":"category","embeddable":true,"href":"https:\/\/franciscanos.org.br\/noticias\/wp-json\/wp\/v2\/categories?post=128727"},{"taxonomy":"post_tag","embeddable":true,"href":"https:\/\/franciscanos.org.br\/noticias\/wp-json\/wp\/v2\/tags?post=128727"}],"curies":[{"name":"wp","href":"https:\/\/api.w.org\/{rel}","templated":true}]}}