{"id":128625,"date":"2017-03-25T23:32:17","date_gmt":"2017-03-26T02:32:17","guid":{"rendered":"http:\/\/franciscanos.org.br\/?p=128625"},"modified":"2019-01-28T14:12:00","modified_gmt":"2019-01-28T16:12:00","slug":"ser-no-mundo-sinal-da-proximidade-de-deus-pede-dom-orani","status":"publish","type":"post","link":"https:\/\/franciscanos.org.br\/noticias\/ser-no-mundo-sinal-da-proximidade-de-deus-pede-dom-orani.html","title":{"rendered":"&#8220;Ser no mundo sinal da proximidade de Deus&#8221;, pede D. Orani"},"content":{"rendered":"<p><strong><img loading=\"lazy\" class=\"alignleft size-full wp-image-197187\" src=\"https:\/\/franciscanos.org.br\/noticias\/wp-content\/uploads\/2017\/03\/freialan830_250317.jpg\" alt=\"\" width=\"830\" height=\"420\" srcset=\"https:\/\/franciscanos.org.br\/noticias\/wp-content\/uploads\/2017\/03\/freialan830_250317.jpg 830w, https:\/\/franciscanos.org.br\/noticias\/wp-content\/uploads\/2017\/03\/freialan830_250317-450x228.jpg 450w, https:\/\/franciscanos.org.br\/noticias\/wp-content\/uploads\/2017\/03\/freialan830_250317-768x389.jpg 768w, https:\/\/franciscanos.org.br\/noticias\/wp-content\/uploads\/2017\/03\/freialan830_250317-150x76.jpg 150w\" sizes=\"(max-width: 830px) 100vw, 830px\" \/>\u00c9rika Augusto<\/strong><\/p>\n<p><strong>Rocinha (RJ) &#8211;\u00a0<\/strong>Neste s\u00e1bado, 25 de mar\u00e7o, Solenidade da Anuncia\u00e7\u00e3o do Senhor, a Prov\u00edncia Franciscana da Imaculada Concei\u00e7\u00e3o acolheu mais um di\u00e1cono. A comunidade da Par\u00f3quia Nossa Senhora da Boa Viagem celebrou com alegria a ordena\u00e7\u00e3o diaconal de Frei Alan Maia, concluindo assim uma semana intensa de miss\u00f5es, visitas, celebra\u00e7\u00f5es e muitas atividades.<\/p>\n<p>A Par\u00f3quia, localizada na Rocinha, ficou repleta de fi\u00e9is. Muitos tiveram que acompanhar a Missa de um tel\u00e3o, montado fora da igreja para que todos pudessem acompanhar a celebra\u00e7\u00e3o. Al\u00e9m da fam\u00edlia de Frei Alan Maia, amigos de Bangu, bairro de origem do frade, e de Nil\u00f3polis, onde ele j\u00e1 trabalhou, marcaram presen\u00e7a. A Missa teve in\u00edcio \u00e0s 18 horas e foi presidida pelo\u00a0Arcebispo da Arquidiocese de S\u00e3o Sebasti\u00e3o do Rio de Janeiro, Dom Orani Jo\u00e3o Tempesta, \u00a0e os concelebrantes Frei C\u00e9sar K\u00fclkamp, Vig\u00e1rio Provincial, Frei Sandro Roberto da Costa, Vig\u00e1rio Paroquial; Frei Diego Melo, Coordenador do Servi\u00e7o de Anima\u00e7\u00e3o Vocacional (SAV). Frades vindos das Fraternidades do Convento Santo Ant\u00f4nio, Nil\u00f3polis, S\u00e3o Jo\u00e3o do Meriti, Convento S\u00e3o Francisco em S\u00e3o Paulo, frades estudantes de Teologia, em Petr\u00f3polis, padres da Congrega\u00e7\u00e3o dos Legion\u00e1rios de Cristo, padres e seminaristas diocesanos, al\u00e9m de duas clarissas do Mosteiro Nossa Senhora dos Anjos.<\/p>\n<p><img loading=\"lazy\" class=\"alignleft wp-image-197189\" src=\"https:\/\/franciscanos.org.br\/noticias\/wp-content\/uploads\/2017\/03\/freialan_250317-36.jpg\" alt=\"\" width=\"450\" height=\"299\" srcset=\"https:\/\/franciscanos.org.br\/noticias\/wp-content\/uploads\/2017\/03\/freialan_250317-36.jpg 800w, https:\/\/franciscanos.org.br\/noticias\/wp-content\/uploads\/2017\/03\/freialan_250317-36-450x299.jpg 450w, https:\/\/franciscanos.org.br\/noticias\/wp-content\/uploads\/2017\/03\/freialan_250317-36-768x511.jpg 768w, https:\/\/franciscanos.org.br\/noticias\/wp-content\/uploads\/2017\/03\/freialan_250317-36-150x100.jpg 150w\" sizes=\"(max-width: 450px) 100vw, 450px\" \/>Em sua homilia, Dom Orani destacou a Solenidade celebrada neste dia 25, a Anuncia\u00e7\u00e3o do Senhor. \u201cIsso n\u00e3o \u00e9 s\u00f3 um fato do passado. O Senhor tamb\u00e9m est\u00e1 presente hoje no meio de todos n\u00f3s. Deus est\u00e1 aqui na Rocinha. Deus habita no meio de n\u00f3s\u201d, afirmou o Arcebispo, que acrescentou: todos s\u00e3o chamados \u00e0 missionariedade, transformando assim a realidade onde vive.<\/p>\n<p>O Arcebispo destacou ainda que a miss\u00e3o de todo crist\u00e3o batizado \u00e9 ser sinal da proximidade de Deus, e frisou a import\u00e2ncia da op\u00e7\u00e3o pela pobreza e simplicidade feita pelos franciscanos.<\/p>\n<p>No momento de a\u00e7\u00e3o de gra\u00e7as, Frei C\u00e9sar agradeceu ao Arcebispo pela presen\u00e7a na celebra\u00e7\u00e3o, e leu a mensagem do Ministro Provincial, Frei Fid\u00eancio Vanboemmel, prestando solidariedade a toda a Fraternidade, que vive um momento delicado com a interna\u00e7\u00e3o de Frei M\u00e1rcio de Ara\u00fajo Terra, devido a\u00a0um acidente dom\u00e9stico nesta semana e est\u00e1 na UTI.<\/p>\n<p>Emocionado, Frei Alan agradeceu sua fam\u00edlia, os frades e toda a comunidade da Rocinha, que o acolheu e se preparou para viver intensamente este dia de festa. Frei Sandro refor\u00e7ou os agradecimentos e acrescentou: \u201cN\u00e3o esqueceremos tudo o que a comunidade fez nestes dias\u201d.<\/p>\n<p>Ap\u00f3s a Missa, todos foram convidados para uma recep\u00e7\u00e3o no sal\u00e3o paroquial.<\/p>\n<p><iframe loading=\"lazy\" src=\"https:\/\/www.youtube.com\/embed\/EYsKrlFFg8g\" width=\"100%\" height=\"480\" frameborder=\"0\" allowfullscreen=\"allowfullscreen\"><span data-mce-type=\"bookmark\" style=\"display: inline-block; width: 0px; overflow: hidden; line-height: 0;\" class=\"mce_SELRES_start\">\ufeff<\/span><\/iframe><\/p>\n","protected":false},"excerpt":{"rendered":"<p>Ordena\u00e7\u00e3o Diaconal<\/p>\n","protected":false},"author":1,"featured_media":197188,"comment_status":"open","ping_status":"open","sticky":false,"template":"","format":"standard","meta":[],"categories":[1],"tags":[552,1130],"acf":[],"yoast_head":"<!-- This site is optimized with the Yoast SEO plugin v19.2 - https:\/\/yoast.com\/wordpress\/plugins\/seo\/ -->\n<title>&quot;Ser no mundo sinal da proximidade de Deus&quot;, pede D. Orani - Not\u00edcias - Franciscanos<\/title>\n<meta name=\"robots\" content=\"index, follow, max-snippet:-1, max-image-preview:large, max-video-preview:-1\" \/>\n<link rel=\"canonical\" href=\"https:\/\/franciscanos.org.br\/noticias\/ser-no-mundo-sinal-da-proximidade-de-deus-pede-dom-orani.html\" \/>\n<meta property=\"og:locale\" content=\"pt_BR\" \/>\n<meta property=\"og:type\" content=\"article\" \/>\n<meta property=\"og:title\" content=\"&quot;Ser no mundo sinal da proximidade de Deus&quot;, pede D. Orani - Not\u00edcias - Franciscanos\" \/>\n<meta property=\"og:description\" content=\"Ordena\u00e7\u00e3o Diaconal\" \/>\n<meta property=\"og:url\" content=\"https:\/\/franciscanos.org.br\/noticias\/ser-no-mundo-sinal-da-proximidade-de-deus-pede-dom-orani.html\" \/>\n<meta property=\"og:site_name\" content=\"Not\u00edcias - Franciscanos\" \/>\n<meta property=\"article:published_time\" content=\"2017-03-26T02:32:17+00:00\" \/>\n<meta property=\"article:modified_time\" content=\"2019-01-28T16:12:00+00:00\" \/>\n<meta property=\"og:image\" content=\"https:\/\/franciscanos.org.br\/noticias\/wp-content\/uploads\/2017\/03\/freialan_250317-20.jpg\" \/>\n\t<meta property=\"og:image:width\" content=\"273\" \/>\n\t<meta property=\"og:image:height\" content=\"181\" \/>\n\t<meta property=\"og:image:type\" content=\"image\/jpeg\" \/>\n<meta name=\"author\" content=\"admin\" \/>\n<meta name=\"twitter:card\" content=\"summary_large_image\" \/>\n<meta name=\"twitter:label1\" content=\"Escrito por\" \/>\n\t<meta name=\"twitter:data1\" content=\"admin\" \/>\n\t<meta name=\"twitter:label2\" content=\"Est. tempo de leitura\" \/>\n\t<meta name=\"twitter:data2\" content=\"2 minutos\" \/>\n<script type=\"application\/ld+json\" class=\"yoast-schema-graph\">{\"@context\":\"https:\/\/schema.org\",\"@graph\":[{\"@type\":\"WebSite\",\"@id\":\"https:\/\/franciscanos.org.br\/noticias\/#website\",\"url\":\"https:\/\/franciscanos.org.br\/noticias\/\",\"name\":\"Not\u00edcias - Franciscanos\",\"description\":\"Prov\u00edncia Franciscana da Imaculada Concei\u00e7\u00e3o do Brasil - Ordem dos Frades Menores - OFM\",\"potentialAction\":[{\"@type\":\"SearchAction\",\"target\":{\"@type\":\"EntryPoint\",\"urlTemplate\":\"https:\/\/franciscanos.org.br\/noticias\/?s={search_term_string}\"},\"query-input\":\"required name=search_term_string\"}],\"inLanguage\":\"pt-BR\"},{\"@type\":\"ImageObject\",\"inLanguage\":\"pt-BR\",\"@id\":\"https:\/\/franciscanos.org.br\/noticias\/ser-no-mundo-sinal-da-proximidade-de-deus-pede-dom-orani.html#primaryimage\",\"url\":\"https:\/\/franciscanos.org.br\/noticias\/wp-content\/uploads\/2017\/03\/freialan_250317-20.jpg\",\"contentUrl\":\"https:\/\/franciscanos.org.br\/noticias\/wp-content\/uploads\/2017\/03\/freialan_250317-20.jpg\",\"width\":273,\"height\":181},{\"@type\":\"WebPage\",\"@id\":\"https:\/\/franciscanos.org.br\/noticias\/ser-no-mundo-sinal-da-proximidade-de-deus-pede-dom-orani.html#webpage\",\"url\":\"https:\/\/franciscanos.org.br\/noticias\/ser-no-mundo-sinal-da-proximidade-de-deus-pede-dom-orani.html\",\"name\":\"\\\"Ser no mundo sinal da proximidade de Deus\\\", pede D. Orani - Not\u00edcias - Franciscanos\",\"isPartOf\":{\"@id\":\"https:\/\/franciscanos.org.br\/noticias\/#website\"},\"primaryImageOfPage\":{\"@id\":\"https:\/\/franciscanos.org.br\/noticias\/ser-no-mundo-sinal-da-proximidade-de-deus-pede-dom-orani.html#primaryimage\"},\"datePublished\":\"2017-03-26T02:32:17+00:00\",\"dateModified\":\"2019-01-28T16:12:00+00:00\",\"author\":{\"@id\":\"https:\/\/franciscanos.org.br\/noticias\/#\/schema\/person\/b38fbf43118f02820bd932f2e4b14ad3\"},\"breadcrumb\":{\"@id\":\"https:\/\/franciscanos.org.br\/noticias\/ser-no-mundo-sinal-da-proximidade-de-deus-pede-dom-orani.html#breadcrumb\"},\"inLanguage\":\"pt-BR\",\"potentialAction\":[{\"@type\":\"ReadAction\",\"target\":[\"https:\/\/franciscanos.org.br\/noticias\/ser-no-mundo-sinal-da-proximidade-de-deus-pede-dom-orani.html\"]}]},{\"@type\":\"BreadcrumbList\",\"@id\":\"https:\/\/franciscanos.org.br\/noticias\/ser-no-mundo-sinal-da-proximidade-de-deus-pede-dom-orani.html#breadcrumb\",\"itemListElement\":[{\"@type\":\"ListItem\",\"position\":1,\"name\":\"Home\",\"item\":\"https:\/\/franciscanos.org.br\/noticias\"},{\"@type\":\"ListItem\",\"position\":2,\"name\":\"&#8220;Ser no mundo sinal da proximidade de Deus&#8221;, pede D. Orani\"}]},{\"@type\":\"Person\",\"@id\":\"https:\/\/franciscanos.org.br\/noticias\/#\/schema\/person\/b38fbf43118f02820bd932f2e4b14ad3\",\"name\":\"admin\",\"image\":{\"@type\":\"ImageObject\",\"inLanguage\":\"pt-BR\",\"@id\":\"https:\/\/franciscanos.org.br\/noticias\/#\/schema\/person\/image\/\",\"url\":\"https:\/\/secure.gravatar.com\/avatar\/e8495742d34d0ba6448ea1c628263b3e?s=96&d=mm&r=g\",\"contentUrl\":\"https:\/\/secure.gravatar.com\/avatar\/e8495742d34d0ba6448ea1c628263b3e?s=96&d=mm&r=g\",\"caption\":\"admin\"},\"url\":\"https:\/\/franciscanos.org.br\/noticias\/author\/admin\"}]}<\/script>\n<!-- \/ Yoast SEO plugin. -->","yoast_head_json":{"title":"\"Ser no mundo sinal da proximidade de Deus\", pede D. Orani - Not\u00edcias - Franciscanos","robots":{"index":"index","follow":"follow","max-snippet":"max-snippet:-1","max-image-preview":"max-image-preview:large","max-video-preview":"max-video-preview:-1"},"canonical":"https:\/\/franciscanos.org.br\/noticias\/ser-no-mundo-sinal-da-proximidade-de-deus-pede-dom-orani.html","og_locale":"pt_BR","og_type":"article","og_title":"\"Ser no mundo sinal da proximidade de Deus\", pede D. Orani - Not\u00edcias - Franciscanos","og_description":"Ordena\u00e7\u00e3o Diaconal","og_url":"https:\/\/franciscanos.org.br\/noticias\/ser-no-mundo-sinal-da-proximidade-de-deus-pede-dom-orani.html","og_site_name":"Not\u00edcias - Franciscanos","article_published_time":"2017-03-26T02:32:17+00:00","article_modified_time":"2019-01-28T16:12:00+00:00","og_image":[{"width":273,"height":181,"url":"https:\/\/franciscanos.org.br\/noticias\/wp-content\/uploads\/2017\/03\/freialan_250317-20.jpg","type":"image\/jpeg"}],"author":"admin","twitter_card":"summary_large_image","twitter_misc":{"Escrito por":"admin","Est. tempo de leitura":"2 minutos"},"schema":{"@context":"https:\/\/schema.org","@graph":[{"@type":"WebSite","@id":"https:\/\/franciscanos.org.br\/noticias\/#website","url":"https:\/\/franciscanos.org.br\/noticias\/","name":"Not\u00edcias - Franciscanos","description":"Prov\u00edncia Franciscana da Imaculada Concei\u00e7\u00e3o do Brasil - Ordem dos Frades Menores - OFM","potentialAction":[{"@type":"SearchAction","target":{"@type":"EntryPoint","urlTemplate":"https:\/\/franciscanos.org.br\/noticias\/?s={search_term_string}"},"query-input":"required name=search_term_string"}],"inLanguage":"pt-BR"},{"@type":"ImageObject","inLanguage":"pt-BR","@id":"https:\/\/franciscanos.org.br\/noticias\/ser-no-mundo-sinal-da-proximidade-de-deus-pede-dom-orani.html#primaryimage","url":"https:\/\/franciscanos.org.br\/noticias\/wp-content\/uploads\/2017\/03\/freialan_250317-20.jpg","contentUrl":"https:\/\/franciscanos.org.br\/noticias\/wp-content\/uploads\/2017\/03\/freialan_250317-20.jpg","width":273,"height":181},{"@type":"WebPage","@id":"https:\/\/franciscanos.org.br\/noticias\/ser-no-mundo-sinal-da-proximidade-de-deus-pede-dom-orani.html#webpage","url":"https:\/\/franciscanos.org.br\/noticias\/ser-no-mundo-sinal-da-proximidade-de-deus-pede-dom-orani.html","name":"\"Ser no mundo sinal da proximidade de Deus\", pede D. Orani - Not\u00edcias - Franciscanos","isPartOf":{"@id":"https:\/\/franciscanos.org.br\/noticias\/#website"},"primaryImageOfPage":{"@id":"https:\/\/franciscanos.org.br\/noticias\/ser-no-mundo-sinal-da-proximidade-de-deus-pede-dom-orani.html#primaryimage"},"datePublished":"2017-03-26T02:32:17+00:00","dateModified":"2019-01-28T16:12:00+00:00","author":{"@id":"https:\/\/franciscanos.org.br\/noticias\/#\/schema\/person\/b38fbf43118f02820bd932f2e4b14ad3"},"breadcrumb":{"@id":"https:\/\/franciscanos.org.br\/noticias\/ser-no-mundo-sinal-da-proximidade-de-deus-pede-dom-orani.html#breadcrumb"},"inLanguage":"pt-BR","potentialAction":[{"@type":"ReadAction","target":["https:\/\/franciscanos.org.br\/noticias\/ser-no-mundo-sinal-da-proximidade-de-deus-pede-dom-orani.html"]}]},{"@type":"BreadcrumbList","@id":"https:\/\/franciscanos.org.br\/noticias\/ser-no-mundo-sinal-da-proximidade-de-deus-pede-dom-orani.html#breadcrumb","itemListElement":[{"@type":"ListItem","position":1,"name":"Home","item":"https:\/\/franciscanos.org.br\/noticias"},{"@type":"ListItem","position":2,"name":"&#8220;Ser no mundo sinal da proximidade de Deus&#8221;, pede D. Orani"}]},{"@type":"Person","@id":"https:\/\/franciscanos.org.br\/noticias\/#\/schema\/person\/b38fbf43118f02820bd932f2e4b14ad3","name":"admin","image":{"@type":"ImageObject","inLanguage":"pt-BR","@id":"https:\/\/franciscanos.org.br\/noticias\/#\/schema\/person\/image\/","url":"https:\/\/secure.gravatar.com\/avatar\/e8495742d34d0ba6448ea1c628263b3e?s=96&d=mm&r=g","contentUrl":"https:\/\/secure.gravatar.com\/avatar\/e8495742d34d0ba6448ea1c628263b3e?s=96&d=mm&r=g","caption":"admin"},"url":"https:\/\/franciscanos.org.br\/noticias\/author\/admin"}]}},"_links":{"self":[{"href":"https:\/\/franciscanos.org.br\/noticias\/wp-json\/wp\/v2\/posts\/128625"}],"collection":[{"href":"https:\/\/franciscanos.org.br\/noticias\/wp-json\/wp\/v2\/posts"}],"about":[{"href":"https:\/\/franciscanos.org.br\/noticias\/wp-json\/wp\/v2\/types\/post"}],"author":[{"embeddable":true,"href":"https:\/\/franciscanos.org.br\/noticias\/wp-json\/wp\/v2\/users\/1"}],"replies":[{"embeddable":true,"href":"https:\/\/franciscanos.org.br\/noticias\/wp-json\/wp\/v2\/comments?post=128625"}],"version-history":[{"count":0,"href":"https:\/\/franciscanos.org.br\/noticias\/wp-json\/wp\/v2\/posts\/128625\/revisions"}],"wp:featuredmedia":[{"embeddable":true,"href":"https:\/\/franciscanos.org.br\/noticias\/wp-json\/wp\/v2\/media\/197188"}],"wp:attachment":[{"href":"https:\/\/franciscanos.org.br\/noticias\/wp-json\/wp\/v2\/media?parent=128625"}],"wp:term":[{"taxonomy":"category","embeddable":true,"href":"https:\/\/franciscanos.org.br\/noticias\/wp-json\/wp\/v2\/categories?post=128625"},{"taxonomy":"post_tag","embeddable":true,"href":"https:\/\/franciscanos.org.br\/noticias\/wp-json\/wp\/v2\/tags?post=128625"}],"curies":[{"name":"wp","href":"https:\/\/api.w.org\/{rel}","templated":true}]}}