{"id":12859,"date":"2012-03-11T16:46:53","date_gmt":"2012-03-11T19:46:53","guid":{"rendered":"http:\/\/new.franciscanos.org.br\/?p=12859"},"modified":"2021-07-05T19:52:33","modified_gmt":"2021-07-05T22:52:33","slug":"a-mensagem-de-d-odilo-scherer-a-frei-leonardo-e-frei-joao","status":"publish","type":"post","link":"https:\/\/franciscanos.org.br\/noticias\/a-mensagem-de-d-odilo-scherer-a-frei-leonardo-e-frei-joao.html","title":{"rendered":"A mensagem de D. Odilo Scherer a Frei Leonardo e Frei Jo\u00e3o"},"content":{"rendered":"<p><img loading=\"lazy\" class=\"alignnone size-full wp-image-198993\" src=\"https:\/\/franciscanos.org.br\/noticias\/wp-content\/uploads\/2012\/03\/ordena_interna_g1003.jpg\" alt=\"\" width=\"830\" height=\"331\" srcset=\"https:\/\/franciscanos.org.br\/noticias\/wp-content\/uploads\/2012\/03\/ordena_interna_g1003.jpg 830w, https:\/\/franciscanos.org.br\/noticias\/wp-content\/uploads\/2012\/03\/ordena_interna_g1003-450x179.jpg 450w, https:\/\/franciscanos.org.br\/noticias\/wp-content\/uploads\/2012\/03\/ordena_interna_g1003-768x306.jpg 768w, https:\/\/franciscanos.org.br\/noticias\/wp-content\/uploads\/2012\/03\/ordena_interna_g1003-150x60.jpg 150w\" sizes=\"(max-width: 830px) 100vw, 830px\" \/><\/p>\n<p><strong>Por Moacir Beggo<\/strong><\/p>\n<p><strong>S\u00e3o Paulo (SP)<\/strong> &#8211; &#8220;De quem voc\u00eas querem ser ministros?&#8221;. A pergunta do Arcebispo Metropolitano de S\u00e3o Paulo, Dom Odilo Pedro Cardeal Scherer, parece que ecoou mais forte no sil\u00eancio da grandiosa e bela Igreja Santo Ant\u00f4nio do Pari, em S\u00e3o Paulo. Ela tinha endere\u00e7o certo na noite do s\u00e1bado, 10 de mar\u00e7o: Frei Leonardo Aureliano dos Reis Teixeira dos Santos e Frei Jo\u00e3o Francisco da Silva, que estavam prestes a receber os minist\u00e9rios sagrados do presbiterato e diaconato, respectivamente.<\/p>\n<p>O questionamento de D. Odilo partiu da reflex\u00e3o do Evangelho deste domingo, que narra Jesus expulsando dos vendilh\u00f5es do templo sagrado e do lema escolhido pelos ordenandos: &#8220;N\u00f3s, por\u00e9m, proclamamos Cristo crucificado\u201d (1Cor 1,23a). &#8220;N\u00e3o \u00e9 esta a religi\u00e3o que Deus quer. \u00c9 outra. \u00c9 justamente adorar a Deus em esp\u00edrito e verdade&#8221;, observou D. Odilo.<\/p>\n<p><img loading=\"lazy\" class=\"alignright wp-image-198994 size-full\" src=\"https:\/\/franciscanos.org.br\/noticias\/wp-content\/uploads\/2012\/03\/20-1.jpg\" alt=\"\" width=\"600\" height=\"338\" srcset=\"https:\/\/franciscanos.org.br\/noticias\/wp-content\/uploads\/2012\/03\/20-1.jpg 600w, https:\/\/franciscanos.org.br\/noticias\/wp-content\/uploads\/2012\/03\/20-1-450x254.jpg 450w, https:\/\/franciscanos.org.br\/noticias\/wp-content\/uploads\/2012\/03\/20-1-150x85.jpg 150w\" sizes=\"(max-width: 600px) 100vw, 600px\" \/>Segundo o Cardeal Scherer, o ap\u00f3stolo Paulo ilustra bem isso na 2\u00aa leitura. &#8220;Os judeus pedem milagres, os gregos pedem sabedoria. N\u00f3s, o que temos a dizer a eles? N\u00f3s pregamos Jesus Cristo crucificado. Esc\u00e2ndalo para uns e para outros. Mas salva\u00e7\u00e3o de Deus para todo aquele que Nele cr\u00ea. N\u00f3s pregamos Jesus Cristo crucificado. Hoje, na opini\u00e3o de muitos, fracasso! Por isso se prega a religi\u00e3o do sucesso, do \u00eaxito, dos n\u00fameros, das contas banc\u00e1rias, dos templos suntuosos, do com\u00e9rcio&#8221;, enfatizou.<\/p>\n<p>Falando diretamente aos candidatos a di\u00e1cono e presb\u00edtero, perguntou: &#8220;De quem voc\u00ea vai ser padre? De quem vai ser di\u00e1cono? Da religi\u00e3o do sucesso, do milagre a toque de caixa, da malandragem a todo custo, de colocar Deus contra a parede: &#8220;Deus tem que me atender!&#8221;? De quem voc\u00eas v\u00e3o ser ministros?&#8221;<\/p>\n<p>Para D. Odilo, citando S\u00e3o Paulo, n\u00e3o devemos ter vergonha da Cruz de Cristo. &#8220;Gloriemos na cruz de Cristo. Sinal da salva\u00e7\u00e3o, do perd\u00e3o e da miseric\u00f3rdia de Deus. O amor de Deus que vai ao encontro do pecador&#8221;. E foi mais enf\u00e1tico ainda: &#8220;S\u00e3o Francisco entendeu bem isso. Ele tinha uma paix\u00e3o t\u00e3o grande por Jesus Cristo e Jesus Cristo Crucificado. Ele quis na vida o m\u00e1ximo poss\u00edvel se identificar com Jesus Cristo pobre, Jesus Cristo humilhado, Jesus Cristo manso, Jesus Cristo misericordioso, Jesus Cristo amoroso, Jesus Cristo que vai ao encontro de toda a pessoa desprezada, daquele que n\u00e3o vale mais nada. Sim, S\u00e3o Francisco entendeu bem&#8221;.<\/p>\n<p>No final de sua homilia, D. Odilo disse que todos somos convidados, em nosso caminho quaresmal, a entender bem a que somos chamados como crist\u00e3os, e se dirigindo a Frei Leonardo e Frei Jo\u00e3o Francisco falou: &#8220;Todo povo batizado \u00e9 um povo sacerdotal, participa do sacerd\u00f3cio de Cristo e \u00e9 convidado a viver uma vida santa. Mas os ministros ordenados s\u00e3o constitu\u00eddos servidores de Jesus Cristo, do sacerd\u00f3cio de Jesus Cristo em favor dos irm\u00e3os, para ajudar os irm\u00e3os a acolherem o dom de Deus, para ajud\u00e1-los a viver segundo o Evangelho&#8221;.<\/p>\n<p>Foi com esta reflex\u00e3o que D. Odilo iniciou o rito da ordena\u00e7\u00e3o diaconal e presbiteral. Os dois candidatos se prostraram ao ch\u00e3o enquanto se cantou a Ladainha de Todos os Santos, como sinal da comunh\u00e3o com a Igreja em todo os tempos. O primeiro a se aproximar de D. Odilo foi Frei Jo\u00e3o Francisco, que recebeu pela imposi\u00e7\u00e3o das m\u00e3os a ordem do grau de diaconato transit\u00f3rio, \u00faltima etapa antes da ordena\u00e7\u00e3o sacerdotal. Como s\u00edmbolo deste minist\u00e9rio, os di\u00e1conos s\u00e3o vestidos com a dalm\u00e1tica, simbolizando o servi\u00e7o diaconal. A seguir, Frei Jo\u00e3o recebeu das m\u00e3os de D. Odilo o Livro dos Evangelhos.<\/p>\n<p><img loading=\"lazy\" class=\"alignleft wp-image-198995 size-full\" src=\"https:\/\/franciscanos.org.br\/noticias\/wp-content\/uploads\/2012\/03\/31.jpg\" alt=\"\" width=\"600\" height=\"338\" srcset=\"https:\/\/franciscanos.org.br\/noticias\/wp-content\/uploads\/2012\/03\/31.jpg 600w, https:\/\/franciscanos.org.br\/noticias\/wp-content\/uploads\/2012\/03\/31-450x254.jpg 450w, https:\/\/franciscanos.org.br\/noticias\/wp-content\/uploads\/2012\/03\/31-150x85.jpg 150w\" sizes=\"(max-width: 600px) 100vw, 600px\" \/>Depois, D. Odilo imp\u00f4s as m\u00e3os sobre Frei Leonardo e, pela prece de Ordena\u00e7\u00e3o, foi conferido ao eleito o dom do Esp\u00edrito Santo para o m\u00fanus de presb\u00edtero. O mesmo gesto foi repetido pelos 29 presb\u00edteros presentes na celebra\u00e7\u00e3o, um a um, para significar a admiss\u00e3o do eleito na Ordem Presbiteral. Frei Leonardo,\u00a0 ent\u00e3o, recebeu as vestes lit\u00fargicas das m\u00e3os de seus pais, Jos\u00e9 e Maria, e se vestiu com a ajuda de Frei Fid\u00eancio e do p\u00e1roco da Par\u00f3quia Santo Ant\u00f4nio, Frei Gilmar Jos\u00e9 da Silva. Em seguida, teve as m\u00e3os ungidas e recebeu a patena com o p\u00e3o e o c\u00e1lice com o vinho e a \u00e1gua.<\/p>\n<p>Como di\u00e1cono e presb\u00edtero, Frei Jo\u00e3o e Frei Leonardo foram abra\u00e7ados por D. Odilo, familiares e confrades e continuaram a celebra\u00e7\u00e3o ao lado do presidente. Bastante tranquilo, como \u00e9 pr\u00f3prio de sua personalidade, Frei Leonardo falou pelos dois e n\u00e3o esqueceu de agradecer a Igreja na pessoa de D. Odilo, a Prov\u00edncia Franciscana que os acolheu na pessoa do Ministro Provincial, os familiares, os amigos e a comunidade na pessoa do p\u00e1roco Frei Gilmar. E n\u00e3o esqueceu de agradecer as Irm\u00e3s Scalabrinianas, que acolheram a caravana de Itabora\u00ed, a nova fraternidade de Frei Leonardo em Venda das Pedras (RJ).<\/p>\n<p>D. Odilo saudou a todos e agradeceu pela presen\u00e7a dos Franciscanos na Arquidiocese em tr\u00eas comunidades, lembrando que a presen\u00e7a no Largo S\u00e3o Francisco \u00e9 marcante na hist\u00f3ria da cidade de S\u00e3o Paulo. &#8220;Que Deus os recompense pelo servi\u00e7o que prestam ao povo de S\u00e3o Paulo e aben\u00e7oe com muitas voca\u00e7\u00f5es. O carisma franciscano \u00e9 muito importante para o servi\u00e7o da Igreja e para a compreens\u00e3o do Evangelho. S\u00e3o Francisco queria ser em sua vida um Evangelho vivo. Portanto, o testemunho do carisma franciscano \u00e9 muito importante na Igreja de S\u00e3o Paulo. Quero manifestar o meu apre\u00e7o a voc\u00eas, franciscanos, a contribui\u00e7\u00e3o que d\u00e3o em nossa Arquidiocese h\u00e1 mais de tr\u00eas s\u00e9culos. Que o seu testemunho ajude a edificar a Igreja de S\u00e3o Paulo!. Obrigado a voc\u00eas!&#8221;, completou o Arcebispo.<\/p>\n<p>Frei Leonardo \u00e9 s\u00e9timo presb\u00edtero ordenado neste ano na Prov\u00edncia. Antes dele foram ordenados Frei Laurindo J\u00fanior, Frei Alisson Zanetti, Frei Alex Rodrigues, Frei Diego Atalino Melo, Frei Alexandre Verardi e Frei Jeferson Broca. Ser\u00e3o ordenados ainda Frei Vanderley Grassi em Vila Velha (24 de mar\u00e7o), Frei Gilberto Silva em Jacarezinho-PR (28 de abril), Frei Wilson Sim\u00e3o em Londrina-PR (5 de maio) e Frei Alberto Eckel Jr em Indaial-SC (26 de maio).<\/p>\n","protected":false},"excerpt":{"rendered":"<p>Ordena\u00e7\u00f5es no Pari<\/p>\n","protected":false},"author":1,"featured_media":210702,"comment_status":"closed","ping_status":"closed","sticky":false,"template":"","format":"standard","meta":[],"categories":[1],"tags":[157],"acf":[],"yoast_head":"<!-- This site is optimized with the Yoast SEO plugin v19.2 - https:\/\/yoast.com\/wordpress\/plugins\/seo\/ -->\n<title>A mensagem de D. Odilo Scherer a Frei Leonardo e Frei Jo\u00e3o - Not\u00edcias - Franciscanos<\/title>\n<meta name=\"robots\" content=\"index, follow, max-snippet:-1, max-image-preview:large, max-video-preview:-1\" \/>\n<link rel=\"canonical\" href=\"https:\/\/franciscanos.org.br\/noticias\/a-mensagem-de-d-odilo-scherer-a-frei-leonardo-e-frei-joao.html\" \/>\n<meta property=\"og:locale\" content=\"pt_BR\" \/>\n<meta property=\"og:type\" content=\"article\" \/>\n<meta property=\"og:title\" content=\"A mensagem de D. Odilo Scherer a Frei Leonardo e Frei Jo\u00e3o - Not\u00edcias - Franciscanos\" \/>\n<meta property=\"og:description\" content=\"Ordena\u00e7\u00f5es no Pari\" \/>\n<meta property=\"og:url\" content=\"https:\/\/franciscanos.org.br\/noticias\/a-mensagem-de-d-odilo-scherer-a-frei-leonardo-e-frei-joao.html\" \/>\n<meta property=\"og:site_name\" content=\"Not\u00edcias - Franciscanos\" \/>\n<meta property=\"article:published_time\" content=\"2012-03-11T19:46:53+00:00\" \/>\n<meta property=\"article:modified_time\" content=\"2021-07-05T22:52:33+00:00\" \/>\n<meta property=\"og:image\" content=\"https:\/\/franciscanos.org.br\/noticias\/wp-content\/uploads\/2012\/03\/ordena_interna_g1003-1.jpg\" \/>\n\t<meta property=\"og:image:width\" content=\"273\" \/>\n\t<meta property=\"og:image:height\" content=\"181\" \/>\n\t<meta property=\"og:image:type\" content=\"image\/jpeg\" \/>\n<meta name=\"author\" content=\"admin\" \/>\n<meta name=\"twitter:card\" content=\"summary_large_image\" \/>\n<meta name=\"twitter:label1\" content=\"Escrito por\" \/>\n\t<meta name=\"twitter:data1\" content=\"admin\" \/>\n\t<meta name=\"twitter:label2\" content=\"Est. tempo de leitura\" \/>\n\t<meta name=\"twitter:data2\" content=\"6 minutos\" \/>\n<script type=\"application\/ld+json\" class=\"yoast-schema-graph\">{\"@context\":\"https:\/\/schema.org\",\"@graph\":[{\"@type\":\"WebSite\",\"@id\":\"https:\/\/franciscanos.org.br\/noticias\/#website\",\"url\":\"https:\/\/franciscanos.org.br\/noticias\/\",\"name\":\"Not\u00edcias - Franciscanos\",\"description\":\"Prov\u00edncia Franciscana da Imaculada Concei\u00e7\u00e3o do Brasil - Ordem dos Frades Menores - OFM\",\"potentialAction\":[{\"@type\":\"SearchAction\",\"target\":{\"@type\":\"EntryPoint\",\"urlTemplate\":\"https:\/\/franciscanos.org.br\/noticias\/?s={search_term_string}\"},\"query-input\":\"required name=search_term_string\"}],\"inLanguage\":\"pt-BR\"},{\"@type\":\"ImageObject\",\"inLanguage\":\"pt-BR\",\"@id\":\"https:\/\/franciscanos.org.br\/noticias\/a-mensagem-de-d-odilo-scherer-a-frei-leonardo-e-frei-joao.html#primaryimage\",\"url\":\"https:\/\/franciscanos.org.br\/noticias\/wp-content\/uploads\/2012\/03\/ordena_interna_g1003-1.jpg\",\"contentUrl\":\"https:\/\/franciscanos.org.br\/noticias\/wp-content\/uploads\/2012\/03\/ordena_interna_g1003-1.jpg\",\"width\":273,\"height\":181},{\"@type\":\"WebPage\",\"@id\":\"https:\/\/franciscanos.org.br\/noticias\/a-mensagem-de-d-odilo-scherer-a-frei-leonardo-e-frei-joao.html#webpage\",\"url\":\"https:\/\/franciscanos.org.br\/noticias\/a-mensagem-de-d-odilo-scherer-a-frei-leonardo-e-frei-joao.html\",\"name\":\"A mensagem de D. Odilo Scherer a Frei Leonardo e Frei Jo\u00e3o - Not\u00edcias - Franciscanos\",\"isPartOf\":{\"@id\":\"https:\/\/franciscanos.org.br\/noticias\/#website\"},\"primaryImageOfPage\":{\"@id\":\"https:\/\/franciscanos.org.br\/noticias\/a-mensagem-de-d-odilo-scherer-a-frei-leonardo-e-frei-joao.html#primaryimage\"},\"datePublished\":\"2012-03-11T19:46:53+00:00\",\"dateModified\":\"2021-07-05T22:52:33+00:00\",\"author\":{\"@id\":\"https:\/\/franciscanos.org.br\/noticias\/#\/schema\/person\/b38fbf43118f02820bd932f2e4b14ad3\"},\"breadcrumb\":{\"@id\":\"https:\/\/franciscanos.org.br\/noticias\/a-mensagem-de-d-odilo-scherer-a-frei-leonardo-e-frei-joao.html#breadcrumb\"},\"inLanguage\":\"pt-BR\",\"potentialAction\":[{\"@type\":\"ReadAction\",\"target\":[\"https:\/\/franciscanos.org.br\/noticias\/a-mensagem-de-d-odilo-scherer-a-frei-leonardo-e-frei-joao.html\"]}]},{\"@type\":\"BreadcrumbList\",\"@id\":\"https:\/\/franciscanos.org.br\/noticias\/a-mensagem-de-d-odilo-scherer-a-frei-leonardo-e-frei-joao.html#breadcrumb\",\"itemListElement\":[{\"@type\":\"ListItem\",\"position\":1,\"name\":\"Home\",\"item\":\"https:\/\/franciscanos.org.br\/noticias\"},{\"@type\":\"ListItem\",\"position\":2,\"name\":\"A mensagem de D. Odilo Scherer a Frei Leonardo e Frei Jo\u00e3o\"}]},{\"@type\":\"Person\",\"@id\":\"https:\/\/franciscanos.org.br\/noticias\/#\/schema\/person\/b38fbf43118f02820bd932f2e4b14ad3\",\"name\":\"admin\",\"image\":{\"@type\":\"ImageObject\",\"inLanguage\":\"pt-BR\",\"@id\":\"https:\/\/franciscanos.org.br\/noticias\/#\/schema\/person\/image\/\",\"url\":\"https:\/\/secure.gravatar.com\/avatar\/e8495742d34d0ba6448ea1c628263b3e?s=96&d=mm&r=g\",\"contentUrl\":\"https:\/\/secure.gravatar.com\/avatar\/e8495742d34d0ba6448ea1c628263b3e?s=96&d=mm&r=g\",\"caption\":\"admin\"},\"url\":\"https:\/\/franciscanos.org.br\/noticias\/author\/admin\"}]}<\/script>\n<!-- \/ Yoast SEO plugin. -->","yoast_head_json":{"title":"A mensagem de D. Odilo Scherer a Frei Leonardo e Frei Jo\u00e3o - Not\u00edcias - Franciscanos","robots":{"index":"index","follow":"follow","max-snippet":"max-snippet:-1","max-image-preview":"max-image-preview:large","max-video-preview":"max-video-preview:-1"},"canonical":"https:\/\/franciscanos.org.br\/noticias\/a-mensagem-de-d-odilo-scherer-a-frei-leonardo-e-frei-joao.html","og_locale":"pt_BR","og_type":"article","og_title":"A mensagem de D. Odilo Scherer a Frei Leonardo e Frei Jo\u00e3o - Not\u00edcias - Franciscanos","og_description":"Ordena\u00e7\u00f5es no Pari","og_url":"https:\/\/franciscanos.org.br\/noticias\/a-mensagem-de-d-odilo-scherer-a-frei-leonardo-e-frei-joao.html","og_site_name":"Not\u00edcias - Franciscanos","article_published_time":"2012-03-11T19:46:53+00:00","article_modified_time":"2021-07-05T22:52:33+00:00","og_image":[{"width":273,"height":181,"url":"https:\/\/franciscanos.org.br\/noticias\/wp-content\/uploads\/2012\/03\/ordena_interna_g1003-1.jpg","type":"image\/jpeg"}],"author":"admin","twitter_card":"summary_large_image","twitter_misc":{"Escrito por":"admin","Est. tempo de leitura":"6 minutos"},"schema":{"@context":"https:\/\/schema.org","@graph":[{"@type":"WebSite","@id":"https:\/\/franciscanos.org.br\/noticias\/#website","url":"https:\/\/franciscanos.org.br\/noticias\/","name":"Not\u00edcias - Franciscanos","description":"Prov\u00edncia Franciscana da Imaculada Concei\u00e7\u00e3o do Brasil - Ordem dos Frades Menores - OFM","potentialAction":[{"@type":"SearchAction","target":{"@type":"EntryPoint","urlTemplate":"https:\/\/franciscanos.org.br\/noticias\/?s={search_term_string}"},"query-input":"required name=search_term_string"}],"inLanguage":"pt-BR"},{"@type":"ImageObject","inLanguage":"pt-BR","@id":"https:\/\/franciscanos.org.br\/noticias\/a-mensagem-de-d-odilo-scherer-a-frei-leonardo-e-frei-joao.html#primaryimage","url":"https:\/\/franciscanos.org.br\/noticias\/wp-content\/uploads\/2012\/03\/ordena_interna_g1003-1.jpg","contentUrl":"https:\/\/franciscanos.org.br\/noticias\/wp-content\/uploads\/2012\/03\/ordena_interna_g1003-1.jpg","width":273,"height":181},{"@type":"WebPage","@id":"https:\/\/franciscanos.org.br\/noticias\/a-mensagem-de-d-odilo-scherer-a-frei-leonardo-e-frei-joao.html#webpage","url":"https:\/\/franciscanos.org.br\/noticias\/a-mensagem-de-d-odilo-scherer-a-frei-leonardo-e-frei-joao.html","name":"A mensagem de D. Odilo Scherer a Frei Leonardo e Frei Jo\u00e3o - Not\u00edcias - Franciscanos","isPartOf":{"@id":"https:\/\/franciscanos.org.br\/noticias\/#website"},"primaryImageOfPage":{"@id":"https:\/\/franciscanos.org.br\/noticias\/a-mensagem-de-d-odilo-scherer-a-frei-leonardo-e-frei-joao.html#primaryimage"},"datePublished":"2012-03-11T19:46:53+00:00","dateModified":"2021-07-05T22:52:33+00:00","author":{"@id":"https:\/\/franciscanos.org.br\/noticias\/#\/schema\/person\/b38fbf43118f02820bd932f2e4b14ad3"},"breadcrumb":{"@id":"https:\/\/franciscanos.org.br\/noticias\/a-mensagem-de-d-odilo-scherer-a-frei-leonardo-e-frei-joao.html#breadcrumb"},"inLanguage":"pt-BR","potentialAction":[{"@type":"ReadAction","target":["https:\/\/franciscanos.org.br\/noticias\/a-mensagem-de-d-odilo-scherer-a-frei-leonardo-e-frei-joao.html"]}]},{"@type":"BreadcrumbList","@id":"https:\/\/franciscanos.org.br\/noticias\/a-mensagem-de-d-odilo-scherer-a-frei-leonardo-e-frei-joao.html#breadcrumb","itemListElement":[{"@type":"ListItem","position":1,"name":"Home","item":"https:\/\/franciscanos.org.br\/noticias"},{"@type":"ListItem","position":2,"name":"A mensagem de D. Odilo Scherer a Frei Leonardo e Frei Jo\u00e3o"}]},{"@type":"Person","@id":"https:\/\/franciscanos.org.br\/noticias\/#\/schema\/person\/b38fbf43118f02820bd932f2e4b14ad3","name":"admin","image":{"@type":"ImageObject","inLanguage":"pt-BR","@id":"https:\/\/franciscanos.org.br\/noticias\/#\/schema\/person\/image\/","url":"https:\/\/secure.gravatar.com\/avatar\/e8495742d34d0ba6448ea1c628263b3e?s=96&d=mm&r=g","contentUrl":"https:\/\/secure.gravatar.com\/avatar\/e8495742d34d0ba6448ea1c628263b3e?s=96&d=mm&r=g","caption":"admin"},"url":"https:\/\/franciscanos.org.br\/noticias\/author\/admin"}]}},"_links":{"self":[{"href":"https:\/\/franciscanos.org.br\/noticias\/wp-json\/wp\/v2\/posts\/12859"}],"collection":[{"href":"https:\/\/franciscanos.org.br\/noticias\/wp-json\/wp\/v2\/posts"}],"about":[{"href":"https:\/\/franciscanos.org.br\/noticias\/wp-json\/wp\/v2\/types\/post"}],"author":[{"embeddable":true,"href":"https:\/\/franciscanos.org.br\/noticias\/wp-json\/wp\/v2\/users\/1"}],"replies":[{"embeddable":true,"href":"https:\/\/franciscanos.org.br\/noticias\/wp-json\/wp\/v2\/comments?post=12859"}],"version-history":[{"count":1,"href":"https:\/\/franciscanos.org.br\/noticias\/wp-json\/wp\/v2\/posts\/12859\/revisions"}],"predecessor-version":[{"id":232867,"href":"https:\/\/franciscanos.org.br\/noticias\/wp-json\/wp\/v2\/posts\/12859\/revisions\/232867"}],"wp:featuredmedia":[{"embeddable":true,"href":"https:\/\/franciscanos.org.br\/noticias\/wp-json\/wp\/v2\/media\/210702"}],"wp:attachment":[{"href":"https:\/\/franciscanos.org.br\/noticias\/wp-json\/wp\/v2\/media?parent=12859"}],"wp:term":[{"taxonomy":"category","embeddable":true,"href":"https:\/\/franciscanos.org.br\/noticias\/wp-json\/wp\/v2\/categories?post=12859"},{"taxonomy":"post_tag","embeddable":true,"href":"https:\/\/franciscanos.org.br\/noticias\/wp-json\/wp\/v2\/tags?post=12859"}],"curies":[{"name":"wp","href":"https:\/\/api.w.org\/{rel}","templated":true}]}}