{"id":128464,"date":"2017-03-24T08:28:53","date_gmt":"2017-03-24T11:28:53","guid":{"rendered":"http:\/\/franciscanos.org.br\/?p=128464"},"modified":"2019-01-28T14:36:59","modified_gmt":"2019-01-28T16:36:59","slug":"o-rosto-misericordioso-de-deus-na-rocinha","status":"publish","type":"post","link":"https:\/\/franciscanos.org.br\/noticias\/o-rosto-misericordioso-de-deus-na-rocinha.html","title":{"rendered":"O rosto misericordioso de Deus na Rocinha"},"content":{"rendered":"<p><strong><img loading=\"lazy\" class=\"alignleft\" src=\"http:\/\/franciscanos.org.br\/wp-content\/uploads\/2017\/03\/alan_240317_2.jpg\" alt=\"alan_240317_2\" width=\"830\" height=\"359\" \/>Rocinha (RJ)<\/strong> &#8211; Existem cenas e momentos que ficam gravados na mem\u00f3ria e no cora\u00e7\u00e3o e que se tornam eternos e inesquec\u00edveis. Assim foi o segundo dia de miss\u00f5es em prepara\u00e7\u00e3o \u00e0 Ordena\u00e7\u00e3o Diaconal de Frei Alan Maia de Fran\u00e7a Victor, que neste s\u00e1bado dar\u00e1 mais um passo na resposta ao seu chamado vocacional.<\/p>\n<p>Visitando \u00e0s fam\u00edlias da Comunidade S\u00e3o Jos\u00e9, localizada no alto da Comunidade da Rocinha, no Rio de Janeiro, a equipe mission\u00e1ria deparou-se com cenas fortes e inimagin\u00e1veis, tais como entrar na casa para dar uma b\u00ean\u00e7\u00e3o e deparar-se com um rec\u00e9m-falecido senhor, aben\u00e7oar e rezar com jovens traficantes pesadamente armados, dar a b\u00ean\u00e7\u00e3o e amarrar uma fitinha com a inscri\u00e7\u00e3o \u201cPor um mundo de paz e bem\u201d no bra\u00e7o de um homem cujo punho segurava uma metralhadora, visitar \u00e0 m\u00e3e cujo filho recentemente tinha sido assassinado, reunir-se para fazer um momento de adora\u00e7\u00e3o ao Sant\u00edssimo Sacramento enquanto homens permaneciam armados diante da porta da capela. Enfim, s\u00e3o todas situa\u00e7\u00f5es para as quais nem sempre estamos preparados e que fogem do cotidiano de nossas evangeliza\u00e7\u00f5es e miss\u00f5es, mas que nos mostram exatamente o que significa ser uma <em>Igreja em sa\u00edda<\/em> e voltada para as periferias sociais e existenciais de nossos dias de hoje.<\/p>\n<p>No entanto, essa miss\u00e3o n\u00e3o tem sido \u00edmpar somente pelas cenas e momentos acima descritos. Talvez, muito mais forte e impressionante tenha sido presenciar a realidade da absoluta maioria dessa comunidade, que n\u00e3o se cansa de descer e subir as in\u00fameras escadarias e becos, levando e buscando seus filhos nas escolas, cursos e estudos, acreditando em um futuro melhor. Encontrar os pais de fam\u00edlia saindo logo cedo para trabalhar, buscando com dignidade o seu p\u00e3o de cada dia. Ver a beleza da solidariedade de tantas pessoas que ensinam na pr\u00e1tica o milagre da partilha. Vivenciar a alegria de tantos fi\u00e9is que, com alegria, t\u00eam lotado a igreja para participar das celebra\u00e7\u00f5es do tr\u00edduo preparat\u00f3rio de Frei Alan. Perceber a alegria das pessoas tem acompanhado com orgulho e esperan\u00e7a a caminhada formativa do jovem seminarista diocesano Alex Fonseca, bem como de nosso frade estudante de Filosofia, Frei Francisco Dalilson, que s\u00e3o filhos dessa comunidade. Encontrar-se para rezar, partilhar e refletir com os jovens do catecumenato, que permaneceram reunidos conosco at\u00e9 tarde da noite por acreditarem na import\u00e2ncia da f\u00e9 para suas vidas. Ver pessoas chegando depois de um dia longo dia de trabalho e ainda encontrando tempo para se dedicarem \u00e0 comunidade, pois descobriram que a alegria verdadeira est\u00e1 no dar e n\u00e3o somente no receber. Sentir na pele o que significa ser uma fraternidade no meio do povo, inserida e participante da realidade concreta dessa comunidade, que acolhe os nossos frades como verdadeiros membros de suas fam\u00edlias, reafirmada na constante preocupa\u00e7\u00e3o com a sa\u00fade de Frei M\u00e1rcio Terra, que se encontra hospitalizado.<\/p>\n<p><img loading=\"lazy\" class=\"aligncenter\" src=\"http:\/\/franciscanos.org.br\/wp-content\/uploads\/2017\/03\/alan_240317_3.jpg\" alt=\"alan_240317_3\" width=\"830\" height=\"546\" \/><\/p>\n<p>Enfim, essa miss\u00e3o vocacional est\u00e1 nos mostrando o verdadeiro rosto misericordioso de Deus. Est\u00e1 nos mostrando o quanto a f\u00e9 \u00e9 concreta e pode dar um sentido para o cotidiano de nossas vidas. Tem nos ensinado que ser frade menor, ser servo, ser di\u00e1cono, \u00e9 uma miss\u00e3o que vai al\u00e9m da Celebra\u00e7\u00e3o Eucar\u00edstica, ou melhor, \u00e9 uma miss\u00e3o que faz da vida e do quotidiano uma verdadeira Eucaristia, celebrada nos grandes e majestosos altares das imponentes catedrais, mas tamb\u00e9m nas igrejas mais simples e rec\u00f4nditas, bem como no altar sagrado do cora\u00e7\u00e3o e da vida das pessoas, daqueles que realmente nos evangelizam e nos ensinam o verdadeiro significado da palavra servi\u00e7o.<\/p>\n<p><strong>\u00a0Frei Diego Atalino de Melo<\/strong><\/p>\n","protected":false},"excerpt":{"rendered":"<p>Ordena\u00e7\u00e3o Diaconal<\/p>\n","protected":false},"author":1,"featured_media":197204,"comment_status":"open","ping_status":"open","sticky":false,"template":"","format":"standard","meta":[],"categories":[1],"tags":[552,1130],"acf":[],"yoast_head":"<!-- This site is optimized with the Yoast SEO plugin v19.2 - https:\/\/yoast.com\/wordpress\/plugins\/seo\/ -->\n<title>O rosto misericordioso de Deus na Rocinha - Not\u00edcias - Franciscanos<\/title>\n<meta name=\"robots\" content=\"index, follow, max-snippet:-1, max-image-preview:large, max-video-preview:-1\" \/>\n<link rel=\"canonical\" href=\"https:\/\/franciscanos.org.br\/noticias\/o-rosto-misericordioso-de-deus-na-rocinha.html\" \/>\n<meta property=\"og:locale\" content=\"pt_BR\" \/>\n<meta property=\"og:type\" content=\"article\" \/>\n<meta property=\"og:title\" content=\"O rosto misericordioso de Deus na Rocinha - Not\u00edcias - Franciscanos\" \/>\n<meta property=\"og:description\" content=\"Ordena\u00e7\u00e3o Diaconal\" \/>\n<meta property=\"og:url\" content=\"https:\/\/franciscanos.org.br\/noticias\/o-rosto-misericordioso-de-deus-na-rocinha.html\" \/>\n<meta property=\"og:site_name\" content=\"Not\u00edcias - Franciscanos\" \/>\n<meta property=\"article:published_time\" content=\"2017-03-24T11:28:53+00:00\" \/>\n<meta property=\"article:modified_time\" content=\"2019-01-28T16:36:59+00:00\" \/>\n<meta property=\"og:image\" content=\"https:\/\/franciscanos.org.br\/noticias\/wp-content\/uploads\/2017\/03\/alan_240317_3.jpg\" \/>\n\t<meta property=\"og:image:width\" content=\"273\" \/>\n\t<meta property=\"og:image:height\" content=\"181\" \/>\n\t<meta property=\"og:image:type\" content=\"image\/jpeg\" \/>\n<meta name=\"author\" content=\"admin\" \/>\n<meta name=\"twitter:card\" content=\"summary_large_image\" \/>\n<meta name=\"twitter:label1\" content=\"Escrito por\" \/>\n\t<meta name=\"twitter:data1\" content=\"admin\" \/>\n\t<meta name=\"twitter:label2\" content=\"Est. tempo de leitura\" \/>\n\t<meta name=\"twitter:data2\" content=\"3 minutos\" \/>\n<script type=\"application\/ld+json\" class=\"yoast-schema-graph\">{\"@context\":\"https:\/\/schema.org\",\"@graph\":[{\"@type\":\"WebSite\",\"@id\":\"https:\/\/franciscanos.org.br\/noticias\/#website\",\"url\":\"https:\/\/franciscanos.org.br\/noticias\/\",\"name\":\"Not\u00edcias - Franciscanos\",\"description\":\"Prov\u00edncia Franciscana da Imaculada Concei\u00e7\u00e3o do Brasil - Ordem dos Frades Menores - OFM\",\"potentialAction\":[{\"@type\":\"SearchAction\",\"target\":{\"@type\":\"EntryPoint\",\"urlTemplate\":\"https:\/\/franciscanos.org.br\/noticias\/?s={search_term_string}\"},\"query-input\":\"required name=search_term_string\"}],\"inLanguage\":\"pt-BR\"},{\"@type\":\"ImageObject\",\"inLanguage\":\"pt-BR\",\"@id\":\"https:\/\/franciscanos.org.br\/noticias\/o-rosto-misericordioso-de-deus-na-rocinha.html#primaryimage\",\"url\":\"https:\/\/franciscanos.org.br\/noticias\/wp-content\/uploads\/2017\/03\/alan_240317_3.jpg\",\"contentUrl\":\"https:\/\/franciscanos.org.br\/noticias\/wp-content\/uploads\/2017\/03\/alan_240317_3.jpg\",\"width\":273,\"height\":181},{\"@type\":\"WebPage\",\"@id\":\"https:\/\/franciscanos.org.br\/noticias\/o-rosto-misericordioso-de-deus-na-rocinha.html#webpage\",\"url\":\"https:\/\/franciscanos.org.br\/noticias\/o-rosto-misericordioso-de-deus-na-rocinha.html\",\"name\":\"O rosto misericordioso de Deus na Rocinha - Not\u00edcias - Franciscanos\",\"isPartOf\":{\"@id\":\"https:\/\/franciscanos.org.br\/noticias\/#website\"},\"primaryImageOfPage\":{\"@id\":\"https:\/\/franciscanos.org.br\/noticias\/o-rosto-misericordioso-de-deus-na-rocinha.html#primaryimage\"},\"datePublished\":\"2017-03-24T11:28:53+00:00\",\"dateModified\":\"2019-01-28T16:36:59+00:00\",\"author\":{\"@id\":\"https:\/\/franciscanos.org.br\/noticias\/#\/schema\/person\/b38fbf43118f02820bd932f2e4b14ad3\"},\"breadcrumb\":{\"@id\":\"https:\/\/franciscanos.org.br\/noticias\/o-rosto-misericordioso-de-deus-na-rocinha.html#breadcrumb\"},\"inLanguage\":\"pt-BR\",\"potentialAction\":[{\"@type\":\"ReadAction\",\"target\":[\"https:\/\/franciscanos.org.br\/noticias\/o-rosto-misericordioso-de-deus-na-rocinha.html\"]}]},{\"@type\":\"BreadcrumbList\",\"@id\":\"https:\/\/franciscanos.org.br\/noticias\/o-rosto-misericordioso-de-deus-na-rocinha.html#breadcrumb\",\"itemListElement\":[{\"@type\":\"ListItem\",\"position\":1,\"name\":\"Home\",\"item\":\"https:\/\/franciscanos.org.br\/noticias\"},{\"@type\":\"ListItem\",\"position\":2,\"name\":\"O rosto misericordioso de Deus na Rocinha\"}]},{\"@type\":\"Person\",\"@id\":\"https:\/\/franciscanos.org.br\/noticias\/#\/schema\/person\/b38fbf43118f02820bd932f2e4b14ad3\",\"name\":\"admin\",\"image\":{\"@type\":\"ImageObject\",\"inLanguage\":\"pt-BR\",\"@id\":\"https:\/\/franciscanos.org.br\/noticias\/#\/schema\/person\/image\/\",\"url\":\"https:\/\/secure.gravatar.com\/avatar\/e8495742d34d0ba6448ea1c628263b3e?s=96&d=mm&r=g\",\"contentUrl\":\"https:\/\/secure.gravatar.com\/avatar\/e8495742d34d0ba6448ea1c628263b3e?s=96&d=mm&r=g\",\"caption\":\"admin\"},\"url\":\"https:\/\/franciscanos.org.br\/noticias\/author\/admin\"}]}<\/script>\n<!-- \/ Yoast SEO plugin. -->","yoast_head_json":{"title":"O rosto misericordioso de Deus na Rocinha - Not\u00edcias - Franciscanos","robots":{"index":"index","follow":"follow","max-snippet":"max-snippet:-1","max-image-preview":"max-image-preview:large","max-video-preview":"max-video-preview:-1"},"canonical":"https:\/\/franciscanos.org.br\/noticias\/o-rosto-misericordioso-de-deus-na-rocinha.html","og_locale":"pt_BR","og_type":"article","og_title":"O rosto misericordioso de Deus na Rocinha - Not\u00edcias - Franciscanos","og_description":"Ordena\u00e7\u00e3o Diaconal","og_url":"https:\/\/franciscanos.org.br\/noticias\/o-rosto-misericordioso-de-deus-na-rocinha.html","og_site_name":"Not\u00edcias - Franciscanos","article_published_time":"2017-03-24T11:28:53+00:00","article_modified_time":"2019-01-28T16:36:59+00:00","og_image":[{"width":273,"height":181,"url":"https:\/\/franciscanos.org.br\/noticias\/wp-content\/uploads\/2017\/03\/alan_240317_3.jpg","type":"image\/jpeg"}],"author":"admin","twitter_card":"summary_large_image","twitter_misc":{"Escrito por":"admin","Est. tempo de leitura":"3 minutos"},"schema":{"@context":"https:\/\/schema.org","@graph":[{"@type":"WebSite","@id":"https:\/\/franciscanos.org.br\/noticias\/#website","url":"https:\/\/franciscanos.org.br\/noticias\/","name":"Not\u00edcias - Franciscanos","description":"Prov\u00edncia Franciscana da Imaculada Concei\u00e7\u00e3o do Brasil - Ordem dos Frades Menores - OFM","potentialAction":[{"@type":"SearchAction","target":{"@type":"EntryPoint","urlTemplate":"https:\/\/franciscanos.org.br\/noticias\/?s={search_term_string}"},"query-input":"required name=search_term_string"}],"inLanguage":"pt-BR"},{"@type":"ImageObject","inLanguage":"pt-BR","@id":"https:\/\/franciscanos.org.br\/noticias\/o-rosto-misericordioso-de-deus-na-rocinha.html#primaryimage","url":"https:\/\/franciscanos.org.br\/noticias\/wp-content\/uploads\/2017\/03\/alan_240317_3.jpg","contentUrl":"https:\/\/franciscanos.org.br\/noticias\/wp-content\/uploads\/2017\/03\/alan_240317_3.jpg","width":273,"height":181},{"@type":"WebPage","@id":"https:\/\/franciscanos.org.br\/noticias\/o-rosto-misericordioso-de-deus-na-rocinha.html#webpage","url":"https:\/\/franciscanos.org.br\/noticias\/o-rosto-misericordioso-de-deus-na-rocinha.html","name":"O rosto misericordioso de Deus na Rocinha - Not\u00edcias - Franciscanos","isPartOf":{"@id":"https:\/\/franciscanos.org.br\/noticias\/#website"},"primaryImageOfPage":{"@id":"https:\/\/franciscanos.org.br\/noticias\/o-rosto-misericordioso-de-deus-na-rocinha.html#primaryimage"},"datePublished":"2017-03-24T11:28:53+00:00","dateModified":"2019-01-28T16:36:59+00:00","author":{"@id":"https:\/\/franciscanos.org.br\/noticias\/#\/schema\/person\/b38fbf43118f02820bd932f2e4b14ad3"},"breadcrumb":{"@id":"https:\/\/franciscanos.org.br\/noticias\/o-rosto-misericordioso-de-deus-na-rocinha.html#breadcrumb"},"inLanguage":"pt-BR","potentialAction":[{"@type":"ReadAction","target":["https:\/\/franciscanos.org.br\/noticias\/o-rosto-misericordioso-de-deus-na-rocinha.html"]}]},{"@type":"BreadcrumbList","@id":"https:\/\/franciscanos.org.br\/noticias\/o-rosto-misericordioso-de-deus-na-rocinha.html#breadcrumb","itemListElement":[{"@type":"ListItem","position":1,"name":"Home","item":"https:\/\/franciscanos.org.br\/noticias"},{"@type":"ListItem","position":2,"name":"O rosto misericordioso de Deus na Rocinha"}]},{"@type":"Person","@id":"https:\/\/franciscanos.org.br\/noticias\/#\/schema\/person\/b38fbf43118f02820bd932f2e4b14ad3","name":"admin","image":{"@type":"ImageObject","inLanguage":"pt-BR","@id":"https:\/\/franciscanos.org.br\/noticias\/#\/schema\/person\/image\/","url":"https:\/\/secure.gravatar.com\/avatar\/e8495742d34d0ba6448ea1c628263b3e?s=96&d=mm&r=g","contentUrl":"https:\/\/secure.gravatar.com\/avatar\/e8495742d34d0ba6448ea1c628263b3e?s=96&d=mm&r=g","caption":"admin"},"url":"https:\/\/franciscanos.org.br\/noticias\/author\/admin"}]}},"_links":{"self":[{"href":"https:\/\/franciscanos.org.br\/noticias\/wp-json\/wp\/v2\/posts\/128464"}],"collection":[{"href":"https:\/\/franciscanos.org.br\/noticias\/wp-json\/wp\/v2\/posts"}],"about":[{"href":"https:\/\/franciscanos.org.br\/noticias\/wp-json\/wp\/v2\/types\/post"}],"author":[{"embeddable":true,"href":"https:\/\/franciscanos.org.br\/noticias\/wp-json\/wp\/v2\/users\/1"}],"replies":[{"embeddable":true,"href":"https:\/\/franciscanos.org.br\/noticias\/wp-json\/wp\/v2\/comments?post=128464"}],"version-history":[{"count":0,"href":"https:\/\/franciscanos.org.br\/noticias\/wp-json\/wp\/v2\/posts\/128464\/revisions"}],"wp:featuredmedia":[{"embeddable":true,"href":"https:\/\/franciscanos.org.br\/noticias\/wp-json\/wp\/v2\/media\/197204"}],"wp:attachment":[{"href":"https:\/\/franciscanos.org.br\/noticias\/wp-json\/wp\/v2\/media?parent=128464"}],"wp:term":[{"taxonomy":"category","embeddable":true,"href":"https:\/\/franciscanos.org.br\/noticias\/wp-json\/wp\/v2\/categories?post=128464"},{"taxonomy":"post_tag","embeddable":true,"href":"https:\/\/franciscanos.org.br\/noticias\/wp-json\/wp\/v2\/tags?post=128464"}],"curies":[{"name":"wp","href":"https:\/\/api.w.org\/{rel}","templated":true}]}}