{"id":128458,"date":"2017-03-24T07:31:21","date_gmt":"2017-03-24T10:31:21","guid":{"rendered":"http:\/\/franciscanos.org.br\/?p=128458"},"modified":"2019-01-28T14:41:42","modified_gmt":"2019-01-28T16:41:42","slug":"papa-autoriza-canonizacao-dos-protomartires-do-brasil","status":"publish","type":"post","link":"https:\/\/franciscanos.org.br\/noticias\/papa-autoriza-canonizacao-dos-protomartires-do-brasil.html","title":{"rendered":"Protom\u00e1rtires do Brasil ser\u00e3o canonizados"},"content":{"rendered":"<p><img loading=\"lazy\" class=\"alignleft\" src=\"http:\/\/franciscanos.org.br\/wp-content\/uploads\/2017\/03\/proto_240317.jpg\" alt=\"proto_240317\" width=\"830\" height=\"535\" \/><\/p>\n<p><strong>Cidade do Vaticano<\/strong> &#8211; A Igreja no Brasil recebe uma grande not\u00edcia: em audi\u00eancia concedida ao prefeito da Congrega\u00e7\u00e3o das Causas dos Santos, Cardeal Angelo Amato, o Papa Francisco aprovou os votos favor\u00e1veis da Sess\u00e3o Ordin\u00e1ria dos Cardeais e Bispos Membros da Congrega\u00e7\u00e3o sobre a canoniza\u00e7\u00e3o dos protom\u00e1rtires do Brasil.<\/p>\n<p>Trata-se dos seguintes Beatos: Andr\u00e9 de Soveral e Ambr\u00f3sio Francisco Ferro, sacerdotes diocesanos, e Mateus Moreira e seus vinte e sete companheiros leigos, que em 1645, no Rio Grande do Norte, derramaram seu sangue por amor a Cristo.<\/p>\n<p>Os chamados m\u00e1rtires de Cunha\u00fa e Urua\u00e7u foram beatificados no ano 2000. \u201cDesde ent\u00e3o o processo se intensificou e agora com esta aprova\u00e7\u00e3o do Santo Padre temos como certa a canoniza\u00e7\u00e3o\u201d, disse Dom Jaime Vieira Rocha.<\/p>\n<p>\u201cDevemos render gra\u00e7as a Deus e proclamar o bel\u00edssimo refr\u00e3o do hino dos m\u00e1rtires: M\u00e1rtires da f\u00e9, filhos do Rio Grande, homens e mulheres, jovens e meninos, pelo Bom Pastor deram o seu sangue. Nossa Igreja, em festa, canta os seus hinos. Ent\u00e3o, n\u00f3s estamos em festa com esta not\u00edcia, de muitas gra\u00e7as para a nossa Igreja. Podemos nos alegrar, render gra\u00e7as a Deus e convocar toda a nossa Igreja de Natal, do Brasil e do Rio Grande do Norte para esta grande a\u00e7\u00e3o de gra\u00e7as pela canoniza\u00e7\u00e3o dos nossos m\u00e1rtires. Desde 2000, quando foram beatificados, o processo se intensificou e agora, o Papa Francisco certamente, com muitas alegria, aprovando os votos da Congrega\u00e7\u00e3o, teremos como certa a canoniza\u00e7\u00e3o. Isto para n\u00f3s \u00e9 motivo de alegria; que a intercess\u00e3o dos nossos m\u00e1rtires pela nossa Igreja no Brasil, pela nossa Arquidiocese e por todo o povo de Deus seja um sinal de esperan\u00e7a, de testemunho, de convic\u00e7\u00e3o na viv\u00eancia da nossa f\u00e9. Eles s\u00e3o um exemplo porque deram a vida, derramaram o sangue, na viv\u00eancia de sua f\u00e9\u201d.<\/p>\n<p>Em 16 de julho de 1645, o Pe. Andr\u00e9 de Soveral e outros 70 fi\u00e9is foram cruelmente mortos por 200 soldados holandeses e \u00edndios potiguares. Os fi\u00e9is estavam participando da missa dominical, na Capela de Nossa Senhora das Candeias, no Engenho Cunha\u00fa \u2013 no munic\u00edpio de Canguaretama (RN). Em 3 de outubro de 1645, tr\u00eas meses depois, houve o massacre de Urua\u00e7\u00fa. Padre Ambr\u00f3sio Francisco Ferro foi torturado e o camopon\u00eas Mateus Moreira, morto.Os invasores calvinistas n\u00e3o admitiam a pr\u00e1tica da religi\u00e3o cat\u00f3lica.<\/p>\n<p>Durante a Audi\u00eancia, o Santo Padre autorizou a Congrega\u00e7\u00e3o das Causas dos Santos a promulgar os Decretos referentes:<\/p>\n<p style=\"padding-left: 30px;\">&#8211; ao milagre atribu\u00eddo \u00e0 intercess\u00e3o do Beato Angelo de Acri (de nome: Luca Antonio Falcone), sacerdote professo da Ordem dos Frades Menores Capuchinhos; nascido em 19 de outubro de 1669 e falecido em 30 de outubro de 1739;<\/p>\n<p style=\"padding-left: 30px;\">&#8211; ao milagre atribu\u00eddo \u00e0 intercess\u00e3o do Beato Francisco Marto, nascido em 11 de junho, de 1908 e falecido em 4 de abril de 1919, e da Beata Jacinta Marto, nascida em 11 de mar\u00e7o, 1910 e falecida em 20 de fevereiro de 1920, as crian\u00e7as de F\u00e1tima;<\/p>\n<p style=\"padding-left: 30px;\">&#8211; ao mart\u00edrio dos Servos de Deus Jos\u00e9 Maria Fern\u00e1ndez S\u00e1nchez e 32 Companheiros, Sacerdotes e Irm\u00e3os Coadjutores da Congrega\u00e7\u00e3o da Miss\u00e3o, bem como 6 Leigos, da Associa\u00e7\u00e3o da Medalha Milagrosa da Beata Virgem Maria, assassinados por \u00f3dio \u00e0 f\u00e9 em 1936 durante a guerra civil espanhola;<\/p>\n<p style=\"padding-left: 30px;\">&#8211; ao mart\u00edrio da Serva de Deus Regina Maria Vattalil (de nome: Maria), religiosa professa da Congrega\u00e7\u00e3o das Irm\u00e3s Clarissas Franciscanas; assassinada por \u00f3dio \u00e0 F\u00e9, em 25 de fevereiro de 1995;<\/p>\n<p style=\"padding-left: 30px;\">&#8211; \u00e0s virtudes heroicas do Servo de Deus e Daniel da Samarate (de nome: Felice Rossini), sacerdote professo da Ordem dos Frades Menores Capuchinhos; nascido em 15 de junho de 1876 e falecido em 19 de maio de 1924;<\/p>\n<p style=\"padding-left: 30px;\">&#8211; \u00e0s virtudes heroicas da Serva de Deus Macrina Raparelli (de nome: Elena), Fundadora da Congrega\u00e7\u00e3o das Irm\u00e3s Basilianas Filhas de Santa Macrina; nascida em 02 de abril de 1893 e falecida em 26 de fevereiro de 1970;<\/p>\n<p style=\"padding-left: 30px;\">&#8211; \u00e0s virtudes heroicas da Serva de Deus Daniela Zanetta, Leiga; nascida em 15 de dezembro de 1962 e falecida em 14 de abril de 1986.<\/p>\n<p style=\"padding-left: 30px;\">O Santo Padre tamb\u00e9m aprovou os votos favor\u00e1veis da Sess\u00e3o Ordin\u00e1ria dos Cardeais e Bispos Membros da Congrega\u00e7\u00e3o sobre a canoniza\u00e7\u00e3o dos seguintes Beatos: &#8211; Cristoforo, Ant\u00f4nio e Giovanni, adolescentes, M\u00e1rtires, assassinados por \u00f3dio \u00e0 f\u00e9 no M\u00e9xico, em 1529.<\/p>\n","protected":false},"excerpt":{"rendered":"<p>Santos brasileiros<\/p>\n","protected":false},"author":1,"featured_media":197207,"comment_status":"open","ping_status":"open","sticky":false,"template":"","format":"standard","meta":[],"categories":[1],"tags":[216],"acf":[],"yoast_head":"<!-- This site is optimized with the Yoast SEO plugin v19.2 - https:\/\/yoast.com\/wordpress\/plugins\/seo\/ -->\n<title>Protom\u00e1rtires do Brasil ser\u00e3o canonizados - Not\u00edcias - Franciscanos<\/title>\n<meta name=\"robots\" content=\"index, follow, max-snippet:-1, max-image-preview:large, max-video-preview:-1\" \/>\n<link rel=\"canonical\" href=\"https:\/\/franciscanos.org.br\/noticias\/papa-autoriza-canonizacao-dos-protomartires-do-brasil.html\" \/>\n<meta property=\"og:locale\" content=\"pt_BR\" \/>\n<meta property=\"og:type\" content=\"article\" \/>\n<meta property=\"og:title\" content=\"Protom\u00e1rtires do Brasil ser\u00e3o canonizados - Not\u00edcias - Franciscanos\" \/>\n<meta property=\"og:description\" content=\"Santos brasileiros\" \/>\n<meta property=\"og:url\" content=\"https:\/\/franciscanos.org.br\/noticias\/papa-autoriza-canonizacao-dos-protomartires-do-brasil.html\" \/>\n<meta property=\"og:site_name\" content=\"Not\u00edcias - Franciscanos\" \/>\n<meta property=\"article:published_time\" content=\"2017-03-24T10:31:21+00:00\" \/>\n<meta property=\"article:modified_time\" content=\"2019-01-28T16:41:42+00:00\" \/>\n<meta property=\"og:image\" content=\"https:\/\/franciscanos.org.br\/noticias\/wp-content\/uploads\/2017\/03\/proto_240317.jpg\" \/>\n\t<meta property=\"og:image:width\" content=\"273\" \/>\n\t<meta property=\"og:image:height\" content=\"181\" \/>\n\t<meta property=\"og:image:type\" content=\"image\/jpeg\" \/>\n<meta name=\"author\" content=\"admin\" \/>\n<meta name=\"twitter:card\" content=\"summary_large_image\" \/>\n<meta name=\"twitter:label1\" content=\"Escrito por\" \/>\n\t<meta name=\"twitter:data1\" content=\"admin\" \/>\n\t<meta name=\"twitter:label2\" content=\"Est. tempo de leitura\" \/>\n\t<meta name=\"twitter:data2\" content=\"4 minutos\" \/>\n<script type=\"application\/ld+json\" class=\"yoast-schema-graph\">{\"@context\":\"https:\/\/schema.org\",\"@graph\":[{\"@type\":\"WebSite\",\"@id\":\"https:\/\/franciscanos.org.br\/noticias\/#website\",\"url\":\"https:\/\/franciscanos.org.br\/noticias\/\",\"name\":\"Not\u00edcias - Franciscanos\",\"description\":\"Prov\u00edncia Franciscana da Imaculada Concei\u00e7\u00e3o do Brasil - Ordem dos Frades Menores - OFM\",\"potentialAction\":[{\"@type\":\"SearchAction\",\"target\":{\"@type\":\"EntryPoint\",\"urlTemplate\":\"https:\/\/franciscanos.org.br\/noticias\/?s={search_term_string}\"},\"query-input\":\"required name=search_term_string\"}],\"inLanguage\":\"pt-BR\"},{\"@type\":\"ImageObject\",\"inLanguage\":\"pt-BR\",\"@id\":\"https:\/\/franciscanos.org.br\/noticias\/papa-autoriza-canonizacao-dos-protomartires-do-brasil.html#primaryimage\",\"url\":\"https:\/\/franciscanos.org.br\/noticias\/wp-content\/uploads\/2017\/03\/proto_240317.jpg\",\"contentUrl\":\"https:\/\/franciscanos.org.br\/noticias\/wp-content\/uploads\/2017\/03\/proto_240317.jpg\",\"width\":273,\"height\":181},{\"@type\":\"WebPage\",\"@id\":\"https:\/\/franciscanos.org.br\/noticias\/papa-autoriza-canonizacao-dos-protomartires-do-brasil.html#webpage\",\"url\":\"https:\/\/franciscanos.org.br\/noticias\/papa-autoriza-canonizacao-dos-protomartires-do-brasil.html\",\"name\":\"Protom\u00e1rtires do Brasil ser\u00e3o canonizados - Not\u00edcias - Franciscanos\",\"isPartOf\":{\"@id\":\"https:\/\/franciscanos.org.br\/noticias\/#website\"},\"primaryImageOfPage\":{\"@id\":\"https:\/\/franciscanos.org.br\/noticias\/papa-autoriza-canonizacao-dos-protomartires-do-brasil.html#primaryimage\"},\"datePublished\":\"2017-03-24T10:31:21+00:00\",\"dateModified\":\"2019-01-28T16:41:42+00:00\",\"author\":{\"@id\":\"https:\/\/franciscanos.org.br\/noticias\/#\/schema\/person\/b38fbf43118f02820bd932f2e4b14ad3\"},\"breadcrumb\":{\"@id\":\"https:\/\/franciscanos.org.br\/noticias\/papa-autoriza-canonizacao-dos-protomartires-do-brasil.html#breadcrumb\"},\"inLanguage\":\"pt-BR\",\"potentialAction\":[{\"@type\":\"ReadAction\",\"target\":[\"https:\/\/franciscanos.org.br\/noticias\/papa-autoriza-canonizacao-dos-protomartires-do-brasil.html\"]}]},{\"@type\":\"BreadcrumbList\",\"@id\":\"https:\/\/franciscanos.org.br\/noticias\/papa-autoriza-canonizacao-dos-protomartires-do-brasil.html#breadcrumb\",\"itemListElement\":[{\"@type\":\"ListItem\",\"position\":1,\"name\":\"Home\",\"item\":\"https:\/\/franciscanos.org.br\/noticias\"},{\"@type\":\"ListItem\",\"position\":2,\"name\":\"Protom\u00e1rtires do Brasil ser\u00e3o canonizados\"}]},{\"@type\":\"Person\",\"@id\":\"https:\/\/franciscanos.org.br\/noticias\/#\/schema\/person\/b38fbf43118f02820bd932f2e4b14ad3\",\"name\":\"admin\",\"image\":{\"@type\":\"ImageObject\",\"inLanguage\":\"pt-BR\",\"@id\":\"https:\/\/franciscanos.org.br\/noticias\/#\/schema\/person\/image\/\",\"url\":\"https:\/\/secure.gravatar.com\/avatar\/e8495742d34d0ba6448ea1c628263b3e?s=96&d=mm&r=g\",\"contentUrl\":\"https:\/\/secure.gravatar.com\/avatar\/e8495742d34d0ba6448ea1c628263b3e?s=96&d=mm&r=g\",\"caption\":\"admin\"},\"url\":\"https:\/\/franciscanos.org.br\/noticias\/author\/admin\"}]}<\/script>\n<!-- \/ Yoast SEO plugin. -->","yoast_head_json":{"title":"Protom\u00e1rtires do Brasil ser\u00e3o canonizados - Not\u00edcias - Franciscanos","robots":{"index":"index","follow":"follow","max-snippet":"max-snippet:-1","max-image-preview":"max-image-preview:large","max-video-preview":"max-video-preview:-1"},"canonical":"https:\/\/franciscanos.org.br\/noticias\/papa-autoriza-canonizacao-dos-protomartires-do-brasil.html","og_locale":"pt_BR","og_type":"article","og_title":"Protom\u00e1rtires do Brasil ser\u00e3o canonizados - Not\u00edcias - Franciscanos","og_description":"Santos brasileiros","og_url":"https:\/\/franciscanos.org.br\/noticias\/papa-autoriza-canonizacao-dos-protomartires-do-brasil.html","og_site_name":"Not\u00edcias - Franciscanos","article_published_time":"2017-03-24T10:31:21+00:00","article_modified_time":"2019-01-28T16:41:42+00:00","og_image":[{"width":273,"height":181,"url":"https:\/\/franciscanos.org.br\/noticias\/wp-content\/uploads\/2017\/03\/proto_240317.jpg","type":"image\/jpeg"}],"author":"admin","twitter_card":"summary_large_image","twitter_misc":{"Escrito por":"admin","Est. tempo de leitura":"4 minutos"},"schema":{"@context":"https:\/\/schema.org","@graph":[{"@type":"WebSite","@id":"https:\/\/franciscanos.org.br\/noticias\/#website","url":"https:\/\/franciscanos.org.br\/noticias\/","name":"Not\u00edcias - Franciscanos","description":"Prov\u00edncia Franciscana da Imaculada Concei\u00e7\u00e3o do Brasil - Ordem dos Frades Menores - OFM","potentialAction":[{"@type":"SearchAction","target":{"@type":"EntryPoint","urlTemplate":"https:\/\/franciscanos.org.br\/noticias\/?s={search_term_string}"},"query-input":"required name=search_term_string"}],"inLanguage":"pt-BR"},{"@type":"ImageObject","inLanguage":"pt-BR","@id":"https:\/\/franciscanos.org.br\/noticias\/papa-autoriza-canonizacao-dos-protomartires-do-brasil.html#primaryimage","url":"https:\/\/franciscanos.org.br\/noticias\/wp-content\/uploads\/2017\/03\/proto_240317.jpg","contentUrl":"https:\/\/franciscanos.org.br\/noticias\/wp-content\/uploads\/2017\/03\/proto_240317.jpg","width":273,"height":181},{"@type":"WebPage","@id":"https:\/\/franciscanos.org.br\/noticias\/papa-autoriza-canonizacao-dos-protomartires-do-brasil.html#webpage","url":"https:\/\/franciscanos.org.br\/noticias\/papa-autoriza-canonizacao-dos-protomartires-do-brasil.html","name":"Protom\u00e1rtires do Brasil ser\u00e3o canonizados - Not\u00edcias - Franciscanos","isPartOf":{"@id":"https:\/\/franciscanos.org.br\/noticias\/#website"},"primaryImageOfPage":{"@id":"https:\/\/franciscanos.org.br\/noticias\/papa-autoriza-canonizacao-dos-protomartires-do-brasil.html#primaryimage"},"datePublished":"2017-03-24T10:31:21+00:00","dateModified":"2019-01-28T16:41:42+00:00","author":{"@id":"https:\/\/franciscanos.org.br\/noticias\/#\/schema\/person\/b38fbf43118f02820bd932f2e4b14ad3"},"breadcrumb":{"@id":"https:\/\/franciscanos.org.br\/noticias\/papa-autoriza-canonizacao-dos-protomartires-do-brasil.html#breadcrumb"},"inLanguage":"pt-BR","potentialAction":[{"@type":"ReadAction","target":["https:\/\/franciscanos.org.br\/noticias\/papa-autoriza-canonizacao-dos-protomartires-do-brasil.html"]}]},{"@type":"BreadcrumbList","@id":"https:\/\/franciscanos.org.br\/noticias\/papa-autoriza-canonizacao-dos-protomartires-do-brasil.html#breadcrumb","itemListElement":[{"@type":"ListItem","position":1,"name":"Home","item":"https:\/\/franciscanos.org.br\/noticias"},{"@type":"ListItem","position":2,"name":"Protom\u00e1rtires do Brasil ser\u00e3o canonizados"}]},{"@type":"Person","@id":"https:\/\/franciscanos.org.br\/noticias\/#\/schema\/person\/b38fbf43118f02820bd932f2e4b14ad3","name":"admin","image":{"@type":"ImageObject","inLanguage":"pt-BR","@id":"https:\/\/franciscanos.org.br\/noticias\/#\/schema\/person\/image\/","url":"https:\/\/secure.gravatar.com\/avatar\/e8495742d34d0ba6448ea1c628263b3e?s=96&d=mm&r=g","contentUrl":"https:\/\/secure.gravatar.com\/avatar\/e8495742d34d0ba6448ea1c628263b3e?s=96&d=mm&r=g","caption":"admin"},"url":"https:\/\/franciscanos.org.br\/noticias\/author\/admin"}]}},"_links":{"self":[{"href":"https:\/\/franciscanos.org.br\/noticias\/wp-json\/wp\/v2\/posts\/128458"}],"collection":[{"href":"https:\/\/franciscanos.org.br\/noticias\/wp-json\/wp\/v2\/posts"}],"about":[{"href":"https:\/\/franciscanos.org.br\/noticias\/wp-json\/wp\/v2\/types\/post"}],"author":[{"embeddable":true,"href":"https:\/\/franciscanos.org.br\/noticias\/wp-json\/wp\/v2\/users\/1"}],"replies":[{"embeddable":true,"href":"https:\/\/franciscanos.org.br\/noticias\/wp-json\/wp\/v2\/comments?post=128458"}],"version-history":[{"count":0,"href":"https:\/\/franciscanos.org.br\/noticias\/wp-json\/wp\/v2\/posts\/128458\/revisions"}],"wp:featuredmedia":[{"embeddable":true,"href":"https:\/\/franciscanos.org.br\/noticias\/wp-json\/wp\/v2\/media\/197207"}],"wp:attachment":[{"href":"https:\/\/franciscanos.org.br\/noticias\/wp-json\/wp\/v2\/media?parent=128458"}],"wp:term":[{"taxonomy":"category","embeddable":true,"href":"https:\/\/franciscanos.org.br\/noticias\/wp-json\/wp\/v2\/categories?post=128458"},{"taxonomy":"post_tag","embeddable":true,"href":"https:\/\/franciscanos.org.br\/noticias\/wp-json\/wp\/v2\/tags?post=128458"}],"curies":[{"name":"wp","href":"https:\/\/api.w.org\/{rel}","templated":true}]}}