{"id":128426,"date":"2017-03-23T09:10:23","date_gmt":"2017-03-23T12:10:23","guid":{"rendered":"http:\/\/franciscanos.org.br\/?p=128426"},"modified":"2020-06-09T10:06:02","modified_gmt":"2020-06-09T13:06:02","slug":"papa-quando-nos-distanciamos-de-deus-o-coracao-se-endurece","status":"publish","type":"post","link":"https:\/\/franciscanos.org.br\/noticias\/papa-quando-nos-distanciamos-de-deus-o-coracao-se-endurece.html","title":{"rendered":"Quando nos distanciamos de Deus o cora\u00e7\u00e3o se endurece"},"content":{"rendered":"<p><img loading=\"lazy\" class=\"alignleft\" src=\"http:\/\/franciscanos.org.br\/wp-content\/uploads\/2017\/03\/marta_230317.jpg\" alt=\"marta_230317\" width=\"830\" height=\"450\" \/><strong>Cidade do Vaticano<\/strong> &#8211; \u201cOuvir a Palavra de Deus para evitar o risco de endurecer o cora\u00e7\u00e3o\u201d, disse o Papa Francisco na missa celebrada, esta quinta-feira, 23, na Casa Santa Marta.<\/p>\n<p>Quando o povo n\u00e3o escuta a voz de Deus e vira as costas para Ele, acaba se distanciando Dele. Baseando-se num trecho do Livro do Profeta Jeremias, o Papa desenvolveu a sua medita\u00e7\u00e3o sobre a escuta da Palavra de Deus.<\/p>\n<p>\u201cQuando n\u00e3o paramos para ouvir a voz do Senhor, nos distanciamos Dele, viramos as costas para Ele. E quando n\u00e3o ouvimos a voz de Deus, ouvimos outras vozes.\u201d<\/p>\n<p><strong>Se n\u00e3o ouvimos a Palavra de Deus, ouvimos os \u00eddolos do mundo<\/strong><\/p>\n<p>\u201cNo final\u201d, constatou amargamente o Pont\u00edfice, \u201cfechamos os ouvidos e nos tornamos surdos \u00e0 Palavra de Deus\u201d.<\/p>\n<p>\u201cSe hoje todos n\u00f3s pararmos um pouco e olharmos para o nosso cora\u00e7\u00e3o, veremos quantas vezes fechamos os ouvidos e quantas vezes nos tornamos surdos. Quando um povo, uma comunidade, mas tamb\u00e9m uma comunidade crist\u00e3, uma par\u00f3quia, uma diocese, fecha os ouvidos e se torna surda, n\u00e3o ouve a Palavra de Deus, procura outras vozes, outros senhores e acaba seguindo os \u00eddolos, os \u00eddolos que o mundo, a mundanidade, a sociedade lhes oferece. Se distancia do Deus vivo.\u201d<\/p>\n<p><strong>Quando o cora\u00e7\u00e3o se endurece, tornamo-nos cat\u00f3licos ateus<\/strong><\/p>\n<p>\u201cQuando nos distanciamos do Senhor\u201d, prosseguiu o Papa, \u201co nosso cora\u00e7\u00e3o se endurece\u201d. Quando n\u00e3o ouvimos, o cora\u00e7\u00e3o se torna mais duro, mais fechado em si mesmo. Duro e incapaz de receber alguma coisa. N\u00e3o s\u00f3 fechamento, mas dureza do cora\u00e7\u00e3o. Vive ent\u00e3o naquele mundo, naquela atmosfera que n\u00e3o lhe faz bem, que o distancia cada dia mais de Deus\u201d.<\/p>\n<p>\u201cE estas duas coisas \u2013 n\u00e3o escutar a Palavra de Deus e ter o cora\u00e7\u00e3o endurecido, fechado em si mesmo \u2013 fazem perder a fidelidade. Perde-se o sentido da fidelidade. O Senhor diz na Primeira Leitura: \u2018A fidelidade desapareceu\u2019 e n\u00f3s nos tornamos cat\u00f3licos infi\u00e9is, cat\u00f3licos pag\u00e3os ou pior ainda, cat\u00f3licos ateus, porque n\u00e3o temos uma refer\u00eancia de amor ao Deus vivo. N\u00e3o escutar e virar as costas \u2013 que nos endurece o cora\u00e7\u00e3o \u2013 que nos conduz ao caminho da infidelidade\u201d.<\/p>\n<p>\u201cEsta infidelidade, como se traduz esta infidelidade?\u201d, perguntou o Papa. \u201cTraduz-se com a confus\u00e3o: n\u00e3o se sabe aonde est\u00e1 Deus, aonde n\u00e3o est\u00e1, se confunde Deus com o diabo\u201d. Francisco fez refer\u00eancia ao Evangelho do dia e observou que \u201ca Jesus, que faz milagres, que faz tanto pela salva\u00e7\u00e3o e as pessoas est\u00e3o felizes, as pessoas dizem: \u2018E o faz isto porque \u00e9 um filho do diabo. Faz o poder de Belzebu\u2019\u201d.<\/p>\n<p><strong>Escutamos realmente a Palavra de Deus?<\/strong><\/p>\n<p>\u201cEsta \u2013 disse o Papa \u2013 \u00e9 a blasf\u00eamia. a blasf\u00eamia \u00e9 a palavra final deste percurso, que come\u00e7a com o n\u00e3o-escutar, que endurece o cora\u00e7\u00e3o, que \u2018causa confus\u00e3o\u2019, que faz esquecer a fidelidade&#8230; e no fim, vem a blasf\u00eamia\u201d. Ai daquele povo que se esquece da surpresa do primeiro encontro com Jesus:<\/p>\n<p>\u201cHoje, podemos todos nos perguntar: Eu paro para ouvir a Palavra de Deus, pego a B\u00edblia, que fala a mim? Meu cora\u00e7\u00e3o se endureceu? Eu me afastei do Senhor? Perdi a fidelidade ao Senhor e vivo com os \u00eddolos que a mundanidade me prop\u00f5e todos os dias? Perdi a alegria da maravilha do primeiro encontro com Jesus? Hoje \u00e9 um dia para \u2018escutar\u2019: \u2018Escutem hoje a voz do Senhor\u2019, rezamos antes. \u2018N\u00e3o endure\u00e7am seu cora\u00e7\u00e3o\u2019. Pe\u00e7amos esta gra\u00e7a. A gra\u00e7a de escutar, para que nosso cora\u00e7\u00e3o n\u00e3o se endure\u00e7a\u201d.<\/p>\n<hr \/>\n<p><em>Fonte: R\u00e1dio Vaticano<\/em><\/p>\n","protected":false},"excerpt":{"rendered":"<p>Missa em Santa Marta<\/p>\n","protected":false},"author":1,"featured_media":197210,"comment_status":"open","ping_status":"open","sticky":false,"template":"","format":"standard","meta":[],"categories":[1428],"tags":[1586],"acf":[],"yoast_head":"<!-- This site is optimized with the Yoast SEO plugin v19.2 - https:\/\/yoast.com\/wordpress\/plugins\/seo\/ -->\n<title>Quando nos distanciamos de Deus o cora\u00e7\u00e3o se endurece - Not\u00edcias - Franciscanos<\/title>\n<meta name=\"robots\" content=\"index, follow, max-snippet:-1, max-image-preview:large, max-video-preview:-1\" \/>\n<link rel=\"canonical\" href=\"https:\/\/franciscanos.org.br\/noticias\/papa-quando-nos-distanciamos-de-deus-o-coracao-se-endurece.html\" \/>\n<meta property=\"og:locale\" content=\"pt_BR\" \/>\n<meta property=\"og:type\" content=\"article\" \/>\n<meta property=\"og:title\" content=\"Quando nos distanciamos de Deus o cora\u00e7\u00e3o se endurece - Not\u00edcias - Franciscanos\" \/>\n<meta property=\"og:description\" content=\"Missa em Santa Marta\" \/>\n<meta property=\"og:url\" content=\"https:\/\/franciscanos.org.br\/noticias\/papa-quando-nos-distanciamos-de-deus-o-coracao-se-endurece.html\" \/>\n<meta property=\"og:site_name\" content=\"Not\u00edcias - Franciscanos\" \/>\n<meta property=\"article:published_time\" content=\"2017-03-23T12:10:23+00:00\" \/>\n<meta property=\"article:modified_time\" content=\"2020-06-09T13:06:02+00:00\" \/>\n<meta property=\"og:image\" content=\"https:\/\/franciscanos.org.br\/noticias\/wp-content\/uploads\/2017\/03\/marta_230317.jpg\" \/>\n\t<meta property=\"og:image:width\" content=\"273\" \/>\n\t<meta property=\"og:image:height\" content=\"181\" \/>\n\t<meta property=\"og:image:type\" content=\"image\/jpeg\" \/>\n<meta name=\"author\" content=\"admin\" \/>\n<meta name=\"twitter:card\" content=\"summary_large_image\" \/>\n<meta name=\"twitter:label1\" content=\"Escrito por\" \/>\n\t<meta name=\"twitter:data1\" content=\"admin\" \/>\n\t<meta name=\"twitter:label2\" content=\"Est. tempo de leitura\" \/>\n\t<meta name=\"twitter:data2\" content=\"3 minutos\" \/>\n<script type=\"application\/ld+json\" class=\"yoast-schema-graph\">{\"@context\":\"https:\/\/schema.org\",\"@graph\":[{\"@type\":\"WebSite\",\"@id\":\"https:\/\/franciscanos.org.br\/noticias\/#website\",\"url\":\"https:\/\/franciscanos.org.br\/noticias\/\",\"name\":\"Not\u00edcias - Franciscanos\",\"description\":\"Prov\u00edncia Franciscana da Imaculada Concei\u00e7\u00e3o do Brasil - Ordem dos Frades Menores - OFM\",\"potentialAction\":[{\"@type\":\"SearchAction\",\"target\":{\"@type\":\"EntryPoint\",\"urlTemplate\":\"https:\/\/franciscanos.org.br\/noticias\/?s={search_term_string}\"},\"query-input\":\"required name=search_term_string\"}],\"inLanguage\":\"pt-BR\"},{\"@type\":\"ImageObject\",\"inLanguage\":\"pt-BR\",\"@id\":\"https:\/\/franciscanos.org.br\/noticias\/papa-quando-nos-distanciamos-de-deus-o-coracao-se-endurece.html#primaryimage\",\"url\":\"https:\/\/franciscanos.org.br\/noticias\/wp-content\/uploads\/2017\/03\/marta_230317.jpg\",\"contentUrl\":\"https:\/\/franciscanos.org.br\/noticias\/wp-content\/uploads\/2017\/03\/marta_230317.jpg\",\"width\":273,\"height\":181},{\"@type\":\"WebPage\",\"@id\":\"https:\/\/franciscanos.org.br\/noticias\/papa-quando-nos-distanciamos-de-deus-o-coracao-se-endurece.html#webpage\",\"url\":\"https:\/\/franciscanos.org.br\/noticias\/papa-quando-nos-distanciamos-de-deus-o-coracao-se-endurece.html\",\"name\":\"Quando nos distanciamos de Deus o cora\u00e7\u00e3o se endurece - Not\u00edcias - Franciscanos\",\"isPartOf\":{\"@id\":\"https:\/\/franciscanos.org.br\/noticias\/#website\"},\"primaryImageOfPage\":{\"@id\":\"https:\/\/franciscanos.org.br\/noticias\/papa-quando-nos-distanciamos-de-deus-o-coracao-se-endurece.html#primaryimage\"},\"datePublished\":\"2017-03-23T12:10:23+00:00\",\"dateModified\":\"2020-06-09T13:06:02+00:00\",\"author\":{\"@id\":\"https:\/\/franciscanos.org.br\/noticias\/#\/schema\/person\/b38fbf43118f02820bd932f2e4b14ad3\"},\"breadcrumb\":{\"@id\":\"https:\/\/franciscanos.org.br\/noticias\/papa-quando-nos-distanciamos-de-deus-o-coracao-se-endurece.html#breadcrumb\"},\"inLanguage\":\"pt-BR\",\"potentialAction\":[{\"@type\":\"ReadAction\",\"target\":[\"https:\/\/franciscanos.org.br\/noticias\/papa-quando-nos-distanciamos-de-deus-o-coracao-se-endurece.html\"]}]},{\"@type\":\"BreadcrumbList\",\"@id\":\"https:\/\/franciscanos.org.br\/noticias\/papa-quando-nos-distanciamos-de-deus-o-coracao-se-endurece.html#breadcrumb\",\"itemListElement\":[{\"@type\":\"ListItem\",\"position\":1,\"name\":\"Home\",\"item\":\"https:\/\/franciscanos.org.br\/noticias\"},{\"@type\":\"ListItem\",\"position\":2,\"name\":\"Quando nos distanciamos de Deus o cora\u00e7\u00e3o se endurece\"}]},{\"@type\":\"Person\",\"@id\":\"https:\/\/franciscanos.org.br\/noticias\/#\/schema\/person\/b38fbf43118f02820bd932f2e4b14ad3\",\"name\":\"admin\",\"image\":{\"@type\":\"ImageObject\",\"inLanguage\":\"pt-BR\",\"@id\":\"https:\/\/franciscanos.org.br\/noticias\/#\/schema\/person\/image\/\",\"url\":\"https:\/\/secure.gravatar.com\/avatar\/e8495742d34d0ba6448ea1c628263b3e?s=96&d=mm&r=g\",\"contentUrl\":\"https:\/\/secure.gravatar.com\/avatar\/e8495742d34d0ba6448ea1c628263b3e?s=96&d=mm&r=g\",\"caption\":\"admin\"},\"url\":\"https:\/\/franciscanos.org.br\/noticias\/author\/admin\"}]}<\/script>\n<!-- \/ Yoast SEO plugin. -->","yoast_head_json":{"title":"Quando nos distanciamos de Deus o cora\u00e7\u00e3o se endurece - Not\u00edcias - Franciscanos","robots":{"index":"index","follow":"follow","max-snippet":"max-snippet:-1","max-image-preview":"max-image-preview:large","max-video-preview":"max-video-preview:-1"},"canonical":"https:\/\/franciscanos.org.br\/noticias\/papa-quando-nos-distanciamos-de-deus-o-coracao-se-endurece.html","og_locale":"pt_BR","og_type":"article","og_title":"Quando nos distanciamos de Deus o cora\u00e7\u00e3o se endurece - Not\u00edcias - Franciscanos","og_description":"Missa em Santa Marta","og_url":"https:\/\/franciscanos.org.br\/noticias\/papa-quando-nos-distanciamos-de-deus-o-coracao-se-endurece.html","og_site_name":"Not\u00edcias - Franciscanos","article_published_time":"2017-03-23T12:10:23+00:00","article_modified_time":"2020-06-09T13:06:02+00:00","og_image":[{"width":273,"height":181,"url":"https:\/\/franciscanos.org.br\/noticias\/wp-content\/uploads\/2017\/03\/marta_230317.jpg","type":"image\/jpeg"}],"author":"admin","twitter_card":"summary_large_image","twitter_misc":{"Escrito por":"admin","Est. tempo de leitura":"3 minutos"},"schema":{"@context":"https:\/\/schema.org","@graph":[{"@type":"WebSite","@id":"https:\/\/franciscanos.org.br\/noticias\/#website","url":"https:\/\/franciscanos.org.br\/noticias\/","name":"Not\u00edcias - Franciscanos","description":"Prov\u00edncia Franciscana da Imaculada Concei\u00e7\u00e3o do Brasil - Ordem dos Frades Menores - OFM","potentialAction":[{"@type":"SearchAction","target":{"@type":"EntryPoint","urlTemplate":"https:\/\/franciscanos.org.br\/noticias\/?s={search_term_string}"},"query-input":"required name=search_term_string"}],"inLanguage":"pt-BR"},{"@type":"ImageObject","inLanguage":"pt-BR","@id":"https:\/\/franciscanos.org.br\/noticias\/papa-quando-nos-distanciamos-de-deus-o-coracao-se-endurece.html#primaryimage","url":"https:\/\/franciscanos.org.br\/noticias\/wp-content\/uploads\/2017\/03\/marta_230317.jpg","contentUrl":"https:\/\/franciscanos.org.br\/noticias\/wp-content\/uploads\/2017\/03\/marta_230317.jpg","width":273,"height":181},{"@type":"WebPage","@id":"https:\/\/franciscanos.org.br\/noticias\/papa-quando-nos-distanciamos-de-deus-o-coracao-se-endurece.html#webpage","url":"https:\/\/franciscanos.org.br\/noticias\/papa-quando-nos-distanciamos-de-deus-o-coracao-se-endurece.html","name":"Quando nos distanciamos de Deus o cora\u00e7\u00e3o se endurece - Not\u00edcias - Franciscanos","isPartOf":{"@id":"https:\/\/franciscanos.org.br\/noticias\/#website"},"primaryImageOfPage":{"@id":"https:\/\/franciscanos.org.br\/noticias\/papa-quando-nos-distanciamos-de-deus-o-coracao-se-endurece.html#primaryimage"},"datePublished":"2017-03-23T12:10:23+00:00","dateModified":"2020-06-09T13:06:02+00:00","author":{"@id":"https:\/\/franciscanos.org.br\/noticias\/#\/schema\/person\/b38fbf43118f02820bd932f2e4b14ad3"},"breadcrumb":{"@id":"https:\/\/franciscanos.org.br\/noticias\/papa-quando-nos-distanciamos-de-deus-o-coracao-se-endurece.html#breadcrumb"},"inLanguage":"pt-BR","potentialAction":[{"@type":"ReadAction","target":["https:\/\/franciscanos.org.br\/noticias\/papa-quando-nos-distanciamos-de-deus-o-coracao-se-endurece.html"]}]},{"@type":"BreadcrumbList","@id":"https:\/\/franciscanos.org.br\/noticias\/papa-quando-nos-distanciamos-de-deus-o-coracao-se-endurece.html#breadcrumb","itemListElement":[{"@type":"ListItem","position":1,"name":"Home","item":"https:\/\/franciscanos.org.br\/noticias"},{"@type":"ListItem","position":2,"name":"Quando nos distanciamos de Deus o cora\u00e7\u00e3o se endurece"}]},{"@type":"Person","@id":"https:\/\/franciscanos.org.br\/noticias\/#\/schema\/person\/b38fbf43118f02820bd932f2e4b14ad3","name":"admin","image":{"@type":"ImageObject","inLanguage":"pt-BR","@id":"https:\/\/franciscanos.org.br\/noticias\/#\/schema\/person\/image\/","url":"https:\/\/secure.gravatar.com\/avatar\/e8495742d34d0ba6448ea1c628263b3e?s=96&d=mm&r=g","contentUrl":"https:\/\/secure.gravatar.com\/avatar\/e8495742d34d0ba6448ea1c628263b3e?s=96&d=mm&r=g","caption":"admin"},"url":"https:\/\/franciscanos.org.br\/noticias\/author\/admin"}]}},"_links":{"self":[{"href":"https:\/\/franciscanos.org.br\/noticias\/wp-json\/wp\/v2\/posts\/128426"}],"collection":[{"href":"https:\/\/franciscanos.org.br\/noticias\/wp-json\/wp\/v2\/posts"}],"about":[{"href":"https:\/\/franciscanos.org.br\/noticias\/wp-json\/wp\/v2\/types\/post"}],"author":[{"embeddable":true,"href":"https:\/\/franciscanos.org.br\/noticias\/wp-json\/wp\/v2\/users\/1"}],"replies":[{"embeddable":true,"href":"https:\/\/franciscanos.org.br\/noticias\/wp-json\/wp\/v2\/comments?post=128426"}],"version-history":[{"count":1,"href":"https:\/\/franciscanos.org.br\/noticias\/wp-json\/wp\/v2\/posts\/128426\/revisions"}],"predecessor-version":[{"id":225414,"href":"https:\/\/franciscanos.org.br\/noticias\/wp-json\/wp\/v2\/posts\/128426\/revisions\/225414"}],"wp:featuredmedia":[{"embeddable":true,"href":"https:\/\/franciscanos.org.br\/noticias\/wp-json\/wp\/v2\/media\/197210"}],"wp:attachment":[{"href":"https:\/\/franciscanos.org.br\/noticias\/wp-json\/wp\/v2\/media?parent=128426"}],"wp:term":[{"taxonomy":"category","embeddable":true,"href":"https:\/\/franciscanos.org.br\/noticias\/wp-json\/wp\/v2\/categories?post=128426"},{"taxonomy":"post_tag","embeddable":true,"href":"https:\/\/franciscanos.org.br\/noticias\/wp-json\/wp\/v2\/tags?post=128426"}],"curies":[{"name":"wp","href":"https:\/\/api.w.org\/{rel}","templated":true}]}}