{"id":128207,"date":"2017-03-22T10:21:57","date_gmt":"2017-03-22T13:21:57","guid":{"rendered":"http:\/\/franciscanos.org.br\/?p=128207"},"modified":"2019-01-28T14:50:44","modified_gmt":"2019-01-28T16:50:44","slug":"frei-antonio-moser-e-lembrado-no-25o-dia-mundial-de-oracao-e-jejum-pelos-missionarios-martires","status":"publish","type":"post","link":"https:\/\/franciscanos.org.br\/noticias\/frei-antonio-moser-e-lembrado-no-25o-dia-mundial-de-oracao-e-jejum-pelos-missionarios-martires.html","title":{"rendered":"Frei Moser \u00e9 lembrado como &#8216;mission\u00e1rio m\u00e1rtir&#8217; pela Igreja"},"content":{"rendered":"<p><strong><a href=\"http:\/\/franciscanos.org.br\/wp-content\/uploads\/2017\/03\/moser_220317_830.jpg\"><img loading=\"lazy\" class=\"alignleft\" src=\"http:\/\/franciscanos.org.br\/wp-content\/uploads\/2017\/03\/moser_220317_830.jpg\" alt=\"moser_220317_830\" width=\"830\" height=\"459\" \/><\/a><\/strong><\/p>\n<p><strong>Roma<\/strong> \u2013 Frei Ant\u00f4nio Moser ser\u00e1 lembrado como &#8220;m\u00e1rtir&#8221; pela Igreja Cat\u00f3lica nesta sexta-feira, 24, durante o 25\u00ba Dia Mundial de Ora\u00e7\u00e3o e Jejum pelos Mission\u00e1rios M\u00e1rtires. O frade franciscano desta Prov\u00edncia est\u00e1 entre os religiosos mortos no ano de 2016. Como acontece todos os anos, a data \u00e9 celebrada no mesmo dia em que se celebra o anivers\u00e1rio de assassinato do arcebispo de El Salvador, dom Oscar Romero (24 de mar\u00e7o de 1980). A iniciativa desde dia tem como objetivo lembrar, com ora\u00e7\u00e3o e jejum, todos os mission\u00e1rios que foram mortos no mundo e todos os agentes pastorais que derramaram seu sangue por causa do Evangelho.<a href=\"http:\/\/franciscanos.org.br\/wp-content\/uploads\/2017\/03\/moser_220317-cartaz2.jpg\"><img loading=\"lazy\" class=\"alignright wp-image-128351 size-full\" src=\"http:\/\/franciscanos.org.br\/wp-content\/uploads\/2017\/03\/moser_220317-cartaz2.jpg\" alt=\"moser_220317-cartaz\" width=\"300\" height=\"431\" \/><\/a>O evento, que ter\u00e1 o tema \u201cN\u00e3o tenha medo\u201d, come\u00e7ou a ser celebrado por iniciativa do Movimento Juvenil Mission\u00e1rio das Pontif\u00edcias Obras Mission\u00e1rias de It\u00e1lia, em 1993.<\/p>\n<p>&#8220;N\u00e3o tenha medo&#8217; \u00e9 o convite que aparece em cada teofania e \u00e9 a frase que o Ressuscitado repete muitas vezes quando aparece aos seus disc\u00edpulos. \u00c9 um convite que ajuda a lidar com momentos sombrios, dif\u00edceis, de persegui\u00e7\u00e3o, sabendo que o Senhor est\u00e1 sempre pr\u00f3ximo de cada um de n\u00f3s. &#8216;N\u00e3o tenha medo&#8217; para enfrentar a injusti\u00e7a por causa do Evangelho&#8221;, explica Alex Zappal\u00e0, respons\u00e1vel pelo Movimento Mission\u00e1rio Italiano dos Jovens.<\/p>\n<p>De acordo com a Ag\u00eancia Fides, \u201co Dia \u00e9 atualmente assinalado em muitas dioceses, realidades juvenis e mission\u00e1rias e institutos religiosos dos v\u00e1rios continentes\u201d. Nos \u00faltimos 36 anos, mais de 1200 agentes pastorais perderam a vida \u201cde modo violento\u201d.<\/p>\n<p>Para celebrar os m\u00e1rtires, o Movimento Juvenil Mission\u00e1rio convida as comunidades paroquiais e de vida consagrada, os semin\u00e1rios e os noviciados, a criar na Igreja \u201co \u00e2ngulo do mart\u00edrio\u201d, utilizando uma cruz, uma faixa vermelha e escrevendo os nomes das mission\u00e1rias e dos mission\u00e1rios mortos no ano; informar-se se na pr\u00f3pria diocese houve mission\u00e1rios mortos e dar a conhecer o testemunho deles; realizar um gesto de reconcilia\u00e7\u00e3o com os membros de outras confiss\u00f5es religiosas.<\/p>\n<p>Segundo o Movimento, as fam\u00edlias podem realizar um gesto de reconcilia\u00e7\u00e3o entre marido e mulher, entre pais e filhos, entre irm\u00e3os e irm\u00e3s, entre membros da mesma fam\u00edlia; rezar todos juntos pelos mission\u00e1rios assassinados. Os jovens s\u00e3o convidados a visitar os que est\u00e3o s\u00f3s e oprimidos pelos sofrimentos (no hospital, numa casa de repouso, na pris\u00e3o, doentes ou idosos sozinhos em casa), a viver e promover o Dia na pr\u00f3pria par\u00f3quia e na pr\u00f3pria diocese.<\/p>\n<h3><strong>Religiosos e agentes pastorais mortos em 2016<\/strong><\/h3>\n<blockquote><p>Jesus Cristo \u00e9 o primeiro m\u00e1rtir, o primeiro que d\u00e1 a vida por n\u00f3s, e deste mist\u00e9rio de Cristo come\u00e7a toda a hist\u00f3ria do mart\u00edrio crist\u00e3o, desde os primeiros s\u00e9culos at\u00e9 hoje&#8221;.<br \/>\n(Papa Francisco)<\/p><\/blockquote>\n<h3><strong><a href=\"http:\/\/franciscanos.org.br\/wp-content\/uploads\/2017\/03\/13-fevereiro1.jpg\"><img loading=\"lazy\" class=\"alignleft size-full wp-image-128272\" src=\"http:\/\/franciscanos.org.br\/wp-content\/uploads\/2017\/03\/13-fevereiro1.jpg\" alt=\"13-fevereiro\" width=\"150\" height=\"150\" \/><\/a><span style=\"color: #800080;\">13 de fevereiro 2016<\/span><\/strong><\/h3>\n<p><strong>Elias Abiad<br \/>\n<\/strong><strong>Aleppo &#8211; S\u00edria<\/strong><\/p>\n<p>Aos 22 anos, era um jovem volunt\u00e1rio da Caritas na S\u00edria. Ele foi morto por morteiros no distrito de Sulaymaniyah, enquanto\u00a0 estava verificando o tanque de \u00e1gua em um telhado. Elias estava envolvido em projetos de assist\u00eancia da C\u00e1ritas em Aleppo desde setembro de 2014.<\/p>\n<p>&nbsp;<\/p>\n<p><strong><a href=\"http:\/\/franciscanos.org.br\/wp-content\/uploads\/2017\/03\/4-marco1.jpg\"><img loading=\"lazy\" class=\"alignleft size-full wp-image-128274\" src=\"http:\/\/franciscanos.org.br\/wp-content\/uploads\/2017\/03\/4-marco1.jpg\" alt=\"4-marco\" width=\"150\" height=\"150\" \/><\/a><\/strong><\/p>\n<h3><span style=\"color: #800080;\"><strong>4 de mar\u00e7o<\/strong><\/span><\/h3>\n<p><strong>Ir.Marguerite, Ir. Reginette, Ir. Anselm e Ir. Judith<br \/>\n<\/strong><strong>Aden &#8211; I\u00eamen<\/strong><\/p>\n<p>Quatro irm\u00e3s Mission\u00e1rias da Caridade, dois ruandesas, uma indiana e uma queniana foram trucidadas por um comando de homens armados. Al\u00e9m das irm\u00e3s, o condutor, pelo menos, dois outros funcion\u00e1rios da comunidade e tamb\u00e9m os idosos e pessoas com defici\u00eancia assistidas pelas freiras, foram mortos. Para o Papa Francisco, foi um ato de viol\u00eancia insensata e diab\u00f3lica.<\/p>\n<p>&nbsp;<\/p>\n<p><strong><a href=\"http:\/\/franciscanos.org.br\/wp-content\/uploads\/2017\/03\/9-marco1.jpg\"><img loading=\"lazy\" class=\"alignleft size-full wp-image-128275\" src=\"http:\/\/franciscanos.org.br\/wp-content\/uploads\/2017\/03\/9-marco1.jpg\" alt=\"9-marco\" width=\"150\" height=\"150\" \/><\/a><\/strong><\/p>\n<h3><span style=\"color: #800080;\"><strong>9 de mar\u00e7o<\/strong><\/span><\/h3>\n<p><strong>Frei Ant\u00f4nio Moser<br \/>\n<\/strong><strong>Rio de Janeiro &#8211; Brasil<\/strong><\/p>\n<p>Frei Moser tinha 75 anos quando foi morto durante uma tentativa de assalto na rodovia Washington Luiz. Frei Moser, da Ordem dos Frades Menores (OFM), era diretor da Editora Vozes e tinha participado o \u00faltimo S\u00ednodo dos Bispos sobre a Fam\u00edlia como colaborador da Secretaria Especial. Tinha escrito muitos livros e ofereceu uma grande contribui\u00e7\u00e3o para Igreja do Brasil.<\/p>\n<p>&nbsp;<\/p>\n<h3><strong><a href=\"http:\/\/franciscanos.org.br\/wp-content\/uploads\/2017\/03\/20-marco1.jpg\"><img loading=\"lazy\" class=\"alignleft size-full wp-image-128276\" src=\"http:\/\/franciscanos.org.br\/wp-content\/uploads\/2017\/03\/20-marco1.jpg\" alt=\"20-marco\" width=\"150\" height=\"150\" \/><\/a><span style=\"color: #800080;\">20 de mar\u00e7o<\/span><\/strong><\/h3>\n<p><strong>Pe. Vincent Machozi<br \/>\n<\/strong><strong>Vitungwe-Isale, Nord Kivu \u2013 Rep\u00fablica Democr\u00e1tica do Congo<\/strong><\/p>\n<p>O sacerdote foi morto \u00e0 noite por soldados das For\u00e7as Armadas congolesas que invadiram um centro de social onde os l\u00edderes que estavam reunidos para reflex\u00e3o sobre a paz. Eles disseram que iriam matar o l\u00edder Pe. Vincent e o atingiram no p\u00e1tio. Ele j\u00e1 tinha escapado a sete ataques e denunciou muitas vezes o sofrimento da popula\u00e7\u00e3o Nande causada por diferentes grupos armados dedicados \u00e0 explora\u00e7\u00e3o ilegal de coltan (mineral columbite).<\/p>\n<p>&nbsp;<\/p>\n<p><strong><a href=\"http:\/\/franciscanos.org.br\/wp-content\/uploads\/2017\/03\/25-marco1.jpg\"><img loading=\"lazy\" class=\"alignleft size-full wp-image-128277\" src=\"http:\/\/franciscanos.org.br\/wp-content\/uploads\/2017\/03\/25-marco1.jpg\" alt=\"25-marco\" width=\"150\" height=\"150\" \/><\/a><\/strong><\/p>\n<h3><span style=\"color: #800080;\"><strong>25 mar\u00e7o<\/strong><\/span><\/h3>\n<p><strong>Uvira, Sud Kivu \u2013 Rep\u00fablica Democr\u00e1tica do Congo<br \/>\n<\/strong><strong>Um operador C\u00e1ritas di Uvira<\/strong><\/p>\n<p>Um funcion\u00e1rio da C\u00e1ritas foi morto em uma emboscada da Estrada Lubumba, perto de uma ponte, a mais de 40 km de Uvira. O ve\u00edculo da C\u00e1ritas estava encarregado de transportar os sal\u00e1rios dos professores de Fizi. Os ladr\u00f5es obrigaram o motorista a sair do ve\u00edculo antes de mat\u00e1-lo com um tiro na cabe\u00e7a. Ele morreu durante o trajeto para o hospital.<\/p>\n<p>&nbsp;<\/p>\n<h3><strong><a href=\"http:\/\/franciscanos.org.br\/wp-content\/uploads\/2017\/03\/30-marco1.jpg\"><img loading=\"lazy\" class=\"alignleft size-full wp-image-128278\" src=\"http:\/\/franciscanos.org.br\/wp-content\/uploads\/2017\/03\/30-marco1.jpg\" alt=\"30-marco\" width=\"150\" height=\"150\" \/><\/a><span style=\"color: #800080;\">30 de mar\u00e7o<\/span><\/strong><\/h3>\n<p><strong>Pe. Darwin Antonio Zambrano Gamez<br \/>\n<\/strong><strong>S\u00e3o Crist\u00f3v\u00e3o &#8211; Venezuela<\/strong><\/p>\n<p>Sacerdote da diocese de San Cristobal, na Venezuela. Seus restos mortais foram encontrado em um parque na cidade de San Cristobal na manh\u00e3 seguinte e mostravam sinais de viol\u00eancia e facadas. As raz\u00f5es pelas quais ele foi morto permanecem desconhecidas. Ele era vig\u00e1rio assistente e era conhecido por seu esp\u00edrito de servi\u00e7o, humor e alegria.<\/p>\n<p>&nbsp;<\/p>\n<h3><strong><a href=\"http:\/\/franciscanos.org.br\/wp-content\/uploads\/2017\/03\/10-abril1.jpg\"><img loading=\"lazy\" class=\"alignleft size-full wp-image-128279\" src=\"http:\/\/franciscanos.org.br\/wp-content\/uploads\/2017\/03\/10-abril1.jpg\" alt=\"10-abril\" width=\"150\" height=\"150\" \/><\/a><span style=\"color: #800080;\">10 de abril<\/span><\/strong><\/h3>\n<p><strong>Waynesboro, Ge\u00f3rgia \u2013 Estados Unidos<br \/>\n<\/strong><strong>Dom Rene Wayne Robert<\/strong><\/p>\n<p>Sacerdote da Diocese de Saint Augustine, na Fl\u00f3rida, morreu aos 71 anos de idade. Seu corpo s\u00f3 foi encontrado no dia 18 de abril, em Waynesboro, atrav\u00e9s da confiss\u00e3o de um homem preso pela pol\u00edcia enquanto estava dirigindo o carro do sacerdote. Deve ter sido morto em 10 de abril, a \u00faltima noite em que foi visto. Ele trabalhou na pastoral das pris\u00f5es, comprometendo-se em favor de ex-prisioneiros, desempregados e marginalizados e privados de direitos civis.<\/p>\n<p>&nbsp;<\/p>\n<h3><strong><a href=\"http:\/\/franciscanos.org.br\/wp-content\/uploads\/2017\/03\/20-maio1.jpg\"><img loading=\"lazy\" class=\"alignleft size-full wp-image-128281\" src=\"http:\/\/franciscanos.org.br\/wp-content\/uploads\/2017\/03\/20-maio1.jpg\" alt=\"20-maio\" width=\"150\" height=\"150\" \/><\/a><span style=\"color: #800080;\">20 de maio<\/span><\/strong><\/h3>\n<p><strong>Ir. Veronica Rackova<br \/>\n<\/strong><strong>Yei &#8211; Sud\u00e3o do Sul<\/strong><\/p>\n<p>Eslovaca mission\u00e1ria das Irm\u00e3s Mission\u00e1rias do Esp\u00edrito Santo. Ela tinha 58 anos quando foi ferida numa emboscada na estrada do Sud\u00e3o em 16 de maio e faleceu no dia 20 de maio, no Hospital de Nairobi, no Qu\u00eania, onde tinha sido levada imediatamente depois do atentado. Por volta de meia-noite, ela recebeu um telefonema de uma mulher que estava tendo um parto dif\u00edcil. Imediatamente foi para o centro de sa\u00fade que ela dirigia. No retorno foi atingida por tiros disparados por soldados do Ex\u00e9rcito de Liberta\u00e7\u00e3o do Povo do Sud\u00e3o.<\/p>\n<p>&nbsp;<\/p>\n<h3><strong><a href=\"http:\/\/franciscanos.org.br\/wp-content\/uploads\/2017\/03\/27-junho1.jpg\"><img loading=\"lazy\" class=\"alignleft size-full wp-image-128282\" src=\"http:\/\/franciscanos.org.br\/wp-content\/uploads\/2017\/03\/27-junho1.jpg\" alt=\"27-junho\" width=\"150\" height=\"150\" \/><\/a><span style=\"color: #800080;\">27 de junho<\/span><\/strong><\/h3>\n<p><strong>Loboc &#8211; Filipinas<br \/>\n<\/strong><strong>Pe. Marcelino Biliran<\/strong><\/p>\n<p>Sacerdote da igreja de S\u00e3o Pedro Ap\u00f3stolo, na cidade de Loboc, Filipinas, foi encontrado morto em sua resid\u00eancia em 27 de junho. No come\u00e7o, acreditava-se em suic\u00eddio, mas investiga\u00e7\u00f5es posteriores refutaram essa hip\u00f3tese, segundo a Igreja local e as autoridades que confirmaram se tratar de um assassinato.<\/p>\n<p>&nbsp;<\/p>\n<h3><strong><a href=\"http:\/\/franciscanos.org.br\/wp-content\/uploads\/2017\/03\/22-junho1.jpg\"><img loading=\"lazy\" class=\"alignleft size-full wp-image-128283\" src=\"http:\/\/franciscanos.org.br\/wp-content\/uploads\/2017\/03\/22-junho1.jpg\" alt=\"22-junho\" width=\"150\" height=\"150\" \/><\/a><span style=\"color: #800080;\">22 de junho<\/span><\/strong><\/h3>\n<p><strong>Otukpa, Benue &#8211; Nig\u00e9ria<br \/>\n<\/strong><strong>Dom John Adeyi<\/strong><\/p>\n<p>Vig\u00e1rio geral da Diocese de Otukpo, no Estado de Otukpa, na Nig\u00e9ria, foi sequestrado em 24 de abril. Seus restos mortais foram encontrados dois meses depois, em 22 de junho, perto Otukpa, sua cidade natal. Os sequestradores exigiram um resgate para libert\u00e1-lo. Apesar de a fam\u00edlia ter entregue o montante solicitado, o sacerdote n\u00e3o foi libertado.<\/p>\n<p>&nbsp;<\/p>\n<h3><strong><a href=\"http:\/\/franciscanos.org.br\/wp-content\/uploads\/2017\/03\/27-julho1.jpg\"><img loading=\"lazy\" class=\"alignleft size-full wp-image-128284\" src=\"http:\/\/franciscanos.org.br\/wp-content\/uploads\/2017\/03\/27-julho1.jpg\" alt=\"27-julho\" width=\"150\" height=\"150\" \/><\/a><span style=\"color: #800080;\">27 de julho<\/span><\/strong><\/h3>\n<p><strong>Saint-Etienne-du-Rouvray, Normandia &#8211; Fran\u00e7a<br \/>\n<\/strong><strong>Pe. Jacques Hamel<\/strong><\/p>\n<p>Sacerdote de 84 anos foi morto enquanto celebrava a Missa. Dois terroristas do Estado Isl\u00e2mico entraram durante a celebra\u00e7\u00e3o, mataram o padre e feriram tr\u00eas fi\u00e9is. Entre os ref\u00e9ns, duas freiras, enquanto uma terceira pessoa conseguiu escapar e avisar a pol\u00edcia.\u00a0 Os assassinos fizeram o padre se ajoelhar, o degolaram e gravaram o crime. O Papa Francisco autorizou o in\u00edcio do processo de beatifica\u00e7\u00e3o do sacerdote franc\u00eas.<\/p>\n<p>&nbsp;<\/p>\n<h3><strong><a href=\"http:\/\/franciscanos.org.br\/wp-content\/uploads\/2017\/03\/11-agosto1.jpg\"><img loading=\"lazy\" class=\"alignleft size-full wp-image-128285\" src=\"http:\/\/franciscanos.org.br\/wp-content\/uploads\/2017\/03\/11-agosto1.jpg\" alt=\"11-agosto\" width=\"150\" height=\"150\" \/><\/a><span style=\"color: #800080;\">11 de agosto<\/span><\/strong><\/h3>\n<p><strong>Basankusu \u2013 Rep\u00fablica Democr\u00e1tica do Congo<br \/>\n<\/strong><strong>Un funcion\u00e1rio da C\u00e1ritas de Basankusu<\/strong><\/p>\n<p>Um funcion\u00e1rio da contabilidade da C\u00e1ritas de Basankusu, na prov\u00edncia Equateur, na Rep\u00fablica Democr\u00e1tica do Congo, foi morto em 11 de agosto por dois bandidos, a cerca de 50 km de Basankusu, para roubar-lhe os sal\u00e1rios dos professores do territ\u00f3rio Befale.<\/p>\n<p>&nbsp;<\/p>\n<h3><strong><a href=\"http:\/\/franciscanos.org.br\/wp-content\/uploads\/2017\/03\/25-agosto1.jpg\"><img loading=\"lazy\" class=\"alignleft size-full wp-image-128286\" src=\"http:\/\/franciscanos.org.br\/wp-content\/uploads\/2017\/03\/25-agosto1.jpg\" alt=\"25-agosto\" width=\"150\" height=\"150\" \/><\/a><span style=\"color: #800080;\">25 de agosto<\/span><\/strong><\/h3>\n<p><strong>Nkanu, Enugu &#8211; Nigeria<br \/>\n<\/strong><strong>Lazarus Nwafor<\/strong><\/p>\n<p>Seminarista de 26 anos, natural de Imo, na Nig\u00e9ria, foi morto em 25 de agosto durante um ataque de um grupo armado da etnia Fulani na comunidade de Ndiagu Attakwu, em Nkanu, durante o qual outras pessoas foram feridas e mortas.<\/p>\n<p>&nbsp;<\/p>\n<h3><strong><a href=\"http:\/\/franciscanos.org.br\/wp-content\/uploads\/2017\/03\/25-agosto-suor1.jpg\"><img loading=\"lazy\" class=\"alignleft size-full wp-image-128287\" src=\"http:\/\/franciscanos.org.br\/wp-content\/uploads\/2017\/03\/25-agosto-suor1.jpg\" alt=\"25-agosto-suor\" width=\"150\" height=\"150\" \/><\/a><span style=\"color: #800080;\">25 de agosto<\/span><\/strong><\/h3>\n<p><strong>Ir. Margaret Held e Ir. Paula Merril<br \/>\n<\/strong><strong>Durant, Mississippi \u2013 Estados Unidos<\/strong><\/p>\n<p>As duas irm\u00e3s\u00a0 americanas, ambas de 68 anos, foram mortas a facadas em sua casa em Durant, provavelmente por um ladr\u00e3o. Elas serviram como enfermeiras em um centro de sa\u00fade que assistia gratuitamente fam\u00edlias que n\u00e3o podiam pagar os cuidados m\u00e9dicos. Em 25 de agosto, n\u00e3o as vendo chegar pontualmente \u00e0 casa, vizinhos alertaram a pol\u00edcia depois de verem sinais de arrombamento na casa.<\/p>\n<p>&nbsp;<\/p>\n<h3><strong><a href=\"http:\/\/franciscanos.org.br\/wp-content\/uploads\/2017\/03\/2-setembro1.jpg\"><img loading=\"lazy\" class=\"alignleft size-full wp-image-128288\" src=\"http:\/\/franciscanos.org.br\/wp-content\/uploads\/2017\/03\/2-setembro1.jpg\" alt=\"2-setembro\" width=\"150\" height=\"150\" \/><\/a><span style=\"color: #800080;\">2 de setembro<\/span><\/strong><\/h3>\n<p><strong>Ir. Isabel Sol\u00e1 Matas<br \/>\n<\/strong><strong>Port au Prince \u2013 Haiti<\/strong><\/p>\n<p>Natural de Barcelona, Espanha, tinha 51 anos, e estava em miss\u00e3o no Haiti h\u00e1 muitos anos. Foi morta enquanto dirigia seu carro em uma rua central da capital haitiana Porto Pr\u00edncipe. Foi atingida por dois tiros durante uma tentativa de roubo. A freira dava assist\u00eancia como enfermeira a pessoas pobres e desamparadas depois do terremoto de 2010.<\/p>\n<p>&nbsp;<\/p>\n<h3><strong><a href=\"http:\/\/franciscanos.org.br\/wp-content\/uploads\/2017\/03\/12-setembro1.jpg\"><img loading=\"lazy\" class=\"alignleft size-full wp-image-128289\" src=\"http:\/\/franciscanos.org.br\/wp-content\/uploads\/2017\/03\/12-setembro1.jpg\" alt=\"12-setembro\" width=\"150\" height=\"150\" \/><\/a><span style=\"color: #800080;\">12 de setembro<\/span><\/strong><\/h3>\n<p><strong>Esra Patatang<br \/>\n<\/strong><strong>Puncak Jaya, Timika \u2013Indon\u00e9sia<\/strong><\/p>\n<p>Catequista e professor de 27 anos, foi morto com um tiro na cabe\u00e7a no bairro de Puncak Jaya, Papua, sul da Indon\u00e9sia. Esra ensinava na escola prim\u00e1ria h\u00e1 dois anos e\u00a0 tamb\u00e9m dirigia uma moto-t\u00e1xi para complementar o seu sal\u00e1rio. Na tarde do dia 12 de setembro transportava um passageiro quando ele foi morto. &#8220;Esra continua a ser um exemplo para os jovens indon\u00e9sios, por sua dedica\u00e7\u00e3o para servir os outros com alegria em uma situa\u00e7\u00e3o social tensa e dif\u00edcil em Papua&#8221;, disse D. Antonius Haryanto de Confer\u00eancia Episcopal da Indon\u00e9sia.<\/p>\n<p>&nbsp;<\/p>\n<h3><strong><a href=\"http:\/\/franciscanos.org.br\/wp-content\/uploads\/2017\/03\/19-setembro1.jpg\"><img loading=\"lazy\" class=\"alignleft size-full wp-image-128290\" src=\"http:\/\/franciscanos.org.br\/wp-content\/uploads\/2017\/03\/19-setembro1.jpg\" alt=\"19-setembro\" width=\"150\" height=\"150\" \/><\/a><span style=\"color: #800080;\">19 de setembro<\/span><\/strong><\/h3>\n<p><strong>Pe. Alejo Nabor Jim\u00e9nez Ju\u00e1rez e Pe. Jos\u00e9 Alfredo Su\u00e1rez de la Cruz<br \/>\n<\/strong><strong>\u00a0Poza Rica, Veracruz \u2013 M\u00e9xico<\/strong><\/p>\n<p>Os dois padres foram sequestrados na noite de domingo, 18 de setembro, na Par\u00f3quia de Nossa Senhora de F\u00e1tima, na periferia extrema da cidade de Poza Rica, na parte norte do estado de Veracruz. Seus corpo foram encontrados na manh\u00e3 seguinte numa estrada em Papantla Poza Rica. Um funcion\u00e1rio da Par\u00f3quia, sequestrado com eles, foi encontrado vivo. A \u00e1rea tem sido palco de violentos confrontos entre cart\u00e9is de drogas por anos.<\/p>\n<p>&nbsp;<\/p>\n<h3><strong><a href=\"http:\/\/franciscanos.org.br\/wp-content\/uploads\/2017\/03\/24-setembro1.jpg\"><img loading=\"lazy\" class=\"alignleft size-full wp-image-128291\" src=\"http:\/\/franciscanos.org.br\/wp-content\/uploads\/2017\/03\/24-setembro1.jpg\" alt=\"24-setembro\" width=\"150\" height=\"150\" \/><\/a><span style=\"color: #800080;\">24 de setembro<\/span><\/strong><\/h3>\n<p><strong>Pe. Jos\u00e9 Alfredo Lopez Guillen<br \/>\n<\/strong><strong>La Guayaba, Michoacan &#8211; M\u00e9xico<\/strong><\/p>\n<p>O padre foi sequestrado no dia 19 de setembro e seu corpo foi encontrado no dia 25 de setembro, na cidade conhecida como &#8220;La Guayaba&#8221;, no munic\u00edpio de Michoacan, n\u00e3o muito longe do lugar onde Pe. Lopez Guillen era sacerdote da igreja da Sant\u00edssima Trindade. O padre foi morto a tiros e muitos pertences em sua resid\u00eancia foram roubados.<\/p>\n<p>&nbsp;<\/p>\n<h3><strong><a href=\"http:\/\/franciscanos.org.br\/wp-content\/uploads\/2017\/03\/9-outubro1.jpg\"><img loading=\"lazy\" class=\"alignleft size-full wp-image-128292\" src=\"http:\/\/franciscanos.org.br\/wp-content\/uploads\/2017\/03\/9-outubro1.jpg\" alt=\"9-outubro\" width=\"150\" height=\"150\" \/><\/a><span style=\"color: #800080;\">9 de outubro<\/span><\/strong><\/h3>\n<p><strong>Pe. Francisco Carlos Barbosa Tenorio<br \/>\n<\/strong><strong>Nova Igua\u00e7u, Rio de Janeiro &#8211; Brasil<\/strong><\/p>\n<p>O padre Francisco Carlos Barbosa Ten\u00f3rio, 38 anos, da Par\u00f3quia Nossa Senhora de Lourdes, em Nova Igua\u00e7u, na Baixada Fluminense, foi encontrado morto na manh\u00e3 do dia 9 na regi\u00e3o conhecida como Via Light, localizada no mesmo bairro. O padre Francisco tinha duas marcas de facadas, uma no ombro e outra no peito. Era pernambucano e estava no Rio de Janeiro h\u00e1 cerca de dez anos. Estava \u00e0 frente da Par\u00f3quia Nossa Senhora de Lourdes, no bairro S\u00e3o Benedito, h\u00e1 pouco mais de um ano e era uma pessoa muito tranquila.<\/p>\n<p>&nbsp;<\/p>\n<h3><strong><a href=\"http:\/\/franciscanos.org.br\/wp-content\/uploads\/2017\/03\/11-outubro1.jpg\"><img loading=\"lazy\" class=\"alignleft size-full wp-image-128293\" src=\"http:\/\/franciscanos.org.br\/wp-content\/uploads\/2017\/03\/11-outubro1.jpg\" alt=\"11-outubro\" width=\"150\" height=\"150\" \/><\/a><span style=\"color: #800080;\">11 de outubro<\/span><\/strong><\/h3>\n<p><strong>Pe. Jo\u00e3o Paulo Nolli<br \/>\n<\/strong><strong>Rondon\u00f3polis, Mato Grosso &#8211; Brasil<\/strong><\/p>\n<p>O padre Jo\u00e3o Paulo, p\u00e1roco da Par\u00f3quia S\u00e3o Jos\u00e9 Esposo, localizada em Rondon\u00f3polis (215 km de Cuiab\u00e1), foi assassinado por ladr\u00f5es e seu corpo foi encontrado no bairro Rosa Boror\u00f3. O caso foi tratado como latroc\u00ednio, j\u00e1 que carro e o celular foram roubados.\u00a0 Seu assassinato gerou como\u00e7\u00e3o em diversas cidades de Mato Grosso. Para a diocese de Rondon\u00f3polis-Guiratinga, &#8220;foi uma grande perda, pois al\u00e9m de fervoroso p\u00e1roco, era um irm\u00e3o, colega e amigo&#8221;.<\/p>\n<p>&nbsp;<\/p>\n<h3><strong><a href=\"http:\/\/franciscanos.org.br\/wp-content\/uploads\/2017\/03\/22-outubro1.jpg\"><img loading=\"lazy\" class=\"alignleft size-full wp-image-128294\" src=\"http:\/\/franciscanos.org.br\/wp-content\/uploads\/2017\/03\/22-outubro1.jpg\" alt=\"22-outubro\" width=\"150\" height=\"150\" \/><\/a><span style=\"color: #800080;\">22 de outubro<\/span><\/strong><\/h3>\n<p><strong>Pe. Joseph Mulimbi Nguli<br \/>\n<\/strong><strong>Katuba, Lubumbashi \u2013 Repubblica Democr\u00e1tica do Congo<\/strong><\/p>\n<p>Vig\u00e1rio da par\u00f3quia de San Martino no munic\u00edpio de Katuba, na Rep\u00fablica Democr\u00e1tica do Congo, ele tinha 52 anos quando foi morto em uma emboscada na noite entre 21 e 22 de outubro de 2016. Quando voltava para casa, o padre foi atingido por um golpe no est\u00f4mago quando chegava a sua casa. A deteriora\u00e7\u00e3o das condi\u00e7\u00f5es de seguran\u00e7a em grandes partes do pa\u00eds tem sido repetidamente denunciada pelos bispos congoleses, que tamb\u00e9m denunciam ataques nas par\u00f3quias e algumas comunidades religiosas.<\/p>\n<p>&nbsp;<\/p>\n<h3><strong><a href=\"http:\/\/franciscanos.org.br\/wp-content\/uploads\/2017\/03\/25-outubro1.jpg\"><img loading=\"lazy\" class=\"alignleft size-full wp-image-128295\" src=\"http:\/\/franciscanos.org.br\/wp-content\/uploads\/2017\/03\/25-outubro1.jpg\" alt=\"25-outubro\" width=\"150\" height=\"150\" \/><\/a><span style=\"color: #800080;\">25 de outubro<\/span><\/strong><\/h3>\n<p><strong>Pe. Jos\u00e9 Fortunato Bedoya Franco<br \/>\n<\/strong><strong>Rionegro, Antioquia &#8211; Col\u00f4mbia<\/strong><\/p>\n<p>Mission\u00e1rio de 91 anos, morreu na tarde do dia 25 de outubro em Rionegro, na Col\u00f4mbia. Ele foi encontrado em uma rodovia, desmaiado e foi resgatado e levado ao Hospital San Juan de Dios. De acordo com testemunhos de alguns transeuntes, o mission\u00e1rio tinha sido atacado na rua por uma pessoa com uma seringa na m\u00e3o, provavelmente em uma tentativa de assalto. No hospital, verificou-se que tinha sido injetado veneno no seu corpo.<\/p>\n<p>&nbsp;<\/p>\n<h3><strong><a href=\"http:\/\/franciscanos.org.br\/wp-content\/uploads\/2017\/03\/29-novembro1.jpg\"><img loading=\"lazy\" class=\"alignleft size-full wp-image-128296\" src=\"http:\/\/franciscanos.org.br\/wp-content\/uploads\/2017\/03\/29-novembro1.jpg\" alt=\"29-novembro\" width=\"150\" height=\"150\" \/><\/a><span style=\"color: #800080;\">29 de novembro<\/span><\/strong><\/h3>\n<p><strong>Ir. Clara Agano Kahambu<br \/>\n<\/strong><strong>Bukavu, Sud Kivu \u2013 Rep\u00fablica Democr\u00e1tica do Congo<\/strong><\/p>\n<p>Religiosa congolesa da Congrega\u00e7\u00e3o das Irm\u00e3s Franciscanas Escola de Cristo Rei, foi morta em 29 de novembro, em Mater Dei de Bukavu, quando trabalhava na escola da congrega\u00e7\u00e3o. Quando estava no escrit\u00f3rio atendendo uma aluna, um homem apareceu dizendo que queria inscrever sua filha no ensino religioso, quando esfaqueou a religiosa. O agressor foi capturado mas a religiosa n\u00e3o resistiu ao chegar ao hospital. Ensinava psicologia, pedagogia e catequese. Ela foi diretora do Centro pastoral &#8220;Mater Dei&#8221;, onde ele ensinou a ler e escrever meninas pobres.<\/p>\n","protected":false},"excerpt":{"rendered":"<p>Mem\u00f3ria<\/p>\n","protected":false},"author":1,"featured_media":197223,"comment_status":"open","ping_status":"open","sticky":false,"template":"","format":"standard","meta":[],"categories":[1],"tags":[265],"acf":[],"yoast_head":"<!-- This site is optimized with the Yoast SEO plugin v19.2 - https:\/\/yoast.com\/wordpress\/plugins\/seo\/ -->\n<title>Frei Moser \u00e9 lembrado como &#039;mission\u00e1rio m\u00e1rtir&#039; pela Igreja - Not\u00edcias - Franciscanos<\/title>\n<meta name=\"robots\" content=\"index, follow, max-snippet:-1, max-image-preview:large, max-video-preview:-1\" \/>\n<link rel=\"canonical\" href=\"https:\/\/franciscanos.org.br\/noticias\/frei-antonio-moser-e-lembrado-no-25o-dia-mundial-de-oracao-e-jejum-pelos-missionarios-martires.html\" \/>\n<meta property=\"og:locale\" content=\"pt_BR\" \/>\n<meta property=\"og:type\" content=\"article\" \/>\n<meta property=\"og:title\" content=\"Frei Moser \u00e9 lembrado como &#039;mission\u00e1rio m\u00e1rtir&#039; pela Igreja - Not\u00edcias - Franciscanos\" \/>\n<meta property=\"og:description\" content=\"Mem\u00f3ria\" \/>\n<meta property=\"og:url\" content=\"https:\/\/franciscanos.org.br\/noticias\/frei-antonio-moser-e-lembrado-no-25o-dia-mundial-de-oracao-e-jejum-pelos-missionarios-martires.html\" \/>\n<meta property=\"og:site_name\" content=\"Not\u00edcias - Franciscanos\" \/>\n<meta property=\"article:published_time\" content=\"2017-03-22T13:21:57+00:00\" \/>\n<meta property=\"article:modified_time\" content=\"2019-01-28T16:50:44+00:00\" \/>\n<meta property=\"og:image\" content=\"https:\/\/franciscanos.org.br\/noticias\/wp-content\/uploads\/2017\/03\/moser_220317_830.jpg\" \/>\n\t<meta property=\"og:image:width\" content=\"273\" \/>\n\t<meta property=\"og:image:height\" content=\"181\" \/>\n\t<meta property=\"og:image:type\" content=\"image\/jpeg\" \/>\n<meta name=\"author\" content=\"admin\" \/>\n<meta name=\"twitter:card\" content=\"summary_large_image\" \/>\n<meta name=\"twitter:label1\" content=\"Escrito por\" \/>\n\t<meta name=\"twitter:data1\" content=\"admin\" \/>\n\t<meta name=\"twitter:label2\" content=\"Est. tempo de leitura\" \/>\n\t<meta name=\"twitter:data2\" content=\"12 minutos\" \/>\n<script type=\"application\/ld+json\" class=\"yoast-schema-graph\">{\"@context\":\"https:\/\/schema.org\",\"@graph\":[{\"@type\":\"WebSite\",\"@id\":\"https:\/\/franciscanos.org.br\/noticias\/#website\",\"url\":\"https:\/\/franciscanos.org.br\/noticias\/\",\"name\":\"Not\u00edcias - Franciscanos\",\"description\":\"Prov\u00edncia Franciscana da Imaculada Concei\u00e7\u00e3o do Brasil - Ordem dos Frades Menores - OFM\",\"potentialAction\":[{\"@type\":\"SearchAction\",\"target\":{\"@type\":\"EntryPoint\",\"urlTemplate\":\"https:\/\/franciscanos.org.br\/noticias\/?s={search_term_string}\"},\"query-input\":\"required name=search_term_string\"}],\"inLanguage\":\"pt-BR\"},{\"@type\":\"ImageObject\",\"inLanguage\":\"pt-BR\",\"@id\":\"https:\/\/franciscanos.org.br\/noticias\/frei-antonio-moser-e-lembrado-no-25o-dia-mundial-de-oracao-e-jejum-pelos-missionarios-martires.html#primaryimage\",\"url\":\"https:\/\/franciscanos.org.br\/noticias\/wp-content\/uploads\/2017\/03\/moser_220317_830.jpg\",\"contentUrl\":\"https:\/\/franciscanos.org.br\/noticias\/wp-content\/uploads\/2017\/03\/moser_220317_830.jpg\",\"width\":273,\"height\":181},{\"@type\":\"WebPage\",\"@id\":\"https:\/\/franciscanos.org.br\/noticias\/frei-antonio-moser-e-lembrado-no-25o-dia-mundial-de-oracao-e-jejum-pelos-missionarios-martires.html#webpage\",\"url\":\"https:\/\/franciscanos.org.br\/noticias\/frei-antonio-moser-e-lembrado-no-25o-dia-mundial-de-oracao-e-jejum-pelos-missionarios-martires.html\",\"name\":\"Frei Moser \u00e9 lembrado como 'mission\u00e1rio m\u00e1rtir' pela Igreja - Not\u00edcias - Franciscanos\",\"isPartOf\":{\"@id\":\"https:\/\/franciscanos.org.br\/noticias\/#website\"},\"primaryImageOfPage\":{\"@id\":\"https:\/\/franciscanos.org.br\/noticias\/frei-antonio-moser-e-lembrado-no-25o-dia-mundial-de-oracao-e-jejum-pelos-missionarios-martires.html#primaryimage\"},\"datePublished\":\"2017-03-22T13:21:57+00:00\",\"dateModified\":\"2019-01-28T16:50:44+00:00\",\"author\":{\"@id\":\"https:\/\/franciscanos.org.br\/noticias\/#\/schema\/person\/b38fbf43118f02820bd932f2e4b14ad3\"},\"breadcrumb\":{\"@id\":\"https:\/\/franciscanos.org.br\/noticias\/frei-antonio-moser-e-lembrado-no-25o-dia-mundial-de-oracao-e-jejum-pelos-missionarios-martires.html#breadcrumb\"},\"inLanguage\":\"pt-BR\",\"potentialAction\":[{\"@type\":\"ReadAction\",\"target\":[\"https:\/\/franciscanos.org.br\/noticias\/frei-antonio-moser-e-lembrado-no-25o-dia-mundial-de-oracao-e-jejum-pelos-missionarios-martires.html\"]}]},{\"@type\":\"BreadcrumbList\",\"@id\":\"https:\/\/franciscanos.org.br\/noticias\/frei-antonio-moser-e-lembrado-no-25o-dia-mundial-de-oracao-e-jejum-pelos-missionarios-martires.html#breadcrumb\",\"itemListElement\":[{\"@type\":\"ListItem\",\"position\":1,\"name\":\"Home\",\"item\":\"https:\/\/franciscanos.org.br\/noticias\"},{\"@type\":\"ListItem\",\"position\":2,\"name\":\"Frei Moser \u00e9 lembrado como &#8216;mission\u00e1rio m\u00e1rtir&#8217; pela Igreja\"}]},{\"@type\":\"Person\",\"@id\":\"https:\/\/franciscanos.org.br\/noticias\/#\/schema\/person\/b38fbf43118f02820bd932f2e4b14ad3\",\"name\":\"admin\",\"image\":{\"@type\":\"ImageObject\",\"inLanguage\":\"pt-BR\",\"@id\":\"https:\/\/franciscanos.org.br\/noticias\/#\/schema\/person\/image\/\",\"url\":\"https:\/\/secure.gravatar.com\/avatar\/e8495742d34d0ba6448ea1c628263b3e?s=96&d=mm&r=g\",\"contentUrl\":\"https:\/\/secure.gravatar.com\/avatar\/e8495742d34d0ba6448ea1c628263b3e?s=96&d=mm&r=g\",\"caption\":\"admin\"},\"url\":\"https:\/\/franciscanos.org.br\/noticias\/author\/admin\"}]}<\/script>\n<!-- \/ Yoast SEO plugin. -->","yoast_head_json":{"title":"Frei Moser \u00e9 lembrado como 'mission\u00e1rio m\u00e1rtir' pela Igreja - Not\u00edcias - Franciscanos","robots":{"index":"index","follow":"follow","max-snippet":"max-snippet:-1","max-image-preview":"max-image-preview:large","max-video-preview":"max-video-preview:-1"},"canonical":"https:\/\/franciscanos.org.br\/noticias\/frei-antonio-moser-e-lembrado-no-25o-dia-mundial-de-oracao-e-jejum-pelos-missionarios-martires.html","og_locale":"pt_BR","og_type":"article","og_title":"Frei Moser \u00e9 lembrado como 'mission\u00e1rio m\u00e1rtir' pela Igreja - Not\u00edcias - Franciscanos","og_description":"Mem\u00f3ria","og_url":"https:\/\/franciscanos.org.br\/noticias\/frei-antonio-moser-e-lembrado-no-25o-dia-mundial-de-oracao-e-jejum-pelos-missionarios-martires.html","og_site_name":"Not\u00edcias - Franciscanos","article_published_time":"2017-03-22T13:21:57+00:00","article_modified_time":"2019-01-28T16:50:44+00:00","og_image":[{"width":273,"height":181,"url":"https:\/\/franciscanos.org.br\/noticias\/wp-content\/uploads\/2017\/03\/moser_220317_830.jpg","type":"image\/jpeg"}],"author":"admin","twitter_card":"summary_large_image","twitter_misc":{"Escrito por":"admin","Est. tempo de leitura":"12 minutos"},"schema":{"@context":"https:\/\/schema.org","@graph":[{"@type":"WebSite","@id":"https:\/\/franciscanos.org.br\/noticias\/#website","url":"https:\/\/franciscanos.org.br\/noticias\/","name":"Not\u00edcias - Franciscanos","description":"Prov\u00edncia Franciscana da Imaculada Concei\u00e7\u00e3o do Brasil - Ordem dos Frades Menores - OFM","potentialAction":[{"@type":"SearchAction","target":{"@type":"EntryPoint","urlTemplate":"https:\/\/franciscanos.org.br\/noticias\/?s={search_term_string}"},"query-input":"required name=search_term_string"}],"inLanguage":"pt-BR"},{"@type":"ImageObject","inLanguage":"pt-BR","@id":"https:\/\/franciscanos.org.br\/noticias\/frei-antonio-moser-e-lembrado-no-25o-dia-mundial-de-oracao-e-jejum-pelos-missionarios-martires.html#primaryimage","url":"https:\/\/franciscanos.org.br\/noticias\/wp-content\/uploads\/2017\/03\/moser_220317_830.jpg","contentUrl":"https:\/\/franciscanos.org.br\/noticias\/wp-content\/uploads\/2017\/03\/moser_220317_830.jpg","width":273,"height":181},{"@type":"WebPage","@id":"https:\/\/franciscanos.org.br\/noticias\/frei-antonio-moser-e-lembrado-no-25o-dia-mundial-de-oracao-e-jejum-pelos-missionarios-martires.html#webpage","url":"https:\/\/franciscanos.org.br\/noticias\/frei-antonio-moser-e-lembrado-no-25o-dia-mundial-de-oracao-e-jejum-pelos-missionarios-martires.html","name":"Frei Moser \u00e9 lembrado como 'mission\u00e1rio m\u00e1rtir' pela Igreja - Not\u00edcias - Franciscanos","isPartOf":{"@id":"https:\/\/franciscanos.org.br\/noticias\/#website"},"primaryImageOfPage":{"@id":"https:\/\/franciscanos.org.br\/noticias\/frei-antonio-moser-e-lembrado-no-25o-dia-mundial-de-oracao-e-jejum-pelos-missionarios-martires.html#primaryimage"},"datePublished":"2017-03-22T13:21:57+00:00","dateModified":"2019-01-28T16:50:44+00:00","author":{"@id":"https:\/\/franciscanos.org.br\/noticias\/#\/schema\/person\/b38fbf43118f02820bd932f2e4b14ad3"},"breadcrumb":{"@id":"https:\/\/franciscanos.org.br\/noticias\/frei-antonio-moser-e-lembrado-no-25o-dia-mundial-de-oracao-e-jejum-pelos-missionarios-martires.html#breadcrumb"},"inLanguage":"pt-BR","potentialAction":[{"@type":"ReadAction","target":["https:\/\/franciscanos.org.br\/noticias\/frei-antonio-moser-e-lembrado-no-25o-dia-mundial-de-oracao-e-jejum-pelos-missionarios-martires.html"]}]},{"@type":"BreadcrumbList","@id":"https:\/\/franciscanos.org.br\/noticias\/frei-antonio-moser-e-lembrado-no-25o-dia-mundial-de-oracao-e-jejum-pelos-missionarios-martires.html#breadcrumb","itemListElement":[{"@type":"ListItem","position":1,"name":"Home","item":"https:\/\/franciscanos.org.br\/noticias"},{"@type":"ListItem","position":2,"name":"Frei Moser \u00e9 lembrado como &#8216;mission\u00e1rio m\u00e1rtir&#8217; pela Igreja"}]},{"@type":"Person","@id":"https:\/\/franciscanos.org.br\/noticias\/#\/schema\/person\/b38fbf43118f02820bd932f2e4b14ad3","name":"admin","image":{"@type":"ImageObject","inLanguage":"pt-BR","@id":"https:\/\/franciscanos.org.br\/noticias\/#\/schema\/person\/image\/","url":"https:\/\/secure.gravatar.com\/avatar\/e8495742d34d0ba6448ea1c628263b3e?s=96&d=mm&r=g","contentUrl":"https:\/\/secure.gravatar.com\/avatar\/e8495742d34d0ba6448ea1c628263b3e?s=96&d=mm&r=g","caption":"admin"},"url":"https:\/\/franciscanos.org.br\/noticias\/author\/admin"}]}},"_links":{"self":[{"href":"https:\/\/franciscanos.org.br\/noticias\/wp-json\/wp\/v2\/posts\/128207"}],"collection":[{"href":"https:\/\/franciscanos.org.br\/noticias\/wp-json\/wp\/v2\/posts"}],"about":[{"href":"https:\/\/franciscanos.org.br\/noticias\/wp-json\/wp\/v2\/types\/post"}],"author":[{"embeddable":true,"href":"https:\/\/franciscanos.org.br\/noticias\/wp-json\/wp\/v2\/users\/1"}],"replies":[{"embeddable":true,"href":"https:\/\/franciscanos.org.br\/noticias\/wp-json\/wp\/v2\/comments?post=128207"}],"version-history":[{"count":0,"href":"https:\/\/franciscanos.org.br\/noticias\/wp-json\/wp\/v2\/posts\/128207\/revisions"}],"wp:featuredmedia":[{"embeddable":true,"href":"https:\/\/franciscanos.org.br\/noticias\/wp-json\/wp\/v2\/media\/197223"}],"wp:attachment":[{"href":"https:\/\/franciscanos.org.br\/noticias\/wp-json\/wp\/v2\/media?parent=128207"}],"wp:term":[{"taxonomy":"category","embeddable":true,"href":"https:\/\/franciscanos.org.br\/noticias\/wp-json\/wp\/v2\/categories?post=128207"},{"taxonomy":"post_tag","embeddable":true,"href":"https:\/\/franciscanos.org.br\/noticias\/wp-json\/wp\/v2\/tags?post=128207"}],"curies":[{"name":"wp","href":"https:\/\/api.w.org\/{rel}","templated":true}]}}