{"id":128174,"date":"2017-03-21T09:33:37","date_gmt":"2017-03-21T12:33:37","guid":{"rendered":"http:\/\/franciscanos.org.br\/?p=128174"},"modified":"2020-06-09T10:11:37","modified_gmt":"2020-06-09T13:11:37","slug":"confessionario-nao-e-lavanderia-onde-tirar-manchas","status":"publish","type":"post","link":"https:\/\/franciscanos.org.br\/noticias\/confessionario-nao-e-lavanderia-onde-tirar-manchas.html","title":{"rendered":"&#8220;Confession\u00e1rio n\u00e3o \u00e9 lavanderia onde tirar manchas&#8221;"},"content":{"rendered":"<p><img loading=\"lazy\" class=\"alignleft\" src=\"http:\/\/franciscanos.org.br\/wp-content\/uploads\/2017\/03\/martaG_210317.jpg\" alt=\"martaG_210317\" width=\"830\" height=\"401\" \/><\/p>\n<p style=\"text-align: justify;\"><strong>Cidade do Vaticano<\/strong> &#8211; \u201cSer perdoados e perdoar: um mist\u00e9rio dif\u00edcil de entender. \u00c9 preciso ora\u00e7\u00e3o, arrependimento e vergonha\u201d. A afirma\u00e7\u00e3o \u00e9 do Papa, na homilia da missa da manh\u00e3 de ter\u00e7a-feira, 21, na Casa Santa Marta. O Pont\u00edfice reiterou a import\u00e2ncia de estar consciente da maravilha que Deus realiza conosco com a sua miseric\u00f3rdia, e de exerc\u00ea-la depois, com os outros.<\/p>\n<p style=\"text-align: justify;\"><strong>O perd\u00e3o \u00e9 um mist\u00e9rio dif\u00edcil de se entender<\/strong><\/p>\n<p style=\"text-align: justify;\">O primeiro passo para \u201cpenetrar neste mist\u00e9rio\u201d, a grande \u201cobra de miseric\u00f3rdia de Deus\u201d, \u00e9 envergonhar-se dos pr\u00f3prios pecados, uma gra\u00e7a que n\u00e3o podemos obter sozinhos. O povo de Deus, triste e humilhado por suas culpas, \u00e9 capaz de senti-la, enquanto o protagonista do Evangelho do dia n\u00e3o consegue faz\u00ea-lo. \u00c9 o servo que o patr\u00e3o perdoa apesar de suas grandes d\u00edvidas, mas que por sua vez, \u00e9 incapaz de perdoar seus devedores. \u201cEle n\u00e3o entendeu o mist\u00e9rio do perd\u00e3o\u201d, destacou Francisco, falando da realidade de hoje:<\/p>\n<p style=\"text-align: justify;\">\u201cSe eu pergunto: \u2018Voc\u00eas s\u00e3o todos pecadores?\u2019 \u2013 \u2018Sim, padre, todos\u2019 \u2013 \u2018E para receber o perd\u00e3o dos pecados?\u2019- \u2018Nos confessamos\u2019 \u2013 \u2018E como voc\u00ea se confessa?\u2019- \u2018Vou, digo meus pecados, o padre me perdoa, me d\u00e1 tr\u00eas Ave Marias para rezar e vou embora em paz\u2019.<\/p>\n<p style=\"text-align: justify;\">\u201cVoc\u00ea n\u00e3o entendeu! Fazendo assim, voc\u00ea foi ao confession\u00e1rio fazer uma opera\u00e7\u00e3o banc\u00e1ria ou um processo burocr\u00e1tico. N\u00e3o foi l\u00e1 envergonhado pelo que fez. Viu algumas manchas em sua consci\u00eancia e errou, porque pensou que o confession\u00e1rio fosse uma lavanderia para limpar as manchas. Voc\u00ea foi incapaz de envergonhar-se por seus pecados\u201d.<\/p>\n<p style=\"text-align: justify;\"><strong> Maravilha deve entrar na consci\u00eancia<\/strong><\/p>\n<p style=\"text-align: justify;\">Assim, o perd\u00e3o recebido de Deus, a \u201cmaravilha que fez em seu cora\u00e7\u00e3o\u201d \u2013 prossegue o Papa \u2013 deve poder \u201centrar na consci\u00eancia\u201d, caso contr\u00e1rio, \u201cvoc\u00ea sai, encontra um amigo, uma amiga e come\u00e7a e falar pelas costas de algu\u00e9m, e continua a pecar\u201d. \u201cEu posso perdoar, somente se me sinto perdoado\u201d:<\/p>\n<p style=\"text-align: justify;\">\u201cSe voc\u00ea n\u00e3o tem consci\u00eancia de ser perdoado, nunca poder\u00e1 perdoar, nunca. Sempre existe aquele comportamento de querer acertar as contas com os outros. O perd\u00e3o \u00e9 total. Mas somente se pode dar quando eu sinto o meu pecado, me envergonho, tenho vergonha e pe\u00e7o o perd\u00e3o a Deus e me sinto perdoado pelo Pai e assim posso perdoar. Caso contr\u00e1rio, n\u00e3o se pode perdoar, somos incapazes disto. Por esta raz\u00e3o o perd\u00e3o \u00e9 um mist\u00e9rio\u201d.<\/p>\n<p style=\"text-align: justify;\">O servo, o protagonista do Evangelho \u2013 diz o Papa \u2013 tem a sensa\u00e7\u00e3o de \u201cter conseguido\u201d, ter sido \u201cesperto\u201d; mas pelo contr\u00e1rio, n\u00e3o entendeu a generosidade do patr\u00e3o. \u00c9 aquela que o Papa define como \u201ca hipocrisia de roubar um perd\u00e3o, um perd\u00e3o fingido\u201d:<\/p>\n<p style=\"text-align: justify;\">&#8220;Pe\u00e7amos hoje ao Senhor a gra\u00e7a de entender este \u201csetenta vezes sete\u201d. Pe\u00e7amos a gra\u00e7a da vergonha diante de Deus. E\u2019 uma grande gra\u00e7a! Envergonhar-se dos pr\u00f3prios pecados e assim receber o perd\u00e3o e a gra\u00e7a da generosidade de d\u00e1-lo aos outros, porque se o Senhor me perdoou tanto, quem sou eu para n\u00e3o perdoar?\u201d.<\/p>\n<hr \/>\n<p><em>Fonte: R\u00e1dio Vaticano<\/em><\/p>\n","protected":false},"excerpt":{"rendered":"<p>Missa em Santa Marta<\/p>\n","protected":false},"author":1,"featured_media":197263,"comment_status":"open","ping_status":"open","sticky":false,"template":"","format":"standard","meta":[],"categories":[1428],"tags":[829],"acf":[],"yoast_head":"<!-- This site is optimized with the Yoast SEO plugin v19.2 - https:\/\/yoast.com\/wordpress\/plugins\/seo\/ -->\n<title>&quot;Confession\u00e1rio n\u00e3o \u00e9 lavanderia onde tirar manchas&quot; - Not\u00edcias - Franciscanos<\/title>\n<meta name=\"robots\" content=\"index, follow, max-snippet:-1, max-image-preview:large, max-video-preview:-1\" \/>\n<link rel=\"canonical\" href=\"https:\/\/franciscanos.org.br\/noticias\/confessionario-nao-e-lavanderia-onde-tirar-manchas.html\" \/>\n<meta property=\"og:locale\" content=\"pt_BR\" \/>\n<meta property=\"og:type\" content=\"article\" \/>\n<meta property=\"og:title\" content=\"&quot;Confession\u00e1rio n\u00e3o \u00e9 lavanderia onde tirar manchas&quot; - Not\u00edcias - Franciscanos\" \/>\n<meta property=\"og:description\" content=\"Missa em Santa Marta\" \/>\n<meta property=\"og:url\" content=\"https:\/\/franciscanos.org.br\/noticias\/confessionario-nao-e-lavanderia-onde-tirar-manchas.html\" \/>\n<meta property=\"og:site_name\" content=\"Not\u00edcias - Franciscanos\" \/>\n<meta property=\"article:published_time\" content=\"2017-03-21T12:33:37+00:00\" \/>\n<meta property=\"article:modified_time\" content=\"2020-06-09T13:11:37+00:00\" \/>\n<meta property=\"og:image\" content=\"https:\/\/franciscanos.org.br\/noticias\/wp-content\/uploads\/2017\/03\/martaG_210317.jpg\" \/>\n\t<meta property=\"og:image:width\" content=\"273\" \/>\n\t<meta property=\"og:image:height\" content=\"181\" \/>\n\t<meta property=\"og:image:type\" content=\"image\/jpeg\" \/>\n<meta name=\"author\" content=\"admin\" \/>\n<meta name=\"twitter:card\" content=\"summary_large_image\" \/>\n<meta name=\"twitter:label1\" content=\"Escrito por\" \/>\n\t<meta name=\"twitter:data1\" content=\"admin\" \/>\n\t<meta name=\"twitter:label2\" content=\"Est. tempo de leitura\" \/>\n\t<meta name=\"twitter:data2\" content=\"3 minutos\" \/>\n<script type=\"application\/ld+json\" class=\"yoast-schema-graph\">{\"@context\":\"https:\/\/schema.org\",\"@graph\":[{\"@type\":\"WebSite\",\"@id\":\"https:\/\/franciscanos.org.br\/noticias\/#website\",\"url\":\"https:\/\/franciscanos.org.br\/noticias\/\",\"name\":\"Not\u00edcias - Franciscanos\",\"description\":\"Prov\u00edncia Franciscana da Imaculada Concei\u00e7\u00e3o do Brasil - Ordem dos Frades Menores - OFM\",\"potentialAction\":[{\"@type\":\"SearchAction\",\"target\":{\"@type\":\"EntryPoint\",\"urlTemplate\":\"https:\/\/franciscanos.org.br\/noticias\/?s={search_term_string}\"},\"query-input\":\"required name=search_term_string\"}],\"inLanguage\":\"pt-BR\"},{\"@type\":\"ImageObject\",\"inLanguage\":\"pt-BR\",\"@id\":\"https:\/\/franciscanos.org.br\/noticias\/confessionario-nao-e-lavanderia-onde-tirar-manchas.html#primaryimage\",\"url\":\"https:\/\/franciscanos.org.br\/noticias\/wp-content\/uploads\/2017\/03\/martaG_210317.jpg\",\"contentUrl\":\"https:\/\/franciscanos.org.br\/noticias\/wp-content\/uploads\/2017\/03\/martaG_210317.jpg\",\"width\":273,\"height\":181},{\"@type\":\"WebPage\",\"@id\":\"https:\/\/franciscanos.org.br\/noticias\/confessionario-nao-e-lavanderia-onde-tirar-manchas.html#webpage\",\"url\":\"https:\/\/franciscanos.org.br\/noticias\/confessionario-nao-e-lavanderia-onde-tirar-manchas.html\",\"name\":\"\\\"Confession\u00e1rio n\u00e3o \u00e9 lavanderia onde tirar manchas\\\" - Not\u00edcias - Franciscanos\",\"isPartOf\":{\"@id\":\"https:\/\/franciscanos.org.br\/noticias\/#website\"},\"primaryImageOfPage\":{\"@id\":\"https:\/\/franciscanos.org.br\/noticias\/confessionario-nao-e-lavanderia-onde-tirar-manchas.html#primaryimage\"},\"datePublished\":\"2017-03-21T12:33:37+00:00\",\"dateModified\":\"2020-06-09T13:11:37+00:00\",\"author\":{\"@id\":\"https:\/\/franciscanos.org.br\/noticias\/#\/schema\/person\/b38fbf43118f02820bd932f2e4b14ad3\"},\"breadcrumb\":{\"@id\":\"https:\/\/franciscanos.org.br\/noticias\/confessionario-nao-e-lavanderia-onde-tirar-manchas.html#breadcrumb\"},\"inLanguage\":\"pt-BR\",\"potentialAction\":[{\"@type\":\"ReadAction\",\"target\":[\"https:\/\/franciscanos.org.br\/noticias\/confessionario-nao-e-lavanderia-onde-tirar-manchas.html\"]}]},{\"@type\":\"BreadcrumbList\",\"@id\":\"https:\/\/franciscanos.org.br\/noticias\/confessionario-nao-e-lavanderia-onde-tirar-manchas.html#breadcrumb\",\"itemListElement\":[{\"@type\":\"ListItem\",\"position\":1,\"name\":\"Home\",\"item\":\"https:\/\/franciscanos.org.br\/noticias\"},{\"@type\":\"ListItem\",\"position\":2,\"name\":\"&#8220;Confession\u00e1rio n\u00e3o \u00e9 lavanderia onde tirar manchas&#8221;\"}]},{\"@type\":\"Person\",\"@id\":\"https:\/\/franciscanos.org.br\/noticias\/#\/schema\/person\/b38fbf43118f02820bd932f2e4b14ad3\",\"name\":\"admin\",\"image\":{\"@type\":\"ImageObject\",\"inLanguage\":\"pt-BR\",\"@id\":\"https:\/\/franciscanos.org.br\/noticias\/#\/schema\/person\/image\/\",\"url\":\"https:\/\/secure.gravatar.com\/avatar\/e8495742d34d0ba6448ea1c628263b3e?s=96&d=mm&r=g\",\"contentUrl\":\"https:\/\/secure.gravatar.com\/avatar\/e8495742d34d0ba6448ea1c628263b3e?s=96&d=mm&r=g\",\"caption\":\"admin\"},\"url\":\"https:\/\/franciscanos.org.br\/noticias\/author\/admin\"}]}<\/script>\n<!-- \/ Yoast SEO plugin. -->","yoast_head_json":{"title":"\"Confession\u00e1rio n\u00e3o \u00e9 lavanderia onde tirar manchas\" - Not\u00edcias - Franciscanos","robots":{"index":"index","follow":"follow","max-snippet":"max-snippet:-1","max-image-preview":"max-image-preview:large","max-video-preview":"max-video-preview:-1"},"canonical":"https:\/\/franciscanos.org.br\/noticias\/confessionario-nao-e-lavanderia-onde-tirar-manchas.html","og_locale":"pt_BR","og_type":"article","og_title":"\"Confession\u00e1rio n\u00e3o \u00e9 lavanderia onde tirar manchas\" - Not\u00edcias - Franciscanos","og_description":"Missa em Santa Marta","og_url":"https:\/\/franciscanos.org.br\/noticias\/confessionario-nao-e-lavanderia-onde-tirar-manchas.html","og_site_name":"Not\u00edcias - Franciscanos","article_published_time":"2017-03-21T12:33:37+00:00","article_modified_time":"2020-06-09T13:11:37+00:00","og_image":[{"width":273,"height":181,"url":"https:\/\/franciscanos.org.br\/noticias\/wp-content\/uploads\/2017\/03\/martaG_210317.jpg","type":"image\/jpeg"}],"author":"admin","twitter_card":"summary_large_image","twitter_misc":{"Escrito por":"admin","Est. tempo de leitura":"3 minutos"},"schema":{"@context":"https:\/\/schema.org","@graph":[{"@type":"WebSite","@id":"https:\/\/franciscanos.org.br\/noticias\/#website","url":"https:\/\/franciscanos.org.br\/noticias\/","name":"Not\u00edcias - Franciscanos","description":"Prov\u00edncia Franciscana da Imaculada Concei\u00e7\u00e3o do Brasil - Ordem dos Frades Menores - OFM","potentialAction":[{"@type":"SearchAction","target":{"@type":"EntryPoint","urlTemplate":"https:\/\/franciscanos.org.br\/noticias\/?s={search_term_string}"},"query-input":"required name=search_term_string"}],"inLanguage":"pt-BR"},{"@type":"ImageObject","inLanguage":"pt-BR","@id":"https:\/\/franciscanos.org.br\/noticias\/confessionario-nao-e-lavanderia-onde-tirar-manchas.html#primaryimage","url":"https:\/\/franciscanos.org.br\/noticias\/wp-content\/uploads\/2017\/03\/martaG_210317.jpg","contentUrl":"https:\/\/franciscanos.org.br\/noticias\/wp-content\/uploads\/2017\/03\/martaG_210317.jpg","width":273,"height":181},{"@type":"WebPage","@id":"https:\/\/franciscanos.org.br\/noticias\/confessionario-nao-e-lavanderia-onde-tirar-manchas.html#webpage","url":"https:\/\/franciscanos.org.br\/noticias\/confessionario-nao-e-lavanderia-onde-tirar-manchas.html","name":"\"Confession\u00e1rio n\u00e3o \u00e9 lavanderia onde tirar manchas\" - Not\u00edcias - Franciscanos","isPartOf":{"@id":"https:\/\/franciscanos.org.br\/noticias\/#website"},"primaryImageOfPage":{"@id":"https:\/\/franciscanos.org.br\/noticias\/confessionario-nao-e-lavanderia-onde-tirar-manchas.html#primaryimage"},"datePublished":"2017-03-21T12:33:37+00:00","dateModified":"2020-06-09T13:11:37+00:00","author":{"@id":"https:\/\/franciscanos.org.br\/noticias\/#\/schema\/person\/b38fbf43118f02820bd932f2e4b14ad3"},"breadcrumb":{"@id":"https:\/\/franciscanos.org.br\/noticias\/confessionario-nao-e-lavanderia-onde-tirar-manchas.html#breadcrumb"},"inLanguage":"pt-BR","potentialAction":[{"@type":"ReadAction","target":["https:\/\/franciscanos.org.br\/noticias\/confessionario-nao-e-lavanderia-onde-tirar-manchas.html"]}]},{"@type":"BreadcrumbList","@id":"https:\/\/franciscanos.org.br\/noticias\/confessionario-nao-e-lavanderia-onde-tirar-manchas.html#breadcrumb","itemListElement":[{"@type":"ListItem","position":1,"name":"Home","item":"https:\/\/franciscanos.org.br\/noticias"},{"@type":"ListItem","position":2,"name":"&#8220;Confession\u00e1rio n\u00e3o \u00e9 lavanderia onde tirar manchas&#8221;"}]},{"@type":"Person","@id":"https:\/\/franciscanos.org.br\/noticias\/#\/schema\/person\/b38fbf43118f02820bd932f2e4b14ad3","name":"admin","image":{"@type":"ImageObject","inLanguage":"pt-BR","@id":"https:\/\/franciscanos.org.br\/noticias\/#\/schema\/person\/image\/","url":"https:\/\/secure.gravatar.com\/avatar\/e8495742d34d0ba6448ea1c628263b3e?s=96&d=mm&r=g","contentUrl":"https:\/\/secure.gravatar.com\/avatar\/e8495742d34d0ba6448ea1c628263b3e?s=96&d=mm&r=g","caption":"admin"},"url":"https:\/\/franciscanos.org.br\/noticias\/author\/admin"}]}},"_links":{"self":[{"href":"https:\/\/franciscanos.org.br\/noticias\/wp-json\/wp\/v2\/posts\/128174"}],"collection":[{"href":"https:\/\/franciscanos.org.br\/noticias\/wp-json\/wp\/v2\/posts"}],"about":[{"href":"https:\/\/franciscanos.org.br\/noticias\/wp-json\/wp\/v2\/types\/post"}],"author":[{"embeddable":true,"href":"https:\/\/franciscanos.org.br\/noticias\/wp-json\/wp\/v2\/users\/1"}],"replies":[{"embeddable":true,"href":"https:\/\/franciscanos.org.br\/noticias\/wp-json\/wp\/v2\/comments?post=128174"}],"version-history":[{"count":1,"href":"https:\/\/franciscanos.org.br\/noticias\/wp-json\/wp\/v2\/posts\/128174\/revisions"}],"predecessor-version":[{"id":225418,"href":"https:\/\/franciscanos.org.br\/noticias\/wp-json\/wp\/v2\/posts\/128174\/revisions\/225418"}],"wp:featuredmedia":[{"embeddable":true,"href":"https:\/\/franciscanos.org.br\/noticias\/wp-json\/wp\/v2\/media\/197263"}],"wp:attachment":[{"href":"https:\/\/franciscanos.org.br\/noticias\/wp-json\/wp\/v2\/media?parent=128174"}],"wp:term":[{"taxonomy":"category","embeddable":true,"href":"https:\/\/franciscanos.org.br\/noticias\/wp-json\/wp\/v2\/categories?post=128174"},{"taxonomy":"post_tag","embeddable":true,"href":"https:\/\/franciscanos.org.br\/noticias\/wp-json\/wp\/v2\/tags?post=128174"}],"curies":[{"name":"wp","href":"https:\/\/api.w.org\/{rel}","templated":true}]}}