{"id":128165,"date":"2017-03-21T08:21:49","date_gmt":"2017-03-21T11:21:49","guid":{"rendered":"http:\/\/franciscanos.org.br\/?p=128165"},"modified":"2019-01-28T15:35:58","modified_gmt":"2019-01-28T17:35:58","slug":"frei-alan-sera-ordenado-no-dia-25","status":"publish","type":"post","link":"https:\/\/franciscanos.org.br\/noticias\/frei-alan-sera-ordenado-no-dia-25.html","title":{"rendered":"Frei Alan Maia de Fran\u00e7a ser\u00e1 ordenado di\u00e1cono no dia 25"},"content":{"rendered":"<p><strong><a href=\"http:\/\/franciscanos.org.br\/wp-content\/uploads\/2017\/03\/alan_210317-600.jpg\"><img loading=\"lazy\" class=\"alignleft wp-image-128167\" src=\"http:\/\/franciscanos.org.br\/wp-content\/uploads\/2017\/03\/alan_210317-600.jpg\" alt=\"alan_210317-600\" width=\"342\" height=\"451\" \/><\/a>Moacir Beggo<\/strong><\/p>\n<p>O carioca Frei Alan Maia de Fran\u00e7a Victor ser\u00e1 ordenado di\u00e1cono por Dom Orani Jo\u00e3o Tempesta no dia 25 de mar\u00e7o, \u00e0s 18 horas, na Par\u00f3quia Nossa Senhora da Boa Viagem, na Rocinha, Rio de Janeiro. Para ele, esta nova etapa em sua vida \u00e9 \u201cuma op\u00e7\u00e3o preferencial pelo servi\u00e7o\u201d a Deus e \u00e0 Igreja como frade menor. Natural do Rio de Janeiro, onde nasceu no dia 5 de fevereiro de 1980, no bairro de Bangu, um dos mais quentes da capital carioca, \u00e9 filho de Marinaldo e Anita Maria de Fran\u00e7a Victor e irm\u00e3o de Aline, quatro anos mais nova.<\/p>\n<p>H\u00e1 dez anos, quando ainda trabalhava numa empresa particular de Banco de Sangue, decidiu buscar orienta\u00e7\u00e3o vocacional. \u201cSentia o desejo de servir a Igreja de uma forma mais radical, participava ativamente da Par\u00f3quia S\u00e3o Judas Tadeu, onde fui coroinha por 7 anos, atuei como coordenador dos coroinhas por tr\u00eas anos, frequentei v\u00e1rias pastorais na Par\u00f3quia, era membro do conselho paroquial e do c\u00edrculo b\u00edblico de jovens. Participando das atividades da Par\u00f3quia, o p\u00e1roco sempre me incentivava a participar do grupo vocacional do Vicariato oeste da Arquidiocese do Rio de Janeiro, que tinha sua sede em Bangu. Era um padre muito bom que coordenava este grupo, com meninos e meninas, e direcionava para o semin\u00e1rio ou casa religiosa, conforme a busca pessoal de cada um\u201d, conta Frei Alan, at\u00e9 que, com ajuda da internet, fez contato com congrega\u00e7\u00f5es e ordens religiosas.<\/p>\n<p>\u201cEntrei em contato com os frades a partir do e-mail dispon\u00edvel no site da nossa Prov\u00edncia e respondeu um aspirante em nome do Frei Paulo l\u00e1 do Semin\u00e1rio de Ituporanga. Depois de trocas de e-mail, me pediu que procurasse o Frei Hermenegildo Pereira, no Convento de Santo Ant\u00f4nio. No in\u00edcio de junho de 2006, fui acolhido por ele, conversamos durante umas duas horas no jardim do convento l\u00e1 de cima. Ele, ent\u00e3o, me convidou para o encontro vocacional no s\u00edtio Taquara, reunindo os jovens da Baixada e Frei Paulo Pereira e Frei Florival. Gostei do encontro, da acolhida. No m\u00eas de julho retornei ao Convento para conversar com Frei Hermenegildo, que me convidou para participar uma vez por m\u00eas dos encontros vocacionais. Participei durante quatro meses. Em novembro fui para o est\u00e1gio em Guaratinguet\u00e1 e, em 14 de fevereiro 2007, entrei no Semin\u00e1rio de Ituporanga\u201d, recordou Frei Alan, que fez o Postulantado em 2008, e o noviciado em 2009, professando temporariamente no dia 3 de janeiro de 2010.<\/p>\n<p>Frei Alan cursou Filosofia em Rondinha e Teologia em Petr\u00f3polis, onde morou de 2013 a 2014 no Sagrado e, 2015 a 2016, na Fraternidade Nossa Senhora de Guadalupe. Professou solenemente na Ordem dos Frades Menores no dia 6 de dezembro de 2014 e, ao concluir o Curso de Teologia, foi transferido para a Par\u00f3quia da Rocinha, no dia 22 de dezembro de 2016, onde reside e vai ser ordenado.<\/p>\n<p><strong>Site Franciscanos<\/strong>\u00a0&#8211; <em>Como \u00e9 para voc\u00ea dar esse novo passo na sua vida religiosa?<\/em><\/p>\n<p><strong>Frei Alan<\/strong> &#8211; Sou feliz como frade menor e agrade\u00e7o por tudo que a Prov\u00edncia Franciscana da Imaculada Concei\u00e7\u00e3o do Brasil me proporcionou durante estes anos de forma\u00e7\u00e3o na caminhada formativa, com os estudos, as casas de forma\u00e7\u00e3o e as fraternidades onde morei e conheci nos est\u00e1gios. Aos confrades que me incentivaram a continuar a caminhada durante o processo formativo tamb\u00e9m fa\u00e7o meu agradecimento.<\/p>\n<p>Depois de 10 anos na forma\u00e7\u00e3o inicial, no \u00faltimo ano de Teologia, \u00e9 o momento de pensar, discernir em rela\u00e7\u00e3o a dar mais um passo como frade menor em rela\u00e7\u00e3o aos minist\u00e9rios ordenados. Fiz o discernimento e apresentei ao mestre o desejo de poder servir a Igreja como frade menor sendo ministro ordenado. Esse novo passo na minha vida religiosa \u00e9 para servir a Igreja, a Prov\u00edncia e o povo de Deus como frade menor no servi\u00e7o da Palavra, no cuidado aos enfermos e pobres, no aux\u00edlio \u00e0 liturgia como di\u00e1cono nesta Fraternidade e ao povo bom e religioso da nossa Rocinha. Coloco-me \u00e0 disposi\u00e7\u00e3o para da melhor maneira poss\u00edvel exercer este minist\u00e9rio a servi\u00e7o do povo. \u00c9 uma responsabilidade o diaconato.<\/p>\n<p>Enquanto sacramento de Cristo-Servo \u00e9 express\u00e3o de uma Igreja servidora, uma Igreja em sa\u00edda como nos pede o Papa Francisco. Como coloquei no convite: \u201cEis o teu servo, Senhor&#8230; Fa\u00e7a-se em mim segundo a tua Palavra\u201d (Lc, 1,38), deixar Deus agir na minha vida como frade menor no exerc\u00edcio do minist\u00e9rio de di\u00e1cono da Igreja. Viver a Palavra de Deus na minha vida religiosa e ser um instrumento para os irm\u00e3os e irm\u00e3s.<\/p>\n<p><strong>Site Franciscanos<\/strong><em>\u00a0&#8211; O que significa ser di\u00e1cono da Igreja para voc\u00ea?<\/em><\/p>\n<p><strong>Frei Alan<\/strong> &#8211; Ser di\u00e1cono da Igreja \u00e9 ser servidor de todos. Pela imposi\u00e7\u00e3o das m\u00e3os do bispo, o di\u00e1cono recebe publicamente, de modo irrevog\u00e1vel e definitivo, o mandato e a miss\u00e3o do servi\u00e7o, consagrado pela gra\u00e7a do sacramento. Pelo testemunho de vida sou chamado a construir um mundo mais de acordo com o projeto de Deus. Quero viver o diaconato a partir da op\u00e7\u00e3o preferencial pelo servi\u00e7o, miss\u00e3o e partilha de vida, a exemplo do amor de Jesus Cristo, que n\u00e3o veio para ser servido, mas para servir. Viver o minist\u00e9rio diaconal na Igreja \u00e9 hoje um tesouro para fecundar a miss\u00e3o evangelizadora, como frade menor, no atendimento de tantas urg\u00eancias e necessidades, no an\u00fancio do Evangelho e na busca de uma viv\u00eancia aut\u00eantica e comprometida da f\u00e9. O di\u00e1cono \u00e9 hoje uma presen\u00e7a amorosa de Cristo Servo na Igreja e na vida da sociedade, anunciando o Reino de Deus a todas as pessoas. \u00c9 isso que quero viver como di\u00e1cono na Igreja, de modo particular na par\u00f3quia Nossa Senhora da Boa Viagem, na Rocinha e na Prov\u00edncia.<\/p>\n<p><a href=\"http:\/\/franciscanos.org.br\/wp-content\/uploads\/2017\/03\/alan_210317-convite.jpg\"><img loading=\"lazy\" src=\"http:\/\/franciscanos.org.br\/wp-content\/uploads\/2017\/03\/alan_210317-convite.jpg\" alt=\"alan_210317-convite\" width=\"830\" height=\"472\" \/><\/a><\/p>\n","protected":false},"excerpt":{"rendered":"<p>Ordena\u00e7\u00e3o Diaconal<\/p>\n","protected":false},"author":1,"featured_media":197274,"comment_status":"open","ping_status":"open","sticky":false,"template":"","format":"standard","meta":[],"categories":[758],"tags":[552,1130],"acf":[],"yoast_head":"<!-- This site is optimized with the Yoast SEO plugin v19.2 - https:\/\/yoast.com\/wordpress\/plugins\/seo\/ -->\n<title>Frei Alan Maia de Fran\u00e7a ser\u00e1 ordenado di\u00e1cono no dia 25 - Not\u00edcias - Franciscanos<\/title>\n<meta name=\"robots\" content=\"index, follow, max-snippet:-1, max-image-preview:large, max-video-preview:-1\" \/>\n<link rel=\"canonical\" href=\"https:\/\/franciscanos.org.br\/noticias\/frei-alan-sera-ordenado-no-dia-25.html\" \/>\n<meta property=\"og:locale\" content=\"pt_BR\" \/>\n<meta property=\"og:type\" content=\"article\" \/>\n<meta property=\"og:title\" content=\"Frei Alan Maia de Fran\u00e7a ser\u00e1 ordenado di\u00e1cono no dia 25 - Not\u00edcias - Franciscanos\" \/>\n<meta property=\"og:description\" content=\"Ordena\u00e7\u00e3o Diaconal\" \/>\n<meta property=\"og:url\" content=\"https:\/\/franciscanos.org.br\/noticias\/frei-alan-sera-ordenado-no-dia-25.html\" \/>\n<meta property=\"og:site_name\" content=\"Not\u00edcias - Franciscanos\" \/>\n<meta property=\"article:published_time\" content=\"2017-03-21T11:21:49+00:00\" \/>\n<meta property=\"article:modified_time\" content=\"2019-01-28T17:35:58+00:00\" \/>\n<meta property=\"og:image\" content=\"https:\/\/franciscanos.org.br\/noticias\/wp-content\/uploads\/2017\/03\/Alan-Maia-de-Fran\u00e7a-V\u00edctor.jpg\" \/>\n\t<meta property=\"og:image:width\" content=\"273\" \/>\n\t<meta property=\"og:image:height\" content=\"180\" \/>\n\t<meta property=\"og:image:type\" content=\"image\/jpeg\" \/>\n<meta name=\"author\" content=\"admin\" \/>\n<meta name=\"twitter:card\" content=\"summary_large_image\" \/>\n<meta name=\"twitter:label1\" content=\"Escrito por\" \/>\n\t<meta name=\"twitter:data1\" content=\"admin\" \/>\n\t<meta name=\"twitter:label2\" content=\"Est. tempo de leitura\" \/>\n\t<meta name=\"twitter:data2\" content=\"5 minutos\" \/>\n<script type=\"application\/ld+json\" class=\"yoast-schema-graph\">{\"@context\":\"https:\/\/schema.org\",\"@graph\":[{\"@type\":\"WebSite\",\"@id\":\"https:\/\/franciscanos.org.br\/noticias\/#website\",\"url\":\"https:\/\/franciscanos.org.br\/noticias\/\",\"name\":\"Not\u00edcias - Franciscanos\",\"description\":\"Prov\u00edncia Franciscana da Imaculada Concei\u00e7\u00e3o do Brasil - Ordem dos Frades Menores - OFM\",\"potentialAction\":[{\"@type\":\"SearchAction\",\"target\":{\"@type\":\"EntryPoint\",\"urlTemplate\":\"https:\/\/franciscanos.org.br\/noticias\/?s={search_term_string}\"},\"query-input\":\"required name=search_term_string\"}],\"inLanguage\":\"pt-BR\"},{\"@type\":\"ImageObject\",\"inLanguage\":\"pt-BR\",\"@id\":\"https:\/\/franciscanos.org.br\/noticias\/frei-alan-sera-ordenado-no-dia-25.html#primaryimage\",\"url\":\"https:\/\/franciscanos.org.br\/noticias\/wp-content\/uploads\/2017\/03\/Alan-Maia-de-Fran\u00e7a-V\u00edctor.jpg\",\"contentUrl\":\"https:\/\/franciscanos.org.br\/noticias\/wp-content\/uploads\/2017\/03\/Alan-Maia-de-Fran\u00e7a-V\u00edctor.jpg\",\"width\":273,\"height\":180},{\"@type\":\"WebPage\",\"@id\":\"https:\/\/franciscanos.org.br\/noticias\/frei-alan-sera-ordenado-no-dia-25.html#webpage\",\"url\":\"https:\/\/franciscanos.org.br\/noticias\/frei-alan-sera-ordenado-no-dia-25.html\",\"name\":\"Frei Alan Maia de Fran\u00e7a ser\u00e1 ordenado di\u00e1cono no dia 25 - Not\u00edcias - Franciscanos\",\"isPartOf\":{\"@id\":\"https:\/\/franciscanos.org.br\/noticias\/#website\"},\"primaryImageOfPage\":{\"@id\":\"https:\/\/franciscanos.org.br\/noticias\/frei-alan-sera-ordenado-no-dia-25.html#primaryimage\"},\"datePublished\":\"2017-03-21T11:21:49+00:00\",\"dateModified\":\"2019-01-28T17:35:58+00:00\",\"author\":{\"@id\":\"https:\/\/franciscanos.org.br\/noticias\/#\/schema\/person\/b38fbf43118f02820bd932f2e4b14ad3\"},\"breadcrumb\":{\"@id\":\"https:\/\/franciscanos.org.br\/noticias\/frei-alan-sera-ordenado-no-dia-25.html#breadcrumb\"},\"inLanguage\":\"pt-BR\",\"potentialAction\":[{\"@type\":\"ReadAction\",\"target\":[\"https:\/\/franciscanos.org.br\/noticias\/frei-alan-sera-ordenado-no-dia-25.html\"]}]},{\"@type\":\"BreadcrumbList\",\"@id\":\"https:\/\/franciscanos.org.br\/noticias\/frei-alan-sera-ordenado-no-dia-25.html#breadcrumb\",\"itemListElement\":[{\"@type\":\"ListItem\",\"position\":1,\"name\":\"Home\",\"item\":\"https:\/\/franciscanos.org.br\/noticias\"},{\"@type\":\"ListItem\",\"position\":2,\"name\":\"Frei Alan Maia de Fran\u00e7a ser\u00e1 ordenado di\u00e1cono no dia 25\"}]},{\"@type\":\"Person\",\"@id\":\"https:\/\/franciscanos.org.br\/noticias\/#\/schema\/person\/b38fbf43118f02820bd932f2e4b14ad3\",\"name\":\"admin\",\"image\":{\"@type\":\"ImageObject\",\"inLanguage\":\"pt-BR\",\"@id\":\"https:\/\/franciscanos.org.br\/noticias\/#\/schema\/person\/image\/\",\"url\":\"https:\/\/secure.gravatar.com\/avatar\/e8495742d34d0ba6448ea1c628263b3e?s=96&d=mm&r=g\",\"contentUrl\":\"https:\/\/secure.gravatar.com\/avatar\/e8495742d34d0ba6448ea1c628263b3e?s=96&d=mm&r=g\",\"caption\":\"admin\"},\"url\":\"https:\/\/franciscanos.org.br\/noticias\/author\/admin\"}]}<\/script>\n<!-- \/ Yoast SEO plugin. -->","yoast_head_json":{"title":"Frei Alan Maia de Fran\u00e7a ser\u00e1 ordenado di\u00e1cono no dia 25 - Not\u00edcias - Franciscanos","robots":{"index":"index","follow":"follow","max-snippet":"max-snippet:-1","max-image-preview":"max-image-preview:large","max-video-preview":"max-video-preview:-1"},"canonical":"https:\/\/franciscanos.org.br\/noticias\/frei-alan-sera-ordenado-no-dia-25.html","og_locale":"pt_BR","og_type":"article","og_title":"Frei Alan Maia de Fran\u00e7a ser\u00e1 ordenado di\u00e1cono no dia 25 - Not\u00edcias - Franciscanos","og_description":"Ordena\u00e7\u00e3o Diaconal","og_url":"https:\/\/franciscanos.org.br\/noticias\/frei-alan-sera-ordenado-no-dia-25.html","og_site_name":"Not\u00edcias - Franciscanos","article_published_time":"2017-03-21T11:21:49+00:00","article_modified_time":"2019-01-28T17:35:58+00:00","og_image":[{"width":273,"height":180,"url":"https:\/\/franciscanos.org.br\/noticias\/wp-content\/uploads\/2017\/03\/Alan-Maia-de-Fran\u00e7a-V\u00edctor.jpg","type":"image\/jpeg"}],"author":"admin","twitter_card":"summary_large_image","twitter_misc":{"Escrito por":"admin","Est. tempo de leitura":"5 minutos"},"schema":{"@context":"https:\/\/schema.org","@graph":[{"@type":"WebSite","@id":"https:\/\/franciscanos.org.br\/noticias\/#website","url":"https:\/\/franciscanos.org.br\/noticias\/","name":"Not\u00edcias - Franciscanos","description":"Prov\u00edncia Franciscana da Imaculada Concei\u00e7\u00e3o do Brasil - Ordem dos Frades Menores - OFM","potentialAction":[{"@type":"SearchAction","target":{"@type":"EntryPoint","urlTemplate":"https:\/\/franciscanos.org.br\/noticias\/?s={search_term_string}"},"query-input":"required name=search_term_string"}],"inLanguage":"pt-BR"},{"@type":"ImageObject","inLanguage":"pt-BR","@id":"https:\/\/franciscanos.org.br\/noticias\/frei-alan-sera-ordenado-no-dia-25.html#primaryimage","url":"https:\/\/franciscanos.org.br\/noticias\/wp-content\/uploads\/2017\/03\/Alan-Maia-de-Fran\u00e7a-V\u00edctor.jpg","contentUrl":"https:\/\/franciscanos.org.br\/noticias\/wp-content\/uploads\/2017\/03\/Alan-Maia-de-Fran\u00e7a-V\u00edctor.jpg","width":273,"height":180},{"@type":"WebPage","@id":"https:\/\/franciscanos.org.br\/noticias\/frei-alan-sera-ordenado-no-dia-25.html#webpage","url":"https:\/\/franciscanos.org.br\/noticias\/frei-alan-sera-ordenado-no-dia-25.html","name":"Frei Alan Maia de Fran\u00e7a ser\u00e1 ordenado di\u00e1cono no dia 25 - Not\u00edcias - Franciscanos","isPartOf":{"@id":"https:\/\/franciscanos.org.br\/noticias\/#website"},"primaryImageOfPage":{"@id":"https:\/\/franciscanos.org.br\/noticias\/frei-alan-sera-ordenado-no-dia-25.html#primaryimage"},"datePublished":"2017-03-21T11:21:49+00:00","dateModified":"2019-01-28T17:35:58+00:00","author":{"@id":"https:\/\/franciscanos.org.br\/noticias\/#\/schema\/person\/b38fbf43118f02820bd932f2e4b14ad3"},"breadcrumb":{"@id":"https:\/\/franciscanos.org.br\/noticias\/frei-alan-sera-ordenado-no-dia-25.html#breadcrumb"},"inLanguage":"pt-BR","potentialAction":[{"@type":"ReadAction","target":["https:\/\/franciscanos.org.br\/noticias\/frei-alan-sera-ordenado-no-dia-25.html"]}]},{"@type":"BreadcrumbList","@id":"https:\/\/franciscanos.org.br\/noticias\/frei-alan-sera-ordenado-no-dia-25.html#breadcrumb","itemListElement":[{"@type":"ListItem","position":1,"name":"Home","item":"https:\/\/franciscanos.org.br\/noticias"},{"@type":"ListItem","position":2,"name":"Frei Alan Maia de Fran\u00e7a ser\u00e1 ordenado di\u00e1cono no dia 25"}]},{"@type":"Person","@id":"https:\/\/franciscanos.org.br\/noticias\/#\/schema\/person\/b38fbf43118f02820bd932f2e4b14ad3","name":"admin","image":{"@type":"ImageObject","inLanguage":"pt-BR","@id":"https:\/\/franciscanos.org.br\/noticias\/#\/schema\/person\/image\/","url":"https:\/\/secure.gravatar.com\/avatar\/e8495742d34d0ba6448ea1c628263b3e?s=96&d=mm&r=g","contentUrl":"https:\/\/secure.gravatar.com\/avatar\/e8495742d34d0ba6448ea1c628263b3e?s=96&d=mm&r=g","caption":"admin"},"url":"https:\/\/franciscanos.org.br\/noticias\/author\/admin"}]}},"_links":{"self":[{"href":"https:\/\/franciscanos.org.br\/noticias\/wp-json\/wp\/v2\/posts\/128165"}],"collection":[{"href":"https:\/\/franciscanos.org.br\/noticias\/wp-json\/wp\/v2\/posts"}],"about":[{"href":"https:\/\/franciscanos.org.br\/noticias\/wp-json\/wp\/v2\/types\/post"}],"author":[{"embeddable":true,"href":"https:\/\/franciscanos.org.br\/noticias\/wp-json\/wp\/v2\/users\/1"}],"replies":[{"embeddable":true,"href":"https:\/\/franciscanos.org.br\/noticias\/wp-json\/wp\/v2\/comments?post=128165"}],"version-history":[{"count":0,"href":"https:\/\/franciscanos.org.br\/noticias\/wp-json\/wp\/v2\/posts\/128165\/revisions"}],"wp:featuredmedia":[{"embeddable":true,"href":"https:\/\/franciscanos.org.br\/noticias\/wp-json\/wp\/v2\/media\/197274"}],"wp:attachment":[{"href":"https:\/\/franciscanos.org.br\/noticias\/wp-json\/wp\/v2\/media?parent=128165"}],"wp:term":[{"taxonomy":"category","embeddable":true,"href":"https:\/\/franciscanos.org.br\/noticias\/wp-json\/wp\/v2\/categories?post=128165"},{"taxonomy":"post_tag","embeddable":true,"href":"https:\/\/franciscanos.org.br\/noticias\/wp-json\/wp\/v2\/tags?post=128165"}],"curies":[{"name":"wp","href":"https:\/\/api.w.org\/{rel}","templated":true}]}}