{"id":128124,"date":"2017-03-20T09:53:08","date_gmt":"2017-03-20T12:53:08","guid":{"rendered":"http:\/\/franciscanos.org.br\/?p=128124"},"modified":"2019-01-28T15:40:02","modified_gmt":"2019-01-28T17:40:02","slug":"renuncia-de-frei-almir-surpreende-capitulares-da-ofs","status":"publish","type":"post","link":"https:\/\/franciscanos.org.br\/noticias\/renuncia-de-frei-almir-surpreende-capitulares-da-ofs.html","title":{"rendered":"Frei Almir Guimar\u00e3es deixa a assist\u00eancia espiritual da OFS"},"content":{"rendered":"<p><img loading=\"lazy\" class=\"aligncenter\" src=\"http:\/\/franciscanos.org.br\/wp-content\/uploads\/2017\/03\/OFS_200317.jpg\" alt=\"OFS_200317\" width=\"830\" height=\"323\" \/><\/p>\n<p>\u201cO capitulo \u00e9 momento de se expressar e buscar o que \u00e9 melhor para n\u00f3s, os franciscanos seculares. O Conselho Nacional quer oferecer meios para enfrentarmos os problemas\u201d. Com essas palavras, o Ministro Nacional, Vanderlei Su\u00e9lio, fez a abertura do XXXVI Cap\u00edtulo Avaliativo da Ordem Franciscana Secular do Brasil, OFS, realizado de 17 a 19 de mar\u00e7o Casa de Retiro S\u00e3o Francisco de Assis, em Campo Largo (PR). No domingo, no entanto, antes da palavra final do Ministro, Frei Almir Guimar\u00e3es despediu-se da fun\u00e7\u00e3o de assistente espiritual nacional da OFS. Uma mo\u00e7\u00e3o de agradecimento e de reconhecimento pelos servi\u00e7os prestados por Frei Almir a\u00a0OFS do Brasil foi aprovada pelos capitulares. Entre as mo\u00e7\u00f5es, tamb\u00e9m foi lembrado o Frei Alberto Beckhauser, OFM , que se encontra enfermo e do ex-ministro Nacional, Paulo Machado, pela proximidade de seus 100 anos de vida, que ser\u00e1 em maio.<\/p>\n<p>A mesa, ainda no s\u00e1bado, foi composta pelo Ministro Nacional, Vanderlei Su\u00e9lio; o Ministro Regional anfitri\u00e3o (Regional Paran\u00e1 e Santa Catarina), Devanir Reis; o Coordenador Geral do Cap\u00edtulo, Andr\u00e9 Carreiro Braga e do Assistente Nacional, Frei Jos\u00e9 Maria, representantes da Confer\u00eancia dos Assistentes. Tamb\u00e9m ocorreu a apresenta\u00e7\u00e3o das \u00c1reas e dos Regionais, em que todos estavam representados. O ministro solicitou que cada ministro apresentasse o que cada Regional faz de melhor. Ap\u00f3s as palavras de abertura, uma Celebra\u00e7\u00e3o Eucar\u00edstica foi presidida pelo presidente da Confer\u00eancia dos Assistentes, Frei Jos\u00e9 Maia e concelebrada pelos demais assistentes. Estava presente o Secret\u00e1rio Nacional da JUFRA do Brasil, Washington Lima, que tamb\u00e9m \u00e9 convocado para o Cap\u00edtulo.<\/p>\n<p>No s\u00e1bado \u00e0 tarde, o tema do Cap\u00edtulo \u201cFranciscano Secular: revisitar seu interior em vista da Miss\u00e3o\u201d e o lema: \u201cUma forma\u00e7\u00e3o que motive e reascenda a chama\u201d foram trabalhados por Maria Jos\u00e9 (Maz\u00e9), do Regional de Sergipe e Bahia.<\/p>\n<p>Maria Jos\u00e9 (Zez\u00e9) chamou a aten\u00e7\u00e3o de todos para o revigoramento do carisma, destacando pontos que devem ajudar aos representantes regionais para que possam trabalhar no revigoramento das fraternidades.<\/p>\n<p><img loading=\"lazy\" class=\"aligncenter\" src=\"http:\/\/franciscanos.org.br\/wp-content\/uploads\/2017\/03\/OFS_200317_1.jpg\" alt=\"OFS_200317_1\" width=\"830\" height=\"367\" \/><\/p>\n<p>A palestrante destacou que devemos revisitar, como forma de reconstruir, recordar, reviver o nosso ponto de partida. \u201cRevisitar em busca da miss\u00e3o permite refazer o caminho\u201d, disse ela. Que cada um deve se permitir despertar para o novo, na din\u00e2mica do caminho. Ela destacou que essa din\u00e2mica do caminho deve est\u00e1 sempre em processo, n\u00e3o est\u00e1 pronta, acabada&#8230;, que exige meta, determina\u00e7\u00e3o, defini\u00e7\u00e3o de rumo a seguir: saber de onde partir e aonde quer chegar.<\/p>\n<p>Ainda acrescentou a palestrante, \u201cn\u00e3o se acomodar, n\u00e3o entregar os pontos, n\u00e3o parar de criar e recriar&#8230; que depende do movimento&#8230; Se n\u00e3o h\u00e1 movimento o caminho desaparece&#8230; Jesus \u00e9 o caminho, a vida \u00e9 caminhada. O seguimento de Jesus s\u00f3 \u00e9 poss\u00edvel na din\u00e2mica do caminho\u201d ressaltou.<\/p>\n<p>Maz\u00e9 refor\u00e7ou sobre como manter a chama acesa \u00e9 rejuvenescer, que \u00e9 necess\u00e1rio para se abrir ao novo. \u201cNo mundo de hoje \u00e9 preciso buscar o novo, pois n\u00e3o h\u00e1 espa\u00e7o para o velho. As institui\u00e7\u00f5es envelhecem, mas suplicam que sejam ajudadas a rejuvenescer, que as fraternidades se abram para as novidades do mundo moderno, por\u00e9m sem perder a ess\u00eancia da espiritualidade\u201d.<\/p>\n<p><img loading=\"lazy\" class=\"aligncenter\" src=\"http:\/\/franciscanos.org.br\/wp-content\/uploads\/2017\/03\/OFS_200317_2.jpg\" alt=\"OFS_200317_2\" width=\"830\" height=\"417\" \/><\/p>\n<p>Al\u00e9m da reflex\u00e3o sobre a palestra, foram apresentados os relat\u00f3rios do Conselho Nacional, uma reflex\u00e3o sobre a atua\u00e7\u00e3o da assist\u00eancia espiritual e a contribui\u00e7\u00e3o que os assistentes podem dar para a visita fraterno-pastoral. Tamb\u00e9m, o Coordenador Nacional de Comunica\u00e7\u00e3o, Edmilson Brito, fez uma explana\u00e7\u00e3o sobre o sistema de cadastro da OFS. Sobre esse \u00faltimo ponto foi aprovada uma resolu\u00e7\u00e3o para que as fraternidades concluam o cadastro Nacional online dos membros das fraternidades at\u00e9 31 de maio deste ano e caso descumpram um valor da Carteira de Identidade do Franciscano Secular, que ser\u00e1 impressa a partir dos cadastros, ter\u00e1 um acr\u00e9scimo no valor a ser revisto pelo Conselho Nacional.<\/p>\n<p>Todas essas reflex\u00f5es do Cap\u00edtulo ser\u00e3o copiladas em um documento que ser\u00e1 encaminhado aos Regionais e aos participantes do Cap\u00edtulo. Assim, com a participa\u00e7\u00e3o de representantes de todos os Regionais da OFS do Brasil, terminou por volta de meio dia do domingo, 19 de mar\u00e7o, o Cap\u00edtulo Nacional Avaliativo, na cidade de Campo Largo, no Paran\u00e1, que ocorreu de 17 a 19 de mar\u00e7o.<\/p>\n<p>Ao final, o Ministro Nacional da OFS do Brasil, Vanderlei Su\u00e9lio, agradeceu a todos e ao Regional Sul 1, Paran\u00e1, pelo empenho para a realiza\u00e7\u00e3o do Cap\u00edtulo e pela acolhida \u00e0 todos os capitulares.<\/p>\n<p><em><strong>Texto e fotos: Edmilson Brito, Coordenador Nacional de Comunica\u00e7\u00e3o da OFS<\/strong><\/em><\/p>\n","protected":false},"excerpt":{"rendered":"<p>Cap\u00edtulo Avaliativo &#8211; OFS<\/p>\n","protected":false},"author":1,"featured_media":197283,"comment_status":"open","ping_status":"open","sticky":false,"template":"","format":"standard","meta":[],"categories":[1],"tags":[60],"acf":[],"yoast_head":"<!-- This site is optimized with the Yoast SEO plugin v19.2 - https:\/\/yoast.com\/wordpress\/plugins\/seo\/ -->\n<title>Frei Almir Guimar\u00e3es deixa a assist\u00eancia espiritual da OFS - Not\u00edcias - Franciscanos<\/title>\n<meta name=\"robots\" content=\"index, follow, max-snippet:-1, max-image-preview:large, max-video-preview:-1\" \/>\n<link rel=\"canonical\" href=\"https:\/\/franciscanos.org.br\/noticias\/renuncia-de-frei-almir-surpreende-capitulares-da-ofs.html\" \/>\n<meta property=\"og:locale\" content=\"pt_BR\" \/>\n<meta property=\"og:type\" content=\"article\" \/>\n<meta property=\"og:title\" content=\"Frei Almir Guimar\u00e3es deixa a assist\u00eancia espiritual da OFS - Not\u00edcias - Franciscanos\" \/>\n<meta property=\"og:description\" content=\"Cap\u00edtulo Avaliativo - OFS\" \/>\n<meta property=\"og:url\" content=\"https:\/\/franciscanos.org.br\/noticias\/renuncia-de-frei-almir-surpreende-capitulares-da-ofs.html\" \/>\n<meta property=\"og:site_name\" content=\"Not\u00edcias - Franciscanos\" \/>\n<meta property=\"article:published_time\" content=\"2017-03-20T12:53:08+00:00\" \/>\n<meta property=\"article:modified_time\" content=\"2019-01-28T17:40:02+00:00\" \/>\n<meta property=\"og:image\" content=\"https:\/\/franciscanos.org.br\/noticias\/wp-content\/uploads\/2017\/03\/OFS_200317_2.jpg\" \/>\n\t<meta property=\"og:image:width\" content=\"273\" \/>\n\t<meta property=\"og:image:height\" content=\"181\" \/>\n\t<meta property=\"og:image:type\" content=\"image\/jpeg\" \/>\n<meta name=\"author\" content=\"admin\" \/>\n<meta name=\"twitter:card\" content=\"summary_large_image\" \/>\n<meta name=\"twitter:label1\" content=\"Escrito por\" \/>\n\t<meta name=\"twitter:data1\" content=\"admin\" \/>\n\t<meta name=\"twitter:label2\" content=\"Est. tempo de leitura\" \/>\n\t<meta name=\"twitter:data2\" content=\"4 minutos\" \/>\n<script type=\"application\/ld+json\" class=\"yoast-schema-graph\">{\"@context\":\"https:\/\/schema.org\",\"@graph\":[{\"@type\":\"WebSite\",\"@id\":\"https:\/\/franciscanos.org.br\/noticias\/#website\",\"url\":\"https:\/\/franciscanos.org.br\/noticias\/\",\"name\":\"Not\u00edcias - Franciscanos\",\"description\":\"Prov\u00edncia Franciscana da Imaculada Concei\u00e7\u00e3o do Brasil - Ordem dos Frades Menores - OFM\",\"potentialAction\":[{\"@type\":\"SearchAction\",\"target\":{\"@type\":\"EntryPoint\",\"urlTemplate\":\"https:\/\/franciscanos.org.br\/noticias\/?s={search_term_string}\"},\"query-input\":\"required name=search_term_string\"}],\"inLanguage\":\"pt-BR\"},{\"@type\":\"ImageObject\",\"inLanguage\":\"pt-BR\",\"@id\":\"https:\/\/franciscanos.org.br\/noticias\/renuncia-de-frei-almir-surpreende-capitulares-da-ofs.html#primaryimage\",\"url\":\"https:\/\/franciscanos.org.br\/noticias\/wp-content\/uploads\/2017\/03\/OFS_200317_2.jpg\",\"contentUrl\":\"https:\/\/franciscanos.org.br\/noticias\/wp-content\/uploads\/2017\/03\/OFS_200317_2.jpg\",\"width\":273,\"height\":181},{\"@type\":\"WebPage\",\"@id\":\"https:\/\/franciscanos.org.br\/noticias\/renuncia-de-frei-almir-surpreende-capitulares-da-ofs.html#webpage\",\"url\":\"https:\/\/franciscanos.org.br\/noticias\/renuncia-de-frei-almir-surpreende-capitulares-da-ofs.html\",\"name\":\"Frei Almir Guimar\u00e3es deixa a assist\u00eancia espiritual da OFS - Not\u00edcias - Franciscanos\",\"isPartOf\":{\"@id\":\"https:\/\/franciscanos.org.br\/noticias\/#website\"},\"primaryImageOfPage\":{\"@id\":\"https:\/\/franciscanos.org.br\/noticias\/renuncia-de-frei-almir-surpreende-capitulares-da-ofs.html#primaryimage\"},\"datePublished\":\"2017-03-20T12:53:08+00:00\",\"dateModified\":\"2019-01-28T17:40:02+00:00\",\"author\":{\"@id\":\"https:\/\/franciscanos.org.br\/noticias\/#\/schema\/person\/b38fbf43118f02820bd932f2e4b14ad3\"},\"breadcrumb\":{\"@id\":\"https:\/\/franciscanos.org.br\/noticias\/renuncia-de-frei-almir-surpreende-capitulares-da-ofs.html#breadcrumb\"},\"inLanguage\":\"pt-BR\",\"potentialAction\":[{\"@type\":\"ReadAction\",\"target\":[\"https:\/\/franciscanos.org.br\/noticias\/renuncia-de-frei-almir-surpreende-capitulares-da-ofs.html\"]}]},{\"@type\":\"BreadcrumbList\",\"@id\":\"https:\/\/franciscanos.org.br\/noticias\/renuncia-de-frei-almir-surpreende-capitulares-da-ofs.html#breadcrumb\",\"itemListElement\":[{\"@type\":\"ListItem\",\"position\":1,\"name\":\"Home\",\"item\":\"https:\/\/franciscanos.org.br\/noticias\"},{\"@type\":\"ListItem\",\"position\":2,\"name\":\"Frei Almir Guimar\u00e3es deixa a assist\u00eancia espiritual da OFS\"}]},{\"@type\":\"Person\",\"@id\":\"https:\/\/franciscanos.org.br\/noticias\/#\/schema\/person\/b38fbf43118f02820bd932f2e4b14ad3\",\"name\":\"admin\",\"image\":{\"@type\":\"ImageObject\",\"inLanguage\":\"pt-BR\",\"@id\":\"https:\/\/franciscanos.org.br\/noticias\/#\/schema\/person\/image\/\",\"url\":\"https:\/\/secure.gravatar.com\/avatar\/e8495742d34d0ba6448ea1c628263b3e?s=96&d=mm&r=g\",\"contentUrl\":\"https:\/\/secure.gravatar.com\/avatar\/e8495742d34d0ba6448ea1c628263b3e?s=96&d=mm&r=g\",\"caption\":\"admin\"},\"url\":\"https:\/\/franciscanos.org.br\/noticias\/author\/admin\"}]}<\/script>\n<!-- \/ Yoast SEO plugin. -->","yoast_head_json":{"title":"Frei Almir Guimar\u00e3es deixa a assist\u00eancia espiritual da OFS - Not\u00edcias - Franciscanos","robots":{"index":"index","follow":"follow","max-snippet":"max-snippet:-1","max-image-preview":"max-image-preview:large","max-video-preview":"max-video-preview:-1"},"canonical":"https:\/\/franciscanos.org.br\/noticias\/renuncia-de-frei-almir-surpreende-capitulares-da-ofs.html","og_locale":"pt_BR","og_type":"article","og_title":"Frei Almir Guimar\u00e3es deixa a assist\u00eancia espiritual da OFS - Not\u00edcias - Franciscanos","og_description":"Cap\u00edtulo Avaliativo - OFS","og_url":"https:\/\/franciscanos.org.br\/noticias\/renuncia-de-frei-almir-surpreende-capitulares-da-ofs.html","og_site_name":"Not\u00edcias - Franciscanos","article_published_time":"2017-03-20T12:53:08+00:00","article_modified_time":"2019-01-28T17:40:02+00:00","og_image":[{"width":273,"height":181,"url":"https:\/\/franciscanos.org.br\/noticias\/wp-content\/uploads\/2017\/03\/OFS_200317_2.jpg","type":"image\/jpeg"}],"author":"admin","twitter_card":"summary_large_image","twitter_misc":{"Escrito por":"admin","Est. tempo de leitura":"4 minutos"},"schema":{"@context":"https:\/\/schema.org","@graph":[{"@type":"WebSite","@id":"https:\/\/franciscanos.org.br\/noticias\/#website","url":"https:\/\/franciscanos.org.br\/noticias\/","name":"Not\u00edcias - Franciscanos","description":"Prov\u00edncia Franciscana da Imaculada Concei\u00e7\u00e3o do Brasil - Ordem dos Frades Menores - OFM","potentialAction":[{"@type":"SearchAction","target":{"@type":"EntryPoint","urlTemplate":"https:\/\/franciscanos.org.br\/noticias\/?s={search_term_string}"},"query-input":"required name=search_term_string"}],"inLanguage":"pt-BR"},{"@type":"ImageObject","inLanguage":"pt-BR","@id":"https:\/\/franciscanos.org.br\/noticias\/renuncia-de-frei-almir-surpreende-capitulares-da-ofs.html#primaryimage","url":"https:\/\/franciscanos.org.br\/noticias\/wp-content\/uploads\/2017\/03\/OFS_200317_2.jpg","contentUrl":"https:\/\/franciscanos.org.br\/noticias\/wp-content\/uploads\/2017\/03\/OFS_200317_2.jpg","width":273,"height":181},{"@type":"WebPage","@id":"https:\/\/franciscanos.org.br\/noticias\/renuncia-de-frei-almir-surpreende-capitulares-da-ofs.html#webpage","url":"https:\/\/franciscanos.org.br\/noticias\/renuncia-de-frei-almir-surpreende-capitulares-da-ofs.html","name":"Frei Almir Guimar\u00e3es deixa a assist\u00eancia espiritual da OFS - Not\u00edcias - Franciscanos","isPartOf":{"@id":"https:\/\/franciscanos.org.br\/noticias\/#website"},"primaryImageOfPage":{"@id":"https:\/\/franciscanos.org.br\/noticias\/renuncia-de-frei-almir-surpreende-capitulares-da-ofs.html#primaryimage"},"datePublished":"2017-03-20T12:53:08+00:00","dateModified":"2019-01-28T17:40:02+00:00","author":{"@id":"https:\/\/franciscanos.org.br\/noticias\/#\/schema\/person\/b38fbf43118f02820bd932f2e4b14ad3"},"breadcrumb":{"@id":"https:\/\/franciscanos.org.br\/noticias\/renuncia-de-frei-almir-surpreende-capitulares-da-ofs.html#breadcrumb"},"inLanguage":"pt-BR","potentialAction":[{"@type":"ReadAction","target":["https:\/\/franciscanos.org.br\/noticias\/renuncia-de-frei-almir-surpreende-capitulares-da-ofs.html"]}]},{"@type":"BreadcrumbList","@id":"https:\/\/franciscanos.org.br\/noticias\/renuncia-de-frei-almir-surpreende-capitulares-da-ofs.html#breadcrumb","itemListElement":[{"@type":"ListItem","position":1,"name":"Home","item":"https:\/\/franciscanos.org.br\/noticias"},{"@type":"ListItem","position":2,"name":"Frei Almir Guimar\u00e3es deixa a assist\u00eancia espiritual da OFS"}]},{"@type":"Person","@id":"https:\/\/franciscanos.org.br\/noticias\/#\/schema\/person\/b38fbf43118f02820bd932f2e4b14ad3","name":"admin","image":{"@type":"ImageObject","inLanguage":"pt-BR","@id":"https:\/\/franciscanos.org.br\/noticias\/#\/schema\/person\/image\/","url":"https:\/\/secure.gravatar.com\/avatar\/e8495742d34d0ba6448ea1c628263b3e?s=96&d=mm&r=g","contentUrl":"https:\/\/secure.gravatar.com\/avatar\/e8495742d34d0ba6448ea1c628263b3e?s=96&d=mm&r=g","caption":"admin"},"url":"https:\/\/franciscanos.org.br\/noticias\/author\/admin"}]}},"_links":{"self":[{"href":"https:\/\/franciscanos.org.br\/noticias\/wp-json\/wp\/v2\/posts\/128124"}],"collection":[{"href":"https:\/\/franciscanos.org.br\/noticias\/wp-json\/wp\/v2\/posts"}],"about":[{"href":"https:\/\/franciscanos.org.br\/noticias\/wp-json\/wp\/v2\/types\/post"}],"author":[{"embeddable":true,"href":"https:\/\/franciscanos.org.br\/noticias\/wp-json\/wp\/v2\/users\/1"}],"replies":[{"embeddable":true,"href":"https:\/\/franciscanos.org.br\/noticias\/wp-json\/wp\/v2\/comments?post=128124"}],"version-history":[{"count":0,"href":"https:\/\/franciscanos.org.br\/noticias\/wp-json\/wp\/v2\/posts\/128124\/revisions"}],"wp:featuredmedia":[{"embeddable":true,"href":"https:\/\/franciscanos.org.br\/noticias\/wp-json\/wp\/v2\/media\/197283"}],"wp:attachment":[{"href":"https:\/\/franciscanos.org.br\/noticias\/wp-json\/wp\/v2\/media?parent=128124"}],"wp:term":[{"taxonomy":"category","embeddable":true,"href":"https:\/\/franciscanos.org.br\/noticias\/wp-json\/wp\/v2\/categories?post=128124"},{"taxonomy":"post_tag","embeddable":true,"href":"https:\/\/franciscanos.org.br\/noticias\/wp-json\/wp\/v2\/tags?post=128124"}],"curies":[{"name":"wp","href":"https:\/\/api.w.org\/{rel}","templated":true}]}}