{"id":128106,"date":"2017-03-20T08:22:47","date_gmt":"2017-03-20T11:22:47","guid":{"rendered":"http:\/\/franciscanos.org.br\/?p=128106"},"modified":"2019-01-28T15:42:25","modified_gmt":"2019-01-28T17:42:25","slug":"paroquia-do-rosario-reflete-sobre-a-campanha-da-fraternidade","status":"publish","type":"post","link":"https:\/\/franciscanos.org.br\/noticias\/paroquia-do-rosario-reflete-sobre-a-campanha-da-fraternidade.html","title":{"rendered":"Par\u00f3quia do Ros\u00e1rio reflete sobre a CF 2017"},"content":{"rendered":"<p><img loading=\"lazy\" class=\"alignleft\" src=\"http:\/\/franciscanos.org.br\/wp-content\/uploads\/2017\/03\/CF_200317_3.jpg\" alt=\"CF_200317_3\" width=\"830\" height=\"330\" \/><\/p>\n<p style=\"text-align: justify;\"><strong>Vila Velha (ES)<\/strong> &#8211; A Par\u00f3quia Nossa Senhora do Ros\u00e1rio de Vila Velha (ES), nas suas dez comunidades, reuniu-se para o Conselho Paroquial na quinta-feira, dia 16. Antecipando os encaminhamentos da vida paroquial, fomos motivados pelo Grupo Fraternidade e Vida do Planeta, a refletir a tem\u00e1tica da Campanha da Fraternidade deste ano de 2017.<\/p>\n<p style=\"text-align: justify;\">Este grupo \u00e9 inteiramente engajado na causa ambiental na regi\u00e3o de Vila Velha e circunvizinhan\u00e7a. Seu nascimento deu-se por motiva\u00e7\u00e3o de Frei At\u00edlio Dalla Costa Battistuz &#8211; na \u00e9poca residente na Par\u00f3quia Nossa Senhora do Ros\u00e1rio. Hoje, Frei At\u00edlio est\u00e1 em miss\u00e3o na Amaz\u00f4nia &#8211; Frei At\u00edlio junto a este grupo, tiveram como base a CF do ano de 2011. Esta foi a data do nascimento do grande profetismo ecol\u00f3gico destes nossos irm\u00e3os que conduzem miss\u00e3o ecol\u00f3gica. Integrada a luta deste grupo est\u00e1 a vis\u00e3o franciscana acerca da ecologia.<\/p>\n<p style=\"text-align: justify;\">Altamente criativos e munidos de uma reflex\u00e3o ecol\u00f3gica concreta, este grupo trouxe aos paroquianos, antes mesmo do conselho, iniciativas j\u00e1 realizadas em nossa regi\u00e3o. Tais como, sab\u00e3o feito por \u00f3leo vegetal, vassouras feitas de garrafas pet e outras tantas formas recicl\u00e1veis de lhe dar com o lixo descartado. Estes materiais descartados nas m\u00e3os de quem recicla, torna-se um bem para a sociedade e para o ambiente. N\u00e3o obstante, gerando tamb\u00e9m um sustento financeiro para as pessoas que reciclam.<\/p>\n<p>&nbsp;<\/p>\n<p style=\"text-align: justify;\">Na noite do conselho, estivemos diante da reflex\u00e3o sistem\u00e1tica da CF 2017 acerca dos biomas de nosso pa\u00eds. Para cada bioma, sabiamente foi lembrado a cultura e os homens e mulheres que l\u00e1 vivem, afirmando aquilo que a campanha tem como proposta: dar \u00eanfase \u00e0 diversidade de cada bioma e criar rela\u00e7\u00f5es respeitosas com a vida e a cultura dos povos que neles habitam, \u00e0 luz do Evangelho.<\/p>\n<p style=\"text-align: justify;\">Ao final da reflex\u00e3o, uma paroquiana em di\u00e1logo com este grupo, trouxe quatro iniciativas que ser\u00e3o realizadas como gesto de nossa par\u00f3quia: Primeiro, mutir\u00e3o jovem de educa\u00e7\u00e3o ambiental nas praias. Segundo, coleta de \u00f3leo vegetal usado. Terceiro, distribui\u00e7\u00e3o de 1000 mudas de \u00e1rvores nativas da mata atl\u00e2ntica, frut\u00edferas ou ornamentais (para serem colocadas nas cal\u00e7adas). Como \u00faltima a\u00e7\u00e3o, nas comunidades ser\u00e3o reduzidos significativamente a quantidade de material descart\u00e1veis.<\/p>\n<p style=\"text-align: justify;\">Desejamos ardentemente, como Par\u00f3quia Nossa Senhora do Ros\u00e1rio, estar afinados com o que nos disse o bispo auxiliar de Bras\u00edlia (DF) e secret\u00e1rio geral da CNBB, Dom Leonardo Ulrich Steiner, na abertura da CF 2017: \u201c[&#8230;] que a CF nos leve \u00e0 admira\u00e7\u00e3o, para que todo o crist\u00e3o seja um cultivador e guardador da obra criada. &#8220;Tocados pela magnanimidade e bondade dos biomas, seremos conduzidos \u00e0 convers\u00e3o, isto \u00e9, cultivar e a guardar\u201d.<\/p>\n<p style=\"text-align: justify;\"><strong>Por Frei Leandro Costa, OFM<\/strong><\/p>\n<p>&nbsp;<\/p>\n","protected":false},"excerpt":{"rendered":"<p>Vila Velha<\/p>\n","protected":false},"author":1,"featured_media":197289,"comment_status":"open","ping_status":"open","sticky":false,"template":"","format":"standard","meta":[],"categories":[1],"tags":[231],"acf":[],"yoast_head":"<!-- This site is optimized with the Yoast SEO plugin v19.2 - https:\/\/yoast.com\/wordpress\/plugins\/seo\/ -->\n<title>Par\u00f3quia do Ros\u00e1rio reflete sobre a CF 2017 - Not\u00edcias - Franciscanos<\/title>\n<meta name=\"robots\" content=\"index, follow, max-snippet:-1, max-image-preview:large, max-video-preview:-1\" \/>\n<link rel=\"canonical\" href=\"https:\/\/franciscanos.org.br\/noticias\/paroquia-do-rosario-reflete-sobre-a-campanha-da-fraternidade.html\" \/>\n<meta property=\"og:locale\" content=\"pt_BR\" \/>\n<meta property=\"og:type\" content=\"article\" \/>\n<meta property=\"og:title\" content=\"Par\u00f3quia do Ros\u00e1rio reflete sobre a CF 2017 - Not\u00edcias - Franciscanos\" \/>\n<meta property=\"og:description\" content=\"Vila Velha\" \/>\n<meta property=\"og:url\" content=\"https:\/\/franciscanos.org.br\/noticias\/paroquia-do-rosario-reflete-sobre-a-campanha-da-fraternidade.html\" \/>\n<meta property=\"og:site_name\" content=\"Not\u00edcias - Franciscanos\" \/>\n<meta property=\"article:published_time\" content=\"2017-03-20T11:22:47+00:00\" \/>\n<meta property=\"article:modified_time\" content=\"2019-01-28T17:42:25+00:00\" \/>\n<meta property=\"og:image\" content=\"https:\/\/franciscanos.org.br\/noticias\/wp-content\/uploads\/2017\/03\/CF_200317_3.jpg\" \/>\n\t<meta property=\"og:image:width\" content=\"273\" \/>\n\t<meta property=\"og:image:height\" content=\"181\" \/>\n\t<meta property=\"og:image:type\" content=\"image\/jpeg\" \/>\n<meta name=\"author\" content=\"admin\" \/>\n<meta name=\"twitter:card\" content=\"summary_large_image\" \/>\n<meta name=\"twitter:label1\" content=\"Escrito por\" \/>\n\t<meta name=\"twitter:data1\" content=\"admin\" \/>\n\t<meta name=\"twitter:label2\" content=\"Est. tempo de leitura\" \/>\n\t<meta name=\"twitter:data2\" content=\"2 minutos\" \/>\n<script type=\"application\/ld+json\" class=\"yoast-schema-graph\">{\"@context\":\"https:\/\/schema.org\",\"@graph\":[{\"@type\":\"WebSite\",\"@id\":\"https:\/\/franciscanos.org.br\/noticias\/#website\",\"url\":\"https:\/\/franciscanos.org.br\/noticias\/\",\"name\":\"Not\u00edcias - Franciscanos\",\"description\":\"Prov\u00edncia Franciscana da Imaculada Concei\u00e7\u00e3o do Brasil - Ordem dos Frades Menores - OFM\",\"potentialAction\":[{\"@type\":\"SearchAction\",\"target\":{\"@type\":\"EntryPoint\",\"urlTemplate\":\"https:\/\/franciscanos.org.br\/noticias\/?s={search_term_string}\"},\"query-input\":\"required name=search_term_string\"}],\"inLanguage\":\"pt-BR\"},{\"@type\":\"ImageObject\",\"inLanguage\":\"pt-BR\",\"@id\":\"https:\/\/franciscanos.org.br\/noticias\/paroquia-do-rosario-reflete-sobre-a-campanha-da-fraternidade.html#primaryimage\",\"url\":\"https:\/\/franciscanos.org.br\/noticias\/wp-content\/uploads\/2017\/03\/CF_200317_3.jpg\",\"contentUrl\":\"https:\/\/franciscanos.org.br\/noticias\/wp-content\/uploads\/2017\/03\/CF_200317_3.jpg\",\"width\":273,\"height\":181},{\"@type\":\"WebPage\",\"@id\":\"https:\/\/franciscanos.org.br\/noticias\/paroquia-do-rosario-reflete-sobre-a-campanha-da-fraternidade.html#webpage\",\"url\":\"https:\/\/franciscanos.org.br\/noticias\/paroquia-do-rosario-reflete-sobre-a-campanha-da-fraternidade.html\",\"name\":\"Par\u00f3quia do Ros\u00e1rio reflete sobre a CF 2017 - Not\u00edcias - Franciscanos\",\"isPartOf\":{\"@id\":\"https:\/\/franciscanos.org.br\/noticias\/#website\"},\"primaryImageOfPage\":{\"@id\":\"https:\/\/franciscanos.org.br\/noticias\/paroquia-do-rosario-reflete-sobre-a-campanha-da-fraternidade.html#primaryimage\"},\"datePublished\":\"2017-03-20T11:22:47+00:00\",\"dateModified\":\"2019-01-28T17:42:25+00:00\",\"author\":{\"@id\":\"https:\/\/franciscanos.org.br\/noticias\/#\/schema\/person\/b38fbf43118f02820bd932f2e4b14ad3\"},\"breadcrumb\":{\"@id\":\"https:\/\/franciscanos.org.br\/noticias\/paroquia-do-rosario-reflete-sobre-a-campanha-da-fraternidade.html#breadcrumb\"},\"inLanguage\":\"pt-BR\",\"potentialAction\":[{\"@type\":\"ReadAction\",\"target\":[\"https:\/\/franciscanos.org.br\/noticias\/paroquia-do-rosario-reflete-sobre-a-campanha-da-fraternidade.html\"]}]},{\"@type\":\"BreadcrumbList\",\"@id\":\"https:\/\/franciscanos.org.br\/noticias\/paroquia-do-rosario-reflete-sobre-a-campanha-da-fraternidade.html#breadcrumb\",\"itemListElement\":[{\"@type\":\"ListItem\",\"position\":1,\"name\":\"Home\",\"item\":\"https:\/\/franciscanos.org.br\/noticias\"},{\"@type\":\"ListItem\",\"position\":2,\"name\":\"Par\u00f3quia do Ros\u00e1rio reflete sobre a CF 2017\"}]},{\"@type\":\"Person\",\"@id\":\"https:\/\/franciscanos.org.br\/noticias\/#\/schema\/person\/b38fbf43118f02820bd932f2e4b14ad3\",\"name\":\"admin\",\"image\":{\"@type\":\"ImageObject\",\"inLanguage\":\"pt-BR\",\"@id\":\"https:\/\/franciscanos.org.br\/noticias\/#\/schema\/person\/image\/\",\"url\":\"https:\/\/secure.gravatar.com\/avatar\/e8495742d34d0ba6448ea1c628263b3e?s=96&d=mm&r=g\",\"contentUrl\":\"https:\/\/secure.gravatar.com\/avatar\/e8495742d34d0ba6448ea1c628263b3e?s=96&d=mm&r=g\",\"caption\":\"admin\"},\"url\":\"https:\/\/franciscanos.org.br\/noticias\/author\/admin\"}]}<\/script>\n<!-- \/ Yoast SEO plugin. -->","yoast_head_json":{"title":"Par\u00f3quia do Ros\u00e1rio reflete sobre a CF 2017 - Not\u00edcias - Franciscanos","robots":{"index":"index","follow":"follow","max-snippet":"max-snippet:-1","max-image-preview":"max-image-preview:large","max-video-preview":"max-video-preview:-1"},"canonical":"https:\/\/franciscanos.org.br\/noticias\/paroquia-do-rosario-reflete-sobre-a-campanha-da-fraternidade.html","og_locale":"pt_BR","og_type":"article","og_title":"Par\u00f3quia do Ros\u00e1rio reflete sobre a CF 2017 - Not\u00edcias - Franciscanos","og_description":"Vila Velha","og_url":"https:\/\/franciscanos.org.br\/noticias\/paroquia-do-rosario-reflete-sobre-a-campanha-da-fraternidade.html","og_site_name":"Not\u00edcias - Franciscanos","article_published_time":"2017-03-20T11:22:47+00:00","article_modified_time":"2019-01-28T17:42:25+00:00","og_image":[{"width":273,"height":181,"url":"https:\/\/franciscanos.org.br\/noticias\/wp-content\/uploads\/2017\/03\/CF_200317_3.jpg","type":"image\/jpeg"}],"author":"admin","twitter_card":"summary_large_image","twitter_misc":{"Escrito por":"admin","Est. tempo de leitura":"2 minutos"},"schema":{"@context":"https:\/\/schema.org","@graph":[{"@type":"WebSite","@id":"https:\/\/franciscanos.org.br\/noticias\/#website","url":"https:\/\/franciscanos.org.br\/noticias\/","name":"Not\u00edcias - Franciscanos","description":"Prov\u00edncia Franciscana da Imaculada Concei\u00e7\u00e3o do Brasil - Ordem dos Frades Menores - OFM","potentialAction":[{"@type":"SearchAction","target":{"@type":"EntryPoint","urlTemplate":"https:\/\/franciscanos.org.br\/noticias\/?s={search_term_string}"},"query-input":"required name=search_term_string"}],"inLanguage":"pt-BR"},{"@type":"ImageObject","inLanguage":"pt-BR","@id":"https:\/\/franciscanos.org.br\/noticias\/paroquia-do-rosario-reflete-sobre-a-campanha-da-fraternidade.html#primaryimage","url":"https:\/\/franciscanos.org.br\/noticias\/wp-content\/uploads\/2017\/03\/CF_200317_3.jpg","contentUrl":"https:\/\/franciscanos.org.br\/noticias\/wp-content\/uploads\/2017\/03\/CF_200317_3.jpg","width":273,"height":181},{"@type":"WebPage","@id":"https:\/\/franciscanos.org.br\/noticias\/paroquia-do-rosario-reflete-sobre-a-campanha-da-fraternidade.html#webpage","url":"https:\/\/franciscanos.org.br\/noticias\/paroquia-do-rosario-reflete-sobre-a-campanha-da-fraternidade.html","name":"Par\u00f3quia do Ros\u00e1rio reflete sobre a CF 2017 - Not\u00edcias - Franciscanos","isPartOf":{"@id":"https:\/\/franciscanos.org.br\/noticias\/#website"},"primaryImageOfPage":{"@id":"https:\/\/franciscanos.org.br\/noticias\/paroquia-do-rosario-reflete-sobre-a-campanha-da-fraternidade.html#primaryimage"},"datePublished":"2017-03-20T11:22:47+00:00","dateModified":"2019-01-28T17:42:25+00:00","author":{"@id":"https:\/\/franciscanos.org.br\/noticias\/#\/schema\/person\/b38fbf43118f02820bd932f2e4b14ad3"},"breadcrumb":{"@id":"https:\/\/franciscanos.org.br\/noticias\/paroquia-do-rosario-reflete-sobre-a-campanha-da-fraternidade.html#breadcrumb"},"inLanguage":"pt-BR","potentialAction":[{"@type":"ReadAction","target":["https:\/\/franciscanos.org.br\/noticias\/paroquia-do-rosario-reflete-sobre-a-campanha-da-fraternidade.html"]}]},{"@type":"BreadcrumbList","@id":"https:\/\/franciscanos.org.br\/noticias\/paroquia-do-rosario-reflete-sobre-a-campanha-da-fraternidade.html#breadcrumb","itemListElement":[{"@type":"ListItem","position":1,"name":"Home","item":"https:\/\/franciscanos.org.br\/noticias"},{"@type":"ListItem","position":2,"name":"Par\u00f3quia do Ros\u00e1rio reflete sobre a CF 2017"}]},{"@type":"Person","@id":"https:\/\/franciscanos.org.br\/noticias\/#\/schema\/person\/b38fbf43118f02820bd932f2e4b14ad3","name":"admin","image":{"@type":"ImageObject","inLanguage":"pt-BR","@id":"https:\/\/franciscanos.org.br\/noticias\/#\/schema\/person\/image\/","url":"https:\/\/secure.gravatar.com\/avatar\/e8495742d34d0ba6448ea1c628263b3e?s=96&d=mm&r=g","contentUrl":"https:\/\/secure.gravatar.com\/avatar\/e8495742d34d0ba6448ea1c628263b3e?s=96&d=mm&r=g","caption":"admin"},"url":"https:\/\/franciscanos.org.br\/noticias\/author\/admin"}]}},"_links":{"self":[{"href":"https:\/\/franciscanos.org.br\/noticias\/wp-json\/wp\/v2\/posts\/128106"}],"collection":[{"href":"https:\/\/franciscanos.org.br\/noticias\/wp-json\/wp\/v2\/posts"}],"about":[{"href":"https:\/\/franciscanos.org.br\/noticias\/wp-json\/wp\/v2\/types\/post"}],"author":[{"embeddable":true,"href":"https:\/\/franciscanos.org.br\/noticias\/wp-json\/wp\/v2\/users\/1"}],"replies":[{"embeddable":true,"href":"https:\/\/franciscanos.org.br\/noticias\/wp-json\/wp\/v2\/comments?post=128106"}],"version-history":[{"count":0,"href":"https:\/\/franciscanos.org.br\/noticias\/wp-json\/wp\/v2\/posts\/128106\/revisions"}],"wp:featuredmedia":[{"embeddable":true,"href":"https:\/\/franciscanos.org.br\/noticias\/wp-json\/wp\/v2\/media\/197289"}],"wp:attachment":[{"href":"https:\/\/franciscanos.org.br\/noticias\/wp-json\/wp\/v2\/media?parent=128106"}],"wp:term":[{"taxonomy":"category","embeddable":true,"href":"https:\/\/franciscanos.org.br\/noticias\/wp-json\/wp\/v2\/categories?post=128106"},{"taxonomy":"post_tag","embeddable":true,"href":"https:\/\/franciscanos.org.br\/noticias\/wp-json\/wp\/v2\/tags?post=128106"}],"curies":[{"name":"wp","href":"https:\/\/api.w.org\/{rel}","templated":true}]}}