{"id":128089,"date":"2017-03-20T07:42:58","date_gmt":"2017-03-20T10:42:58","guid":{"rendered":"http:\/\/franciscanos.org.br\/?p=128089"},"modified":"2019-01-28T15:49:14","modified_gmt":"2019-01-28T17:49:14","slug":"animadores-vocacionais-dos-franciscanos-se-reunem-em-bacabal","status":"publish","type":"post","link":"https:\/\/franciscanos.org.br\/noticias\/animadores-vocacionais-dos-franciscanos-se-reunem-em-bacabal.html","title":{"rendered":"OFM: Animadores vocacionais se re\u00fanem em Bacabal"},"content":{"rendered":"<p><img loading=\"lazy\" class=\"aligncenter\" src=\"http:\/\/franciscanos.org.br\/wp-content\/uploads\/2017\/03\/sav_200317.jpg\" alt=\"sav_200317\" width=\"830\" height=\"305\" \/><\/p>\n<p>A Confer\u00eancia dos Frades Menores do Brasil (CFMB) tem como uma de suas preocupa\u00e7\u00f5es principais o cuidado pastoral das voca\u00e7\u00f5es. Este trabalho \u00e9 mais conhecido como Servi\u00e7o de Anima\u00e7\u00e3o Vocacional (SAV). Desta forma, para uma melhor articula\u00e7\u00e3o desta frente de trabalhos da CFMB, \u00e9 proposto que os irm\u00e3os coordenadores da Pastoral Vocacional das v\u00e1rias entidades franciscanas no Brasil se re\u00fanam anualmente para partilharem suas atividades e se organizarem um trabalho conjunto.<\/p>\n<p>A partir deste enfoque, a cidade de Bacabal, no interior do estado do Maranh\u00e3o, recebeu o Encontro Nacional dos Animadores Vocacionais, que contou com a presen\u00e7a de nove frades. Os mesmos estiveram reunidos de 14 a 16 de mar\u00e7o de 2017, no Centro Franciscano de Anima\u00e7\u00e3o Mission\u00e1ria (CEFRAM), da Prov\u00edncia Franciscana Nossa Senhora da Assun\u00e7\u00e3o. Da Prov\u00edncia Franciscana da Imaculada Concei\u00e7\u00e3o do Brasil participaram do encontro Frei Diego Atalino de Melo, animador do SAV Provincial e coordenador do SAV-CFMB, e Frei Gabriel Dellandrea, em ano mission\u00e1rio neste mesmo servi\u00e7o.<\/p>\n<p>No primeiro dia os animadores conheceram um pouco mais da prov\u00edncia anfitri\u00e3, com algumas explica\u00e7\u00f5es e aspectos hist\u00f3ricos oferecidos pelo ministro provincial local, Frei Bernardo de Souza Brand\u00e3o Neto. Al\u00e9m disso, os frades refletiram o texto-base para o S\u00ednodo dos Bispos que vai acontecer em outubro de 2018, com o tema: \u201cOs jovens, a f\u00e9 e o discernimento vocacional\u201d. O trabalho de leitura e reflex\u00e3o rendeu muitos coment\u00e1rios e partilhas acerca dos acenos oferecidos pelo documento sobre a juventude na Igreja hoje. Os participantes expuseram suas iniciativas frente aos apelos da juventude em suas entidades franciscanas e responderam o question\u00e1rio proposto pelo documento, buscando oferecer luzes ao pr\u00f3prio S\u00ednodo, com uma contribui\u00e7\u00e3o enquanto SAV-CFMB.<\/p>\n<p>Al\u00e9m desta aprecia\u00e7\u00e3o do documento, os animadores tiveram a oportunidade de conhecer os jovens postulantes da Prov\u00edncia anfitri\u00e3, visitando a casa onde acontece o Postulantado. Por fim, j\u00e1 no CEFRAM, os frades reunidos pensaram algumas sugest\u00f5es e propostas para o Encontro Nacional de Jovens Franciscanos, a acontecer em julho de 2018, na cidade de Vila Velha\/ES.<\/p>\n<p>O segundo dia do encontro foi voltado para a continuidade das respostas frente ao question\u00e1rio do Documento Preparat\u00f3rio do S\u00ednodo. Al\u00e9m disso, houve um momento destinado \u00e0s partilhas das realidades da anima\u00e7\u00e3o vocacional nas diferentes fraternidades franciscanas. Cada confrade explanou suas atividades propostas aos jovens, suas alegrias e tamb\u00e9m alguns desafios enfrentados. Tamb\u00e9m houve momento oportuno para a partilha sobre os momentos fortes preparados para anima\u00e7\u00e3o da juventude, como as Caminhadas Franciscanas, Marchas Franciscanas, Miss\u00f5es Franciscanas e Movimentos de Di\u00e1logo Ecum\u00eanico entre jovens, com a finalidade de implantar uma cultura de paz.<\/p>\n<p>Neste contexto, para dar continuidade aos trabalhos, todos os frades animadores vocacionais tomaram conhecimento da agenda proposta para os pr\u00f3ximos momentos de encontro, experi\u00eancias mission\u00e1rias e reuni\u00f5es. Al\u00e9m disso, na missa das 19h da Par\u00f3quia S\u00e3o Francisco das Chagas, em Bacabal, os frades puderam celebrar junto com o povo a Eucaristia. Por fim, a fraternidade local se reuniu em confraterniza\u00e7\u00e3o alegre pelo bom andamento do encontro.<\/p>\n<p><img loading=\"lazy\" class=\"alignleft size-full wp-image-128093\" src=\"http:\/\/franciscanos.org.br\/wp-content\/uploads\/2017\/03\/sav_200317_4.jpg\" alt=\"sav_200317_4\" width=\"400\" height=\"192\" \/>O \u00faltimo dia do encontro foi um momento de conviv\u00eancia e passeio preparado pelos frades da prov\u00edncia anfitri\u00e3. Frei Lucas Lisi Rodrigues, da Cust\u00f3dia do Sagrado Cora\u00e7\u00e3o de Jesus caracterizou que \u201co encontro com os demais frades da confer\u00eancia, gera um desejo de continuidade, de coparticipa\u00e7\u00e3o da vida e miss\u00e3o, de partilha e fraternidade, de alegria e troca de experi\u00eancias a cerca do grande desafio de ser luz, que ilumina a vida de todos os jovens que nos procuram\u201d.<\/p>\n<p>Um fato marcante acontecido nesse dia de encontro foi a repercuss\u00e3o de uma foto nossa (<strong>ao lado)<\/strong>. Como nesse dia estavam acontecendo protestos e paralisa\u00e7\u00f5es por todo o Brasil contra a Reforma da Previd\u00eancia, os animadores vocacionais tamb\u00e9m se fizeram solid\u00e1rios e postaram uma foto de h\u00e1bito na qual se lia #n\u00f3ssomoscontraareformadaprevidencia. Tal postagem, para surpresa de todos, foi ganhando repercuss\u00e3o ao longo do dia nas mais diferentes m\u00eddias, alcan\u00e7ando jornais, sites, perfis de personalidades conhecidas e atingindo a um n\u00famero inimagin\u00e1vel de pessoas. De modo geral, concluiu-se, mais uma vez, que nossa evangeliza\u00e7\u00e3o nunca pode estar desvinculada da realidade e do contexto em que estamos inseridos, pois acreditamos que tal empatia com a vida do povo \u00e9 que gerar\u00e1 maior proximidade com as pessoas e, consequentemente, mais voca\u00e7\u00f5es.<\/p>\n<p><img loading=\"lazy\" class=\"aligncenter\" src=\"http:\/\/franciscanos.org.br\/wp-content\/uploads\/2017\/03\/sav_200317_2.png\" alt=\"sav_200317_2\" width=\"830\" height=\"352\" \/><\/p>\n<p>Por fim, ap\u00f3s esses dias de encontro, cada frade retornou para a sua realidade renovado no desejo de continuar realizando sua miss\u00e3o enquanto animador vocacional, fazendo da sua pr\u00f3pria alegria em ser frade menor o melhor testemunho e an\u00fancio vocacional.<\/p>\n<p><strong>Texto: Frei Gabriel Dellandrea<\/strong><\/p>\n","protected":false},"excerpt":{"rendered":"<p>Vocacional<\/p>\n","protected":false},"author":1,"featured_media":197303,"comment_status":"open","ping_status":"open","sticky":false,"template":"","format":"standard","meta":[],"categories":[1],"tags":[552],"acf":[],"yoast_head":"<!-- This site is optimized with the Yoast SEO plugin v19.2 - https:\/\/yoast.com\/wordpress\/plugins\/seo\/ -->\n<title>OFM: Animadores vocacionais se re\u00fanem em Bacabal - Not\u00edcias - Franciscanos<\/title>\n<meta name=\"robots\" content=\"index, follow, max-snippet:-1, max-image-preview:large, max-video-preview:-1\" \/>\n<link rel=\"canonical\" href=\"https:\/\/franciscanos.org.br\/noticias\/animadores-vocacionais-dos-franciscanos-se-reunem-em-bacabal.html\" \/>\n<meta property=\"og:locale\" content=\"pt_BR\" \/>\n<meta property=\"og:type\" content=\"article\" \/>\n<meta property=\"og:title\" content=\"OFM: Animadores vocacionais se re\u00fanem em Bacabal - Not\u00edcias - Franciscanos\" \/>\n<meta property=\"og:description\" content=\"Vocacional\" \/>\n<meta property=\"og:url\" content=\"https:\/\/franciscanos.org.br\/noticias\/animadores-vocacionais-dos-franciscanos-se-reunem-em-bacabal.html\" \/>\n<meta property=\"og:site_name\" content=\"Not\u00edcias - Franciscanos\" \/>\n<meta property=\"article:published_time\" content=\"2017-03-20T10:42:58+00:00\" \/>\n<meta property=\"article:modified_time\" content=\"2019-01-28T17:49:14+00:00\" \/>\n<meta property=\"og:image\" content=\"https:\/\/franciscanos.org.br\/noticias\/wp-content\/uploads\/2017\/03\/sav_200317.jpg\" \/>\n\t<meta property=\"og:image:width\" content=\"273\" \/>\n\t<meta property=\"og:image:height\" content=\"181\" \/>\n\t<meta property=\"og:image:type\" content=\"image\/jpeg\" \/>\n<meta name=\"author\" content=\"admin\" \/>\n<meta name=\"twitter:card\" content=\"summary_large_image\" \/>\n<meta name=\"twitter:label1\" content=\"Escrito por\" \/>\n\t<meta name=\"twitter:data1\" content=\"admin\" \/>\n\t<meta name=\"twitter:label2\" content=\"Est. tempo de leitura\" \/>\n\t<meta name=\"twitter:data2\" content=\"4 minutos\" \/>\n<script type=\"application\/ld+json\" class=\"yoast-schema-graph\">{\"@context\":\"https:\/\/schema.org\",\"@graph\":[{\"@type\":\"WebSite\",\"@id\":\"https:\/\/franciscanos.org.br\/noticias\/#website\",\"url\":\"https:\/\/franciscanos.org.br\/noticias\/\",\"name\":\"Not\u00edcias - Franciscanos\",\"description\":\"Prov\u00edncia Franciscana da Imaculada Concei\u00e7\u00e3o do Brasil - Ordem dos Frades Menores - OFM\",\"potentialAction\":[{\"@type\":\"SearchAction\",\"target\":{\"@type\":\"EntryPoint\",\"urlTemplate\":\"https:\/\/franciscanos.org.br\/noticias\/?s={search_term_string}\"},\"query-input\":\"required name=search_term_string\"}],\"inLanguage\":\"pt-BR\"},{\"@type\":\"ImageObject\",\"inLanguage\":\"pt-BR\",\"@id\":\"https:\/\/franciscanos.org.br\/noticias\/animadores-vocacionais-dos-franciscanos-se-reunem-em-bacabal.html#primaryimage\",\"url\":\"https:\/\/franciscanos.org.br\/noticias\/wp-content\/uploads\/2017\/03\/sav_200317.jpg\",\"contentUrl\":\"https:\/\/franciscanos.org.br\/noticias\/wp-content\/uploads\/2017\/03\/sav_200317.jpg\",\"width\":273,\"height\":181},{\"@type\":\"WebPage\",\"@id\":\"https:\/\/franciscanos.org.br\/noticias\/animadores-vocacionais-dos-franciscanos-se-reunem-em-bacabal.html#webpage\",\"url\":\"https:\/\/franciscanos.org.br\/noticias\/animadores-vocacionais-dos-franciscanos-se-reunem-em-bacabal.html\",\"name\":\"OFM: Animadores vocacionais se re\u00fanem em Bacabal - Not\u00edcias - Franciscanos\",\"isPartOf\":{\"@id\":\"https:\/\/franciscanos.org.br\/noticias\/#website\"},\"primaryImageOfPage\":{\"@id\":\"https:\/\/franciscanos.org.br\/noticias\/animadores-vocacionais-dos-franciscanos-se-reunem-em-bacabal.html#primaryimage\"},\"datePublished\":\"2017-03-20T10:42:58+00:00\",\"dateModified\":\"2019-01-28T17:49:14+00:00\",\"author\":{\"@id\":\"https:\/\/franciscanos.org.br\/noticias\/#\/schema\/person\/b38fbf43118f02820bd932f2e4b14ad3\"},\"breadcrumb\":{\"@id\":\"https:\/\/franciscanos.org.br\/noticias\/animadores-vocacionais-dos-franciscanos-se-reunem-em-bacabal.html#breadcrumb\"},\"inLanguage\":\"pt-BR\",\"potentialAction\":[{\"@type\":\"ReadAction\",\"target\":[\"https:\/\/franciscanos.org.br\/noticias\/animadores-vocacionais-dos-franciscanos-se-reunem-em-bacabal.html\"]}]},{\"@type\":\"BreadcrumbList\",\"@id\":\"https:\/\/franciscanos.org.br\/noticias\/animadores-vocacionais-dos-franciscanos-se-reunem-em-bacabal.html#breadcrumb\",\"itemListElement\":[{\"@type\":\"ListItem\",\"position\":1,\"name\":\"Home\",\"item\":\"https:\/\/franciscanos.org.br\/noticias\"},{\"@type\":\"ListItem\",\"position\":2,\"name\":\"OFM: Animadores vocacionais se re\u00fanem em Bacabal\"}]},{\"@type\":\"Person\",\"@id\":\"https:\/\/franciscanos.org.br\/noticias\/#\/schema\/person\/b38fbf43118f02820bd932f2e4b14ad3\",\"name\":\"admin\",\"image\":{\"@type\":\"ImageObject\",\"inLanguage\":\"pt-BR\",\"@id\":\"https:\/\/franciscanos.org.br\/noticias\/#\/schema\/person\/image\/\",\"url\":\"https:\/\/secure.gravatar.com\/avatar\/e8495742d34d0ba6448ea1c628263b3e?s=96&d=mm&r=g\",\"contentUrl\":\"https:\/\/secure.gravatar.com\/avatar\/e8495742d34d0ba6448ea1c628263b3e?s=96&d=mm&r=g\",\"caption\":\"admin\"},\"url\":\"https:\/\/franciscanos.org.br\/noticias\/author\/admin\"}]}<\/script>\n<!-- \/ Yoast SEO plugin. -->","yoast_head_json":{"title":"OFM: Animadores vocacionais se re\u00fanem em Bacabal - Not\u00edcias - Franciscanos","robots":{"index":"index","follow":"follow","max-snippet":"max-snippet:-1","max-image-preview":"max-image-preview:large","max-video-preview":"max-video-preview:-1"},"canonical":"https:\/\/franciscanos.org.br\/noticias\/animadores-vocacionais-dos-franciscanos-se-reunem-em-bacabal.html","og_locale":"pt_BR","og_type":"article","og_title":"OFM: Animadores vocacionais se re\u00fanem em Bacabal - Not\u00edcias - Franciscanos","og_description":"Vocacional","og_url":"https:\/\/franciscanos.org.br\/noticias\/animadores-vocacionais-dos-franciscanos-se-reunem-em-bacabal.html","og_site_name":"Not\u00edcias - Franciscanos","article_published_time":"2017-03-20T10:42:58+00:00","article_modified_time":"2019-01-28T17:49:14+00:00","og_image":[{"width":273,"height":181,"url":"https:\/\/franciscanos.org.br\/noticias\/wp-content\/uploads\/2017\/03\/sav_200317.jpg","type":"image\/jpeg"}],"author":"admin","twitter_card":"summary_large_image","twitter_misc":{"Escrito por":"admin","Est. tempo de leitura":"4 minutos"},"schema":{"@context":"https:\/\/schema.org","@graph":[{"@type":"WebSite","@id":"https:\/\/franciscanos.org.br\/noticias\/#website","url":"https:\/\/franciscanos.org.br\/noticias\/","name":"Not\u00edcias - Franciscanos","description":"Prov\u00edncia Franciscana da Imaculada Concei\u00e7\u00e3o do Brasil - Ordem dos Frades Menores - OFM","potentialAction":[{"@type":"SearchAction","target":{"@type":"EntryPoint","urlTemplate":"https:\/\/franciscanos.org.br\/noticias\/?s={search_term_string}"},"query-input":"required name=search_term_string"}],"inLanguage":"pt-BR"},{"@type":"ImageObject","inLanguage":"pt-BR","@id":"https:\/\/franciscanos.org.br\/noticias\/animadores-vocacionais-dos-franciscanos-se-reunem-em-bacabal.html#primaryimage","url":"https:\/\/franciscanos.org.br\/noticias\/wp-content\/uploads\/2017\/03\/sav_200317.jpg","contentUrl":"https:\/\/franciscanos.org.br\/noticias\/wp-content\/uploads\/2017\/03\/sav_200317.jpg","width":273,"height":181},{"@type":"WebPage","@id":"https:\/\/franciscanos.org.br\/noticias\/animadores-vocacionais-dos-franciscanos-se-reunem-em-bacabal.html#webpage","url":"https:\/\/franciscanos.org.br\/noticias\/animadores-vocacionais-dos-franciscanos-se-reunem-em-bacabal.html","name":"OFM: Animadores vocacionais se re\u00fanem em Bacabal - Not\u00edcias - Franciscanos","isPartOf":{"@id":"https:\/\/franciscanos.org.br\/noticias\/#website"},"primaryImageOfPage":{"@id":"https:\/\/franciscanos.org.br\/noticias\/animadores-vocacionais-dos-franciscanos-se-reunem-em-bacabal.html#primaryimage"},"datePublished":"2017-03-20T10:42:58+00:00","dateModified":"2019-01-28T17:49:14+00:00","author":{"@id":"https:\/\/franciscanos.org.br\/noticias\/#\/schema\/person\/b38fbf43118f02820bd932f2e4b14ad3"},"breadcrumb":{"@id":"https:\/\/franciscanos.org.br\/noticias\/animadores-vocacionais-dos-franciscanos-se-reunem-em-bacabal.html#breadcrumb"},"inLanguage":"pt-BR","potentialAction":[{"@type":"ReadAction","target":["https:\/\/franciscanos.org.br\/noticias\/animadores-vocacionais-dos-franciscanos-se-reunem-em-bacabal.html"]}]},{"@type":"BreadcrumbList","@id":"https:\/\/franciscanos.org.br\/noticias\/animadores-vocacionais-dos-franciscanos-se-reunem-em-bacabal.html#breadcrumb","itemListElement":[{"@type":"ListItem","position":1,"name":"Home","item":"https:\/\/franciscanos.org.br\/noticias"},{"@type":"ListItem","position":2,"name":"OFM: Animadores vocacionais se re\u00fanem em Bacabal"}]},{"@type":"Person","@id":"https:\/\/franciscanos.org.br\/noticias\/#\/schema\/person\/b38fbf43118f02820bd932f2e4b14ad3","name":"admin","image":{"@type":"ImageObject","inLanguage":"pt-BR","@id":"https:\/\/franciscanos.org.br\/noticias\/#\/schema\/person\/image\/","url":"https:\/\/secure.gravatar.com\/avatar\/e8495742d34d0ba6448ea1c628263b3e?s=96&d=mm&r=g","contentUrl":"https:\/\/secure.gravatar.com\/avatar\/e8495742d34d0ba6448ea1c628263b3e?s=96&d=mm&r=g","caption":"admin"},"url":"https:\/\/franciscanos.org.br\/noticias\/author\/admin"}]}},"_links":{"self":[{"href":"https:\/\/franciscanos.org.br\/noticias\/wp-json\/wp\/v2\/posts\/128089"}],"collection":[{"href":"https:\/\/franciscanos.org.br\/noticias\/wp-json\/wp\/v2\/posts"}],"about":[{"href":"https:\/\/franciscanos.org.br\/noticias\/wp-json\/wp\/v2\/types\/post"}],"author":[{"embeddable":true,"href":"https:\/\/franciscanos.org.br\/noticias\/wp-json\/wp\/v2\/users\/1"}],"replies":[{"embeddable":true,"href":"https:\/\/franciscanos.org.br\/noticias\/wp-json\/wp\/v2\/comments?post=128089"}],"version-history":[{"count":0,"href":"https:\/\/franciscanos.org.br\/noticias\/wp-json\/wp\/v2\/posts\/128089\/revisions"}],"wp:featuredmedia":[{"embeddable":true,"href":"https:\/\/franciscanos.org.br\/noticias\/wp-json\/wp\/v2\/media\/197303"}],"wp:attachment":[{"href":"https:\/\/franciscanos.org.br\/noticias\/wp-json\/wp\/v2\/media?parent=128089"}],"wp:term":[{"taxonomy":"category","embeddable":true,"href":"https:\/\/franciscanos.org.br\/noticias\/wp-json\/wp\/v2\/categories?post=128089"},{"taxonomy":"post_tag","embeddable":true,"href":"https:\/\/franciscanos.org.br\/noticias\/wp-json\/wp\/v2\/tags?post=128089"}],"curies":[{"name":"wp","href":"https:\/\/api.w.org\/{rel}","templated":true}]}}