{"id":127971,"date":"2017-03-15T11:29:36","date_gmt":"2017-03-15T14:29:36","guid":{"rendered":"http:\/\/franciscanos.org.br\/?p=127971"},"modified":"2019-01-28T16:03:22","modified_gmt":"2019-01-28T18:03:22","slug":"carta-aberta-contra-a-reforma-da-previdencia-social","status":"publish","type":"post","link":"https:\/\/franciscanos.org.br\/noticias\/carta-aberta-contra-a-reforma-da-previdencia-social.html","title":{"rendered":"Carta aberta contra Reforma da Previd\u00eancia Social"},"content":{"rendered":"<p><img loading=\"lazy\" class=\"aligncenter\" src=\"http:\/\/franciscanos.org.br\/wp-content\/uploads\/2017\/03\/frades_150317.jpg\" alt=\"frades_150317\" width=\"820\" height=\"220\" \/><\/p>\n<blockquote><p><strong><em>S\u00e3o Paulo, 15 de mar\u00e7o de 2017<\/em><\/strong><\/p><\/blockquote>\n<p><em>\u201cA cabe\u00e7a pensa a partir de onde os p\u00e9s pisam\u201d, Frei Betto.<\/em><\/p>\n<p>Neste dia 15 de mar\u00e7o, em que diversas organiza\u00e7\u00f5es brasileiras prop\u00f5em uma greve geral em protesto contra a Reforma da Previd\u00eancia, em nome de meus confrades e do Povo de Deus junto a quem realizamos a miss\u00e3o evangelizadora em nosso territ\u00f3rio provincial, n\u00e3o me resta outra postura a n\u00e3o ser a de um posicionamento frontalmente contr\u00e1rio \u00e0 Reforma da Previd\u00eancia Social proposta pela Proposta de Emenda \u00e0 Constitui\u00e7\u00e3o (PEC 287\/2016), especialmente no que diz respeito ao aumento do tempo m\u00ednimo de contribui\u00e7\u00e3o para 49 anos e da idade m\u00ednima para 65 anos.<\/p>\n<p>Para sustentar meu posicionamento, n\u00e3o lan\u00e7o m\u00e3o de argumentos baseados na economia, na matem\u00e1tica e na administra\u00e7\u00e3o, pois n\u00e3o tenho conhecimento o suficiente nestas \u00e1reas. No entanto, baseado na realidade que nossos confrades encontram nos ambientes onde vivem e convivem e no compromisso com a Justi\u00e7a, exig\u00eancia irrenunci\u00e1vel do Evangelho, afirmo com convic\u00e7\u00e3o que esta proposta \u00e9 um verdadeiro ato de covardia com os mais pobres.<\/p>\n<p>Basta olharmos para a luta di\u00e1ria de nossos irm\u00e3os agricultores, especialmente nas \u00e1reas rurais em que estamos presentes nos estados do PR (especialmente a Regi\u00e3o Sudoeste), SC (Alto Vale do Itaja\u00ed, Planalto Central e Oeste) e ES (especialmente a regi\u00e3o de Colatina), ou para a dureza da vida dos oper\u00e1rios nas periferias urbanas do Rio de Janeiro (Baixada Fluminense) e S\u00e3o Paulo para percebermos o grau de insanidade presente em exigir que estes trabalhadores bra\u00e7ais se desdobrem em quase 50 anos de trabalho para, depois, receberem migalhas que mal custeiam os rem\u00e9dios que se fazem necess\u00e1rios depois de uma vida de trabalho intenso e extenuante.<\/p>\n<p>A quem beneficia iniciativas dessa natureza? Por que n\u00e3o apostarmos em estrat\u00e9gias mais distributivas e justas? Por que, para uma minoria privilegiada, um sem-n\u00famero de privil\u00e9gios e, para a grande massa da popula\u00e7\u00e3o, a dureza de explica\u00e7\u00f5es pautadas em argumentos \u00a0frios e desumanos, baseados na aridez dos n\u00fameros?<\/p>\n<p>S\u00e3o perguntas a que nossos dirigentes n\u00e3o podem se furtar em responder. Permane\u00e7amos firmes, cada um dentro de suas possibilidades, para lutarmos com todas as for\u00e7as a fim de que nosso Brasil seja de fato um lugar de justi\u00e7a e de paz para todos.<\/p>\n<p>Com estima fraterna, e com apoio de meu Definit\u00f3rio Provincial, deixo minhas sauda\u00e7\u00f5es, rogando a Deus por um tempo de maior senso de humanidade em nosso pa\u00eds.<\/p>\n<p style=\"padding-left: 30px;\"><strong>\u00a0Frei Fid\u00eancio Vanboemmel, OFM<\/strong><\/p>\n<p style=\"padding-left: 30px;\"><strong>Ministro Provincial da Prov\u00edncia Franciscana da Imaculada Concei\u00e7\u00e3o do Brasil<\/strong><\/p>\n","protected":false},"excerpt":{"rendered":"<p>Mensagem<\/p>\n","protected":false},"author":1,"featured_media":197327,"comment_status":"open","ping_status":"open","sticky":false,"template":"","format":"standard","meta":[],"categories":[1],"tags":[104],"acf":[],"yoast_head":"<!-- This site is optimized with the Yoast SEO plugin v19.2 - https:\/\/yoast.com\/wordpress\/plugins\/seo\/ -->\n<title>Carta aberta contra Reforma da Previd\u00eancia Social - Not\u00edcias - Franciscanos<\/title>\n<meta name=\"robots\" content=\"index, follow, max-snippet:-1, max-image-preview:large, max-video-preview:-1\" \/>\n<link rel=\"canonical\" href=\"https:\/\/franciscanos.org.br\/noticias\/carta-aberta-contra-a-reforma-da-previdencia-social.html\" \/>\n<meta property=\"og:locale\" content=\"pt_BR\" \/>\n<meta property=\"og:type\" content=\"article\" \/>\n<meta property=\"og:title\" content=\"Carta aberta contra Reforma da Previd\u00eancia Social - Not\u00edcias - Franciscanos\" \/>\n<meta property=\"og:description\" content=\"Mensagem\" \/>\n<meta property=\"og:url\" content=\"https:\/\/franciscanos.org.br\/noticias\/carta-aberta-contra-a-reforma-da-previdencia-social.html\" \/>\n<meta property=\"og:site_name\" content=\"Not\u00edcias - Franciscanos\" \/>\n<meta property=\"article:published_time\" content=\"2017-03-15T14:29:36+00:00\" \/>\n<meta property=\"article:modified_time\" content=\"2019-01-28T18:03:22+00:00\" \/>\n<meta property=\"og:image\" content=\"https:\/\/franciscanos.org.br\/noticias\/wp-content\/uploads\/2017\/03\/frades_150317.jpg\" \/>\n\t<meta property=\"og:image:width\" content=\"273\" \/>\n\t<meta property=\"og:image:height\" content=\"181\" \/>\n\t<meta property=\"og:image:type\" content=\"image\/jpeg\" \/>\n<meta name=\"author\" content=\"admin\" \/>\n<meta name=\"twitter:card\" content=\"summary_large_image\" \/>\n<meta name=\"twitter:label1\" content=\"Escrito por\" \/>\n\t<meta name=\"twitter:data1\" content=\"admin\" \/>\n\t<meta name=\"twitter:label2\" content=\"Est. tempo de leitura\" \/>\n\t<meta name=\"twitter:data2\" content=\"2 minutos\" \/>\n<script type=\"application\/ld+json\" class=\"yoast-schema-graph\">{\"@context\":\"https:\/\/schema.org\",\"@graph\":[{\"@type\":\"WebSite\",\"@id\":\"https:\/\/franciscanos.org.br\/noticias\/#website\",\"url\":\"https:\/\/franciscanos.org.br\/noticias\/\",\"name\":\"Not\u00edcias - Franciscanos\",\"description\":\"Prov\u00edncia Franciscana da Imaculada Concei\u00e7\u00e3o do Brasil - Ordem dos Frades Menores - OFM\",\"potentialAction\":[{\"@type\":\"SearchAction\",\"target\":{\"@type\":\"EntryPoint\",\"urlTemplate\":\"https:\/\/franciscanos.org.br\/noticias\/?s={search_term_string}\"},\"query-input\":\"required name=search_term_string\"}],\"inLanguage\":\"pt-BR\"},{\"@type\":\"ImageObject\",\"inLanguage\":\"pt-BR\",\"@id\":\"https:\/\/franciscanos.org.br\/noticias\/carta-aberta-contra-a-reforma-da-previdencia-social.html#primaryimage\",\"url\":\"https:\/\/franciscanos.org.br\/noticias\/wp-content\/uploads\/2017\/03\/frades_150317.jpg\",\"contentUrl\":\"https:\/\/franciscanos.org.br\/noticias\/wp-content\/uploads\/2017\/03\/frades_150317.jpg\",\"width\":273,\"height\":181},{\"@type\":\"WebPage\",\"@id\":\"https:\/\/franciscanos.org.br\/noticias\/carta-aberta-contra-a-reforma-da-previdencia-social.html#webpage\",\"url\":\"https:\/\/franciscanos.org.br\/noticias\/carta-aberta-contra-a-reforma-da-previdencia-social.html\",\"name\":\"Carta aberta contra Reforma da Previd\u00eancia Social - Not\u00edcias - Franciscanos\",\"isPartOf\":{\"@id\":\"https:\/\/franciscanos.org.br\/noticias\/#website\"},\"primaryImageOfPage\":{\"@id\":\"https:\/\/franciscanos.org.br\/noticias\/carta-aberta-contra-a-reforma-da-previdencia-social.html#primaryimage\"},\"datePublished\":\"2017-03-15T14:29:36+00:00\",\"dateModified\":\"2019-01-28T18:03:22+00:00\",\"author\":{\"@id\":\"https:\/\/franciscanos.org.br\/noticias\/#\/schema\/person\/b38fbf43118f02820bd932f2e4b14ad3\"},\"breadcrumb\":{\"@id\":\"https:\/\/franciscanos.org.br\/noticias\/carta-aberta-contra-a-reforma-da-previdencia-social.html#breadcrumb\"},\"inLanguage\":\"pt-BR\",\"potentialAction\":[{\"@type\":\"ReadAction\",\"target\":[\"https:\/\/franciscanos.org.br\/noticias\/carta-aberta-contra-a-reforma-da-previdencia-social.html\"]}]},{\"@type\":\"BreadcrumbList\",\"@id\":\"https:\/\/franciscanos.org.br\/noticias\/carta-aberta-contra-a-reforma-da-previdencia-social.html#breadcrumb\",\"itemListElement\":[{\"@type\":\"ListItem\",\"position\":1,\"name\":\"Home\",\"item\":\"https:\/\/franciscanos.org.br\/noticias\"},{\"@type\":\"ListItem\",\"position\":2,\"name\":\"Carta aberta contra Reforma da Previd\u00eancia Social\"}]},{\"@type\":\"Person\",\"@id\":\"https:\/\/franciscanos.org.br\/noticias\/#\/schema\/person\/b38fbf43118f02820bd932f2e4b14ad3\",\"name\":\"admin\",\"image\":{\"@type\":\"ImageObject\",\"inLanguage\":\"pt-BR\",\"@id\":\"https:\/\/franciscanos.org.br\/noticias\/#\/schema\/person\/image\/\",\"url\":\"https:\/\/secure.gravatar.com\/avatar\/e8495742d34d0ba6448ea1c628263b3e?s=96&d=mm&r=g\",\"contentUrl\":\"https:\/\/secure.gravatar.com\/avatar\/e8495742d34d0ba6448ea1c628263b3e?s=96&d=mm&r=g\",\"caption\":\"admin\"},\"url\":\"https:\/\/franciscanos.org.br\/noticias\/author\/admin\"}]}<\/script>\n<!-- \/ Yoast SEO plugin. -->","yoast_head_json":{"title":"Carta aberta contra Reforma da Previd\u00eancia Social - Not\u00edcias - Franciscanos","robots":{"index":"index","follow":"follow","max-snippet":"max-snippet:-1","max-image-preview":"max-image-preview:large","max-video-preview":"max-video-preview:-1"},"canonical":"https:\/\/franciscanos.org.br\/noticias\/carta-aberta-contra-a-reforma-da-previdencia-social.html","og_locale":"pt_BR","og_type":"article","og_title":"Carta aberta contra Reforma da Previd\u00eancia Social - Not\u00edcias - Franciscanos","og_description":"Mensagem","og_url":"https:\/\/franciscanos.org.br\/noticias\/carta-aberta-contra-a-reforma-da-previdencia-social.html","og_site_name":"Not\u00edcias - Franciscanos","article_published_time":"2017-03-15T14:29:36+00:00","article_modified_time":"2019-01-28T18:03:22+00:00","og_image":[{"width":273,"height":181,"url":"https:\/\/franciscanos.org.br\/noticias\/wp-content\/uploads\/2017\/03\/frades_150317.jpg","type":"image\/jpeg"}],"author":"admin","twitter_card":"summary_large_image","twitter_misc":{"Escrito por":"admin","Est. tempo de leitura":"2 minutos"},"schema":{"@context":"https:\/\/schema.org","@graph":[{"@type":"WebSite","@id":"https:\/\/franciscanos.org.br\/noticias\/#website","url":"https:\/\/franciscanos.org.br\/noticias\/","name":"Not\u00edcias - Franciscanos","description":"Prov\u00edncia Franciscana da Imaculada Concei\u00e7\u00e3o do Brasil - Ordem dos Frades Menores - OFM","potentialAction":[{"@type":"SearchAction","target":{"@type":"EntryPoint","urlTemplate":"https:\/\/franciscanos.org.br\/noticias\/?s={search_term_string}"},"query-input":"required name=search_term_string"}],"inLanguage":"pt-BR"},{"@type":"ImageObject","inLanguage":"pt-BR","@id":"https:\/\/franciscanos.org.br\/noticias\/carta-aberta-contra-a-reforma-da-previdencia-social.html#primaryimage","url":"https:\/\/franciscanos.org.br\/noticias\/wp-content\/uploads\/2017\/03\/frades_150317.jpg","contentUrl":"https:\/\/franciscanos.org.br\/noticias\/wp-content\/uploads\/2017\/03\/frades_150317.jpg","width":273,"height":181},{"@type":"WebPage","@id":"https:\/\/franciscanos.org.br\/noticias\/carta-aberta-contra-a-reforma-da-previdencia-social.html#webpage","url":"https:\/\/franciscanos.org.br\/noticias\/carta-aberta-contra-a-reforma-da-previdencia-social.html","name":"Carta aberta contra Reforma da Previd\u00eancia Social - Not\u00edcias - Franciscanos","isPartOf":{"@id":"https:\/\/franciscanos.org.br\/noticias\/#website"},"primaryImageOfPage":{"@id":"https:\/\/franciscanos.org.br\/noticias\/carta-aberta-contra-a-reforma-da-previdencia-social.html#primaryimage"},"datePublished":"2017-03-15T14:29:36+00:00","dateModified":"2019-01-28T18:03:22+00:00","author":{"@id":"https:\/\/franciscanos.org.br\/noticias\/#\/schema\/person\/b38fbf43118f02820bd932f2e4b14ad3"},"breadcrumb":{"@id":"https:\/\/franciscanos.org.br\/noticias\/carta-aberta-contra-a-reforma-da-previdencia-social.html#breadcrumb"},"inLanguage":"pt-BR","potentialAction":[{"@type":"ReadAction","target":["https:\/\/franciscanos.org.br\/noticias\/carta-aberta-contra-a-reforma-da-previdencia-social.html"]}]},{"@type":"BreadcrumbList","@id":"https:\/\/franciscanos.org.br\/noticias\/carta-aberta-contra-a-reforma-da-previdencia-social.html#breadcrumb","itemListElement":[{"@type":"ListItem","position":1,"name":"Home","item":"https:\/\/franciscanos.org.br\/noticias"},{"@type":"ListItem","position":2,"name":"Carta aberta contra Reforma da Previd\u00eancia Social"}]},{"@type":"Person","@id":"https:\/\/franciscanos.org.br\/noticias\/#\/schema\/person\/b38fbf43118f02820bd932f2e4b14ad3","name":"admin","image":{"@type":"ImageObject","inLanguage":"pt-BR","@id":"https:\/\/franciscanos.org.br\/noticias\/#\/schema\/person\/image\/","url":"https:\/\/secure.gravatar.com\/avatar\/e8495742d34d0ba6448ea1c628263b3e?s=96&d=mm&r=g","contentUrl":"https:\/\/secure.gravatar.com\/avatar\/e8495742d34d0ba6448ea1c628263b3e?s=96&d=mm&r=g","caption":"admin"},"url":"https:\/\/franciscanos.org.br\/noticias\/author\/admin"}]}},"_links":{"self":[{"href":"https:\/\/franciscanos.org.br\/noticias\/wp-json\/wp\/v2\/posts\/127971"}],"collection":[{"href":"https:\/\/franciscanos.org.br\/noticias\/wp-json\/wp\/v2\/posts"}],"about":[{"href":"https:\/\/franciscanos.org.br\/noticias\/wp-json\/wp\/v2\/types\/post"}],"author":[{"embeddable":true,"href":"https:\/\/franciscanos.org.br\/noticias\/wp-json\/wp\/v2\/users\/1"}],"replies":[{"embeddable":true,"href":"https:\/\/franciscanos.org.br\/noticias\/wp-json\/wp\/v2\/comments?post=127971"}],"version-history":[{"count":0,"href":"https:\/\/franciscanos.org.br\/noticias\/wp-json\/wp\/v2\/posts\/127971\/revisions"}],"wp:featuredmedia":[{"embeddable":true,"href":"https:\/\/franciscanos.org.br\/noticias\/wp-json\/wp\/v2\/media\/197327"}],"wp:attachment":[{"href":"https:\/\/franciscanos.org.br\/noticias\/wp-json\/wp\/v2\/media?parent=127971"}],"wp:term":[{"taxonomy":"category","embeddable":true,"href":"https:\/\/franciscanos.org.br\/noticias\/wp-json\/wp\/v2\/categories?post=127971"},{"taxonomy":"post_tag","embeddable":true,"href":"https:\/\/franciscanos.org.br\/noticias\/wp-json\/wp\/v2\/tags?post=127971"}],"curies":[{"name":"wp","href":"https:\/\/api.w.org\/{rel}","templated":true}]}}