{"id":127891,"date":"2017-03-14T08:20:34","date_gmt":"2017-03-14T11:20:34","guid":{"rendered":"http:\/\/franciscanos.org.br\/?p=127891"},"modified":"2020-06-09T10:15:20","modified_gmt":"2020-06-09T13:15:20","slug":"aprender-a-fazer-o-bem-com-acoes-concretas-nao-com-palavras","status":"publish","type":"post","link":"https:\/\/franciscanos.org.br\/noticias\/aprender-a-fazer-o-bem-com-acoes-concretas-nao-com-palavras.html","title":{"rendered":"Aprender a fazer o bem com a\u00e7\u00f5es concretas"},"content":{"rendered":"<p><img loading=\"lazy\" class=\"alignleft\" src=\"http:\/\/franciscanos.org.br\/wp-content\/uploads\/2017\/03\/marta_140317.jpg\" alt=\"marta_140317\" width=\"830\" height=\"380\" \/><strong>Cidade do Vaticano<\/strong> &#8211; Depois do retiro de Quaresma, o Papa retomou esta ter\u00e7a-feira (14\/03) a celebra\u00e7\u00e3o da missa na capela da Casa Santa Marta.<\/p>\n<p>Na sua homilia, Francisco indicou o caminho da convers\u00e3o quaresmal, inspirando-se na primeira Leitura: fazer o bem com a\u00e7\u00f5es concretas, n\u00e3o com palavras.<\/p>\n<p>O Profeta Isa\u00edas exorta a afastar-se do mal e a aprender a fazer o bem, um bin\u00f4mio insepar\u00e1vel neste percurso. \u201cCada um de n\u00f3s, todos os dias, faz algo de mau\u201d, disse o Papa. De fato, a B\u00edblia diz que \u201co mais santo peca sete vezes ao dia\u201d. O problema, por\u00e9m, est\u00e1 em \u201cn\u00e3o se acostumar em viver nas coisas feias\u201d e afastar-se daquilo que \u201cenvenena a alma\u201d, a torna pequena. E, portanto, aprender a fazer o bem:<\/p>\n<p>\u201cN\u00e3o \u00e9 f\u00e1cil fazer o bem: devemos aprend\u00ea-lo, sempre. E Ele nos ensine. Mas: aprendam. Como as crian\u00e7as. No caminho da vida, da vida crist\u00e3 se aprende todos os dias. Deve-se aprender todos os dias a fazer algo, a ser melhores do que o dia anterior. Aprender. Afastar-se do mal e aprender a fazer o bem: esta \u00e9 a regra da convers\u00e3o. Porque converter-se n\u00e3o \u00e9 consultar uma fada que com a varinha de cond\u00e3o nos converte: n\u00e3o! \u00c9 um caminho. \u00c9 um caminho de afastar-se e de aprender\u201d.<\/p>\n<p>Portanto, necessita-se coragem para afastar-se e humildade para aprender a fazer o bem que se explicita em fatos concretos:<\/p>\n<p>\u201cEle, o Senhor, aqui diz tr\u00eas a\u00e7\u00f5es concretas, mas existem muitas outras: busquem a justi\u00e7a, socorram o oprimido, fa\u00e7am justi\u00e7a ao \u00f3rf\u00e3o, defendam a causa da vi\u00fava&#8230; mas, a\u00e7\u00f5es concretas. Aprende-se a fazer o bem com a\u00e7\u00f5es concretas, n\u00e3o com palavras. Com fatos\u2026 Por isso, Jesus, no Evangelho que ouvimos, repreende esta classe dirigente do povo de Israel, porque \u2018diz e n\u00e3o faz\u2019, n\u00e3o conhecem a concretude. E se n\u00e3o h\u00e1 concretude, n\u00e3o pode haver a convers\u00e3o\u201d.<\/p>\n<p>Depois, a primeira leitura prossegue com o convite do Senhor: \u201cVinde, debatamos\u201d. \u201cVinde\u201d: uma bela palavra, diz Francisco, uma palavra que Jesus dirigiu aos paral\u00edticos, \u00e0 filha de Jairo, assim como ao filho da vi\u00fava de Naim. E Deus nos d\u00e1 uma m\u00e3o para \u201cir\u201d. E \u00e9 humilde, se abaixa muito para dizer: \u201cVinde, debatamos\u201d. O Papa ressalta o modo como Deus nos ajuda: \u201ccaminhando juntos para ajudar-nos, para nos explicar as coisas, para nos tomar pela m\u00e3o\u201d. O Senhor \u00e9 capaz de \u201cfazer este milagre\u201d, isto \u00e9, de \u201cnos transformar\u201d, n\u00e3o de um dia para outro, mas no caminho:<\/p>\n<p>\u201cConvite \u00e0 convers\u00e3o, afastem-se do mal, aprendam a fazer o bem \u2026 \u2018Vinde, debatamos, vinde a mim, debatamos e prossigamos\u2019. \u2018Mas tenho muitos pecados \u2026\u2019 \u2013 \u2018Mas n\u00e3o se preocupe: se os seus pecados s\u00e3o como escarlate, se tornar\u00e3o brancos como a neve\u2019. E este \u00e9 o caminho da convers\u00e3o quaresmal. Simples. \u00c9 um Pai que fala, \u00e9 um Pai que nos quer bem, nos quer bem, bem. E nos acompanha neste caminho de convers\u00e3o. Ele nos pede somente que sejamos humildes. Jesus diz aos dirigentes: \u2018Quem se exaltar, ser\u00e1 humilhado e quem se humilha ser\u00e1 exaltado\u2019\u201d.<\/p>\n<p>Este \u00e9, portanto, \u201co caminho da convers\u00e3o quaresmal\u201d: afastar-se do mal, aprender a fazer o bem\u201d, levantar-se e ir com Ele. Ent\u00e3o, \u201cos nossos pecados ser\u00e3o todos perdoados\u201d.<\/p>\n<hr \/>\n<p><em>Fonte: R\u00e1dio Vaticano<\/em><\/p>\n","protected":false},"excerpt":{"rendered":"<p>Missa em Santa Marta<\/p>\n","protected":false},"author":1,"featured_media":197352,"comment_status":"open","ping_status":"open","sticky":false,"template":"","format":"standard","meta":[],"categories":[1428],"tags":[1586],"acf":[],"yoast_head":"<!-- This site is optimized with the Yoast SEO plugin v19.2 - https:\/\/yoast.com\/wordpress\/plugins\/seo\/ -->\n<title>Aprender a fazer o bem com a\u00e7\u00f5es concretas - Not\u00edcias - Franciscanos<\/title>\n<meta name=\"robots\" content=\"index, follow, max-snippet:-1, max-image-preview:large, max-video-preview:-1\" \/>\n<link rel=\"canonical\" href=\"https:\/\/franciscanos.org.br\/noticias\/aprender-a-fazer-o-bem-com-acoes-concretas-nao-com-palavras.html\" \/>\n<meta property=\"og:locale\" content=\"pt_BR\" \/>\n<meta property=\"og:type\" content=\"article\" \/>\n<meta property=\"og:title\" content=\"Aprender a fazer o bem com a\u00e7\u00f5es concretas - Not\u00edcias - Franciscanos\" \/>\n<meta property=\"og:description\" content=\"Missa em Santa Marta\" \/>\n<meta property=\"og:url\" content=\"https:\/\/franciscanos.org.br\/noticias\/aprender-a-fazer-o-bem-com-acoes-concretas-nao-com-palavras.html\" \/>\n<meta property=\"og:site_name\" content=\"Not\u00edcias - Franciscanos\" \/>\n<meta property=\"article:published_time\" content=\"2017-03-14T11:20:34+00:00\" \/>\n<meta property=\"article:modified_time\" content=\"2020-06-09T13:15:20+00:00\" \/>\n<meta property=\"og:image\" content=\"https:\/\/franciscanos.org.br\/noticias\/wp-content\/uploads\/2017\/03\/marta_140317.jpg\" \/>\n\t<meta property=\"og:image:width\" content=\"273\" \/>\n\t<meta property=\"og:image:height\" content=\"181\" \/>\n\t<meta property=\"og:image:type\" content=\"image\/jpeg\" \/>\n<meta name=\"author\" content=\"admin\" \/>\n<meta name=\"twitter:card\" content=\"summary_large_image\" \/>\n<meta name=\"twitter:label1\" content=\"Escrito por\" \/>\n\t<meta name=\"twitter:data1\" content=\"admin\" \/>\n\t<meta name=\"twitter:label2\" content=\"Est. tempo de leitura\" \/>\n\t<meta name=\"twitter:data2\" content=\"3 minutos\" \/>\n<script type=\"application\/ld+json\" class=\"yoast-schema-graph\">{\"@context\":\"https:\/\/schema.org\",\"@graph\":[{\"@type\":\"WebSite\",\"@id\":\"https:\/\/franciscanos.org.br\/noticias\/#website\",\"url\":\"https:\/\/franciscanos.org.br\/noticias\/\",\"name\":\"Not\u00edcias - Franciscanos\",\"description\":\"Prov\u00edncia Franciscana da Imaculada Concei\u00e7\u00e3o do Brasil - Ordem dos Frades Menores - OFM\",\"potentialAction\":[{\"@type\":\"SearchAction\",\"target\":{\"@type\":\"EntryPoint\",\"urlTemplate\":\"https:\/\/franciscanos.org.br\/noticias\/?s={search_term_string}\"},\"query-input\":\"required name=search_term_string\"}],\"inLanguage\":\"pt-BR\"},{\"@type\":\"ImageObject\",\"inLanguage\":\"pt-BR\",\"@id\":\"https:\/\/franciscanos.org.br\/noticias\/aprender-a-fazer-o-bem-com-acoes-concretas-nao-com-palavras.html#primaryimage\",\"url\":\"https:\/\/franciscanos.org.br\/noticias\/wp-content\/uploads\/2017\/03\/marta_140317.jpg\",\"contentUrl\":\"https:\/\/franciscanos.org.br\/noticias\/wp-content\/uploads\/2017\/03\/marta_140317.jpg\",\"width\":273,\"height\":181},{\"@type\":\"WebPage\",\"@id\":\"https:\/\/franciscanos.org.br\/noticias\/aprender-a-fazer-o-bem-com-acoes-concretas-nao-com-palavras.html#webpage\",\"url\":\"https:\/\/franciscanos.org.br\/noticias\/aprender-a-fazer-o-bem-com-acoes-concretas-nao-com-palavras.html\",\"name\":\"Aprender a fazer o bem com a\u00e7\u00f5es concretas - Not\u00edcias - Franciscanos\",\"isPartOf\":{\"@id\":\"https:\/\/franciscanos.org.br\/noticias\/#website\"},\"primaryImageOfPage\":{\"@id\":\"https:\/\/franciscanos.org.br\/noticias\/aprender-a-fazer-o-bem-com-acoes-concretas-nao-com-palavras.html#primaryimage\"},\"datePublished\":\"2017-03-14T11:20:34+00:00\",\"dateModified\":\"2020-06-09T13:15:20+00:00\",\"author\":{\"@id\":\"https:\/\/franciscanos.org.br\/noticias\/#\/schema\/person\/b38fbf43118f02820bd932f2e4b14ad3\"},\"breadcrumb\":{\"@id\":\"https:\/\/franciscanos.org.br\/noticias\/aprender-a-fazer-o-bem-com-acoes-concretas-nao-com-palavras.html#breadcrumb\"},\"inLanguage\":\"pt-BR\",\"potentialAction\":[{\"@type\":\"ReadAction\",\"target\":[\"https:\/\/franciscanos.org.br\/noticias\/aprender-a-fazer-o-bem-com-acoes-concretas-nao-com-palavras.html\"]}]},{\"@type\":\"BreadcrumbList\",\"@id\":\"https:\/\/franciscanos.org.br\/noticias\/aprender-a-fazer-o-bem-com-acoes-concretas-nao-com-palavras.html#breadcrumb\",\"itemListElement\":[{\"@type\":\"ListItem\",\"position\":1,\"name\":\"Home\",\"item\":\"https:\/\/franciscanos.org.br\/noticias\"},{\"@type\":\"ListItem\",\"position\":2,\"name\":\"Aprender a fazer o bem com a\u00e7\u00f5es concretas\"}]},{\"@type\":\"Person\",\"@id\":\"https:\/\/franciscanos.org.br\/noticias\/#\/schema\/person\/b38fbf43118f02820bd932f2e4b14ad3\",\"name\":\"admin\",\"image\":{\"@type\":\"ImageObject\",\"inLanguage\":\"pt-BR\",\"@id\":\"https:\/\/franciscanos.org.br\/noticias\/#\/schema\/person\/image\/\",\"url\":\"https:\/\/secure.gravatar.com\/avatar\/e8495742d34d0ba6448ea1c628263b3e?s=96&d=mm&r=g\",\"contentUrl\":\"https:\/\/secure.gravatar.com\/avatar\/e8495742d34d0ba6448ea1c628263b3e?s=96&d=mm&r=g\",\"caption\":\"admin\"},\"url\":\"https:\/\/franciscanos.org.br\/noticias\/author\/admin\"}]}<\/script>\n<!-- \/ Yoast SEO plugin. -->","yoast_head_json":{"title":"Aprender a fazer o bem com a\u00e7\u00f5es concretas - Not\u00edcias - Franciscanos","robots":{"index":"index","follow":"follow","max-snippet":"max-snippet:-1","max-image-preview":"max-image-preview:large","max-video-preview":"max-video-preview:-1"},"canonical":"https:\/\/franciscanos.org.br\/noticias\/aprender-a-fazer-o-bem-com-acoes-concretas-nao-com-palavras.html","og_locale":"pt_BR","og_type":"article","og_title":"Aprender a fazer o bem com a\u00e7\u00f5es concretas - Not\u00edcias - Franciscanos","og_description":"Missa em Santa Marta","og_url":"https:\/\/franciscanos.org.br\/noticias\/aprender-a-fazer-o-bem-com-acoes-concretas-nao-com-palavras.html","og_site_name":"Not\u00edcias - Franciscanos","article_published_time":"2017-03-14T11:20:34+00:00","article_modified_time":"2020-06-09T13:15:20+00:00","og_image":[{"width":273,"height":181,"url":"https:\/\/franciscanos.org.br\/noticias\/wp-content\/uploads\/2017\/03\/marta_140317.jpg","type":"image\/jpeg"}],"author":"admin","twitter_card":"summary_large_image","twitter_misc":{"Escrito por":"admin","Est. tempo de leitura":"3 minutos"},"schema":{"@context":"https:\/\/schema.org","@graph":[{"@type":"WebSite","@id":"https:\/\/franciscanos.org.br\/noticias\/#website","url":"https:\/\/franciscanos.org.br\/noticias\/","name":"Not\u00edcias - Franciscanos","description":"Prov\u00edncia Franciscana da Imaculada Concei\u00e7\u00e3o do Brasil - Ordem dos Frades Menores - OFM","potentialAction":[{"@type":"SearchAction","target":{"@type":"EntryPoint","urlTemplate":"https:\/\/franciscanos.org.br\/noticias\/?s={search_term_string}"},"query-input":"required name=search_term_string"}],"inLanguage":"pt-BR"},{"@type":"ImageObject","inLanguage":"pt-BR","@id":"https:\/\/franciscanos.org.br\/noticias\/aprender-a-fazer-o-bem-com-acoes-concretas-nao-com-palavras.html#primaryimage","url":"https:\/\/franciscanos.org.br\/noticias\/wp-content\/uploads\/2017\/03\/marta_140317.jpg","contentUrl":"https:\/\/franciscanos.org.br\/noticias\/wp-content\/uploads\/2017\/03\/marta_140317.jpg","width":273,"height":181},{"@type":"WebPage","@id":"https:\/\/franciscanos.org.br\/noticias\/aprender-a-fazer-o-bem-com-acoes-concretas-nao-com-palavras.html#webpage","url":"https:\/\/franciscanos.org.br\/noticias\/aprender-a-fazer-o-bem-com-acoes-concretas-nao-com-palavras.html","name":"Aprender a fazer o bem com a\u00e7\u00f5es concretas - Not\u00edcias - Franciscanos","isPartOf":{"@id":"https:\/\/franciscanos.org.br\/noticias\/#website"},"primaryImageOfPage":{"@id":"https:\/\/franciscanos.org.br\/noticias\/aprender-a-fazer-o-bem-com-acoes-concretas-nao-com-palavras.html#primaryimage"},"datePublished":"2017-03-14T11:20:34+00:00","dateModified":"2020-06-09T13:15:20+00:00","author":{"@id":"https:\/\/franciscanos.org.br\/noticias\/#\/schema\/person\/b38fbf43118f02820bd932f2e4b14ad3"},"breadcrumb":{"@id":"https:\/\/franciscanos.org.br\/noticias\/aprender-a-fazer-o-bem-com-acoes-concretas-nao-com-palavras.html#breadcrumb"},"inLanguage":"pt-BR","potentialAction":[{"@type":"ReadAction","target":["https:\/\/franciscanos.org.br\/noticias\/aprender-a-fazer-o-bem-com-acoes-concretas-nao-com-palavras.html"]}]},{"@type":"BreadcrumbList","@id":"https:\/\/franciscanos.org.br\/noticias\/aprender-a-fazer-o-bem-com-acoes-concretas-nao-com-palavras.html#breadcrumb","itemListElement":[{"@type":"ListItem","position":1,"name":"Home","item":"https:\/\/franciscanos.org.br\/noticias"},{"@type":"ListItem","position":2,"name":"Aprender a fazer o bem com a\u00e7\u00f5es concretas"}]},{"@type":"Person","@id":"https:\/\/franciscanos.org.br\/noticias\/#\/schema\/person\/b38fbf43118f02820bd932f2e4b14ad3","name":"admin","image":{"@type":"ImageObject","inLanguage":"pt-BR","@id":"https:\/\/franciscanos.org.br\/noticias\/#\/schema\/person\/image\/","url":"https:\/\/secure.gravatar.com\/avatar\/e8495742d34d0ba6448ea1c628263b3e?s=96&d=mm&r=g","contentUrl":"https:\/\/secure.gravatar.com\/avatar\/e8495742d34d0ba6448ea1c628263b3e?s=96&d=mm&r=g","caption":"admin"},"url":"https:\/\/franciscanos.org.br\/noticias\/author\/admin"}]}},"_links":{"self":[{"href":"https:\/\/franciscanos.org.br\/noticias\/wp-json\/wp\/v2\/posts\/127891"}],"collection":[{"href":"https:\/\/franciscanos.org.br\/noticias\/wp-json\/wp\/v2\/posts"}],"about":[{"href":"https:\/\/franciscanos.org.br\/noticias\/wp-json\/wp\/v2\/types\/post"}],"author":[{"embeddable":true,"href":"https:\/\/franciscanos.org.br\/noticias\/wp-json\/wp\/v2\/users\/1"}],"replies":[{"embeddable":true,"href":"https:\/\/franciscanos.org.br\/noticias\/wp-json\/wp\/v2\/comments?post=127891"}],"version-history":[{"count":1,"href":"https:\/\/franciscanos.org.br\/noticias\/wp-json\/wp\/v2\/posts\/127891\/revisions"}],"predecessor-version":[{"id":225423,"href":"https:\/\/franciscanos.org.br\/noticias\/wp-json\/wp\/v2\/posts\/127891\/revisions\/225423"}],"wp:featuredmedia":[{"embeddable":true,"href":"https:\/\/franciscanos.org.br\/noticias\/wp-json\/wp\/v2\/media\/197352"}],"wp:attachment":[{"href":"https:\/\/franciscanos.org.br\/noticias\/wp-json\/wp\/v2\/media?parent=127891"}],"wp:term":[{"taxonomy":"category","embeddable":true,"href":"https:\/\/franciscanos.org.br\/noticias\/wp-json\/wp\/v2\/categories?post=127891"},{"taxonomy":"post_tag","embeddable":true,"href":"https:\/\/franciscanos.org.br\/noticias\/wp-json\/wp\/v2\/tags?post=127891"}],"curies":[{"name":"wp","href":"https:\/\/api.w.org\/{rel}","templated":true}]}}