{"id":12749,"date":"2012-03-06T11:28:38","date_gmt":"2012-03-06T14:28:38","guid":{"rendered":"http:\/\/new.franciscanos.org.br\/?p=12749"},"modified":"2019-09-13T14:02:54","modified_gmt":"2019-09-13T17:02:54","slug":"tema-da-amazonia-domina-reuniao-latino-americana-da-uclaf","status":"publish","type":"post","link":"https:\/\/franciscanos.org.br\/noticias\/tema-da-amazonia-domina-reuniao-latino-americana-da-uclaf.html","title":{"rendered":"Tema da Amaz\u00f4nia domina reuni\u00e3o latino-americana da UCLAF"},"content":{"rendered":"<p><a href=\"http:\/\/franciscanos.org.br\/wp-content\/uploads\/2012\/03\/jpic_g0603.jpg\"><img loading=\"lazy\" class=\"alignright size-full wp-image-12750\" title=\"Encontro da UCLAF\" src=\"http:\/\/franciscanos.org.br\/wp-content\/uploads\/2012\/03\/jpic_g0603.jpg\" alt=\"\" width=\"600\" height=\"450\" \/><\/a>Acolhidos pela Prov\u00edncia S\u00e3o Francisco de Assis de Quito, Equador, na casa Bethania da Confer\u00eancia Episcopal Equatoriana, do dia 1\u00ba a 4 de novembro de 2011,\u00a079 participantes estiveram reunidos no 2\u00ba Encontro Continental do Servi\u00e7o de Justi\u00e7a, Paz e Integridade da Cria\u00e7\u00e3o (JPIC). Eles foram convocados pelo Conselho Diretor da Confer\u00eancias Latino-Americanas dos Frades Menores (UCLAF) e a Oficina de JPIC de Roma.<\/p>\n<p>Durante o encontro, orientados e acompanhados por religiosos inseridos na realidade da Amaz\u00f4nia e por especialistas em justi\u00e7a ambiental, aquecimento global e teologia, religiosos e religiosas, leigos e leigas, representantes de v\u00e1rias institui\u00e7\u00f5es, entre elas a Franciscans International, participaram de uma serie de confer\u00eancias que despertaram a consci\u00eancia franciscana sobre temas de justi\u00e7a, paz e integridade da cria\u00e7\u00e3o, a partir da orienta\u00e7\u00e3o espiritual conforme o carisma franciscano e as Diretrizes das Constitui\u00e7\u00f5es Gerais e subs\u00eddios da Ordem Franciscana.<\/p>\n<p><em>\u00a0Objetivos propostos para o encontro:<\/em><\/p>\n<p>&#8211; Aprofundar as reflex\u00f5es sobre o tema &#8220;Justi\u00e7a Ambiental&#8221;<\/p>\n<p>&#8211; Sensibilizar as pessoas sobre a import\u00e2ncia da realidade amaz\u00f4nica na atual crise ecol\u00f3gica<\/p>\n<p>&#8211; Assumir os novos desafios da miss\u00e3o evangelizadora na Amaz\u00f4nia<\/p>\n<p>&#8211; Contribuir a partir dos valores de JPIC para o Projeto da Amaz\u00f4nia<\/p>\n<p>&#8211; Formar e animar os respons\u00e1veis de JPIC sobre os valores e atividades do servi\u00e7o<\/p>\n<p>Com o lema \u201cLouvados sejas, meu Senhor pela irm\u00e3 M\u00e3e terra com todas as criaturas\u201d e o tema \u201cJusti\u00e7a Ambiental e Desafios da Amaz\u00f4nia\u201d, o encontro se desenvolveu em dois momentos: O primeiro com relatos de experi\u00eancias de inser\u00e7\u00e3o de religiosos(as) de distintos carismas na Amaz\u00f4nia e com uma s\u00e9rie de confer\u00eancias de car\u00e1ter cientifico-teol\u00f3gico.<\/p>\n<p>No segundo momento, trabalhando em grupos e plen\u00e1rio, foram feitas revis\u00f5es nas Diretrizes da Ordem, a partir de experi\u00eancias das institui\u00e7\u00f5es e se definiram a\u00e7\u00f5es e compromissos para as institui\u00e7\u00f5es sobre o Projeto Amaz\u00f4nia.<\/p>\n<p>O Encontro foi conclu\u00eddo com a Celebra\u00e7\u00e3o Eucar\u00edstica presidida pelo Definidor Geral para Am\u00e9rica Latina, Frei Nestor In\u00e1cio Schwerz, com o compromisso de continuar assumindo o desafio na Amaz\u00f4nia.<\/p>\n<p><strong>\u00a0REUNI\u00c3O DOS ANIMADORES DE JPIC DA PROV\u00cdNCIA<\/strong><\/p>\n<p>Come\u00e7ou hoje (06) e termina amanh\u00e3 (07) a Reuni\u00e3o dos Animadores do Servi\u00e7o de Justi\u00e7a, Paz e Integridade da Cria\u00e7\u00e3o, que est\u00e1 acontecendo na Par\u00f3quia Santo Ant\u00f4nio do Pari, em S\u00e3o Paulo. Participam os representantes dos 12 regionais da Prov\u00edncia da Imaculada Concei\u00e7\u00e3o.<\/p>\n<p>Em pauta temas como a presen\u00e7a franciscana na Amaz\u00f4nia, a C\u00fapula dos Povos\/Rio+20, Economia Verde e a realiza\u00e7\u00e3o do Semin\u00e1rio \u201cFranciscan@s pela Justi\u00e7a Ambiental\u201d, que acontece no pr\u00f3ximo dia 24 de mar\u00e7o no Centro Franciscano, na Rua Riachuelo, 268, em S\u00e3o Paulo. O Servi\u00e7o de JPIC tem como miss\u00e3o despertar entre os frades a consci\u00eancia de que esse servi\u00e7o faz parte de nosso carisma, que, como franciscanos, somos defensores da esperan\u00e7a, da dignidade humana e da sacralidade de toda criatura, abertos ao ecumenismo e ao di\u00e1logo com as culturas.<\/p>\n","protected":false},"excerpt":{"rendered":"<p>JPIC<\/p>\n","protected":false},"author":1,"featured_media":210954,"comment_status":"closed","ping_status":"closed","sticky":false,"template":"","format":"standard","meta":[],"categories":[1],"tags":[201,202],"acf":[],"yoast_head":"<!-- This site is optimized with the Yoast SEO plugin v19.2 - https:\/\/yoast.com\/wordpress\/plugins\/seo\/ -->\n<title>Tema da Amaz\u00f4nia domina reuni\u00e3o latino-americana da UCLAF - Not\u00edcias - Franciscanos<\/title>\n<meta name=\"robots\" content=\"index, follow, max-snippet:-1, max-image-preview:large, max-video-preview:-1\" \/>\n<link rel=\"canonical\" href=\"https:\/\/franciscanos.org.br\/noticias\/tema-da-amazonia-domina-reuniao-latino-americana-da-uclaf.html\" \/>\n<meta property=\"og:locale\" content=\"pt_BR\" \/>\n<meta property=\"og:type\" content=\"article\" \/>\n<meta property=\"og:title\" content=\"Tema da Amaz\u00f4nia domina reuni\u00e3o latino-americana da UCLAF - Not\u00edcias - Franciscanos\" \/>\n<meta property=\"og:description\" content=\"JPIC\" \/>\n<meta property=\"og:url\" content=\"https:\/\/franciscanos.org.br\/noticias\/tema-da-amazonia-domina-reuniao-latino-americana-da-uclaf.html\" \/>\n<meta property=\"og:site_name\" content=\"Not\u00edcias - Franciscanos\" \/>\n<meta property=\"article:published_time\" content=\"2012-03-06T14:28:38+00:00\" \/>\n<meta property=\"article:modified_time\" content=\"2019-09-13T17:02:54+00:00\" \/>\n<meta property=\"og:image\" content=\"https:\/\/franciscanos.org.br\/noticias\/wp-content\/uploads\/2012\/03\/jpic_g0603.jpg\" \/>\n\t<meta property=\"og:image:width\" content=\"273\" \/>\n\t<meta property=\"og:image:height\" content=\"181\" \/>\n\t<meta property=\"og:image:type\" content=\"image\/jpeg\" \/>\n<meta name=\"author\" content=\"admin\" \/>\n<meta name=\"twitter:card\" content=\"summary_large_image\" \/>\n<meta name=\"twitter:label1\" content=\"Escrito por\" \/>\n\t<meta name=\"twitter:data1\" content=\"admin\" \/>\n\t<meta name=\"twitter:label2\" content=\"Est. tempo de leitura\" \/>\n\t<meta name=\"twitter:data2\" content=\"3 minutos\" \/>\n<script type=\"application\/ld+json\" class=\"yoast-schema-graph\">{\"@context\":\"https:\/\/schema.org\",\"@graph\":[{\"@type\":\"WebSite\",\"@id\":\"https:\/\/franciscanos.org.br\/noticias\/#website\",\"url\":\"https:\/\/franciscanos.org.br\/noticias\/\",\"name\":\"Not\u00edcias - Franciscanos\",\"description\":\"Prov\u00edncia Franciscana da Imaculada Concei\u00e7\u00e3o do Brasil - Ordem dos Frades Menores - OFM\",\"potentialAction\":[{\"@type\":\"SearchAction\",\"target\":{\"@type\":\"EntryPoint\",\"urlTemplate\":\"https:\/\/franciscanos.org.br\/noticias\/?s={search_term_string}\"},\"query-input\":\"required name=search_term_string\"}],\"inLanguage\":\"pt-BR\"},{\"@type\":\"ImageObject\",\"inLanguage\":\"pt-BR\",\"@id\":\"https:\/\/franciscanos.org.br\/noticias\/tema-da-amazonia-domina-reuniao-latino-americana-da-uclaf.html#primaryimage\",\"url\":\"https:\/\/franciscanos.org.br\/noticias\/wp-content\/uploads\/2012\/03\/jpic_g0603.jpg\",\"contentUrl\":\"https:\/\/franciscanos.org.br\/noticias\/wp-content\/uploads\/2012\/03\/jpic_g0603.jpg\",\"width\":273,\"height\":181},{\"@type\":\"WebPage\",\"@id\":\"https:\/\/franciscanos.org.br\/noticias\/tema-da-amazonia-domina-reuniao-latino-americana-da-uclaf.html#webpage\",\"url\":\"https:\/\/franciscanos.org.br\/noticias\/tema-da-amazonia-domina-reuniao-latino-americana-da-uclaf.html\",\"name\":\"Tema da Amaz\u00f4nia domina reuni\u00e3o latino-americana da UCLAF - Not\u00edcias - Franciscanos\",\"isPartOf\":{\"@id\":\"https:\/\/franciscanos.org.br\/noticias\/#website\"},\"primaryImageOfPage\":{\"@id\":\"https:\/\/franciscanos.org.br\/noticias\/tema-da-amazonia-domina-reuniao-latino-americana-da-uclaf.html#primaryimage\"},\"datePublished\":\"2012-03-06T14:28:38+00:00\",\"dateModified\":\"2019-09-13T17:02:54+00:00\",\"author\":{\"@id\":\"https:\/\/franciscanos.org.br\/noticias\/#\/schema\/person\/b38fbf43118f02820bd932f2e4b14ad3\"},\"breadcrumb\":{\"@id\":\"https:\/\/franciscanos.org.br\/noticias\/tema-da-amazonia-domina-reuniao-latino-americana-da-uclaf.html#breadcrumb\"},\"inLanguage\":\"pt-BR\",\"potentialAction\":[{\"@type\":\"ReadAction\",\"target\":[\"https:\/\/franciscanos.org.br\/noticias\/tema-da-amazonia-domina-reuniao-latino-americana-da-uclaf.html\"]}]},{\"@type\":\"BreadcrumbList\",\"@id\":\"https:\/\/franciscanos.org.br\/noticias\/tema-da-amazonia-domina-reuniao-latino-americana-da-uclaf.html#breadcrumb\",\"itemListElement\":[{\"@type\":\"ListItem\",\"position\":1,\"name\":\"Home\",\"item\":\"https:\/\/franciscanos.org.br\/noticias\"},{\"@type\":\"ListItem\",\"position\":2,\"name\":\"Tema da Amaz\u00f4nia domina reuni\u00e3o latino-americana da UCLAF\"}]},{\"@type\":\"Person\",\"@id\":\"https:\/\/franciscanos.org.br\/noticias\/#\/schema\/person\/b38fbf43118f02820bd932f2e4b14ad3\",\"name\":\"admin\",\"image\":{\"@type\":\"ImageObject\",\"inLanguage\":\"pt-BR\",\"@id\":\"https:\/\/franciscanos.org.br\/noticias\/#\/schema\/person\/image\/\",\"url\":\"https:\/\/secure.gravatar.com\/avatar\/e8495742d34d0ba6448ea1c628263b3e?s=96&d=mm&r=g\",\"contentUrl\":\"https:\/\/secure.gravatar.com\/avatar\/e8495742d34d0ba6448ea1c628263b3e?s=96&d=mm&r=g\",\"caption\":\"admin\"},\"url\":\"https:\/\/franciscanos.org.br\/noticias\/author\/admin\"}]}<\/script>\n<!-- \/ Yoast SEO plugin. -->","yoast_head_json":{"title":"Tema da Amaz\u00f4nia domina reuni\u00e3o latino-americana da UCLAF - Not\u00edcias - Franciscanos","robots":{"index":"index","follow":"follow","max-snippet":"max-snippet:-1","max-image-preview":"max-image-preview:large","max-video-preview":"max-video-preview:-1"},"canonical":"https:\/\/franciscanos.org.br\/noticias\/tema-da-amazonia-domina-reuniao-latino-americana-da-uclaf.html","og_locale":"pt_BR","og_type":"article","og_title":"Tema da Amaz\u00f4nia domina reuni\u00e3o latino-americana da UCLAF - Not\u00edcias - Franciscanos","og_description":"JPIC","og_url":"https:\/\/franciscanos.org.br\/noticias\/tema-da-amazonia-domina-reuniao-latino-americana-da-uclaf.html","og_site_name":"Not\u00edcias - Franciscanos","article_published_time":"2012-03-06T14:28:38+00:00","article_modified_time":"2019-09-13T17:02:54+00:00","og_image":[{"width":273,"height":181,"url":"https:\/\/franciscanos.org.br\/noticias\/wp-content\/uploads\/2012\/03\/jpic_g0603.jpg","type":"image\/jpeg"}],"author":"admin","twitter_card":"summary_large_image","twitter_misc":{"Escrito por":"admin","Est. tempo de leitura":"3 minutos"},"schema":{"@context":"https:\/\/schema.org","@graph":[{"@type":"WebSite","@id":"https:\/\/franciscanos.org.br\/noticias\/#website","url":"https:\/\/franciscanos.org.br\/noticias\/","name":"Not\u00edcias - Franciscanos","description":"Prov\u00edncia Franciscana da Imaculada Concei\u00e7\u00e3o do Brasil - Ordem dos Frades Menores - OFM","potentialAction":[{"@type":"SearchAction","target":{"@type":"EntryPoint","urlTemplate":"https:\/\/franciscanos.org.br\/noticias\/?s={search_term_string}"},"query-input":"required name=search_term_string"}],"inLanguage":"pt-BR"},{"@type":"ImageObject","inLanguage":"pt-BR","@id":"https:\/\/franciscanos.org.br\/noticias\/tema-da-amazonia-domina-reuniao-latino-americana-da-uclaf.html#primaryimage","url":"https:\/\/franciscanos.org.br\/noticias\/wp-content\/uploads\/2012\/03\/jpic_g0603.jpg","contentUrl":"https:\/\/franciscanos.org.br\/noticias\/wp-content\/uploads\/2012\/03\/jpic_g0603.jpg","width":273,"height":181},{"@type":"WebPage","@id":"https:\/\/franciscanos.org.br\/noticias\/tema-da-amazonia-domina-reuniao-latino-americana-da-uclaf.html#webpage","url":"https:\/\/franciscanos.org.br\/noticias\/tema-da-amazonia-domina-reuniao-latino-americana-da-uclaf.html","name":"Tema da Amaz\u00f4nia domina reuni\u00e3o latino-americana da UCLAF - Not\u00edcias - Franciscanos","isPartOf":{"@id":"https:\/\/franciscanos.org.br\/noticias\/#website"},"primaryImageOfPage":{"@id":"https:\/\/franciscanos.org.br\/noticias\/tema-da-amazonia-domina-reuniao-latino-americana-da-uclaf.html#primaryimage"},"datePublished":"2012-03-06T14:28:38+00:00","dateModified":"2019-09-13T17:02:54+00:00","author":{"@id":"https:\/\/franciscanos.org.br\/noticias\/#\/schema\/person\/b38fbf43118f02820bd932f2e4b14ad3"},"breadcrumb":{"@id":"https:\/\/franciscanos.org.br\/noticias\/tema-da-amazonia-domina-reuniao-latino-americana-da-uclaf.html#breadcrumb"},"inLanguage":"pt-BR","potentialAction":[{"@type":"ReadAction","target":["https:\/\/franciscanos.org.br\/noticias\/tema-da-amazonia-domina-reuniao-latino-americana-da-uclaf.html"]}]},{"@type":"BreadcrumbList","@id":"https:\/\/franciscanos.org.br\/noticias\/tema-da-amazonia-domina-reuniao-latino-americana-da-uclaf.html#breadcrumb","itemListElement":[{"@type":"ListItem","position":1,"name":"Home","item":"https:\/\/franciscanos.org.br\/noticias"},{"@type":"ListItem","position":2,"name":"Tema da Amaz\u00f4nia domina reuni\u00e3o latino-americana da UCLAF"}]},{"@type":"Person","@id":"https:\/\/franciscanos.org.br\/noticias\/#\/schema\/person\/b38fbf43118f02820bd932f2e4b14ad3","name":"admin","image":{"@type":"ImageObject","inLanguage":"pt-BR","@id":"https:\/\/franciscanos.org.br\/noticias\/#\/schema\/person\/image\/","url":"https:\/\/secure.gravatar.com\/avatar\/e8495742d34d0ba6448ea1c628263b3e?s=96&d=mm&r=g","contentUrl":"https:\/\/secure.gravatar.com\/avatar\/e8495742d34d0ba6448ea1c628263b3e?s=96&d=mm&r=g","caption":"admin"},"url":"https:\/\/franciscanos.org.br\/noticias\/author\/admin"}]}},"_links":{"self":[{"href":"https:\/\/franciscanos.org.br\/noticias\/wp-json\/wp\/v2\/posts\/12749"}],"collection":[{"href":"https:\/\/franciscanos.org.br\/noticias\/wp-json\/wp\/v2\/posts"}],"about":[{"href":"https:\/\/franciscanos.org.br\/noticias\/wp-json\/wp\/v2\/types\/post"}],"author":[{"embeddable":true,"href":"https:\/\/franciscanos.org.br\/noticias\/wp-json\/wp\/v2\/users\/1"}],"replies":[{"embeddable":true,"href":"https:\/\/franciscanos.org.br\/noticias\/wp-json\/wp\/v2\/comments?post=12749"}],"version-history":[{"count":0,"href":"https:\/\/franciscanos.org.br\/noticias\/wp-json\/wp\/v2\/posts\/12749\/revisions"}],"wp:featuredmedia":[{"embeddable":true,"href":"https:\/\/franciscanos.org.br\/noticias\/wp-json\/wp\/v2\/media\/210954"}],"wp:attachment":[{"href":"https:\/\/franciscanos.org.br\/noticias\/wp-json\/wp\/v2\/media?parent=12749"}],"wp:term":[{"taxonomy":"category","embeddable":true,"href":"https:\/\/franciscanos.org.br\/noticias\/wp-json\/wp\/v2\/categories?post=12749"},{"taxonomy":"post_tag","embeddable":true,"href":"https:\/\/franciscanos.org.br\/noticias\/wp-json\/wp\/v2\/tags?post=12749"}],"curies":[{"name":"wp","href":"https:\/\/api.w.org\/{rel}","templated":true}]}}