{"id":12742,"date":"2012-03-06T10:18:29","date_gmt":"2012-03-06T13:18:29","guid":{"rendered":"http:\/\/new.franciscanos.org.br\/?p=12742"},"modified":"2019-09-13T14:01:00","modified_gmt":"2019-09-13T17:01:00","slug":"cem-jovens-participam-de-reuniao-ampliada-da-pjf","status":"publish","type":"post","link":"https:\/\/franciscanos.org.br\/noticias\/cem-jovens-participam-de-reuniao-ampliada-da-pjf.html","title":{"rendered":"Cem jovens participam de reuni\u00e3o ampliada da PJF"},"content":{"rendered":"<p><a href=\"http:\/\/franciscanos.org.br\/wp-content\/uploads\/2012\/03\/curitiba_g0603.jpg\"><img loading=\"lazy\" class=\"alignright size-full wp-image-12743\" title=\"Encontro de Jovens\" src=\"http:\/\/franciscanos.org.br\/wp-content\/uploads\/2012\/03\/curitiba_g0603.jpg\" alt=\"\" width=\"500\" height=\"266\" \/><\/a> \u00a0No \u00faltimo dia 4, a Pastoral da Juventude Franciscana (PJF), da Par\u00f3quia Senhor Bom Jesus dos Perd\u00f5es, localizada no Centro de Curitiba, sediou a reuni\u00e3o ampliada da Pastoral da Juventude Arquidiocesana.<\/p>\n<p>O Evento contou com a presen\u00e7a de aproximadamente 100 jovens, representando diversas comunidades da Capital e Regi\u00e3o Metropolitana e de Frei Alexandre Verardi, que desde janeiro, vem acompanhando a caminhada da PJF.<\/p>\n<p>A abertura do encontro se deu \u00a0com a presen\u00e7a do artista popular Jo\u00e3o Bello, que utilizou da arte l\u00fadica e \u201cconta\u00e7\u00e3o de hist\u00f3rias\u201d para denunciar a opress\u00e3o, as desigualdades sociais, o preconceito e a marginaliza\u00e7\u00e3o de jovens e crian\u00e7as. Tamb\u00e9m trabalhou a motiva\u00e7\u00e3o da juventude para aproveitarem a vida como verdadeiros crist\u00e3os, al\u00e9m de conscientizar a todos sobre a influ\u00eancia negativa da m\u00eddia nos tempos atuais. Logo ap\u00f3s, houve \u00a0a m\u00edstica do Of\u00edcio Divino da Juventude, o qual\u00a0 regeu toda a reuni\u00e3o.<\/p>\n<p>Foram realizadas din\u00e2micas e debates com temas como:\u00a0 O que \u00e9 ser igreja jovem? O que a Pastoral da Juventude representa dentro dessa igreja?<\/p>\n<p><a href=\"http:\/\/franciscanos.org.br\/wp-content\/uploads\/2012\/03\/curitiba_2_g0603.jpg\"><img loading=\"lazy\" class=\"alignleft size-full wp-image-12744\" title=\"Pastoral da Juventude\" src=\"http:\/\/franciscanos.org.br\/wp-content\/uploads\/2012\/03\/curitiba_2_g0603.jpg\" alt=\"\" width=\"400\" height=\"300\" \/><\/a>\u00a0 Outro tema levantado foi a Jornada Mundial da Juventude 2013, onde foi feita uma introdu\u00e7\u00e3o por um integrante da PJF, Marcelo Marques, que esteve presente na JMJ de 2011, em Madri. Ap\u00f3s, teve discurs\u00e3o sobre como ser\u00e1 o envolvimento da Pastoral da Juventude \u00a0no inicio dos trabalhos que antecedem esse evento.<\/p>\n<p>Houve tamb\u00e9m a apresenta\u00e7\u00e3o do calend\u00e1rio da PJ Arquidiocesana para 2012 e o lan\u00e7amento do Subs\u00eddio de Estudo da PJ, com conte\u00fado formativo para novos l\u00edderes crist\u00e3os. O encerramento se deu com a participa\u00e7\u00e3o de todos os presentes na missa dos jovens.<\/p>\n<p>Esse evento tamb\u00e9m contribuiu para a consolida\u00e7\u00e3o da PJF, que, em abril de 2012, completa um ano de exist\u00eancia. Nesse per\u00edodo, o grupo cresceu de forma r\u00e1pida e organizada, assumindo seu espa\u00e7o na par\u00f3quia com a\u00e7\u00f5es e movimentos inovadores, \u00a0dividindo-se em frentes de trabalhos e assumindo v\u00e1rias responsabilidades, sempre com o apoio e orienta\u00e7\u00e3o do guardi\u00e3o Frei Alexandre Magno e dos demais frades respons\u00e1veis pela casa.<\/p>\n<p><em><strong>\u00a0Em nome da Pastoral da Juventude Franciscana, \u00a0Claudio Silva, Cristiano Rodrigo e M\u00e1rcia Salzano<\/strong><\/em><\/p>\n","protected":false},"excerpt":{"rendered":"<p>Em Curitiba<\/p>\n","protected":false},"author":1,"featured_media":210952,"comment_status":"closed","ping_status":"closed","sticky":false,"template":"","format":"standard","meta":[],"categories":[1],"tags":[197,198,199,200],"acf":[],"yoast_head":"<!-- This site is optimized with the Yoast SEO plugin v19.2 - https:\/\/yoast.com\/wordpress\/plugins\/seo\/ -->\n<title>Cem jovens participam de reuni\u00e3o ampliada da PJF - Not\u00edcias - Franciscanos<\/title>\n<meta name=\"robots\" content=\"index, follow, max-snippet:-1, max-image-preview:large, max-video-preview:-1\" \/>\n<link rel=\"canonical\" href=\"https:\/\/franciscanos.org.br\/noticias\/cem-jovens-participam-de-reuniao-ampliada-da-pjf.html\" \/>\n<meta property=\"og:locale\" content=\"pt_BR\" \/>\n<meta property=\"og:type\" content=\"article\" \/>\n<meta property=\"og:title\" content=\"Cem jovens participam de reuni\u00e3o ampliada da PJF - Not\u00edcias - Franciscanos\" \/>\n<meta property=\"og:description\" content=\"Em Curitiba\" \/>\n<meta property=\"og:url\" content=\"https:\/\/franciscanos.org.br\/noticias\/cem-jovens-participam-de-reuniao-ampliada-da-pjf.html\" \/>\n<meta property=\"og:site_name\" content=\"Not\u00edcias - Franciscanos\" \/>\n<meta property=\"article:published_time\" content=\"2012-03-06T13:18:29+00:00\" \/>\n<meta property=\"article:modified_time\" content=\"2019-09-13T17:01:00+00:00\" \/>\n<meta property=\"og:image\" content=\"https:\/\/franciscanos.org.br\/noticias\/wp-content\/uploads\/2012\/03\/curitiba_g0603.jpg\" \/>\n\t<meta property=\"og:image:width\" content=\"273\" \/>\n\t<meta property=\"og:image:height\" content=\"181\" \/>\n\t<meta property=\"og:image:type\" content=\"image\/jpeg\" \/>\n<meta name=\"author\" content=\"admin\" \/>\n<meta name=\"twitter:card\" content=\"summary_large_image\" \/>\n<meta name=\"twitter:label1\" content=\"Escrito por\" \/>\n\t<meta name=\"twitter:data1\" content=\"admin\" \/>\n\t<meta name=\"twitter:label2\" content=\"Est. tempo de leitura\" \/>\n\t<meta name=\"twitter:data2\" content=\"2 minutos\" \/>\n<script type=\"application\/ld+json\" class=\"yoast-schema-graph\">{\"@context\":\"https:\/\/schema.org\",\"@graph\":[{\"@type\":\"WebSite\",\"@id\":\"https:\/\/franciscanos.org.br\/noticias\/#website\",\"url\":\"https:\/\/franciscanos.org.br\/noticias\/\",\"name\":\"Not\u00edcias - Franciscanos\",\"description\":\"Prov\u00edncia Franciscana da Imaculada Concei\u00e7\u00e3o do Brasil - Ordem dos Frades Menores - OFM\",\"potentialAction\":[{\"@type\":\"SearchAction\",\"target\":{\"@type\":\"EntryPoint\",\"urlTemplate\":\"https:\/\/franciscanos.org.br\/noticias\/?s={search_term_string}\"},\"query-input\":\"required name=search_term_string\"}],\"inLanguage\":\"pt-BR\"},{\"@type\":\"ImageObject\",\"inLanguage\":\"pt-BR\",\"@id\":\"https:\/\/franciscanos.org.br\/noticias\/cem-jovens-participam-de-reuniao-ampliada-da-pjf.html#primaryimage\",\"url\":\"https:\/\/franciscanos.org.br\/noticias\/wp-content\/uploads\/2012\/03\/curitiba_g0603.jpg\",\"contentUrl\":\"https:\/\/franciscanos.org.br\/noticias\/wp-content\/uploads\/2012\/03\/curitiba_g0603.jpg\",\"width\":273,\"height\":181},{\"@type\":\"WebPage\",\"@id\":\"https:\/\/franciscanos.org.br\/noticias\/cem-jovens-participam-de-reuniao-ampliada-da-pjf.html#webpage\",\"url\":\"https:\/\/franciscanos.org.br\/noticias\/cem-jovens-participam-de-reuniao-ampliada-da-pjf.html\",\"name\":\"Cem jovens participam de reuni\u00e3o ampliada da PJF - Not\u00edcias - Franciscanos\",\"isPartOf\":{\"@id\":\"https:\/\/franciscanos.org.br\/noticias\/#website\"},\"primaryImageOfPage\":{\"@id\":\"https:\/\/franciscanos.org.br\/noticias\/cem-jovens-participam-de-reuniao-ampliada-da-pjf.html#primaryimage\"},\"datePublished\":\"2012-03-06T13:18:29+00:00\",\"dateModified\":\"2019-09-13T17:01:00+00:00\",\"author\":{\"@id\":\"https:\/\/franciscanos.org.br\/noticias\/#\/schema\/person\/b38fbf43118f02820bd932f2e4b14ad3\"},\"breadcrumb\":{\"@id\":\"https:\/\/franciscanos.org.br\/noticias\/cem-jovens-participam-de-reuniao-ampliada-da-pjf.html#breadcrumb\"},\"inLanguage\":\"pt-BR\",\"potentialAction\":[{\"@type\":\"ReadAction\",\"target\":[\"https:\/\/franciscanos.org.br\/noticias\/cem-jovens-participam-de-reuniao-ampliada-da-pjf.html\"]}]},{\"@type\":\"BreadcrumbList\",\"@id\":\"https:\/\/franciscanos.org.br\/noticias\/cem-jovens-participam-de-reuniao-ampliada-da-pjf.html#breadcrumb\",\"itemListElement\":[{\"@type\":\"ListItem\",\"position\":1,\"name\":\"Home\",\"item\":\"https:\/\/franciscanos.org.br\/noticias\"},{\"@type\":\"ListItem\",\"position\":2,\"name\":\"Cem jovens participam de reuni\u00e3o ampliada da PJF\"}]},{\"@type\":\"Person\",\"@id\":\"https:\/\/franciscanos.org.br\/noticias\/#\/schema\/person\/b38fbf43118f02820bd932f2e4b14ad3\",\"name\":\"admin\",\"image\":{\"@type\":\"ImageObject\",\"inLanguage\":\"pt-BR\",\"@id\":\"https:\/\/franciscanos.org.br\/noticias\/#\/schema\/person\/image\/\",\"url\":\"https:\/\/secure.gravatar.com\/avatar\/e8495742d34d0ba6448ea1c628263b3e?s=96&d=mm&r=g\",\"contentUrl\":\"https:\/\/secure.gravatar.com\/avatar\/e8495742d34d0ba6448ea1c628263b3e?s=96&d=mm&r=g\",\"caption\":\"admin\"},\"url\":\"https:\/\/franciscanos.org.br\/noticias\/author\/admin\"}]}<\/script>\n<!-- \/ Yoast SEO plugin. -->","yoast_head_json":{"title":"Cem jovens participam de reuni\u00e3o ampliada da PJF - Not\u00edcias - Franciscanos","robots":{"index":"index","follow":"follow","max-snippet":"max-snippet:-1","max-image-preview":"max-image-preview:large","max-video-preview":"max-video-preview:-1"},"canonical":"https:\/\/franciscanos.org.br\/noticias\/cem-jovens-participam-de-reuniao-ampliada-da-pjf.html","og_locale":"pt_BR","og_type":"article","og_title":"Cem jovens participam de reuni\u00e3o ampliada da PJF - Not\u00edcias - Franciscanos","og_description":"Em Curitiba","og_url":"https:\/\/franciscanos.org.br\/noticias\/cem-jovens-participam-de-reuniao-ampliada-da-pjf.html","og_site_name":"Not\u00edcias - Franciscanos","article_published_time":"2012-03-06T13:18:29+00:00","article_modified_time":"2019-09-13T17:01:00+00:00","og_image":[{"width":273,"height":181,"url":"https:\/\/franciscanos.org.br\/noticias\/wp-content\/uploads\/2012\/03\/curitiba_g0603.jpg","type":"image\/jpeg"}],"author":"admin","twitter_card":"summary_large_image","twitter_misc":{"Escrito por":"admin","Est. tempo de leitura":"2 minutos"},"schema":{"@context":"https:\/\/schema.org","@graph":[{"@type":"WebSite","@id":"https:\/\/franciscanos.org.br\/noticias\/#website","url":"https:\/\/franciscanos.org.br\/noticias\/","name":"Not\u00edcias - Franciscanos","description":"Prov\u00edncia Franciscana da Imaculada Concei\u00e7\u00e3o do Brasil - Ordem dos Frades Menores - OFM","potentialAction":[{"@type":"SearchAction","target":{"@type":"EntryPoint","urlTemplate":"https:\/\/franciscanos.org.br\/noticias\/?s={search_term_string}"},"query-input":"required name=search_term_string"}],"inLanguage":"pt-BR"},{"@type":"ImageObject","inLanguage":"pt-BR","@id":"https:\/\/franciscanos.org.br\/noticias\/cem-jovens-participam-de-reuniao-ampliada-da-pjf.html#primaryimage","url":"https:\/\/franciscanos.org.br\/noticias\/wp-content\/uploads\/2012\/03\/curitiba_g0603.jpg","contentUrl":"https:\/\/franciscanos.org.br\/noticias\/wp-content\/uploads\/2012\/03\/curitiba_g0603.jpg","width":273,"height":181},{"@type":"WebPage","@id":"https:\/\/franciscanos.org.br\/noticias\/cem-jovens-participam-de-reuniao-ampliada-da-pjf.html#webpage","url":"https:\/\/franciscanos.org.br\/noticias\/cem-jovens-participam-de-reuniao-ampliada-da-pjf.html","name":"Cem jovens participam de reuni\u00e3o ampliada da PJF - Not\u00edcias - Franciscanos","isPartOf":{"@id":"https:\/\/franciscanos.org.br\/noticias\/#website"},"primaryImageOfPage":{"@id":"https:\/\/franciscanos.org.br\/noticias\/cem-jovens-participam-de-reuniao-ampliada-da-pjf.html#primaryimage"},"datePublished":"2012-03-06T13:18:29+00:00","dateModified":"2019-09-13T17:01:00+00:00","author":{"@id":"https:\/\/franciscanos.org.br\/noticias\/#\/schema\/person\/b38fbf43118f02820bd932f2e4b14ad3"},"breadcrumb":{"@id":"https:\/\/franciscanos.org.br\/noticias\/cem-jovens-participam-de-reuniao-ampliada-da-pjf.html#breadcrumb"},"inLanguage":"pt-BR","potentialAction":[{"@type":"ReadAction","target":["https:\/\/franciscanos.org.br\/noticias\/cem-jovens-participam-de-reuniao-ampliada-da-pjf.html"]}]},{"@type":"BreadcrumbList","@id":"https:\/\/franciscanos.org.br\/noticias\/cem-jovens-participam-de-reuniao-ampliada-da-pjf.html#breadcrumb","itemListElement":[{"@type":"ListItem","position":1,"name":"Home","item":"https:\/\/franciscanos.org.br\/noticias"},{"@type":"ListItem","position":2,"name":"Cem jovens participam de reuni\u00e3o ampliada da PJF"}]},{"@type":"Person","@id":"https:\/\/franciscanos.org.br\/noticias\/#\/schema\/person\/b38fbf43118f02820bd932f2e4b14ad3","name":"admin","image":{"@type":"ImageObject","inLanguage":"pt-BR","@id":"https:\/\/franciscanos.org.br\/noticias\/#\/schema\/person\/image\/","url":"https:\/\/secure.gravatar.com\/avatar\/e8495742d34d0ba6448ea1c628263b3e?s=96&d=mm&r=g","contentUrl":"https:\/\/secure.gravatar.com\/avatar\/e8495742d34d0ba6448ea1c628263b3e?s=96&d=mm&r=g","caption":"admin"},"url":"https:\/\/franciscanos.org.br\/noticias\/author\/admin"}]}},"_links":{"self":[{"href":"https:\/\/franciscanos.org.br\/noticias\/wp-json\/wp\/v2\/posts\/12742"}],"collection":[{"href":"https:\/\/franciscanos.org.br\/noticias\/wp-json\/wp\/v2\/posts"}],"about":[{"href":"https:\/\/franciscanos.org.br\/noticias\/wp-json\/wp\/v2\/types\/post"}],"author":[{"embeddable":true,"href":"https:\/\/franciscanos.org.br\/noticias\/wp-json\/wp\/v2\/users\/1"}],"replies":[{"embeddable":true,"href":"https:\/\/franciscanos.org.br\/noticias\/wp-json\/wp\/v2\/comments?post=12742"}],"version-history":[{"count":0,"href":"https:\/\/franciscanos.org.br\/noticias\/wp-json\/wp\/v2\/posts\/12742\/revisions"}],"wp:featuredmedia":[{"embeddable":true,"href":"https:\/\/franciscanos.org.br\/noticias\/wp-json\/wp\/v2\/media\/210952"}],"wp:attachment":[{"href":"https:\/\/franciscanos.org.br\/noticias\/wp-json\/wp\/v2\/media?parent=12742"}],"wp:term":[{"taxonomy":"category","embeddable":true,"href":"https:\/\/franciscanos.org.br\/noticias\/wp-json\/wp\/v2\/categories?post=12742"},{"taxonomy":"post_tag","embeddable":true,"href":"https:\/\/franciscanos.org.br\/noticias\/wp-json\/wp\/v2\/tags?post=12742"}],"curies":[{"name":"wp","href":"https:\/\/api.w.org\/{rel}","templated":true}]}}