{"id":127412,"date":"2017-03-09T09:35:54","date_gmt":"2017-03-09T12:35:54","guid":{"rendered":"http:\/\/franciscanos.org.br\/?p=127412"},"modified":"2019-03-16T09:22:52","modified_gmt":"2019-03-16T12:22:52","slug":"romaria-frei-bruno-num-momento-especial-para-o-processo-da-causa-do-servo-de-deus","status":"publish","type":"post","link":"https:\/\/franciscanos.org.br\/noticias\/romaria-frei-bruno-num-momento-especial-para-o-processo-da-causa-do-servo-de-deus.html","title":{"rendered":"Caminhada Penitencial Frei Bruno num momento especial para a causa do Servo de Deus"},"content":{"rendered":"<p><img loading=\"lazy\" class=\"size-full wp-image-195589 alignleft\" src=\"https:\/\/franciscanos.org.br\/noticias\/wp-content\/uploads\/2017\/03\/romaria_220119.jpg\" alt=\"\" width=\"890\" height=\"668\" srcset=\"https:\/\/franciscanos.org.br\/noticias\/wp-content\/uploads\/2017\/03\/romaria_220119.jpg 890w, https:\/\/franciscanos.org.br\/noticias\/wp-content\/uploads\/2017\/03\/romaria_220119-450x338.jpg 450w, https:\/\/franciscanos.org.br\/noticias\/wp-content\/uploads\/2017\/03\/romaria_220119-768x576.jpg 768w, https:\/\/franciscanos.org.br\/noticias\/wp-content\/uploads\/2017\/03\/romaria_220119-150x113.jpg 150w\" sizes=\"(max-width: 890px) 100vw, 890px\" \/><\/p>\n<p><strong>Moacir Beggo<\/strong><\/p>\n<p>A Caminhada Penitencial Frei Bruno acontece neste domingo, 12 de mar\u00e7o, na cidade de Joa\u00e7aba, em Santa Catarina. Al\u00e9m de ser uma demonstra\u00e7\u00e3o de f\u00e9 e convers\u00e3o, sempre no segundo domingo da Quaresma, essa Caminhada tem a marca registrada da venera\u00e7\u00e3o ao Servo de Deus Frei Bruno Linden, um \u201csanto\u201d para os catarinenses, especialmente das regi\u00f5es que presenciaram as suas peregrina\u00e7\u00f5es no Oeste Catarinense. O momento tamb\u00e9m \u00e9 especial porque ser\u00e1 provavelmente a \u00faltima romaria antes da finaliza\u00e7\u00e3o do processo da Causa do Servo de Deus em n\u00edvel diocesano, e a expectativa do vice-postulador, Frei Est\u00eav\u00e3o Ottenbreit, \u00e9 que a conclus\u00e3o aconte\u00e7a at\u00e9 o final de outubro deste ano, quando completar\u00e1 4 anos desde a abertura do processo no dia 30 de outubro de 2013.<\/p>\n<p>Esta ser\u00e1 a 27\u00aa vez que a multid\u00e3o vai tomar as ruas de Joa\u00e7aba numa grande demonstra\u00e7\u00e3o de f\u00e9. Frei Est\u00eav\u00e3o, que agora reside em Roma, n\u00e3o participar\u00e1 desta Romaria, mas a Prov\u00edncia da Imaculada Concei\u00e7\u00e3o ser\u00e1 representada pelo Ministro Provincial, Frei Fid\u00eancio Vanboemmel, e o segundo vice-postulador no Brasil, Frei Alex Cianorscki, al\u00e9m de frades de todo o Regional do Oeste Catarinense e os novi\u00e7os da Fraternidade de Rodeio, cidade em que Frei Bruno viveu por muitos anos. Al\u00e9m dos frades, romarias de cidades vizinhas se juntam ao povo de Joa\u00e7aba e Luzerna no domingo a partir das 8 horas.<\/p>\n<p>No \u00faltimo dia 23 de janeiro, Frei Fid\u00eancio participou do encontro dos Ministros Provinciais e Cust\u00f3dios com o Governo Geral da Ordem dos Frades Menores em Roma. Ele conta que teve a gra\u00e7a, de naquele dia, visitar o espa\u00e7o onde trabalham o Postulador (Fr. Giovangiuseppe Califano OFM) e os Vice-postuladores da Ordem \u00a0no incans\u00e1vel trabalho de \u201cpostula\u00e7\u00e3o pela Causa dos Santos\u201d. \u201c\u00c9 encantador ver a organiza\u00e7\u00e3o e a grandeza desse trabalho que os confrades realizam na nossa C\u00faria Geral. Este espa\u00e7oso escrit\u00f3rio, com milhares de volumes e documentos encadernados, possui a tarefa de estudar, apresentar e seguir junto \u00e0s C\u00farias Diocesanas e a Santa S\u00e9 as causas de beatifica\u00e7\u00e3o e canoniza\u00e7\u00e3o daqueles ou daquelas (principalmente Franciscanos\/as ou pertencentes \u00e0 Fam\u00edlia Franciscana) que manifestaram ao longo da vida sinais concretos de santidade no exerc\u00edcio heroico de todas as virtudes. Quando Fr. Giovangiuseppe perguntou aos provinciais quem teria alguma pessoa em processo, imediatamente citei no nome de Frei Bruno Linden. E ele mesmo se recordou da Romaria Penitencial de Frei Bruno, da qual j\u00e1 participou.\u00a0 E pensei comigo: se Deus quiser, em breve aqui estar\u00e3o todos os documentos da composi\u00e7\u00e3o final do processo diocesano da Causa de Frei Bruno Linden\u201d, contou o Ministro Provincial.<\/p>\n<p>\u201cPor isso, ao realizarmos a 27\u00aa Romaria Penitencial, queremos pedir ao Pai da Miseric\u00f3rdia a gra\u00e7a da nossa convers\u00e3o e da penit\u00eancia. E ao mesmo tempo devemos interceder pelo bom \u00eaxito do Processo da Causa do Servo de Deus, Frei Bruno Linden\u201d, pediu o frade.<\/p>\n<h3><strong>A CAUSA DO SERVO DE DEUS FREI BRUNO<\/strong><\/h3>\n<p>Segundo Frei Est\u00eav\u00e3o, este \u00e9 um momento especial para os devotos de Frei Bruno com a conclus\u00e3o do processo diocesano. &#8220;Foi, e est\u00e1 sendo, muito trabalhosa esta etapa, que consiste em provar atrav\u00e9s de depoimentos que o candidato \u00e0 beatifica\u00e7\u00e3o praticou em grau heroico as virtudes crist\u00e3s. O mesmo aconteceu com o trabalho da comiss\u00e3o hist\u00f3rica, feito minuciosamente por Frei Clar\u00eancio Neotti, que culminou na publica\u00e7\u00e3o da biografia de Frei Bruno&#8221;, explica Frei Est\u00eav\u00e3o, revelando que a condu\u00e7\u00e3o dos trabalhos foi elogiada pelo Postulador da Ordem Franciscana, Frei Giovangiuseppe Califano.<\/p>\n<p>&#8220;Agora devemos fazer o trabalho minucioso para finalizar esse processo diocesano: enumerar todas as p\u00e1ginas e cuidar para que toda a documenta\u00e7\u00e3o esteja em ordem e cronologicamente correta&#8221;, explica Frei Est\u00eav\u00e3o, que \u00e9 guardi\u00e3o na Fraternidade do Antonianum de Roma e vir\u00e1 ao Brasil em julho para acompanhar os trabalhos desta etapa.<\/p>\n<p>Segundo o vice-postulador, no encerramento solene, as caixas ser\u00e3o lacradas e entregues na Congrega\u00e7\u00e3o para a Causa dos Santos, em Roma. &#8220;A Congrega\u00e7\u00e3o, ent\u00e3o, edita as folhas enviadas em um ou dois volumes e, aceitando a causa, declara Frei Bruno Vener\u00e1vel. Em seguida, \u00e9 redigida a &#8220;Positio&#8221; e impressa como livro. Trata-se, no fundo, de um resumo de todas as folhas anteriores (depoimentos e hist\u00f3ria)&#8221;, esclarece o frade.<\/p>\n<p>Segundo Frei Est\u00eav\u00e3o, receber o t\u00edtulo de Vener\u00e1vel \u00e9 a parte mais importante de uma causa de canoniza\u00e7\u00e3o, a mais trabalhosa e exigente. \u00c9 nesse processo que se estuda minuciosamente, at\u00e9 a exaust\u00e3o, toda a vida da pessoa, ou, no caso de mart\u00edrio, todas as circunst\u00e2ncias do mesmo. Al\u00e9m da vida e das virtudes, analisa-se tamb\u00e9m se essa pessoa tem realmente &#8216;fama de santidade&#8217;. A partir do decreto de Vener\u00e1vel, a Congrega\u00e7\u00e3o para a Causa dos Santos n\u00e3o vai mais examinar a vida e os atos de um Servo de Deus, se ele viveu realmente como um exemplo de crist\u00e3o ou n\u00e3o, se pode ser Venerado pelos fi\u00e9is, ou se foi realmente um m\u00e1rtir pela f\u00e9 em Cristo. Tamb\u00e9m o que ele escreveu ou ensinou n\u00e3o \u00e9 mais objeto de estudo ou julgamento, frisa Frei Est\u00eav\u00e3o. A quest\u00e3o agora, refor\u00e7a o frade, \u00e9 o milagre pela intercess\u00e3o de Frei Bruno, que traz de volta o processo em n\u00edvel diocesano, recolhendo documenta\u00e7\u00e3o do antes, durante e depois da cura.<\/p>\n<p>&#8220;Essa demonstra\u00e7\u00e3o de f\u00e9 e piedade do povo, que \u00e9 vista todo ano na Caminhada, \u00e9 muito importante neste momento para que Deus nos d\u00ea um sinal comprovando a santidade de Frei Bruno&#8221;, refor\u00e7a Frei Est\u00eav\u00e3o, lembrando que na Congrega\u00e7\u00e3o dos Santos h\u00e1 milhares de processos \u00e0 espera de um milagre. \u201cDevemos distinguir um verdadeiro milagre de gra\u00e7as alcan\u00e7adas, que por sinal s\u00e3o muitas no caso de Frei Bruno\u201d, observa o vice-postulador da causa.<\/p>\n<p>Quanto aos custos deste processo, Frei Est\u00eav\u00e3o explica, aliviado, que hoje o Papa Francisco publicou uma tabela de custos, tornando o processo menos oneroso e mais transparente para o povo.<\/p>\n<h3><strong>AS ETAPAS CUMPRIDAS AT\u00c9 AGORA<\/strong><\/h3>\n<p><em>Desde a abertura do processo diocesano com a instala\u00e7\u00e3o do Tribunal eclesi\u00e1stico pelo bispo diocesano D. M\u00e1rio Marquez, foram dados os seguintes passos:<\/em><\/p>\n<p style=\"padding-left: 30px;\"><strong>01<\/strong> \u2013 D. Mario Marquez aceita o pedido de abertura da Causa do Servo de Deus feito pela autora Prov\u00edncia Franciscana da Imaculada Concei\u00e7\u00e3o (29\/06\/2011);<br \/>\n<strong>02 <\/strong>\u2013 A Prov\u00edncia nomeia o Postulador da Causa Frei Giovangiuseppe Califano, e vice-postuladores Frei Est\u00eav\u00e3o Ottenbreit e Frei Alex Cianorscki; o postulador se surpreende com a multid\u00e3o na Romaria Frei Bruno em 2012;<br \/>\n<strong>03<\/strong> \u2013 Investiga\u00e7\u00e3o sobre a vida do candidato, nomeando a comiss\u00e3o hist\u00f3rica sob a coordena\u00e7\u00e3o do Frei Clarencio Neotti em fevereiro de 2012;<br \/>\n<strong>04 <\/strong>\u2013 O Bispo solicita o nada obsta \u2013 nihil obstat \u2013 \u00e0 Santa S\u00e9. (8\/12\/2012);<br \/>\n<strong>05 <\/strong>\u2013 A Congrega\u00e7\u00e3o para a Causa dos Santos concede o nada obsta e titulo Servo de Deus (7\/5\/2013);<br \/>\n<strong>06 <\/strong>\u2013 Institui\u00e7\u00e3o do Tribunal da Vida e Virtudes do Servo de Deus, com nomea\u00e7\u00e3o do juiz delegado do bispo, promotor de justi\u00e7a e not\u00e1rio atu\u00e1rio. (30\/10\/2013);<br \/>\n<strong>07<\/strong> &#8211;\u00a0 Lan\u00e7amento da biografia \u201cFrei Bruno Linden, tudo para todos\u201d \u2013 02\/2014);<br \/>\n<strong>08 <\/strong>\u2013 Encerramento do Processo de vida e virtudes (com previs\u00e3o para outubro).<\/p>\n","protected":false},"excerpt":{"rendered":"<p>Especial<\/p>\n","protected":false},"author":1,"featured_media":201508,"comment_status":"open","ping_status":"open","sticky":false,"template":"","format":"standard","meta":[],"categories":[1],"tags":[873,193],"acf":[],"yoast_head":"<!-- This site is optimized with the Yoast SEO plugin v19.2 - https:\/\/yoast.com\/wordpress\/plugins\/seo\/ -->\n<title>Caminhada Penitencial Frei Bruno num momento especial para a causa do Servo de Deus - Not\u00edcias - Franciscanos<\/title>\n<meta name=\"robots\" content=\"index, follow, max-snippet:-1, max-image-preview:large, max-video-preview:-1\" \/>\n<link rel=\"canonical\" href=\"https:\/\/franciscanos.org.br\/noticias\/romaria-frei-bruno-num-momento-especial-para-o-processo-da-causa-do-servo-de-deus.html\" \/>\n<meta property=\"og:locale\" content=\"pt_BR\" \/>\n<meta property=\"og:type\" content=\"article\" \/>\n<meta property=\"og:title\" content=\"Caminhada Penitencial Frei Bruno num momento especial para a causa do Servo de Deus - Not\u00edcias - Franciscanos\" \/>\n<meta property=\"og:description\" content=\"Especial\" \/>\n<meta property=\"og:url\" content=\"https:\/\/franciscanos.org.br\/noticias\/romaria-frei-bruno-num-momento-especial-para-o-processo-da-causa-do-servo-de-deus.html\" \/>\n<meta property=\"og:site_name\" content=\"Not\u00edcias - Franciscanos\" \/>\n<meta property=\"article:published_time\" content=\"2017-03-09T12:35:54+00:00\" \/>\n<meta property=\"article:modified_time\" content=\"2019-03-16T12:22:52+00:00\" \/>\n<meta property=\"og:image\" content=\"https:\/\/franciscanos.org.br\/noticias\/wp-content\/uploads\/2017\/03\/caminhada_frei_bruno.jpg\" \/>\n\t<meta property=\"og:image:width\" content=\"273\" \/>\n\t<meta property=\"og:image:height\" content=\"181\" \/>\n\t<meta property=\"og:image:type\" content=\"image\/jpeg\" \/>\n<meta name=\"author\" content=\"admin\" \/>\n<meta name=\"twitter:card\" content=\"summary_large_image\" \/>\n<meta name=\"twitter:label1\" content=\"Escrito por\" \/>\n\t<meta name=\"twitter:data1\" content=\"admin\" \/>\n\t<meta name=\"twitter:label2\" content=\"Est. tempo de leitura\" \/>\n\t<meta name=\"twitter:data2\" content=\"6 minutos\" \/>\n<script type=\"application\/ld+json\" class=\"yoast-schema-graph\">{\"@context\":\"https:\/\/schema.org\",\"@graph\":[{\"@type\":\"WebSite\",\"@id\":\"https:\/\/franciscanos.org.br\/noticias\/#website\",\"url\":\"https:\/\/franciscanos.org.br\/noticias\/\",\"name\":\"Not\u00edcias - Franciscanos\",\"description\":\"Prov\u00edncia Franciscana da Imaculada Concei\u00e7\u00e3o do Brasil - Ordem dos Frades Menores - OFM\",\"potentialAction\":[{\"@type\":\"SearchAction\",\"target\":{\"@type\":\"EntryPoint\",\"urlTemplate\":\"https:\/\/franciscanos.org.br\/noticias\/?s={search_term_string}\"},\"query-input\":\"required name=search_term_string\"}],\"inLanguage\":\"pt-BR\"},{\"@type\":\"ImageObject\",\"inLanguage\":\"pt-BR\",\"@id\":\"https:\/\/franciscanos.org.br\/noticias\/romaria-frei-bruno-num-momento-especial-para-o-processo-da-causa-do-servo-de-deus.html#primaryimage\",\"url\":\"https:\/\/franciscanos.org.br\/noticias\/wp-content\/uploads\/2017\/03\/caminhada_frei_bruno.jpg\",\"contentUrl\":\"https:\/\/franciscanos.org.br\/noticias\/wp-content\/uploads\/2017\/03\/caminhada_frei_bruno.jpg\",\"width\":273,\"height\":181},{\"@type\":\"WebPage\",\"@id\":\"https:\/\/franciscanos.org.br\/noticias\/romaria-frei-bruno-num-momento-especial-para-o-processo-da-causa-do-servo-de-deus.html#webpage\",\"url\":\"https:\/\/franciscanos.org.br\/noticias\/romaria-frei-bruno-num-momento-especial-para-o-processo-da-causa-do-servo-de-deus.html\",\"name\":\"Caminhada Penitencial Frei Bruno num momento especial para a causa do Servo de Deus - Not\u00edcias - Franciscanos\",\"isPartOf\":{\"@id\":\"https:\/\/franciscanos.org.br\/noticias\/#website\"},\"primaryImageOfPage\":{\"@id\":\"https:\/\/franciscanos.org.br\/noticias\/romaria-frei-bruno-num-momento-especial-para-o-processo-da-causa-do-servo-de-deus.html#primaryimage\"},\"datePublished\":\"2017-03-09T12:35:54+00:00\",\"dateModified\":\"2019-03-16T12:22:52+00:00\",\"author\":{\"@id\":\"https:\/\/franciscanos.org.br\/noticias\/#\/schema\/person\/b38fbf43118f02820bd932f2e4b14ad3\"},\"breadcrumb\":{\"@id\":\"https:\/\/franciscanos.org.br\/noticias\/romaria-frei-bruno-num-momento-especial-para-o-processo-da-causa-do-servo-de-deus.html#breadcrumb\"},\"inLanguage\":\"pt-BR\",\"potentialAction\":[{\"@type\":\"ReadAction\",\"target\":[\"https:\/\/franciscanos.org.br\/noticias\/romaria-frei-bruno-num-momento-especial-para-o-processo-da-causa-do-servo-de-deus.html\"]}]},{\"@type\":\"BreadcrumbList\",\"@id\":\"https:\/\/franciscanos.org.br\/noticias\/romaria-frei-bruno-num-momento-especial-para-o-processo-da-causa-do-servo-de-deus.html#breadcrumb\",\"itemListElement\":[{\"@type\":\"ListItem\",\"position\":1,\"name\":\"Home\",\"item\":\"https:\/\/franciscanos.org.br\/noticias\"},{\"@type\":\"ListItem\",\"position\":2,\"name\":\"Caminhada Penitencial Frei Bruno num momento especial para a causa do Servo de Deus\"}]},{\"@type\":\"Person\",\"@id\":\"https:\/\/franciscanos.org.br\/noticias\/#\/schema\/person\/b38fbf43118f02820bd932f2e4b14ad3\",\"name\":\"admin\",\"image\":{\"@type\":\"ImageObject\",\"inLanguage\":\"pt-BR\",\"@id\":\"https:\/\/franciscanos.org.br\/noticias\/#\/schema\/person\/image\/\",\"url\":\"https:\/\/secure.gravatar.com\/avatar\/e8495742d34d0ba6448ea1c628263b3e?s=96&d=mm&r=g\",\"contentUrl\":\"https:\/\/secure.gravatar.com\/avatar\/e8495742d34d0ba6448ea1c628263b3e?s=96&d=mm&r=g\",\"caption\":\"admin\"},\"url\":\"https:\/\/franciscanos.org.br\/noticias\/author\/admin\"}]}<\/script>\n<!-- \/ Yoast SEO plugin. -->","yoast_head_json":{"title":"Caminhada Penitencial Frei Bruno num momento especial para a causa do Servo de Deus - Not\u00edcias - Franciscanos","robots":{"index":"index","follow":"follow","max-snippet":"max-snippet:-1","max-image-preview":"max-image-preview:large","max-video-preview":"max-video-preview:-1"},"canonical":"https:\/\/franciscanos.org.br\/noticias\/romaria-frei-bruno-num-momento-especial-para-o-processo-da-causa-do-servo-de-deus.html","og_locale":"pt_BR","og_type":"article","og_title":"Caminhada Penitencial Frei Bruno num momento especial para a causa do Servo de Deus - Not\u00edcias - Franciscanos","og_description":"Especial","og_url":"https:\/\/franciscanos.org.br\/noticias\/romaria-frei-bruno-num-momento-especial-para-o-processo-da-causa-do-servo-de-deus.html","og_site_name":"Not\u00edcias - Franciscanos","article_published_time":"2017-03-09T12:35:54+00:00","article_modified_time":"2019-03-16T12:22:52+00:00","og_image":[{"width":273,"height":181,"url":"https:\/\/franciscanos.org.br\/noticias\/wp-content\/uploads\/2017\/03\/caminhada_frei_bruno.jpg","type":"image\/jpeg"}],"author":"admin","twitter_card":"summary_large_image","twitter_misc":{"Escrito por":"admin","Est. tempo de leitura":"6 minutos"},"schema":{"@context":"https:\/\/schema.org","@graph":[{"@type":"WebSite","@id":"https:\/\/franciscanos.org.br\/noticias\/#website","url":"https:\/\/franciscanos.org.br\/noticias\/","name":"Not\u00edcias - Franciscanos","description":"Prov\u00edncia Franciscana da Imaculada Concei\u00e7\u00e3o do Brasil - Ordem dos Frades Menores - OFM","potentialAction":[{"@type":"SearchAction","target":{"@type":"EntryPoint","urlTemplate":"https:\/\/franciscanos.org.br\/noticias\/?s={search_term_string}"},"query-input":"required name=search_term_string"}],"inLanguage":"pt-BR"},{"@type":"ImageObject","inLanguage":"pt-BR","@id":"https:\/\/franciscanos.org.br\/noticias\/romaria-frei-bruno-num-momento-especial-para-o-processo-da-causa-do-servo-de-deus.html#primaryimage","url":"https:\/\/franciscanos.org.br\/noticias\/wp-content\/uploads\/2017\/03\/caminhada_frei_bruno.jpg","contentUrl":"https:\/\/franciscanos.org.br\/noticias\/wp-content\/uploads\/2017\/03\/caminhada_frei_bruno.jpg","width":273,"height":181},{"@type":"WebPage","@id":"https:\/\/franciscanos.org.br\/noticias\/romaria-frei-bruno-num-momento-especial-para-o-processo-da-causa-do-servo-de-deus.html#webpage","url":"https:\/\/franciscanos.org.br\/noticias\/romaria-frei-bruno-num-momento-especial-para-o-processo-da-causa-do-servo-de-deus.html","name":"Caminhada Penitencial Frei Bruno num momento especial para a causa do Servo de Deus - Not\u00edcias - Franciscanos","isPartOf":{"@id":"https:\/\/franciscanos.org.br\/noticias\/#website"},"primaryImageOfPage":{"@id":"https:\/\/franciscanos.org.br\/noticias\/romaria-frei-bruno-num-momento-especial-para-o-processo-da-causa-do-servo-de-deus.html#primaryimage"},"datePublished":"2017-03-09T12:35:54+00:00","dateModified":"2019-03-16T12:22:52+00:00","author":{"@id":"https:\/\/franciscanos.org.br\/noticias\/#\/schema\/person\/b38fbf43118f02820bd932f2e4b14ad3"},"breadcrumb":{"@id":"https:\/\/franciscanos.org.br\/noticias\/romaria-frei-bruno-num-momento-especial-para-o-processo-da-causa-do-servo-de-deus.html#breadcrumb"},"inLanguage":"pt-BR","potentialAction":[{"@type":"ReadAction","target":["https:\/\/franciscanos.org.br\/noticias\/romaria-frei-bruno-num-momento-especial-para-o-processo-da-causa-do-servo-de-deus.html"]}]},{"@type":"BreadcrumbList","@id":"https:\/\/franciscanos.org.br\/noticias\/romaria-frei-bruno-num-momento-especial-para-o-processo-da-causa-do-servo-de-deus.html#breadcrumb","itemListElement":[{"@type":"ListItem","position":1,"name":"Home","item":"https:\/\/franciscanos.org.br\/noticias"},{"@type":"ListItem","position":2,"name":"Caminhada Penitencial Frei Bruno num momento especial para a causa do Servo de Deus"}]},{"@type":"Person","@id":"https:\/\/franciscanos.org.br\/noticias\/#\/schema\/person\/b38fbf43118f02820bd932f2e4b14ad3","name":"admin","image":{"@type":"ImageObject","inLanguage":"pt-BR","@id":"https:\/\/franciscanos.org.br\/noticias\/#\/schema\/person\/image\/","url":"https:\/\/secure.gravatar.com\/avatar\/e8495742d34d0ba6448ea1c628263b3e?s=96&d=mm&r=g","contentUrl":"https:\/\/secure.gravatar.com\/avatar\/e8495742d34d0ba6448ea1c628263b3e?s=96&d=mm&r=g","caption":"admin"},"url":"https:\/\/franciscanos.org.br\/noticias\/author\/admin"}]}},"_links":{"self":[{"href":"https:\/\/franciscanos.org.br\/noticias\/wp-json\/wp\/v2\/posts\/127412"}],"collection":[{"href":"https:\/\/franciscanos.org.br\/noticias\/wp-json\/wp\/v2\/posts"}],"about":[{"href":"https:\/\/franciscanos.org.br\/noticias\/wp-json\/wp\/v2\/types\/post"}],"author":[{"embeddable":true,"href":"https:\/\/franciscanos.org.br\/noticias\/wp-json\/wp\/v2\/users\/1"}],"replies":[{"embeddable":true,"href":"https:\/\/franciscanos.org.br\/noticias\/wp-json\/wp\/v2\/comments?post=127412"}],"version-history":[{"count":0,"href":"https:\/\/franciscanos.org.br\/noticias\/wp-json\/wp\/v2\/posts\/127412\/revisions"}],"wp:featuredmedia":[{"embeddable":true,"href":"https:\/\/franciscanos.org.br\/noticias\/wp-json\/wp\/v2\/media\/201508"}],"wp:attachment":[{"href":"https:\/\/franciscanos.org.br\/noticias\/wp-json\/wp\/v2\/media?parent=127412"}],"wp:term":[{"taxonomy":"category","embeddable":true,"href":"https:\/\/franciscanos.org.br\/noticias\/wp-json\/wp\/v2\/categories?post=127412"},{"taxonomy":"post_tag","embeddable":true,"href":"https:\/\/franciscanos.org.br\/noticias\/wp-json\/wp\/v2\/tags?post=127412"}],"curies":[{"name":"wp","href":"https:\/\/api.w.org\/{rel}","templated":true}]}}