{"id":127405,"date":"2017-03-09T07:49:30","date_gmt":"2017-03-09T10:49:30","guid":{"rendered":"http:\/\/franciscanos.org.br\/?p=127405"},"modified":"2019-01-29T09:03:35","modified_gmt":"2019-01-29T11:03:35","slug":"campanha-lembra-um-ano-da-morte-de-frei-antonio-moser","status":"publish","type":"post","link":"https:\/\/franciscanos.org.br\/noticias\/campanha-lembra-um-ano-da-morte-de-frei-antonio-moser.html","title":{"rendered":"Campanha lembra um ano da morte de Frei Ant\u00f4nio Moser"},"content":{"rendered":"<p><strong><img loading=\"lazy\" class=\" wp-image-127406 alignleft\" src=\"http:\/\/franciscanos.org.br\/wp-content\/uploads\/2017\/03\/moser_090317.jpg\" alt=\"moser_090317\" width=\"449\" height=\"448\" \/><\/strong>Nesta\u00a0<strong>quinta-feira<\/strong>, dia <strong>09 de mar\u00e7o<\/strong>, completa <strong>um ano<\/strong> que <strong>Frei Ant\u00f4nio Moser<\/strong> foi baleado e morto numa tentativa de assalto na Rodovia Washington Luiz. At\u00e9 o presente momento n\u00e3o existem informa\u00e7\u00f5es oficiais sobre a captura dos suspeitos, bem como informa\u00e7\u00f5es precisas sobre o andamento do caso.<strong>\u00a0<\/strong><\/p>\n<p>A aus\u00eancia de Frei Ant\u00f4nio Moser \u00e9 sentida diariamente na vida de todos os que tiveram a oportunidade de conviver com o frade, que al\u00e9m de grande te\u00f3logo, era um pastor de seus paroquianos e um excepcional administrador das obras da Igreja Cat\u00f3lica.<\/p>\n<p><strong>Frei Ant\u00f4nio Moser<\/strong> nasceu em Gaspar \u2013 Santa Catarina no dia 29 de agosto de 1939, fruto da uni\u00e3o de Elisabeth e Angelo Moser. Em dezembro de 1959, vestiu o h\u00e1bito franciscano e foi ordenado sacerdote no dia 15 de dezembro de 1965, comemorando os 50 anos de sacerd\u00f3cio em 2015. Considerado um dos mais importantes te\u00f3logos do mundo, no ano de 2015, foi convidado pelo Papa Francisco a participar da XIV Assembleia Extraordin\u00e1ria do S\u00ednodo dos Bispos realizada na cidade do Vaticano, em Roma. O encontro reuniu 270 pessoas de todo o mundo, entre Bispos e Assessores destes, onze brasileiros. Ele fez parte da Secretaria Especial, com dois Cardeais, quatro Bispos e quatro leigos.<\/p>\n<p>O convite para o S\u00ednodo o pegou de surpresa e, no in\u00edcio, ele n\u00e3o acreditou. \u201cNo in\u00edcio, pensei que fosse brincadeira. Foi uma experi\u00eancia extraordin\u00e1ria. Ali estavam presentes 270 bispos do mundo inteiro, representantes de Igrejas crist\u00e3s n\u00e3o cat\u00f3licas, leigos, discutindo com toda a liberdade, representantes de tantas culturas e ritos diferentes, que parecia um verdadeiro Pentecostes\u201d, pontuou Frei Ant\u00f4nio Moser na \u00e9poca do convite.<\/p>\n<p>Frei Moser estudou Filosofia e Teologia em Petr\u00f3polis\/RJ, em seguida cursou a licenciatura em Teologia em Lyon &#8211; Fran\u00e7a e doutorou-se em Teologia, com especializa\u00e7\u00e3o em Moral, na Academia Alfonsianum &#8211; Roma, com a tese doutoral: \u201cO compromisso do crist\u00e3o com o mundo na teologia de M.D. Chenu\u201d, obtendo Summa cum laude.<\/p>\n<p>Durante 10 anos lecionou Teologia Patr\u00edstica, foi professor na Pontif\u00edcia Universidade Cat\u00f3lica (PUC) do Rio de Janeiro, lecionando na gradua\u00e7\u00e3o e na p\u00f3s-gradua\u00e7\u00e3o, al\u00e9m de ter passagens como professor convidado na Universidade Cat\u00f3lica de Lisboa \u2013 Portugal e na Universidade de Berkeley &#8211; Calif\u00f3rnia. \u00c9 autor de 27 livros, v\u00e1rios deles traduzidos para outras l\u00ednguas, participou como coautor e colaborador de in\u00fameros t\u00edtulos e publicou incont\u00e1veis artigos espalhados por revistas nacionais e internacionais.<\/p>\n<p>Construiu quinze comunidades de f\u00e9, algumas na Baixada Fluminense e outras em Petr\u00f3polis, era Diretor Presidente da Editora Vozes, Diretor do Centro Educacional Terra Santa, professor de Teologia Moral e Bio\u00e9tica no ITF &#8211; Instituto Teol\u00f3gico Franciscano, P\u00e1roco da Igreja de Santa Clara, al\u00e9m de conferencista no Brasil e no exterior.<\/p>\n<p>Para os que atuavam diretamente com Frei Ant\u00f4nio Moser, a passagem de um ano de aus\u00eancia dele n\u00e3o poderia ser ignorada ou mesmo lembrada apenas de forma simb\u00f3lica. \u201cFrei Ant\u00f4nio Moser era singular na sua forma de seguir os pedidos de Deus. Ele era pr\u00e1tico, \u00e1gil e sempre trabalhou para salvar vidas, seja atrav\u00e9s da convers\u00e3o na f\u00e9, pela educa\u00e7\u00e3o ou atrav\u00e9s de programas sociais. A ideia de criar uma campanha social, que tem como meta primordial salvar vidas, nasceu no cora\u00e7\u00e3o do Centro Educacional Terra Santa e de toda a equipe que trabalhava diretamente com Moser e tem como meta ajudar a todos a transformar a saudade que sentimos em vida\u201d, declarou Carla Coelho, jornalista que atuou na Assessoria de Imprensa de Moser por quase 15 anos.<\/p>\n<h3>A programa\u00e7\u00e3o em mem\u00f3ria de Frei Ant\u00f4nio Moser \u00e9 composta por m\u00faltiplas atividades:<\/h3>\n<p><strong>09 de mar\u00e7o de 2017 \u2013 quinta-feira \u2013 9h<\/strong><\/p>\n<p style=\"padding-left: 30px;\">Atividade: Homenagem simb\u00f3lica com coloca\u00e7\u00e3o de Coroa de Flores no busto de Frei Ant\u00f4nio Moser.<\/p>\n<p style=\"padding-left: 30px;\">Local: Centro Administrativo Frei Ant\u00f4nio Moser<\/p>\n<p style=\"padding-left: 30px;\">Avenida Bar\u00e3o do Rio Branco, 2846<\/p>\n<p style=\"padding-left: 30px;\">Centro \u2013 Petr\u00f3polis\/ RJ<\/p>\n<p><strong>09 de mar\u00e7o de 2017 \u2013 quinta-feira \u2013 14h<\/strong><\/p>\n<p style=\"padding-left: 30px;\">Atividade: Missa solene em mem\u00f3ria pelo 1\u00ba ano de aus\u00eancia de Frei Ant\u00f4nio Moser, celebrada por Frei Lu\u00eds Fl\u00e1vio.<\/p>\n<p style=\"padding-left: 30px;\">Local: Comunidade da Imaculada Concei\u00e7\u00e3o<\/p>\n<p style=\"padding-left: 30px;\">Rua Monsenhor Bacelar, 590<\/p>\n<p style=\"padding-left: 30px;\">Valpara\u00edso \u2013 Petr\u00f3polis\/ RJ<\/p>\n<p><strong>09 de mar\u00e7o de 2017 \u2013 quinta-feira \u2013 18h<\/strong><\/p>\n<p style=\"padding-left: 30px;\">Atividade: Missa solene em mem\u00f3ria pelo 1\u00ba ano de aus\u00eancia de Frei Ant\u00f4nio Moser.<\/p>\n<p style=\"padding-left: 30px;\">Local: Par\u00f3quia do Sagrado Cora\u00e7\u00e3o de Jesus<\/p>\n<p style=\"padding-left: 30px;\">Rua Montecaseros, 95<\/p>\n<p style=\"padding-left: 30px;\">Centro \u2013 Petr\u00f3polis\/ RJ<\/p>\n<p><strong>09 de mar\u00e7o de 2017 \u2013 quinta-feira \u2013 19h30<\/strong><\/p>\n<p style=\"padding-left: 30px;\">Atividade: Missa solene em mem\u00f3ria pelo 1\u00ba ano de aus\u00eancia de Frei Ant\u00f4nio Moser.<\/p>\n<p style=\"padding-left: 30px;\">Local: Comunidade Menino Jesus de Praga<\/p>\n<p style=\"padding-left: 30px;\">Rua Dias de Oliveira, 1<\/p>\n<p style=\"padding-left: 30px;\">Duarte da Silveira \u2013 Petr\u00f3polis\/ RJ<\/p>\n<p><strong>11 de mar\u00e7o de 2017 \u2013 s\u00e1bado \u2013 7h \u00e0s 12h<\/strong><\/p>\n<p style=\"padding-left: 30px;\">Atividade: Lan\u00e7amento da campanha \u201cTransforme saudade em vida\u201d que tem como meta salvar vidas atrav\u00e9s da a\u00e7\u00e3o pr\u00e1tica de doar sangue.<\/p>\n<p style=\"padding-left: 30px;\">7h \u2013 Abertura do Banco de Sangue<\/p>\n<p style=\"padding-left: 30px;\">8h \u2013 Breve cerim\u00f4nia em mem\u00f3ria da vida e obra de Frei Ant\u00f4nio Moser<\/p>\n<p style=\"padding-left: 30px;\">8h15 \u2013 Apresenta\u00e7\u00e3o das crian\u00e7as do Programa Aquarela do Centro Educacional Terra Santa<\/p>\n<p style=\"padding-left: 30px;\">Local: Banco de Sangue \u2013 Hospital Santa Teresa<\/p>\n<p style=\"padding-left: 30px;\">Rua Paulino Afonso, 477<\/p>\n<p style=\"padding-left: 30px;\">Quarteir\u00e3o Ingelhein \u2013 Petr\u00f3polis\/RJ<\/p>\n<p><strong>12 de mar\u00e7o de 2017 \u2013 domingo \u2013 10h<\/strong><\/p>\n<p style=\"padding-left: 30px;\">Atividade: Missa solene em mem\u00f3ria pelo 1\u00ba ano de aus\u00eancia de Frei Ant\u00f4nio Moser.<\/p>\n<p style=\"padding-left: 30px;\">Local: Par\u00f3quia de Santa Clara<\/p>\n<p style=\"padding-left: 30px;\">Rua Dr. Eug\u00eanio Barcelos, s\/n\u00b0<\/p>\n<p style=\"padding-left: 30px;\">Valpara\u00edso \u2013 Petr\u00f3polis\/ RJ<\/p>\n<p>Mais informa\u00e7\u00f5es sobre a programa\u00e7\u00e3o da campanha <strong>Transforme Saudade em Vida<\/strong> podem obtidas na sede do Centro Educacional Terra Santa que fica localizado \u00e0 Rua Monsenhor Bacelar, n\u00b0 590 \u2013 Valpara\u00edso, atrav\u00e9s dos telefones (24) 2242-0525, (24) 2246-1061, (24)\u00a099822-4348 e (24) 99941-3352, do e-mail <a href=\"mailto:coordenacao@terrasanta.org.br\">coordenacao@terrasanta.org.br<\/a>\u00a0ou no site\u00a0<a href=\"http:\/\/www.terrasanta.org.br\/\">www.terrasanta.org.br<\/a>.<\/p>\n","protected":false},"excerpt":{"rendered":"<p>Mem\u00f3ria<\/p>\n","protected":false},"author":1,"featured_media":197223,"comment_status":"open","ping_status":"open","sticky":false,"template":"","format":"standard","meta":[],"categories":[1],"tags":[872],"acf":[],"yoast_head":"<!-- This site is optimized with the Yoast SEO plugin v19.2 - https:\/\/yoast.com\/wordpress\/plugins\/seo\/ -->\n<title>Campanha lembra um ano da morte de Frei Ant\u00f4nio Moser - Not\u00edcias - Franciscanos<\/title>\n<meta name=\"robots\" content=\"index, follow, max-snippet:-1, max-image-preview:large, max-video-preview:-1\" \/>\n<link rel=\"canonical\" href=\"https:\/\/franciscanos.org.br\/noticias\/campanha-lembra-um-ano-da-morte-de-frei-antonio-moser.html\" \/>\n<meta property=\"og:locale\" content=\"pt_BR\" \/>\n<meta property=\"og:type\" content=\"article\" \/>\n<meta property=\"og:title\" content=\"Campanha lembra um ano da morte de Frei Ant\u00f4nio Moser - Not\u00edcias - Franciscanos\" \/>\n<meta property=\"og:description\" content=\"Mem\u00f3ria\" \/>\n<meta property=\"og:url\" content=\"https:\/\/franciscanos.org.br\/noticias\/campanha-lembra-um-ano-da-morte-de-frei-antonio-moser.html\" \/>\n<meta property=\"og:site_name\" content=\"Not\u00edcias - Franciscanos\" \/>\n<meta property=\"article:published_time\" content=\"2017-03-09T10:49:30+00:00\" \/>\n<meta property=\"article:modified_time\" content=\"2019-01-29T11:03:35+00:00\" \/>\n<meta property=\"og:image\" content=\"https:\/\/franciscanos.org.br\/noticias\/wp-content\/uploads\/2017\/03\/moser_220317_830.jpg\" \/>\n\t<meta property=\"og:image:width\" content=\"273\" \/>\n\t<meta property=\"og:image:height\" content=\"181\" \/>\n\t<meta property=\"og:image:type\" content=\"image\/jpeg\" \/>\n<meta name=\"author\" content=\"admin\" \/>\n<meta name=\"twitter:card\" content=\"summary_large_image\" \/>\n<meta name=\"twitter:label1\" content=\"Escrito por\" \/>\n\t<meta name=\"twitter:data1\" content=\"admin\" \/>\n\t<meta name=\"twitter:label2\" content=\"Est. tempo de leitura\" \/>\n\t<meta name=\"twitter:data2\" content=\"5 minutos\" \/>\n<script type=\"application\/ld+json\" class=\"yoast-schema-graph\">{\"@context\":\"https:\/\/schema.org\",\"@graph\":[{\"@type\":\"WebSite\",\"@id\":\"https:\/\/franciscanos.org.br\/noticias\/#website\",\"url\":\"https:\/\/franciscanos.org.br\/noticias\/\",\"name\":\"Not\u00edcias - Franciscanos\",\"description\":\"Prov\u00edncia Franciscana da Imaculada Concei\u00e7\u00e3o do Brasil - Ordem dos Frades Menores - OFM\",\"potentialAction\":[{\"@type\":\"SearchAction\",\"target\":{\"@type\":\"EntryPoint\",\"urlTemplate\":\"https:\/\/franciscanos.org.br\/noticias\/?s={search_term_string}\"},\"query-input\":\"required name=search_term_string\"}],\"inLanguage\":\"pt-BR\"},{\"@type\":\"ImageObject\",\"inLanguage\":\"pt-BR\",\"@id\":\"https:\/\/franciscanos.org.br\/noticias\/campanha-lembra-um-ano-da-morte-de-frei-antonio-moser.html#primaryimage\",\"url\":\"https:\/\/franciscanos.org.br\/noticias\/wp-content\/uploads\/2017\/03\/moser_220317_830.jpg\",\"contentUrl\":\"https:\/\/franciscanos.org.br\/noticias\/wp-content\/uploads\/2017\/03\/moser_220317_830.jpg\",\"width\":273,\"height\":181},{\"@type\":\"WebPage\",\"@id\":\"https:\/\/franciscanos.org.br\/noticias\/campanha-lembra-um-ano-da-morte-de-frei-antonio-moser.html#webpage\",\"url\":\"https:\/\/franciscanos.org.br\/noticias\/campanha-lembra-um-ano-da-morte-de-frei-antonio-moser.html\",\"name\":\"Campanha lembra um ano da morte de Frei Ant\u00f4nio Moser - Not\u00edcias - Franciscanos\",\"isPartOf\":{\"@id\":\"https:\/\/franciscanos.org.br\/noticias\/#website\"},\"primaryImageOfPage\":{\"@id\":\"https:\/\/franciscanos.org.br\/noticias\/campanha-lembra-um-ano-da-morte-de-frei-antonio-moser.html#primaryimage\"},\"datePublished\":\"2017-03-09T10:49:30+00:00\",\"dateModified\":\"2019-01-29T11:03:35+00:00\",\"author\":{\"@id\":\"https:\/\/franciscanos.org.br\/noticias\/#\/schema\/person\/b38fbf43118f02820bd932f2e4b14ad3\"},\"breadcrumb\":{\"@id\":\"https:\/\/franciscanos.org.br\/noticias\/campanha-lembra-um-ano-da-morte-de-frei-antonio-moser.html#breadcrumb\"},\"inLanguage\":\"pt-BR\",\"potentialAction\":[{\"@type\":\"ReadAction\",\"target\":[\"https:\/\/franciscanos.org.br\/noticias\/campanha-lembra-um-ano-da-morte-de-frei-antonio-moser.html\"]}]},{\"@type\":\"BreadcrumbList\",\"@id\":\"https:\/\/franciscanos.org.br\/noticias\/campanha-lembra-um-ano-da-morte-de-frei-antonio-moser.html#breadcrumb\",\"itemListElement\":[{\"@type\":\"ListItem\",\"position\":1,\"name\":\"Home\",\"item\":\"https:\/\/franciscanos.org.br\/noticias\"},{\"@type\":\"ListItem\",\"position\":2,\"name\":\"Campanha lembra um ano da morte de Frei Ant\u00f4nio Moser\"}]},{\"@type\":\"Person\",\"@id\":\"https:\/\/franciscanos.org.br\/noticias\/#\/schema\/person\/b38fbf43118f02820bd932f2e4b14ad3\",\"name\":\"admin\",\"image\":{\"@type\":\"ImageObject\",\"inLanguage\":\"pt-BR\",\"@id\":\"https:\/\/franciscanos.org.br\/noticias\/#\/schema\/person\/image\/\",\"url\":\"https:\/\/secure.gravatar.com\/avatar\/e8495742d34d0ba6448ea1c628263b3e?s=96&d=mm&r=g\",\"contentUrl\":\"https:\/\/secure.gravatar.com\/avatar\/e8495742d34d0ba6448ea1c628263b3e?s=96&d=mm&r=g\",\"caption\":\"admin\"},\"url\":\"https:\/\/franciscanos.org.br\/noticias\/author\/admin\"}]}<\/script>\n<!-- \/ Yoast SEO plugin. -->","yoast_head_json":{"title":"Campanha lembra um ano da morte de Frei Ant\u00f4nio Moser - Not\u00edcias - Franciscanos","robots":{"index":"index","follow":"follow","max-snippet":"max-snippet:-1","max-image-preview":"max-image-preview:large","max-video-preview":"max-video-preview:-1"},"canonical":"https:\/\/franciscanos.org.br\/noticias\/campanha-lembra-um-ano-da-morte-de-frei-antonio-moser.html","og_locale":"pt_BR","og_type":"article","og_title":"Campanha lembra um ano da morte de Frei Ant\u00f4nio Moser - Not\u00edcias - Franciscanos","og_description":"Mem\u00f3ria","og_url":"https:\/\/franciscanos.org.br\/noticias\/campanha-lembra-um-ano-da-morte-de-frei-antonio-moser.html","og_site_name":"Not\u00edcias - Franciscanos","article_published_time":"2017-03-09T10:49:30+00:00","article_modified_time":"2019-01-29T11:03:35+00:00","og_image":[{"width":273,"height":181,"url":"https:\/\/franciscanos.org.br\/noticias\/wp-content\/uploads\/2017\/03\/moser_220317_830.jpg","type":"image\/jpeg"}],"author":"admin","twitter_card":"summary_large_image","twitter_misc":{"Escrito por":"admin","Est. tempo de leitura":"5 minutos"},"schema":{"@context":"https:\/\/schema.org","@graph":[{"@type":"WebSite","@id":"https:\/\/franciscanos.org.br\/noticias\/#website","url":"https:\/\/franciscanos.org.br\/noticias\/","name":"Not\u00edcias - Franciscanos","description":"Prov\u00edncia Franciscana da Imaculada Concei\u00e7\u00e3o do Brasil - Ordem dos Frades Menores - OFM","potentialAction":[{"@type":"SearchAction","target":{"@type":"EntryPoint","urlTemplate":"https:\/\/franciscanos.org.br\/noticias\/?s={search_term_string}"},"query-input":"required name=search_term_string"}],"inLanguage":"pt-BR"},{"@type":"ImageObject","inLanguage":"pt-BR","@id":"https:\/\/franciscanos.org.br\/noticias\/campanha-lembra-um-ano-da-morte-de-frei-antonio-moser.html#primaryimage","url":"https:\/\/franciscanos.org.br\/noticias\/wp-content\/uploads\/2017\/03\/moser_220317_830.jpg","contentUrl":"https:\/\/franciscanos.org.br\/noticias\/wp-content\/uploads\/2017\/03\/moser_220317_830.jpg","width":273,"height":181},{"@type":"WebPage","@id":"https:\/\/franciscanos.org.br\/noticias\/campanha-lembra-um-ano-da-morte-de-frei-antonio-moser.html#webpage","url":"https:\/\/franciscanos.org.br\/noticias\/campanha-lembra-um-ano-da-morte-de-frei-antonio-moser.html","name":"Campanha lembra um ano da morte de Frei Ant\u00f4nio Moser - Not\u00edcias - Franciscanos","isPartOf":{"@id":"https:\/\/franciscanos.org.br\/noticias\/#website"},"primaryImageOfPage":{"@id":"https:\/\/franciscanos.org.br\/noticias\/campanha-lembra-um-ano-da-morte-de-frei-antonio-moser.html#primaryimage"},"datePublished":"2017-03-09T10:49:30+00:00","dateModified":"2019-01-29T11:03:35+00:00","author":{"@id":"https:\/\/franciscanos.org.br\/noticias\/#\/schema\/person\/b38fbf43118f02820bd932f2e4b14ad3"},"breadcrumb":{"@id":"https:\/\/franciscanos.org.br\/noticias\/campanha-lembra-um-ano-da-morte-de-frei-antonio-moser.html#breadcrumb"},"inLanguage":"pt-BR","potentialAction":[{"@type":"ReadAction","target":["https:\/\/franciscanos.org.br\/noticias\/campanha-lembra-um-ano-da-morte-de-frei-antonio-moser.html"]}]},{"@type":"BreadcrumbList","@id":"https:\/\/franciscanos.org.br\/noticias\/campanha-lembra-um-ano-da-morte-de-frei-antonio-moser.html#breadcrumb","itemListElement":[{"@type":"ListItem","position":1,"name":"Home","item":"https:\/\/franciscanos.org.br\/noticias"},{"@type":"ListItem","position":2,"name":"Campanha lembra um ano da morte de Frei Ant\u00f4nio Moser"}]},{"@type":"Person","@id":"https:\/\/franciscanos.org.br\/noticias\/#\/schema\/person\/b38fbf43118f02820bd932f2e4b14ad3","name":"admin","image":{"@type":"ImageObject","inLanguage":"pt-BR","@id":"https:\/\/franciscanos.org.br\/noticias\/#\/schema\/person\/image\/","url":"https:\/\/secure.gravatar.com\/avatar\/e8495742d34d0ba6448ea1c628263b3e?s=96&d=mm&r=g","contentUrl":"https:\/\/secure.gravatar.com\/avatar\/e8495742d34d0ba6448ea1c628263b3e?s=96&d=mm&r=g","caption":"admin"},"url":"https:\/\/franciscanos.org.br\/noticias\/author\/admin"}]}},"_links":{"self":[{"href":"https:\/\/franciscanos.org.br\/noticias\/wp-json\/wp\/v2\/posts\/127405"}],"collection":[{"href":"https:\/\/franciscanos.org.br\/noticias\/wp-json\/wp\/v2\/posts"}],"about":[{"href":"https:\/\/franciscanos.org.br\/noticias\/wp-json\/wp\/v2\/types\/post"}],"author":[{"embeddable":true,"href":"https:\/\/franciscanos.org.br\/noticias\/wp-json\/wp\/v2\/users\/1"}],"replies":[{"embeddable":true,"href":"https:\/\/franciscanos.org.br\/noticias\/wp-json\/wp\/v2\/comments?post=127405"}],"version-history":[{"count":0,"href":"https:\/\/franciscanos.org.br\/noticias\/wp-json\/wp\/v2\/posts\/127405\/revisions"}],"wp:featuredmedia":[{"embeddable":true,"href":"https:\/\/franciscanos.org.br\/noticias\/wp-json\/wp\/v2\/media\/197223"}],"wp:attachment":[{"href":"https:\/\/franciscanos.org.br\/noticias\/wp-json\/wp\/v2\/media?parent=127405"}],"wp:term":[{"taxonomy":"category","embeddable":true,"href":"https:\/\/franciscanos.org.br\/noticias\/wp-json\/wp\/v2\/categories?post=127405"},{"taxonomy":"post_tag","embeddable":true,"href":"https:\/\/franciscanos.org.br\/noticias\/wp-json\/wp\/v2\/tags?post=127405"}],"curies":[{"name":"wp","href":"https:\/\/api.w.org\/{rel}","templated":true}]}}