{"id":12730,"date":"2012-03-06T09:40:32","date_gmt":"2012-03-06T12:40:32","guid":{"rendered":"http:\/\/new.franciscanos.org.br\/?p=12730"},"modified":"2020-06-11T18:21:12","modified_gmt":"2020-06-11T21:21:12","slug":"regional-sudeste-ii-promove-encontro-para-formadores","status":"publish","type":"post","link":"https:\/\/franciscanos.org.br\/noticias\/regional-sudeste-ii-promove-encontro-para-formadores.html","title":{"rendered":"Regional Sudeste II promove encontro para formadores"},"content":{"rendered":"<p><a href=\"http:\/\/franciscanos.org.br\/wp-content\/uploads\/2012\/03\/ofs_g0603.jpg\"><img loading=\"lazy\" class=\"alignright size-full wp-image-12731\" title=\"Encontro de Forma\u00e7\u00e3o da OFS\" src=\"http:\/\/franciscanos.org.br\/wp-content\/uploads\/2012\/03\/ofs_g0603.jpg\" alt=\"\" width=\"500\" height=\"375\" \/><\/a>O s\u00e1bado (03\/02) foi de muita forma\u00e7\u00e3o e debate para os formadores das fraternidades franciscanas seculares do Regional Sudeste II (RJ\/ES), que se reuniram na Par\u00f3quia Nossa Senhora da Concei\u00e7\u00e3o, em Paty do Alferes, regi\u00e3o serrana do Rio de Janeiro.<\/p>\n<p>Na acolhida feita pelos irm\u00e3os da Fraternidade Nossa Senhora da Concei\u00e7\u00e3o, j\u00e1 transparecia a alegria do encontro, t\u00e3o pr\u00f3pria a todo franciscano. Ap\u00f3s um farto caf\u00e9 da manh\u00e3, realizou-se um momento de ora\u00e7\u00e3o e de apresenta\u00e7\u00e3o das fraternidades. O objetivo do encontro foi divulgar e preparar o tem\u00e1rio que ser\u00e1 desenvolvido por todas as fraternidades do regional, e que este ano ter\u00e1 como tema o estudo da Doutrina Social da Igreja.<\/p>\n<p>O tem\u00e1rio foi aprovado pelos ministros e vice-ministros presentes no Cap\u00edtulo Regional realizado em dezembro de 2011. A coordena\u00e7\u00e3o regional de forma\u00e7\u00e3o adaptou o tem\u00e1rio \u00e0 realidade local, mas manteve a orienta\u00e7\u00e3o do Conselho Internacional da Ordem Franciscana Secular (CIOFS) que, em 2011, aprovou para estudo dos franciscanos seculares em todo o mundo a Doutrina Social da Igreja.<\/p>\n<p>As fraternidades tamb\u00e9m aprofundar\u00e3o aspectos doutrin\u00e1rios da f\u00e9 crist\u00e3 e conhecer\u00e3o o testemunho de vida deixado pelos santos franciscanos. Ao longo de 2012, os formadores desenvolver\u00e3o nas fraternidades seis temas que ir\u00e3o mesclar o tem\u00e1rio escolhido com assuntos relevantes da f\u00e9 crist\u00e3 e da espiritualidade franciscana.<\/p>\n<p><a href=\"http:\/\/franciscanos.org.br\/wp-content\/uploads\/2012\/03\/ofs_2_g0603.jpg\"><img loading=\"lazy\" class=\"alignleft size-full wp-image-12732\" title=\"Frei Pedro\" src=\"http:\/\/franciscanos.org.br\/wp-content\/uploads\/2012\/03\/ofs_2_g0603.jpg\" alt=\"\" width=\"400\" height=\"533\" \/><\/a>\u00a0 A Doutrina Social da Igreja \u00e9 o conjunto dos ensinamentos fundamentados nas Sagradas Escrituras e contidos na doutrina e no magist\u00e9rio da Igreja Cat\u00f3lica, constante de numerosas enc\u00edclicas e pronunciamentos dos papas inseridos na tradi\u00e7\u00e3o que percorreu s\u00e9culos de hist\u00f3ria, e que tem suas origens nos prim\u00f3rdios do Cristianismo. Ela tem por finalidade fixar princ\u00edpios, crit\u00e9rios e diretrizes gerais a respeito da organiza\u00e7\u00e3o social e pol\u00edtica dos povos e na\u00e7\u00f5es, e, sobretudo, exorta os crist\u00e3os \u00e0 inser\u00e7\u00e3o e participa\u00e7\u00e3o ativa na sociedade e a promoverem a paz e o bem comum.<\/p>\n<p>Atrav\u00e9s de valiosos ensinamentos presentes nas enc\u00edclicas e pronunciamentos dos papas, a Doutrina Social da Igreja aborda v\u00e1rios temas fundamentais como a pessoa humana, sua dignidade, seus direitos e suas liberdades; a fam\u00edlia, sua voca\u00e7\u00e3o e seus direitos; inser\u00e7\u00e3o e participa\u00e7\u00e3o respons\u00e1vel de cada homem na vida social; a promo\u00e7\u00e3o da paz. A doutrina trata tamb\u00e9m do sistema econ\u00f4mico e a iniciativa privada, e o papel do Estado; o trabalho humano, a comunidade pol\u00edtica e a promo\u00e7\u00e3o do bem comum e sua promo\u00e7\u00e3o, no respeito dos princ\u00edpios da solidariedade e subsidiariedade; o destino universal dos bens da natureza e cuidado com a sua preserva\u00e7\u00e3o e defesa do ambiente; o desenvolvimento integral de cada pessoa e dos povos; o primado da justi\u00e7a e da caridade.<\/p>\n<p>O subs\u00eddio que ser\u00e1 utilizado na forma\u00e7\u00e3o \u00e9 o Comp\u00eandio da Doutrina Social da Igreja, produzido pelo Pontif\u00edcio Conselho da Justi\u00e7a e da Paz, lan\u00e7ado em outubro de 2004, que apresenta de modo sistem\u00e1tico as pilastras da doutrina social cat\u00f3lica.<\/p>\n<p>Al\u00e9m de estruturar a forma\u00e7\u00e3o para as fraternidades, a coordena\u00e7\u00e3o de forma\u00e7\u00e3o reativar\u00e1 a Escola de Forma\u00e7\u00e3o cujo espa\u00e7o contribuir\u00e1 para que os formadores de cada distrito do regional possa mensalmente estudar e preparar os temas para a forma\u00e7\u00e3o nas fraternidades.<\/p>\n<p><a href=\"http:\/\/franciscanos.org.br\/wp-content\/uploads\/2012\/03\/ofs_3_g0603.jpg\"><img loading=\"lazy\" class=\"alignright size-full wp-image-12733\" title=\"OFS\" src=\"http:\/\/franciscanos.org.br\/wp-content\/uploads\/2012\/03\/ofs_3_g0603.jpg\" alt=\"\" width=\"400\" height=\"170\" \/><\/a>Ap\u00f3s o encontro, os participantes participaram da Santa Missa celebrada pelo Frei Pedro de Oliveira Rodrigues, OFM, p\u00e1roco da Par\u00f3quia Nossa Senhora da Concei\u00e7\u00e3o de Paty, que em sua homilia exortou aos franciscanos seculares a serem fi\u00e9is \u00e0 voca\u00e7\u00e3o franciscana e \u00e0 Regra que professaram, mesmo diante das dificuldades que o mundo apresenta para o seguimento do Evangelho. Frei Pedro encerrou a celebra\u00e7\u00e3o pedindo a todos que se esforcem para alcan\u00e7ar no estado secular a santidade de S\u00e3o Francisco e Clara de Assis, modelos para toda a Ordem Franciscana.<\/p>\n<p>As fraternidades do Conselho Regional Sudeste II agradecem a todos os irm\u00e3os da Fraternidade Nossa Senhora da Concei\u00e7\u00e3o pela alegria, carinho e hospitalidade que revigoraram o carisma franciscano em nossas fraternidades.<\/p>\n<p>&nbsp;<\/p>\n","protected":false},"excerpt":{"rendered":"<p>OFS<\/p>\n","protected":false},"author":1,"featured_media":210950,"comment_status":"closed","ping_status":"closed","sticky":false,"template":"","format":"standard","meta":[],"categories":[1],"tags":[60,196],"acf":[],"yoast_head":"<!-- This site is optimized with the Yoast SEO plugin v19.2 - https:\/\/yoast.com\/wordpress\/plugins\/seo\/ -->\n<title>Regional Sudeste II promove encontro para formadores - Not\u00edcias - Franciscanos<\/title>\n<meta name=\"robots\" content=\"index, follow, max-snippet:-1, max-image-preview:large, max-video-preview:-1\" \/>\n<link rel=\"canonical\" href=\"https:\/\/franciscanos.org.br\/noticias\/regional-sudeste-ii-promove-encontro-para-formadores.html\" \/>\n<meta property=\"og:locale\" content=\"pt_BR\" \/>\n<meta property=\"og:type\" content=\"article\" \/>\n<meta property=\"og:title\" content=\"Regional Sudeste II promove encontro para formadores - Not\u00edcias - Franciscanos\" \/>\n<meta property=\"og:description\" content=\"OFS\" \/>\n<meta property=\"og:url\" content=\"https:\/\/franciscanos.org.br\/noticias\/regional-sudeste-ii-promove-encontro-para-formadores.html\" \/>\n<meta property=\"og:site_name\" content=\"Not\u00edcias - Franciscanos\" \/>\n<meta property=\"article:published_time\" content=\"2012-03-06T12:40:32+00:00\" \/>\n<meta property=\"article:modified_time\" content=\"2020-06-11T21:21:12+00:00\" \/>\n<meta property=\"og:image\" content=\"https:\/\/franciscanos.org.br\/noticias\/wp-content\/uploads\/2012\/03\/ofs_g0603.jpg\" \/>\n\t<meta property=\"og:image:width\" content=\"273\" \/>\n\t<meta property=\"og:image:height\" content=\"181\" \/>\n\t<meta property=\"og:image:type\" content=\"image\/jpeg\" \/>\n<meta name=\"author\" content=\"admin\" \/>\n<meta name=\"twitter:card\" content=\"summary_large_image\" \/>\n<meta name=\"twitter:label1\" content=\"Escrito por\" \/>\n\t<meta name=\"twitter:data1\" content=\"admin\" \/>\n\t<meta name=\"twitter:label2\" content=\"Est. tempo de leitura\" \/>\n\t<meta name=\"twitter:data2\" content=\"4 minutos\" \/>\n<script type=\"application\/ld+json\" class=\"yoast-schema-graph\">{\"@context\":\"https:\/\/schema.org\",\"@graph\":[{\"@type\":\"WebSite\",\"@id\":\"https:\/\/franciscanos.org.br\/noticias\/#website\",\"url\":\"https:\/\/franciscanos.org.br\/noticias\/\",\"name\":\"Not\u00edcias - Franciscanos\",\"description\":\"Prov\u00edncia Franciscana da Imaculada Concei\u00e7\u00e3o do Brasil - Ordem dos Frades Menores - OFM\",\"potentialAction\":[{\"@type\":\"SearchAction\",\"target\":{\"@type\":\"EntryPoint\",\"urlTemplate\":\"https:\/\/franciscanos.org.br\/noticias\/?s={search_term_string}\"},\"query-input\":\"required name=search_term_string\"}],\"inLanguage\":\"pt-BR\"},{\"@type\":\"ImageObject\",\"inLanguage\":\"pt-BR\",\"@id\":\"https:\/\/franciscanos.org.br\/noticias\/regional-sudeste-ii-promove-encontro-para-formadores.html#primaryimage\",\"url\":\"https:\/\/franciscanos.org.br\/noticias\/wp-content\/uploads\/2012\/03\/ofs_g0603.jpg\",\"contentUrl\":\"https:\/\/franciscanos.org.br\/noticias\/wp-content\/uploads\/2012\/03\/ofs_g0603.jpg\",\"width\":273,\"height\":181},{\"@type\":\"WebPage\",\"@id\":\"https:\/\/franciscanos.org.br\/noticias\/regional-sudeste-ii-promove-encontro-para-formadores.html#webpage\",\"url\":\"https:\/\/franciscanos.org.br\/noticias\/regional-sudeste-ii-promove-encontro-para-formadores.html\",\"name\":\"Regional Sudeste II promove encontro para formadores - Not\u00edcias - Franciscanos\",\"isPartOf\":{\"@id\":\"https:\/\/franciscanos.org.br\/noticias\/#website\"},\"primaryImageOfPage\":{\"@id\":\"https:\/\/franciscanos.org.br\/noticias\/regional-sudeste-ii-promove-encontro-para-formadores.html#primaryimage\"},\"datePublished\":\"2012-03-06T12:40:32+00:00\",\"dateModified\":\"2020-06-11T21:21:12+00:00\",\"author\":{\"@id\":\"https:\/\/franciscanos.org.br\/noticias\/#\/schema\/person\/b38fbf43118f02820bd932f2e4b14ad3\"},\"breadcrumb\":{\"@id\":\"https:\/\/franciscanos.org.br\/noticias\/regional-sudeste-ii-promove-encontro-para-formadores.html#breadcrumb\"},\"inLanguage\":\"pt-BR\",\"potentialAction\":[{\"@type\":\"ReadAction\",\"target\":[\"https:\/\/franciscanos.org.br\/noticias\/regional-sudeste-ii-promove-encontro-para-formadores.html\"]}]},{\"@type\":\"BreadcrumbList\",\"@id\":\"https:\/\/franciscanos.org.br\/noticias\/regional-sudeste-ii-promove-encontro-para-formadores.html#breadcrumb\",\"itemListElement\":[{\"@type\":\"ListItem\",\"position\":1,\"name\":\"Home\",\"item\":\"https:\/\/franciscanos.org.br\/noticias\"},{\"@type\":\"ListItem\",\"position\":2,\"name\":\"Regional Sudeste II promove encontro para formadores\"}]},{\"@type\":\"Person\",\"@id\":\"https:\/\/franciscanos.org.br\/noticias\/#\/schema\/person\/b38fbf43118f02820bd932f2e4b14ad3\",\"name\":\"admin\",\"image\":{\"@type\":\"ImageObject\",\"inLanguage\":\"pt-BR\",\"@id\":\"https:\/\/franciscanos.org.br\/noticias\/#\/schema\/person\/image\/\",\"url\":\"https:\/\/secure.gravatar.com\/avatar\/e8495742d34d0ba6448ea1c628263b3e?s=96&d=mm&r=g\",\"contentUrl\":\"https:\/\/secure.gravatar.com\/avatar\/e8495742d34d0ba6448ea1c628263b3e?s=96&d=mm&r=g\",\"caption\":\"admin\"},\"url\":\"https:\/\/franciscanos.org.br\/noticias\/author\/admin\"}]}<\/script>\n<!-- \/ Yoast SEO plugin. -->","yoast_head_json":{"title":"Regional Sudeste II promove encontro para formadores - Not\u00edcias - Franciscanos","robots":{"index":"index","follow":"follow","max-snippet":"max-snippet:-1","max-image-preview":"max-image-preview:large","max-video-preview":"max-video-preview:-1"},"canonical":"https:\/\/franciscanos.org.br\/noticias\/regional-sudeste-ii-promove-encontro-para-formadores.html","og_locale":"pt_BR","og_type":"article","og_title":"Regional Sudeste II promove encontro para formadores - Not\u00edcias - Franciscanos","og_description":"OFS","og_url":"https:\/\/franciscanos.org.br\/noticias\/regional-sudeste-ii-promove-encontro-para-formadores.html","og_site_name":"Not\u00edcias - Franciscanos","article_published_time":"2012-03-06T12:40:32+00:00","article_modified_time":"2020-06-11T21:21:12+00:00","og_image":[{"width":273,"height":181,"url":"https:\/\/franciscanos.org.br\/noticias\/wp-content\/uploads\/2012\/03\/ofs_g0603.jpg","type":"image\/jpeg"}],"author":"admin","twitter_card":"summary_large_image","twitter_misc":{"Escrito por":"admin","Est. tempo de leitura":"4 minutos"},"schema":{"@context":"https:\/\/schema.org","@graph":[{"@type":"WebSite","@id":"https:\/\/franciscanos.org.br\/noticias\/#website","url":"https:\/\/franciscanos.org.br\/noticias\/","name":"Not\u00edcias - Franciscanos","description":"Prov\u00edncia Franciscana da Imaculada Concei\u00e7\u00e3o do Brasil - Ordem dos Frades Menores - OFM","potentialAction":[{"@type":"SearchAction","target":{"@type":"EntryPoint","urlTemplate":"https:\/\/franciscanos.org.br\/noticias\/?s={search_term_string}"},"query-input":"required name=search_term_string"}],"inLanguage":"pt-BR"},{"@type":"ImageObject","inLanguage":"pt-BR","@id":"https:\/\/franciscanos.org.br\/noticias\/regional-sudeste-ii-promove-encontro-para-formadores.html#primaryimage","url":"https:\/\/franciscanos.org.br\/noticias\/wp-content\/uploads\/2012\/03\/ofs_g0603.jpg","contentUrl":"https:\/\/franciscanos.org.br\/noticias\/wp-content\/uploads\/2012\/03\/ofs_g0603.jpg","width":273,"height":181},{"@type":"WebPage","@id":"https:\/\/franciscanos.org.br\/noticias\/regional-sudeste-ii-promove-encontro-para-formadores.html#webpage","url":"https:\/\/franciscanos.org.br\/noticias\/regional-sudeste-ii-promove-encontro-para-formadores.html","name":"Regional Sudeste II promove encontro para formadores - Not\u00edcias - Franciscanos","isPartOf":{"@id":"https:\/\/franciscanos.org.br\/noticias\/#website"},"primaryImageOfPage":{"@id":"https:\/\/franciscanos.org.br\/noticias\/regional-sudeste-ii-promove-encontro-para-formadores.html#primaryimage"},"datePublished":"2012-03-06T12:40:32+00:00","dateModified":"2020-06-11T21:21:12+00:00","author":{"@id":"https:\/\/franciscanos.org.br\/noticias\/#\/schema\/person\/b38fbf43118f02820bd932f2e4b14ad3"},"breadcrumb":{"@id":"https:\/\/franciscanos.org.br\/noticias\/regional-sudeste-ii-promove-encontro-para-formadores.html#breadcrumb"},"inLanguage":"pt-BR","potentialAction":[{"@type":"ReadAction","target":["https:\/\/franciscanos.org.br\/noticias\/regional-sudeste-ii-promove-encontro-para-formadores.html"]}]},{"@type":"BreadcrumbList","@id":"https:\/\/franciscanos.org.br\/noticias\/regional-sudeste-ii-promove-encontro-para-formadores.html#breadcrumb","itemListElement":[{"@type":"ListItem","position":1,"name":"Home","item":"https:\/\/franciscanos.org.br\/noticias"},{"@type":"ListItem","position":2,"name":"Regional Sudeste II promove encontro para formadores"}]},{"@type":"Person","@id":"https:\/\/franciscanos.org.br\/noticias\/#\/schema\/person\/b38fbf43118f02820bd932f2e4b14ad3","name":"admin","image":{"@type":"ImageObject","inLanguage":"pt-BR","@id":"https:\/\/franciscanos.org.br\/noticias\/#\/schema\/person\/image\/","url":"https:\/\/secure.gravatar.com\/avatar\/e8495742d34d0ba6448ea1c628263b3e?s=96&d=mm&r=g","contentUrl":"https:\/\/secure.gravatar.com\/avatar\/e8495742d34d0ba6448ea1c628263b3e?s=96&d=mm&r=g","caption":"admin"},"url":"https:\/\/franciscanos.org.br\/noticias\/author\/admin"}]}},"_links":{"self":[{"href":"https:\/\/franciscanos.org.br\/noticias\/wp-json\/wp\/v2\/posts\/12730"}],"collection":[{"href":"https:\/\/franciscanos.org.br\/noticias\/wp-json\/wp\/v2\/posts"}],"about":[{"href":"https:\/\/franciscanos.org.br\/noticias\/wp-json\/wp\/v2\/types\/post"}],"author":[{"embeddable":true,"href":"https:\/\/franciscanos.org.br\/noticias\/wp-json\/wp\/v2\/users\/1"}],"replies":[{"embeddable":true,"href":"https:\/\/franciscanos.org.br\/noticias\/wp-json\/wp\/v2\/comments?post=12730"}],"version-history":[{"count":1,"href":"https:\/\/franciscanos.org.br\/noticias\/wp-json\/wp\/v2\/posts\/12730\/revisions"}],"predecessor-version":[{"id":226466,"href":"https:\/\/franciscanos.org.br\/noticias\/wp-json\/wp\/v2\/posts\/12730\/revisions\/226466"}],"wp:featuredmedia":[{"embeddable":true,"href":"https:\/\/franciscanos.org.br\/noticias\/wp-json\/wp\/v2\/media\/210950"}],"wp:attachment":[{"href":"https:\/\/franciscanos.org.br\/noticias\/wp-json\/wp\/v2\/media?parent=12730"}],"wp:term":[{"taxonomy":"category","embeddable":true,"href":"https:\/\/franciscanos.org.br\/noticias\/wp-json\/wp\/v2\/categories?post=12730"},{"taxonomy":"post_tag","embeddable":true,"href":"https:\/\/franciscanos.org.br\/noticias\/wp-json\/wp\/v2\/tags?post=12730"}],"curies":[{"name":"wp","href":"https:\/\/api.w.org\/{rel}","templated":true}]}}