{"id":127212,"date":"2017-03-05T09:27:19","date_gmt":"2017-03-05T12:27:19","guid":{"rendered":"http:\/\/franciscanos.org.br\/?p=127212"},"modified":"2019-01-29T09:25:28","modified_gmt":"2019-01-29T11:25:28","slug":"papa-modernizar-a-musica-nas-igrejas-mas-sem-banalidades","status":"publish","type":"post","link":"https:\/\/franciscanos.org.br\/noticias\/papa-modernizar-a-musica-nas-igrejas-mas-sem-banalidades.html","title":{"rendered":"Modernizar a m\u00fasica nas igrejas, mas sem banalidades"},"content":{"rendered":"<p><img loading=\"lazy\" class=\"alignleft\" src=\"http:\/\/franciscanos.org.br\/wp-content\/uploads\/2017\/03\/canto_050317.jpg\" alt=\"canto_050317\" width=\"820\" height=\"429\" \/><\/p>\n<p><strong>Cidade do Vaticano<\/strong> \u2013 Na manh\u00e3 de s\u00e1bado (04\/03), o Pont\u00edfice recebeu no Vaticano cerca de 400 participantes de um congresso internacional organizado pelo Pontif\u00edcio Conselho da Cultura e a Congrega\u00e7\u00e3o para a Educa\u00e7\u00e3o Cat\u00f3lica em Roma. \u201cM\u00fasica e Igreja: culto e cultura, h\u00e1 50 anos da Musicam sacram\u201d \u00e9 o nome do evento, uma experi\u00eancia de encontro, di\u00e1logo e reflex\u00e3o sobre a m\u00fasica sacra e seus aspectos culturais e art\u00edsticos.<\/p>\n<p>O objetivo do congresso foi aprofundar, do ponto de vista interdisciplinar e ecum\u00eanico, a rela\u00e7\u00e3o atual entre a m\u00fasica sacra e a cultura contempor\u00e2nea; entre o repert\u00f3rio usado pela comunidade crist\u00e3 e as atuais tend\u00eancias musicais. Foi analisada ainda a forma\u00e7\u00e3o est\u00e9tica e musical do clero e dos leigos engajados na vida pastoral.<\/p>\n<p><strong>O discurso do Papa ao grupo<\/strong><\/p>\n<p>Discursando ao grupo, o Papa Francisco lembrou que o primeiro documento elaborado pelo Conc\u00edlio Vaticano II foi precisamente a Constitui\u00e7\u00e3o sobre a liturgia <em>Sacrosanctum Concilium<\/em>. As Instru\u00e7\u00f5es nela contidas s\u00e3o ainda hoje atuais, principalmente a sua premissa: \u201cA a\u00e7\u00e3o lit\u00fargica tem uma forma mais nobre se celebrada em canto e com a participa\u00e7\u00e3o dos fi\u00e9is\u201d.<\/p>\n<p>V\u00e1rias vezes, o Documento evidencia a import\u00e2ncia da \u2018teofania\u2019 que se realiza em toda celebra\u00e7\u00e3o eucar\u00edstica em que o Senhor se manifesta em meio a seu povo, chamado a participar realmente da salva\u00e7\u00e3o atuada por Cristo, morto e ressuscitado.<\/p>\n<p>\u201cA participa\u00e7\u00e3o ativa e consciente consiste em saber penetrar profundamente neste mist\u00e9rio, em saber contemplar, adorar e acolher; em sentir o seu significado, gra\u00e7as especialmente ao religioso sil\u00eancio e \u00e0 \u2018musicalidade da linguagem com que o Senhor nos fala\u2019\u201d.<\/p>\n<p>Para o Papa, o desafio da Igreja neste campo \u00e9 salvaguardar e valorizar o patrim\u00f4nio herdado do passado utilizando-o com equil\u00edbrio no presente e evitando o risco de uma vis\u00e3o \u2018nost\u00e1lgica ou arqueol\u00f3gica\u2019.<\/p>\n<p><strong>A incultura\u00e7\u00e3o na atualidade<\/strong><br \/>\n\u201cA m\u00fasica sacra e o canto lit\u00fargico devem ser plenamente inculturados nas linguagens art\u00edsticas e musicais da atualidade, encarnando e traduzindo a Palavra de Deus em cantos, sons e harmonias que fa\u00e7am vibrar o cora\u00e7\u00e3o de nossos contempor\u00e2neos, criando um oportuno clima emotivo, que disponha \u00e0 f\u00e9 e suscite o acolhimento e a plena participa\u00e7\u00e3o no mist\u00e9rio que se celebra\u201d.<\/p>\n<p><strong>O encontro com o presente<\/strong><br \/>\nO Pont\u00edfice advertiu os participantes para uma certa mediocridade, superficialidade e banalidade em detrimento da beleza e da intensidade das celebra\u00e7\u00f5es, devido ao encontro com a modernidade e a introdu\u00e7\u00e3o das l\u00ednguas faladas na Liturgia.<\/p>\n<p>Neste sentido, segundo ele, m\u00fasicos e compositores, diretores e coristas, animadores de liturgia, podem contribuir preciosamente com a renova\u00e7\u00e3o, principalmente qualitativa, da m\u00fasica sacra e do canto lit\u00fargico. Para favorecer este percurso, \u00e9 preciso promover uma adequada forma\u00e7\u00e3o musical, inclusive dos sacerdotes, no di\u00e1logo com as correntes musicais dos nossos tempos e com atitude ecum\u00eanica<\/p>\n<p>Concluindo o discurso, Francisco afirmou que \u201ca m\u00fasica sacra e o canto lit\u00fargico t\u00eam o dever de nos oferecer o sentido da gl\u00f3ria de Deus, de sua beleza e de sua santidade que nos envolve como uma \u2018nuvem luminosa\u2019\u201d.<\/p>\n","protected":false},"excerpt":{"rendered":"<p>Liturgia<\/p>\n","protected":false},"author":1,"featured_media":197598,"comment_status":"open","ping_status":"open","sticky":false,"template":"","format":"standard","meta":[],"categories":[1],"tags":[55],"acf":[],"yoast_head":"<!-- This site is optimized with the Yoast SEO plugin v19.2 - https:\/\/yoast.com\/wordpress\/plugins\/seo\/ -->\n<title>Modernizar a m\u00fasica nas igrejas, mas sem banalidades - Not\u00edcias - Franciscanos<\/title>\n<meta name=\"robots\" content=\"index, follow, max-snippet:-1, max-image-preview:large, max-video-preview:-1\" \/>\n<link rel=\"canonical\" href=\"https:\/\/franciscanos.org.br\/noticias\/papa-modernizar-a-musica-nas-igrejas-mas-sem-banalidades.html\" \/>\n<meta property=\"og:locale\" content=\"pt_BR\" \/>\n<meta property=\"og:type\" content=\"article\" \/>\n<meta property=\"og:title\" content=\"Modernizar a m\u00fasica nas igrejas, mas sem banalidades - Not\u00edcias - Franciscanos\" \/>\n<meta property=\"og:description\" content=\"Liturgia\" \/>\n<meta property=\"og:url\" content=\"https:\/\/franciscanos.org.br\/noticias\/papa-modernizar-a-musica-nas-igrejas-mas-sem-banalidades.html\" \/>\n<meta property=\"og:site_name\" content=\"Not\u00edcias - Franciscanos\" \/>\n<meta property=\"article:published_time\" content=\"2017-03-05T12:27:19+00:00\" \/>\n<meta property=\"article:modified_time\" content=\"2019-01-29T11:25:28+00:00\" \/>\n<meta property=\"og:image\" content=\"https:\/\/franciscanos.org.br\/noticias\/wp-content\/uploads\/2017\/03\/canto_050317.jpg\" \/>\n\t<meta property=\"og:image:width\" content=\"273\" \/>\n\t<meta property=\"og:image:height\" content=\"181\" \/>\n\t<meta property=\"og:image:type\" content=\"image\/jpeg\" \/>\n<meta name=\"author\" content=\"admin\" \/>\n<meta name=\"twitter:card\" content=\"summary_large_image\" \/>\n<meta name=\"twitter:label1\" content=\"Escrito por\" \/>\n\t<meta name=\"twitter:data1\" content=\"admin\" \/>\n\t<meta name=\"twitter:label2\" content=\"Est. tempo de leitura\" \/>\n\t<meta name=\"twitter:data2\" content=\"3 minutos\" \/>\n<script type=\"application\/ld+json\" class=\"yoast-schema-graph\">{\"@context\":\"https:\/\/schema.org\",\"@graph\":[{\"@type\":\"WebSite\",\"@id\":\"https:\/\/franciscanos.org.br\/noticias\/#website\",\"url\":\"https:\/\/franciscanos.org.br\/noticias\/\",\"name\":\"Not\u00edcias - Franciscanos\",\"description\":\"Prov\u00edncia Franciscana da Imaculada Concei\u00e7\u00e3o do Brasil - Ordem dos Frades Menores - OFM\",\"potentialAction\":[{\"@type\":\"SearchAction\",\"target\":{\"@type\":\"EntryPoint\",\"urlTemplate\":\"https:\/\/franciscanos.org.br\/noticias\/?s={search_term_string}\"},\"query-input\":\"required name=search_term_string\"}],\"inLanguage\":\"pt-BR\"},{\"@type\":\"ImageObject\",\"inLanguage\":\"pt-BR\",\"@id\":\"https:\/\/franciscanos.org.br\/noticias\/papa-modernizar-a-musica-nas-igrejas-mas-sem-banalidades.html#primaryimage\",\"url\":\"https:\/\/franciscanos.org.br\/noticias\/wp-content\/uploads\/2017\/03\/canto_050317.jpg\",\"contentUrl\":\"https:\/\/franciscanos.org.br\/noticias\/wp-content\/uploads\/2017\/03\/canto_050317.jpg\",\"width\":273,\"height\":181},{\"@type\":\"WebPage\",\"@id\":\"https:\/\/franciscanos.org.br\/noticias\/papa-modernizar-a-musica-nas-igrejas-mas-sem-banalidades.html#webpage\",\"url\":\"https:\/\/franciscanos.org.br\/noticias\/papa-modernizar-a-musica-nas-igrejas-mas-sem-banalidades.html\",\"name\":\"Modernizar a m\u00fasica nas igrejas, mas sem banalidades - Not\u00edcias - Franciscanos\",\"isPartOf\":{\"@id\":\"https:\/\/franciscanos.org.br\/noticias\/#website\"},\"primaryImageOfPage\":{\"@id\":\"https:\/\/franciscanos.org.br\/noticias\/papa-modernizar-a-musica-nas-igrejas-mas-sem-banalidades.html#primaryimage\"},\"datePublished\":\"2017-03-05T12:27:19+00:00\",\"dateModified\":\"2019-01-29T11:25:28+00:00\",\"author\":{\"@id\":\"https:\/\/franciscanos.org.br\/noticias\/#\/schema\/person\/b38fbf43118f02820bd932f2e4b14ad3\"},\"breadcrumb\":{\"@id\":\"https:\/\/franciscanos.org.br\/noticias\/papa-modernizar-a-musica-nas-igrejas-mas-sem-banalidades.html#breadcrumb\"},\"inLanguage\":\"pt-BR\",\"potentialAction\":[{\"@type\":\"ReadAction\",\"target\":[\"https:\/\/franciscanos.org.br\/noticias\/papa-modernizar-a-musica-nas-igrejas-mas-sem-banalidades.html\"]}]},{\"@type\":\"BreadcrumbList\",\"@id\":\"https:\/\/franciscanos.org.br\/noticias\/papa-modernizar-a-musica-nas-igrejas-mas-sem-banalidades.html#breadcrumb\",\"itemListElement\":[{\"@type\":\"ListItem\",\"position\":1,\"name\":\"Home\",\"item\":\"https:\/\/franciscanos.org.br\/noticias\"},{\"@type\":\"ListItem\",\"position\":2,\"name\":\"Modernizar a m\u00fasica nas igrejas, mas sem banalidades\"}]},{\"@type\":\"Person\",\"@id\":\"https:\/\/franciscanos.org.br\/noticias\/#\/schema\/person\/b38fbf43118f02820bd932f2e4b14ad3\",\"name\":\"admin\",\"image\":{\"@type\":\"ImageObject\",\"inLanguage\":\"pt-BR\",\"@id\":\"https:\/\/franciscanos.org.br\/noticias\/#\/schema\/person\/image\/\",\"url\":\"https:\/\/secure.gravatar.com\/avatar\/e8495742d34d0ba6448ea1c628263b3e?s=96&d=mm&r=g\",\"contentUrl\":\"https:\/\/secure.gravatar.com\/avatar\/e8495742d34d0ba6448ea1c628263b3e?s=96&d=mm&r=g\",\"caption\":\"admin\"},\"url\":\"https:\/\/franciscanos.org.br\/noticias\/author\/admin\"}]}<\/script>\n<!-- \/ Yoast SEO plugin. -->","yoast_head_json":{"title":"Modernizar a m\u00fasica nas igrejas, mas sem banalidades - Not\u00edcias - Franciscanos","robots":{"index":"index","follow":"follow","max-snippet":"max-snippet:-1","max-image-preview":"max-image-preview:large","max-video-preview":"max-video-preview:-1"},"canonical":"https:\/\/franciscanos.org.br\/noticias\/papa-modernizar-a-musica-nas-igrejas-mas-sem-banalidades.html","og_locale":"pt_BR","og_type":"article","og_title":"Modernizar a m\u00fasica nas igrejas, mas sem banalidades - Not\u00edcias - Franciscanos","og_description":"Liturgia","og_url":"https:\/\/franciscanos.org.br\/noticias\/papa-modernizar-a-musica-nas-igrejas-mas-sem-banalidades.html","og_site_name":"Not\u00edcias - Franciscanos","article_published_time":"2017-03-05T12:27:19+00:00","article_modified_time":"2019-01-29T11:25:28+00:00","og_image":[{"width":273,"height":181,"url":"https:\/\/franciscanos.org.br\/noticias\/wp-content\/uploads\/2017\/03\/canto_050317.jpg","type":"image\/jpeg"}],"author":"admin","twitter_card":"summary_large_image","twitter_misc":{"Escrito por":"admin","Est. tempo de leitura":"3 minutos"},"schema":{"@context":"https:\/\/schema.org","@graph":[{"@type":"WebSite","@id":"https:\/\/franciscanos.org.br\/noticias\/#website","url":"https:\/\/franciscanos.org.br\/noticias\/","name":"Not\u00edcias - Franciscanos","description":"Prov\u00edncia Franciscana da Imaculada Concei\u00e7\u00e3o do Brasil - Ordem dos Frades Menores - OFM","potentialAction":[{"@type":"SearchAction","target":{"@type":"EntryPoint","urlTemplate":"https:\/\/franciscanos.org.br\/noticias\/?s={search_term_string}"},"query-input":"required name=search_term_string"}],"inLanguage":"pt-BR"},{"@type":"ImageObject","inLanguage":"pt-BR","@id":"https:\/\/franciscanos.org.br\/noticias\/papa-modernizar-a-musica-nas-igrejas-mas-sem-banalidades.html#primaryimage","url":"https:\/\/franciscanos.org.br\/noticias\/wp-content\/uploads\/2017\/03\/canto_050317.jpg","contentUrl":"https:\/\/franciscanos.org.br\/noticias\/wp-content\/uploads\/2017\/03\/canto_050317.jpg","width":273,"height":181},{"@type":"WebPage","@id":"https:\/\/franciscanos.org.br\/noticias\/papa-modernizar-a-musica-nas-igrejas-mas-sem-banalidades.html#webpage","url":"https:\/\/franciscanos.org.br\/noticias\/papa-modernizar-a-musica-nas-igrejas-mas-sem-banalidades.html","name":"Modernizar a m\u00fasica nas igrejas, mas sem banalidades - Not\u00edcias - Franciscanos","isPartOf":{"@id":"https:\/\/franciscanos.org.br\/noticias\/#website"},"primaryImageOfPage":{"@id":"https:\/\/franciscanos.org.br\/noticias\/papa-modernizar-a-musica-nas-igrejas-mas-sem-banalidades.html#primaryimage"},"datePublished":"2017-03-05T12:27:19+00:00","dateModified":"2019-01-29T11:25:28+00:00","author":{"@id":"https:\/\/franciscanos.org.br\/noticias\/#\/schema\/person\/b38fbf43118f02820bd932f2e4b14ad3"},"breadcrumb":{"@id":"https:\/\/franciscanos.org.br\/noticias\/papa-modernizar-a-musica-nas-igrejas-mas-sem-banalidades.html#breadcrumb"},"inLanguage":"pt-BR","potentialAction":[{"@type":"ReadAction","target":["https:\/\/franciscanos.org.br\/noticias\/papa-modernizar-a-musica-nas-igrejas-mas-sem-banalidades.html"]}]},{"@type":"BreadcrumbList","@id":"https:\/\/franciscanos.org.br\/noticias\/papa-modernizar-a-musica-nas-igrejas-mas-sem-banalidades.html#breadcrumb","itemListElement":[{"@type":"ListItem","position":1,"name":"Home","item":"https:\/\/franciscanos.org.br\/noticias"},{"@type":"ListItem","position":2,"name":"Modernizar a m\u00fasica nas igrejas, mas sem banalidades"}]},{"@type":"Person","@id":"https:\/\/franciscanos.org.br\/noticias\/#\/schema\/person\/b38fbf43118f02820bd932f2e4b14ad3","name":"admin","image":{"@type":"ImageObject","inLanguage":"pt-BR","@id":"https:\/\/franciscanos.org.br\/noticias\/#\/schema\/person\/image\/","url":"https:\/\/secure.gravatar.com\/avatar\/e8495742d34d0ba6448ea1c628263b3e?s=96&d=mm&r=g","contentUrl":"https:\/\/secure.gravatar.com\/avatar\/e8495742d34d0ba6448ea1c628263b3e?s=96&d=mm&r=g","caption":"admin"},"url":"https:\/\/franciscanos.org.br\/noticias\/author\/admin"}]}},"_links":{"self":[{"href":"https:\/\/franciscanos.org.br\/noticias\/wp-json\/wp\/v2\/posts\/127212"}],"collection":[{"href":"https:\/\/franciscanos.org.br\/noticias\/wp-json\/wp\/v2\/posts"}],"about":[{"href":"https:\/\/franciscanos.org.br\/noticias\/wp-json\/wp\/v2\/types\/post"}],"author":[{"embeddable":true,"href":"https:\/\/franciscanos.org.br\/noticias\/wp-json\/wp\/v2\/users\/1"}],"replies":[{"embeddable":true,"href":"https:\/\/franciscanos.org.br\/noticias\/wp-json\/wp\/v2\/comments?post=127212"}],"version-history":[{"count":0,"href":"https:\/\/franciscanos.org.br\/noticias\/wp-json\/wp\/v2\/posts\/127212\/revisions"}],"wp:featuredmedia":[{"embeddable":true,"href":"https:\/\/franciscanos.org.br\/noticias\/wp-json\/wp\/v2\/media\/197598"}],"wp:attachment":[{"href":"https:\/\/franciscanos.org.br\/noticias\/wp-json\/wp\/v2\/media?parent=127212"}],"wp:term":[{"taxonomy":"category","embeddable":true,"href":"https:\/\/franciscanos.org.br\/noticias\/wp-json\/wp\/v2\/categories?post=127212"},{"taxonomy":"post_tag","embeddable":true,"href":"https:\/\/franciscanos.org.br\/noticias\/wp-json\/wp\/v2\/tags?post=127212"}],"curies":[{"name":"wp","href":"https:\/\/api.w.org\/{rel}","templated":true}]}}