{"id":127131,"date":"2017-03-02T14:23:20","date_gmt":"2017-03-02T17:23:20","guid":{"rendered":"http:\/\/franciscanos.org.br\/?p=127131"},"modified":"2019-01-29T09:30:35","modified_gmt":"2019-01-29T11:30:35","slug":"noviciado-sao-jose-acolhe-novo-guardiao","status":"publish","type":"post","link":"https:\/\/franciscanos.org.br\/noticias\/noviciado-sao-jose-acolhe-novo-guardiao.html","title":{"rendered":"Noviciado S\u00e3o Jos\u00e9 acolhe novo guardi\u00e3o"},"content":{"rendered":"<p><img loading=\"lazy\" class=\"aligncenter\" src=\"http:\/\/franciscanos.org.br\/wp-content\/uploads\/2017\/03\/rodeio_020317.png\" alt=\"rodeio_020317\" width=\"820\" height=\"267\" \/><\/p>\n<p>Na segunda feira, 27 de fevereiro, a fraternidade S\u00e3o Jos\u00e9 de Rodeio acolheu seu novo guardi\u00e3o. Frei Jos\u00e9 Ant\u00f4nio Cruz Duarte exercia o servi\u00e7o, junto \u00e0 C\u00faria Geral, de assist\u00eancia \u00a0\u00e0 Ordem Franciscana Secular (OFS), em Roma<strong>. <\/strong>Os novi\u00e7os e a Fraternidade permanente estavam na expectativa da chegada do novo guardi\u00e3o desde a publica\u00e7\u00e3o de sua transfer\u00eancia nas noticias da reuni\u00e3o do Definit\u00f3rio Provincial. Frei Jos\u00e9 exercer\u00e1 o of\u00edcio de guardi\u00e3o, vice-mestre e ec\u00f4nomo.<\/p>\n<p>Na noite da segunda-feira, Frei Jos\u00e9 chegou \u00e0 sua nova fraternidade e foi acolhido pelo guardi\u00e3o em exerc\u00edcio, Frei Jorge L\u00e1zaro de Souza. Na manh\u00e3 do dia 28, Frei Jos\u00e9 celebrou a Santa Missa na Par\u00f3quia S\u00e3o Francisco de Assis junto com alguns paroquianos e novi\u00e7os.<\/p>\n<p>O recreio festivo de boas vindas aconteceu na noite do dia 28. Brasileiros e angolanos, com um jeito todo franciscano, saudaram o novo guardi\u00e3o: <em>\u201cFrei Jos\u00e9 \u00e9 com grande alegria que n\u00f3s, novi\u00e7os e frades da Fraternidade permanente, te acolhemos. Conte sempre conosco!\u201d, <\/em>disseram.<em> \u00a0<\/em><\/p>\n<p>Os novi\u00e7os aproveitaram a oportunidade para agradecer Frei Jorge pela disponibilidade e dedica\u00e7\u00e3o neste per\u00edodo em que exerceu seu of\u00edcio de guardi\u00e3o e desejaram que, nesta nova miss\u00e3o em Marrocos, ele seja testemunha viva do Evangelho a exemplo de nosso Pai S\u00e3o Francisco.<\/p>\n<p><strong>Frei Paulo Ricardo<\/strong><\/p>\n","protected":false},"excerpt":{"rendered":"<p>Prov\u00edncia<\/p>\n","protected":false},"author":1,"featured_media":197074,"comment_status":"open","ping_status":"open","sticky":false,"template":"","format":"standard","meta":[],"categories":[1],"tags":[135],"acf":[],"yoast_head":"<!-- This site is optimized with the Yoast SEO plugin v19.2 - https:\/\/yoast.com\/wordpress\/plugins\/seo\/ -->\n<title>Noviciado S\u00e3o Jos\u00e9 acolhe novo guardi\u00e3o - Not\u00edcias - Franciscanos<\/title>\n<meta name=\"robots\" content=\"index, follow, max-snippet:-1, max-image-preview:large, max-video-preview:-1\" \/>\n<link rel=\"canonical\" href=\"https:\/\/franciscanos.org.br\/noticias\/noviciado-sao-jose-acolhe-novo-guardiao.html\" \/>\n<meta property=\"og:locale\" content=\"pt_BR\" \/>\n<meta property=\"og:type\" content=\"article\" \/>\n<meta property=\"og:title\" content=\"Noviciado S\u00e3o Jos\u00e9 acolhe novo guardi\u00e3o - Not\u00edcias - Franciscanos\" \/>\n<meta property=\"og:description\" content=\"Prov\u00edncia\" \/>\n<meta property=\"og:url\" content=\"https:\/\/franciscanos.org.br\/noticias\/noviciado-sao-jose-acolhe-novo-guardiao.html\" \/>\n<meta property=\"og:site_name\" content=\"Not\u00edcias - Franciscanos\" \/>\n<meta property=\"article:published_time\" content=\"2017-03-02T17:23:20+00:00\" \/>\n<meta property=\"article:modified_time\" content=\"2019-01-29T11:30:35+00:00\" \/>\n<meta property=\"og:image\" content=\"https:\/\/franciscanos.org.br\/noticias\/wp-content\/uploads\/2017\/02\/rodeio_13012017.jpg\" \/>\n\t<meta property=\"og:image:width\" content=\"273\" \/>\n\t<meta property=\"og:image:height\" content=\"181\" \/>\n\t<meta property=\"og:image:type\" content=\"image\/jpeg\" \/>\n<meta name=\"author\" content=\"admin\" \/>\n<meta name=\"twitter:card\" content=\"summary_large_image\" \/>\n<meta name=\"twitter:label1\" content=\"Escrito por\" \/>\n\t<meta name=\"twitter:data1\" content=\"admin\" \/>\n\t<meta name=\"twitter:label2\" content=\"Est. tempo de leitura\" \/>\n\t<meta name=\"twitter:data2\" content=\"1 minuto\" \/>\n<script type=\"application\/ld+json\" class=\"yoast-schema-graph\">{\"@context\":\"https:\/\/schema.org\",\"@graph\":[{\"@type\":\"WebSite\",\"@id\":\"https:\/\/franciscanos.org.br\/noticias\/#website\",\"url\":\"https:\/\/franciscanos.org.br\/noticias\/\",\"name\":\"Not\u00edcias - Franciscanos\",\"description\":\"Prov\u00edncia Franciscana da Imaculada Concei\u00e7\u00e3o do Brasil - Ordem dos Frades Menores - OFM\",\"potentialAction\":[{\"@type\":\"SearchAction\",\"target\":{\"@type\":\"EntryPoint\",\"urlTemplate\":\"https:\/\/franciscanos.org.br\/noticias\/?s={search_term_string}\"},\"query-input\":\"required name=search_term_string\"}],\"inLanguage\":\"pt-BR\"},{\"@type\":\"ImageObject\",\"inLanguage\":\"pt-BR\",\"@id\":\"https:\/\/franciscanos.org.br\/noticias\/noviciado-sao-jose-acolhe-novo-guardiao.html#primaryimage\",\"url\":\"https:\/\/franciscanos.org.br\/noticias\/wp-content\/uploads\/2017\/02\/rodeio_13012017.jpg\",\"contentUrl\":\"https:\/\/franciscanos.org.br\/noticias\/wp-content\/uploads\/2017\/02\/rodeio_13012017.jpg\",\"width\":273,\"height\":181},{\"@type\":\"WebPage\",\"@id\":\"https:\/\/franciscanos.org.br\/noticias\/noviciado-sao-jose-acolhe-novo-guardiao.html#webpage\",\"url\":\"https:\/\/franciscanos.org.br\/noticias\/noviciado-sao-jose-acolhe-novo-guardiao.html\",\"name\":\"Noviciado S\u00e3o Jos\u00e9 acolhe novo guardi\u00e3o - Not\u00edcias - Franciscanos\",\"isPartOf\":{\"@id\":\"https:\/\/franciscanos.org.br\/noticias\/#website\"},\"primaryImageOfPage\":{\"@id\":\"https:\/\/franciscanos.org.br\/noticias\/noviciado-sao-jose-acolhe-novo-guardiao.html#primaryimage\"},\"datePublished\":\"2017-03-02T17:23:20+00:00\",\"dateModified\":\"2019-01-29T11:30:35+00:00\",\"author\":{\"@id\":\"https:\/\/franciscanos.org.br\/noticias\/#\/schema\/person\/b38fbf43118f02820bd932f2e4b14ad3\"},\"breadcrumb\":{\"@id\":\"https:\/\/franciscanos.org.br\/noticias\/noviciado-sao-jose-acolhe-novo-guardiao.html#breadcrumb\"},\"inLanguage\":\"pt-BR\",\"potentialAction\":[{\"@type\":\"ReadAction\",\"target\":[\"https:\/\/franciscanos.org.br\/noticias\/noviciado-sao-jose-acolhe-novo-guardiao.html\"]}]},{\"@type\":\"BreadcrumbList\",\"@id\":\"https:\/\/franciscanos.org.br\/noticias\/noviciado-sao-jose-acolhe-novo-guardiao.html#breadcrumb\",\"itemListElement\":[{\"@type\":\"ListItem\",\"position\":1,\"name\":\"Home\",\"item\":\"https:\/\/franciscanos.org.br\/noticias\"},{\"@type\":\"ListItem\",\"position\":2,\"name\":\"Noviciado S\u00e3o Jos\u00e9 acolhe novo guardi\u00e3o\"}]},{\"@type\":\"Person\",\"@id\":\"https:\/\/franciscanos.org.br\/noticias\/#\/schema\/person\/b38fbf43118f02820bd932f2e4b14ad3\",\"name\":\"admin\",\"image\":{\"@type\":\"ImageObject\",\"inLanguage\":\"pt-BR\",\"@id\":\"https:\/\/franciscanos.org.br\/noticias\/#\/schema\/person\/image\/\",\"url\":\"https:\/\/secure.gravatar.com\/avatar\/e8495742d34d0ba6448ea1c628263b3e?s=96&d=mm&r=g\",\"contentUrl\":\"https:\/\/secure.gravatar.com\/avatar\/e8495742d34d0ba6448ea1c628263b3e?s=96&d=mm&r=g\",\"caption\":\"admin\"},\"url\":\"https:\/\/franciscanos.org.br\/noticias\/author\/admin\"}]}<\/script>\n<!-- \/ Yoast SEO plugin. -->","yoast_head_json":{"title":"Noviciado S\u00e3o Jos\u00e9 acolhe novo guardi\u00e3o - Not\u00edcias - Franciscanos","robots":{"index":"index","follow":"follow","max-snippet":"max-snippet:-1","max-image-preview":"max-image-preview:large","max-video-preview":"max-video-preview:-1"},"canonical":"https:\/\/franciscanos.org.br\/noticias\/noviciado-sao-jose-acolhe-novo-guardiao.html","og_locale":"pt_BR","og_type":"article","og_title":"Noviciado S\u00e3o Jos\u00e9 acolhe novo guardi\u00e3o - Not\u00edcias - Franciscanos","og_description":"Prov\u00edncia","og_url":"https:\/\/franciscanos.org.br\/noticias\/noviciado-sao-jose-acolhe-novo-guardiao.html","og_site_name":"Not\u00edcias - Franciscanos","article_published_time":"2017-03-02T17:23:20+00:00","article_modified_time":"2019-01-29T11:30:35+00:00","og_image":[{"width":273,"height":181,"url":"https:\/\/franciscanos.org.br\/noticias\/wp-content\/uploads\/2017\/02\/rodeio_13012017.jpg","type":"image\/jpeg"}],"author":"admin","twitter_card":"summary_large_image","twitter_misc":{"Escrito por":"admin","Est. tempo de leitura":"1 minuto"},"schema":{"@context":"https:\/\/schema.org","@graph":[{"@type":"WebSite","@id":"https:\/\/franciscanos.org.br\/noticias\/#website","url":"https:\/\/franciscanos.org.br\/noticias\/","name":"Not\u00edcias - Franciscanos","description":"Prov\u00edncia Franciscana da Imaculada Concei\u00e7\u00e3o do Brasil - Ordem dos Frades Menores - OFM","potentialAction":[{"@type":"SearchAction","target":{"@type":"EntryPoint","urlTemplate":"https:\/\/franciscanos.org.br\/noticias\/?s={search_term_string}"},"query-input":"required name=search_term_string"}],"inLanguage":"pt-BR"},{"@type":"ImageObject","inLanguage":"pt-BR","@id":"https:\/\/franciscanos.org.br\/noticias\/noviciado-sao-jose-acolhe-novo-guardiao.html#primaryimage","url":"https:\/\/franciscanos.org.br\/noticias\/wp-content\/uploads\/2017\/02\/rodeio_13012017.jpg","contentUrl":"https:\/\/franciscanos.org.br\/noticias\/wp-content\/uploads\/2017\/02\/rodeio_13012017.jpg","width":273,"height":181},{"@type":"WebPage","@id":"https:\/\/franciscanos.org.br\/noticias\/noviciado-sao-jose-acolhe-novo-guardiao.html#webpage","url":"https:\/\/franciscanos.org.br\/noticias\/noviciado-sao-jose-acolhe-novo-guardiao.html","name":"Noviciado S\u00e3o Jos\u00e9 acolhe novo guardi\u00e3o - Not\u00edcias - Franciscanos","isPartOf":{"@id":"https:\/\/franciscanos.org.br\/noticias\/#website"},"primaryImageOfPage":{"@id":"https:\/\/franciscanos.org.br\/noticias\/noviciado-sao-jose-acolhe-novo-guardiao.html#primaryimage"},"datePublished":"2017-03-02T17:23:20+00:00","dateModified":"2019-01-29T11:30:35+00:00","author":{"@id":"https:\/\/franciscanos.org.br\/noticias\/#\/schema\/person\/b38fbf43118f02820bd932f2e4b14ad3"},"breadcrumb":{"@id":"https:\/\/franciscanos.org.br\/noticias\/noviciado-sao-jose-acolhe-novo-guardiao.html#breadcrumb"},"inLanguage":"pt-BR","potentialAction":[{"@type":"ReadAction","target":["https:\/\/franciscanos.org.br\/noticias\/noviciado-sao-jose-acolhe-novo-guardiao.html"]}]},{"@type":"BreadcrumbList","@id":"https:\/\/franciscanos.org.br\/noticias\/noviciado-sao-jose-acolhe-novo-guardiao.html#breadcrumb","itemListElement":[{"@type":"ListItem","position":1,"name":"Home","item":"https:\/\/franciscanos.org.br\/noticias"},{"@type":"ListItem","position":2,"name":"Noviciado S\u00e3o Jos\u00e9 acolhe novo guardi\u00e3o"}]},{"@type":"Person","@id":"https:\/\/franciscanos.org.br\/noticias\/#\/schema\/person\/b38fbf43118f02820bd932f2e4b14ad3","name":"admin","image":{"@type":"ImageObject","inLanguage":"pt-BR","@id":"https:\/\/franciscanos.org.br\/noticias\/#\/schema\/person\/image\/","url":"https:\/\/secure.gravatar.com\/avatar\/e8495742d34d0ba6448ea1c628263b3e?s=96&d=mm&r=g","contentUrl":"https:\/\/secure.gravatar.com\/avatar\/e8495742d34d0ba6448ea1c628263b3e?s=96&d=mm&r=g","caption":"admin"},"url":"https:\/\/franciscanos.org.br\/noticias\/author\/admin"}]}},"_links":{"self":[{"href":"https:\/\/franciscanos.org.br\/noticias\/wp-json\/wp\/v2\/posts\/127131"}],"collection":[{"href":"https:\/\/franciscanos.org.br\/noticias\/wp-json\/wp\/v2\/posts"}],"about":[{"href":"https:\/\/franciscanos.org.br\/noticias\/wp-json\/wp\/v2\/types\/post"}],"author":[{"embeddable":true,"href":"https:\/\/franciscanos.org.br\/noticias\/wp-json\/wp\/v2\/users\/1"}],"replies":[{"embeddable":true,"href":"https:\/\/franciscanos.org.br\/noticias\/wp-json\/wp\/v2\/comments?post=127131"}],"version-history":[{"count":0,"href":"https:\/\/franciscanos.org.br\/noticias\/wp-json\/wp\/v2\/posts\/127131\/revisions"}],"wp:featuredmedia":[{"embeddable":true,"href":"https:\/\/franciscanos.org.br\/noticias\/wp-json\/wp\/v2\/media\/197074"}],"wp:attachment":[{"href":"https:\/\/franciscanos.org.br\/noticias\/wp-json\/wp\/v2\/media?parent=127131"}],"wp:term":[{"taxonomy":"category","embeddable":true,"href":"https:\/\/franciscanos.org.br\/noticias\/wp-json\/wp\/v2\/categories?post=127131"},{"taxonomy":"post_tag","embeddable":true,"href":"https:\/\/franciscanos.org.br\/noticias\/wp-json\/wp\/v2\/tags?post=127131"}],"curies":[{"name":"wp","href":"https:\/\/api.w.org\/{rel}","templated":true}]}}