{"id":127126,"date":"2017-03-02T10:17:41","date_gmt":"2017-03-02T13:17:41","guid":{"rendered":"http:\/\/franciscanos.org.br\/?p=127126"},"modified":"2020-06-09T10:20:41","modified_gmt":"2020-06-09T13:20:41","slug":"as-chagas-de-nossos-irmaos-sao-as-chagas-de-cristo-sao-as-chagas-de-deus","status":"publish","type":"post","link":"https:\/\/franciscanos.org.br\/noticias\/as-chagas-de-nossos-irmaos-sao-as-chagas-de-cristo-sao-as-chagas-de-deus.html","title":{"rendered":"As chagas de nossos irm\u00e3os s\u00e3o as chagas de Cristo"},"content":{"rendered":"<p><img loading=\"lazy\" class=\"alignleft\" src=\"http:\/\/franciscanos.org.br\/wp-content\/uploads\/2017\/03\/marta_020317.jpg\" alt=\"marta_020317\" width=\"830\" height=\"401\" \/><strong>Cidade do Vaticano<\/strong> &#8211; O Papa Francisco celebrou a missa matutina, desta quinta-feira (02\/03), na Casa Santa Marta. O Pont\u00edfice sublinhou que \u201cressoa forte, no in\u00edcio da Quaresma, o convite \u00e0 convers\u00e3o\u201d.<\/p>\n<p>A liturgia de hoje coloca esta exorta\u00e7\u00e3o diante de tr\u00eas realidades: o homem, Deus e o caminho. A realidade do homem \u00e9 a de escolher entre o bem e o mal: \u201cDeus nos criou livres. A escolha \u00e9 nossa\u201d, disse o Pont\u00edfice, \u201cmas n\u00e3o nos deixa sozinhos\u201d, nos indica o caminho do bem com os Mandamentos. Depois, h\u00e1 a realidade de Deus: \u201cpara os disc\u00edpulos era dif\u00edcil entender\u201d o caminho da cruz de Jesus:<\/p>\n<p>Deus tomou sobre si toda a realidade humana, menos o pecado. N\u00e3o h\u00e1 Deus sem Cristo. Um deus sem Cristo \u00e9 desencarnado. Um deus que n\u00e3o \u00e9 real.<\/p>\n<p>\u201cA realidade de Deus \u00e9 Deus que se fez Cristo, por n\u00f3s. Para nos salvar. Quando nos distanciamos dessa realidade e nos distanciamos da Cruz de Cristo, da verdade das chagas do Senhor, nos distanciamos tamb\u00e9m do amor, da caridade de Deus, da salva\u00e7\u00e3o e caminhamos numa estrada ideol\u00f3gica de Deus, distante do Deus que veio at\u00e9 n\u00f3s para nos salvar, do Deus que morreu por n\u00f3s. Esta \u00e9 a realidade de Deus. Deus \u00e9 Cristo. N\u00e3o h\u00e1 Deus sem Cristo.\u201d<\/p>\n<p>O Papa citou o di\u00e1logo entre um agn\u00f3stico e um fiel que acreditava em Deus, criado por um escritor franc\u00eas do s\u00e9culo passado:<\/p>\n<p>\u201cO agn\u00f3stico de boa vontade perguntava ao fiel: \u201cMas, como \u00e9 poss\u00edvel! Para mim, o problema \u00e9 como Cristo \u00e9 Deus: N\u00e3o posso entender isso. Como Cristo \u00e9 Deus?\u201d. E o fiel respondeu: Para mim, isso n\u00e3o \u00e9 um problema. O problema seria se Deus n\u00e3o tivesse se tornado Cristo\u201d. Esta \u00e9 a realidade de Deus: Deus que se fez Cristo, Deus que se fez carne e este \u00e9 o fundamento das obras de miseric\u00f3rdia. As chagas de nossos irm\u00e3os s\u00e3o as chagas de Cristo, s\u00e3o as chagas de Deus, porque Deus se fez Cristo. Esta \u00e9 a segunda realidade. N\u00e3o podemos viver a Quaresma sem esta realidade. Devemos nos converter n\u00e3o a um Deus abstrato, mas a um Deus concreto que se fez Cristo.\u201d<\/p>\n<p>Enfim, a terceira realidade, \u00e9 a do caminho. Jesus diz: \u201cSe algu\u00e9m quer me seguir, renegue a si mesmo, tome a sua cruz a cada dia e me siga\u201d.<\/p>\n<p>\u201cA realidade do caminho \u00e9 a de Cristo: seguir Cristo, fazer a vontade do Pai e como Ele pegar as cruzes de cada dia e renegar a si mesmo para seguir Cristo. N\u00e3o fazer o que eu quero, mas o que Jesus quer. Seguir Jesus. Ele fala que nessa estrada n\u00f3s perdemos a vida para ganh\u00e1-la depois. \u00c9 perder a vida continuamente, deixar de fazer o que eu quero, perder as comodidades, estar sempre na estrada de Jesus que estava a servi\u00e7o dos outros, e adorar Deus. Esta \u00e9 a estrada certa.\u201d<\/p>\n<p>\u201cO \u00fanico caminho seguro \u00e9 seguir Cristo crucificado, esc\u00e2ndalo da Cruz. Estas tr\u00eas realidades, o homem, Deus e o caminho s\u00e3o a b\u00fassola que n\u00e3o deixa o crist\u00e3o errar o caminho\u201d, concluiu o Papa.<\/p>\n<hr \/>\n<p><em>Fonte: R\u00e1dio Vaticano<\/em><\/p>\n","protected":false},"excerpt":{"rendered":"<p>Missa em Santa Marta<\/p>\n","protected":false},"author":1,"featured_media":197632,"comment_status":"open","ping_status":"open","sticky":false,"template":"","format":"standard","meta":[],"categories":[1428],"tags":[1586],"acf":[],"yoast_head":"<!-- This site is optimized with the Yoast SEO plugin v19.2 - https:\/\/yoast.com\/wordpress\/plugins\/seo\/ -->\n<title>As chagas de nossos irm\u00e3os s\u00e3o as chagas de Cristo - Not\u00edcias - Franciscanos<\/title>\n<meta name=\"robots\" content=\"index, follow, max-snippet:-1, max-image-preview:large, max-video-preview:-1\" \/>\n<link rel=\"canonical\" href=\"https:\/\/franciscanos.org.br\/noticias\/as-chagas-de-nossos-irmaos-sao-as-chagas-de-cristo-sao-as-chagas-de-deus.html\" \/>\n<meta property=\"og:locale\" content=\"pt_BR\" \/>\n<meta property=\"og:type\" content=\"article\" \/>\n<meta property=\"og:title\" content=\"As chagas de nossos irm\u00e3os s\u00e3o as chagas de Cristo - Not\u00edcias - Franciscanos\" \/>\n<meta property=\"og:description\" content=\"Missa em Santa Marta\" \/>\n<meta property=\"og:url\" content=\"https:\/\/franciscanos.org.br\/noticias\/as-chagas-de-nossos-irmaos-sao-as-chagas-de-cristo-sao-as-chagas-de-deus.html\" \/>\n<meta property=\"og:site_name\" content=\"Not\u00edcias - Franciscanos\" \/>\n<meta property=\"article:published_time\" content=\"2017-03-02T13:17:41+00:00\" \/>\n<meta property=\"article:modified_time\" content=\"2020-06-09T13:20:41+00:00\" \/>\n<meta property=\"og:image\" content=\"https:\/\/franciscanos.org.br\/noticias\/wp-content\/uploads\/2017\/03\/marta_020317.jpg\" \/>\n\t<meta property=\"og:image:width\" content=\"273\" \/>\n\t<meta property=\"og:image:height\" content=\"181\" \/>\n\t<meta property=\"og:image:type\" content=\"image\/jpeg\" \/>\n<meta name=\"author\" content=\"admin\" \/>\n<meta name=\"twitter:card\" content=\"summary_large_image\" \/>\n<meta name=\"twitter:label1\" content=\"Escrito por\" \/>\n\t<meta name=\"twitter:data1\" content=\"admin\" \/>\n\t<meta name=\"twitter:label2\" content=\"Est. tempo de leitura\" \/>\n\t<meta name=\"twitter:data2\" content=\"3 minutos\" \/>\n<script type=\"application\/ld+json\" class=\"yoast-schema-graph\">{\"@context\":\"https:\/\/schema.org\",\"@graph\":[{\"@type\":\"WebSite\",\"@id\":\"https:\/\/franciscanos.org.br\/noticias\/#website\",\"url\":\"https:\/\/franciscanos.org.br\/noticias\/\",\"name\":\"Not\u00edcias - Franciscanos\",\"description\":\"Prov\u00edncia Franciscana da Imaculada Concei\u00e7\u00e3o do Brasil - Ordem dos Frades Menores - OFM\",\"potentialAction\":[{\"@type\":\"SearchAction\",\"target\":{\"@type\":\"EntryPoint\",\"urlTemplate\":\"https:\/\/franciscanos.org.br\/noticias\/?s={search_term_string}\"},\"query-input\":\"required name=search_term_string\"}],\"inLanguage\":\"pt-BR\"},{\"@type\":\"ImageObject\",\"inLanguage\":\"pt-BR\",\"@id\":\"https:\/\/franciscanos.org.br\/noticias\/as-chagas-de-nossos-irmaos-sao-as-chagas-de-cristo-sao-as-chagas-de-deus.html#primaryimage\",\"url\":\"https:\/\/franciscanos.org.br\/noticias\/wp-content\/uploads\/2017\/03\/marta_020317.jpg\",\"contentUrl\":\"https:\/\/franciscanos.org.br\/noticias\/wp-content\/uploads\/2017\/03\/marta_020317.jpg\",\"width\":273,\"height\":181},{\"@type\":\"WebPage\",\"@id\":\"https:\/\/franciscanos.org.br\/noticias\/as-chagas-de-nossos-irmaos-sao-as-chagas-de-cristo-sao-as-chagas-de-deus.html#webpage\",\"url\":\"https:\/\/franciscanos.org.br\/noticias\/as-chagas-de-nossos-irmaos-sao-as-chagas-de-cristo-sao-as-chagas-de-deus.html\",\"name\":\"As chagas de nossos irm\u00e3os s\u00e3o as chagas de Cristo - Not\u00edcias - Franciscanos\",\"isPartOf\":{\"@id\":\"https:\/\/franciscanos.org.br\/noticias\/#website\"},\"primaryImageOfPage\":{\"@id\":\"https:\/\/franciscanos.org.br\/noticias\/as-chagas-de-nossos-irmaos-sao-as-chagas-de-cristo-sao-as-chagas-de-deus.html#primaryimage\"},\"datePublished\":\"2017-03-02T13:17:41+00:00\",\"dateModified\":\"2020-06-09T13:20:41+00:00\",\"author\":{\"@id\":\"https:\/\/franciscanos.org.br\/noticias\/#\/schema\/person\/b38fbf43118f02820bd932f2e4b14ad3\"},\"breadcrumb\":{\"@id\":\"https:\/\/franciscanos.org.br\/noticias\/as-chagas-de-nossos-irmaos-sao-as-chagas-de-cristo-sao-as-chagas-de-deus.html#breadcrumb\"},\"inLanguage\":\"pt-BR\",\"potentialAction\":[{\"@type\":\"ReadAction\",\"target\":[\"https:\/\/franciscanos.org.br\/noticias\/as-chagas-de-nossos-irmaos-sao-as-chagas-de-cristo-sao-as-chagas-de-deus.html\"]}]},{\"@type\":\"BreadcrumbList\",\"@id\":\"https:\/\/franciscanos.org.br\/noticias\/as-chagas-de-nossos-irmaos-sao-as-chagas-de-cristo-sao-as-chagas-de-deus.html#breadcrumb\",\"itemListElement\":[{\"@type\":\"ListItem\",\"position\":1,\"name\":\"Home\",\"item\":\"https:\/\/franciscanos.org.br\/noticias\"},{\"@type\":\"ListItem\",\"position\":2,\"name\":\"As chagas de nossos irm\u00e3os s\u00e3o as chagas de Cristo\"}]},{\"@type\":\"Person\",\"@id\":\"https:\/\/franciscanos.org.br\/noticias\/#\/schema\/person\/b38fbf43118f02820bd932f2e4b14ad3\",\"name\":\"admin\",\"image\":{\"@type\":\"ImageObject\",\"inLanguage\":\"pt-BR\",\"@id\":\"https:\/\/franciscanos.org.br\/noticias\/#\/schema\/person\/image\/\",\"url\":\"https:\/\/secure.gravatar.com\/avatar\/e8495742d34d0ba6448ea1c628263b3e?s=96&d=mm&r=g\",\"contentUrl\":\"https:\/\/secure.gravatar.com\/avatar\/e8495742d34d0ba6448ea1c628263b3e?s=96&d=mm&r=g\",\"caption\":\"admin\"},\"url\":\"https:\/\/franciscanos.org.br\/noticias\/author\/admin\"}]}<\/script>\n<!-- \/ Yoast SEO plugin. -->","yoast_head_json":{"title":"As chagas de nossos irm\u00e3os s\u00e3o as chagas de Cristo - Not\u00edcias - Franciscanos","robots":{"index":"index","follow":"follow","max-snippet":"max-snippet:-1","max-image-preview":"max-image-preview:large","max-video-preview":"max-video-preview:-1"},"canonical":"https:\/\/franciscanos.org.br\/noticias\/as-chagas-de-nossos-irmaos-sao-as-chagas-de-cristo-sao-as-chagas-de-deus.html","og_locale":"pt_BR","og_type":"article","og_title":"As chagas de nossos irm\u00e3os s\u00e3o as chagas de Cristo - Not\u00edcias - Franciscanos","og_description":"Missa em Santa Marta","og_url":"https:\/\/franciscanos.org.br\/noticias\/as-chagas-de-nossos-irmaos-sao-as-chagas-de-cristo-sao-as-chagas-de-deus.html","og_site_name":"Not\u00edcias - Franciscanos","article_published_time":"2017-03-02T13:17:41+00:00","article_modified_time":"2020-06-09T13:20:41+00:00","og_image":[{"width":273,"height":181,"url":"https:\/\/franciscanos.org.br\/noticias\/wp-content\/uploads\/2017\/03\/marta_020317.jpg","type":"image\/jpeg"}],"author":"admin","twitter_card":"summary_large_image","twitter_misc":{"Escrito por":"admin","Est. tempo de leitura":"3 minutos"},"schema":{"@context":"https:\/\/schema.org","@graph":[{"@type":"WebSite","@id":"https:\/\/franciscanos.org.br\/noticias\/#website","url":"https:\/\/franciscanos.org.br\/noticias\/","name":"Not\u00edcias - Franciscanos","description":"Prov\u00edncia Franciscana da Imaculada Concei\u00e7\u00e3o do Brasil - Ordem dos Frades Menores - OFM","potentialAction":[{"@type":"SearchAction","target":{"@type":"EntryPoint","urlTemplate":"https:\/\/franciscanos.org.br\/noticias\/?s={search_term_string}"},"query-input":"required name=search_term_string"}],"inLanguage":"pt-BR"},{"@type":"ImageObject","inLanguage":"pt-BR","@id":"https:\/\/franciscanos.org.br\/noticias\/as-chagas-de-nossos-irmaos-sao-as-chagas-de-cristo-sao-as-chagas-de-deus.html#primaryimage","url":"https:\/\/franciscanos.org.br\/noticias\/wp-content\/uploads\/2017\/03\/marta_020317.jpg","contentUrl":"https:\/\/franciscanos.org.br\/noticias\/wp-content\/uploads\/2017\/03\/marta_020317.jpg","width":273,"height":181},{"@type":"WebPage","@id":"https:\/\/franciscanos.org.br\/noticias\/as-chagas-de-nossos-irmaos-sao-as-chagas-de-cristo-sao-as-chagas-de-deus.html#webpage","url":"https:\/\/franciscanos.org.br\/noticias\/as-chagas-de-nossos-irmaos-sao-as-chagas-de-cristo-sao-as-chagas-de-deus.html","name":"As chagas de nossos irm\u00e3os s\u00e3o as chagas de Cristo - Not\u00edcias - Franciscanos","isPartOf":{"@id":"https:\/\/franciscanos.org.br\/noticias\/#website"},"primaryImageOfPage":{"@id":"https:\/\/franciscanos.org.br\/noticias\/as-chagas-de-nossos-irmaos-sao-as-chagas-de-cristo-sao-as-chagas-de-deus.html#primaryimage"},"datePublished":"2017-03-02T13:17:41+00:00","dateModified":"2020-06-09T13:20:41+00:00","author":{"@id":"https:\/\/franciscanos.org.br\/noticias\/#\/schema\/person\/b38fbf43118f02820bd932f2e4b14ad3"},"breadcrumb":{"@id":"https:\/\/franciscanos.org.br\/noticias\/as-chagas-de-nossos-irmaos-sao-as-chagas-de-cristo-sao-as-chagas-de-deus.html#breadcrumb"},"inLanguage":"pt-BR","potentialAction":[{"@type":"ReadAction","target":["https:\/\/franciscanos.org.br\/noticias\/as-chagas-de-nossos-irmaos-sao-as-chagas-de-cristo-sao-as-chagas-de-deus.html"]}]},{"@type":"BreadcrumbList","@id":"https:\/\/franciscanos.org.br\/noticias\/as-chagas-de-nossos-irmaos-sao-as-chagas-de-cristo-sao-as-chagas-de-deus.html#breadcrumb","itemListElement":[{"@type":"ListItem","position":1,"name":"Home","item":"https:\/\/franciscanos.org.br\/noticias"},{"@type":"ListItem","position":2,"name":"As chagas de nossos irm\u00e3os s\u00e3o as chagas de Cristo"}]},{"@type":"Person","@id":"https:\/\/franciscanos.org.br\/noticias\/#\/schema\/person\/b38fbf43118f02820bd932f2e4b14ad3","name":"admin","image":{"@type":"ImageObject","inLanguage":"pt-BR","@id":"https:\/\/franciscanos.org.br\/noticias\/#\/schema\/person\/image\/","url":"https:\/\/secure.gravatar.com\/avatar\/e8495742d34d0ba6448ea1c628263b3e?s=96&d=mm&r=g","contentUrl":"https:\/\/secure.gravatar.com\/avatar\/e8495742d34d0ba6448ea1c628263b3e?s=96&d=mm&r=g","caption":"admin"},"url":"https:\/\/franciscanos.org.br\/noticias\/author\/admin"}]}},"_links":{"self":[{"href":"https:\/\/franciscanos.org.br\/noticias\/wp-json\/wp\/v2\/posts\/127126"}],"collection":[{"href":"https:\/\/franciscanos.org.br\/noticias\/wp-json\/wp\/v2\/posts"}],"about":[{"href":"https:\/\/franciscanos.org.br\/noticias\/wp-json\/wp\/v2\/types\/post"}],"author":[{"embeddable":true,"href":"https:\/\/franciscanos.org.br\/noticias\/wp-json\/wp\/v2\/users\/1"}],"replies":[{"embeddable":true,"href":"https:\/\/franciscanos.org.br\/noticias\/wp-json\/wp\/v2\/comments?post=127126"}],"version-history":[{"count":1,"href":"https:\/\/franciscanos.org.br\/noticias\/wp-json\/wp\/v2\/posts\/127126\/revisions"}],"predecessor-version":[{"id":225433,"href":"https:\/\/franciscanos.org.br\/noticias\/wp-json\/wp\/v2\/posts\/127126\/revisions\/225433"}],"wp:featuredmedia":[{"embeddable":true,"href":"https:\/\/franciscanos.org.br\/noticias\/wp-json\/wp\/v2\/media\/197632"}],"wp:attachment":[{"href":"https:\/\/franciscanos.org.br\/noticias\/wp-json\/wp\/v2\/media?parent=127126"}],"wp:term":[{"taxonomy":"category","embeddable":true,"href":"https:\/\/franciscanos.org.br\/noticias\/wp-json\/wp\/v2\/categories?post=127126"},{"taxonomy":"post_tag","embeddable":true,"href":"https:\/\/franciscanos.org.br\/noticias\/wp-json\/wp\/v2\/tags?post=127126"}],"curies":[{"name":"wp","href":"https:\/\/api.w.org\/{rel}","templated":true}]}}