{"id":127015,"date":"2017-02-26T19:50:03","date_gmt":"2017-02-26T22:50:03","guid":{"rendered":"http:\/\/franciscanos.org.br\/?p=127015"},"modified":"2020-06-09T10:23:49","modified_gmt":"2020-06-09T13:23:49","slug":"primeiro-pontifice-a-visitar-uma-igreja-anglicana","status":"publish","type":"post","link":"https:\/\/franciscanos.org.br\/noticias\/primeiro-pontifice-a-visitar-uma-igreja-anglicana.html","title":{"rendered":"Primeiro Pont\u00edfice a visitar uma igreja anglicana"},"content":{"rendered":"<p><img loading=\"lazy\" class=\"alignleft\" src=\"http:\/\/franciscanos.org.br\/wp-content\/uploads\/2017\/02\/anglicana_260217.jpg\" alt=\"anglicana_260217\" width=\"848\" height=\"418\" \/><\/p>\n<p><strong>Cidade do Vaticano<\/strong> \u2013 Na tarde deste domingo, 26 de fevereiro, o Papa Francisco realizou uma visita hist\u00f3rica, ao participar das celebra\u00e7\u00f5es dos 200 anos da Par\u00f3quia anglicana All Saints, em Roma. Foi o primeiro Pont\u00edfice a entrar no templo.<\/p>\n<p>O Papa reconheceu, no entanto, que h\u00e1 dificuldades no caminho da aproxima\u00e7\u00e3o, da &#8220;plena comunh\u00e3o&#8221;, entre as duas igrejas crist\u00e3s. &#8220;\u00c0s vezes o progresso no caminho de uma plena comunh\u00e3o pode parecer lento e inseguro, mas hoje podemos nos sentir alentados por nosso encontro&#8221;, declarou o pont\u00edfice.<\/p>\n<p><strong>Ordena\u00e7\u00e3o de mulheres<\/strong><br \/>\nEm outubro passado, o Papa e o arcebispo de Canterbury, Justin Welby, celebraram juntos uma cerim\u00f4nia na igreja de S\u00e3o Greg\u00f3rio de Roma para marcar os 50 anos de aproxima\u00e7\u00e3o das duas igrejas.<\/p>\n<p>Os dois l\u00edderes religiosos mostraram, no entanto, suas diverg\u00eancias em um comunicado, &#8220;em particular sobre a ordena\u00e7\u00e3o das mulheres e em quest\u00f5es relacionadas com a sexualidade&#8221;.<\/p>\n<p>Na Igreja Anglicana, as mulheres podem ser ordenadas desde 1992 e representam um ter\u00e7o do clero atualmente. A cis\u00e3o anglicana aconteceu no s\u00e9culo XVI, depois que o Papa se recusou a conceder a anula\u00e7\u00e3o do casamento do rei Henrique VIII. Desde ent\u00e3o, os anglicanos n\u00e3o reconhecem a autoridade do Papa.<\/p>\n<p>O reverendo Jonathan Boardman, sacerdote da igreja All Saints, localizada no centro de Roma, celebrou a visita do Papa. &#8220;\u00c9 uma alegria incr\u00edvel, isto tem um significado absolutamente extraordin\u00e1rio&#8221;, declarou.<\/p>\n<p>O Papa Francisco aproveitou a ocasi\u00e3o para anunciar que estuda a possibilidade de viajar ao Sud\u00e3o do Sul, pa\u00eds de maioria crist\u00e3, com Justin Welby.\u00a0Ele assinalou que, caso se realize, a viagem ir\u00e1 durar apenas um dia, devido \u00e0 &#8220;situa\u00e7\u00e3o dif\u00edcil&#8221; no Sud\u00e3o do Sul, pa\u00eds devastado por uma guerra civil desde dezembro de 2013.<\/p>\n<p>&nbsp;<\/p>\n<h3>Eis a \u00edntegra do discurso do Santo Padre:<\/h3>\n<p>\u201cQueridos irm\u00e3os e irm\u00e3s,<\/p>\n<p>Vos agrade\u00e7o pelo gentil convite em celebrar juntos este anivers\u00e1rio paroquial. Transcorreram mais de duzentos anos desde que realizou-se o primeiro servi\u00e7o lit\u00fargico p\u00fablico anglicano em Roma, para um grupo de residentes ingleses que viviam nesta parte da cidade. Muita coisa mudou desde ent\u00e3o, em Roma e no mundo. No decorrer destes dois s\u00e9culos, muito tamb\u00e9m mudou entre anglicanos e cat\u00f3licos, que no passado olhavam-se com suspeita e hostilidade; hoje, gra\u00e7as a Deus, nos reconhecemos como verdadeiramente somos: irm\u00e3os e irm\u00e3s em Cristo, mediante o nosso batismo comum. Como amigos e peregrinos desejamos caminhar juntos, seguir juntos o nosso Senhor Jesus Cristo.<\/p>\n<p>Voc\u00eas me convidaram para aben\u00e7oar o novo \u00edcone de Cristo Salvador. Cristo nos olha, e o seu olhar sobre n\u00f3s \u00e9 um olhar de salva\u00e7\u00e3o, de amor e de compaix\u00e3o. \u00c9 o mesmo olhar misericordioso que atravessou o cora\u00e7\u00e3o dos Ap\u00f3stolos, que iniciaram um novo caminho de vida nova para seguir e anunciar o Mestre. Nesta santa imagem, Jesus, olhando-nos, parece dirigir tamb\u00e9m a n\u00f3s um chamado, um apelo: \u201cEst\u00e1s pronto a deixar alguma coisa do teu passado por mim? Queres ser mensageiro de meu cora\u00e7\u00e3o, de minha miseric\u00f3rdia?\u201d.<\/p>\n<p>A miseric\u00f3rdia divina \u00e9 a fonte de todo o minist\u00e9rio crist\u00e3o. O diz o Ap\u00f3stolo Paulo, dirigindo-se ao Cor\u00edntios, na leitura que acabamos de ouvir. Ele escreve: \u201cEste \u00e9 o nosso minist\u00e9rio, n\u00f3s o temos pela miseric\u00f3rdia de Deus; por isto, n\u00e3o perdemos a coragem\u201d (2 Cor 4,1).<\/p>\n<p>Com efeito, S\u00e3o Paulo nem sempre teve uma rela\u00e7\u00e3o f\u00e1cil com a comunidade de Corinto, como demonstram as suas cartas. Houve tamb\u00e9m uma visita dolorosa a esta comunidade e palavras inflamadas foram trocadas por escrito. Mas esta passagem mostra o Ap\u00f3stolo que supera as diverg\u00eancias do passado e, vivendo o seu minist\u00e9rio segundo a miseric\u00f3rdia recebida, n\u00e3o se resigna diante das divis\u00f5es, mas trabalha pela reconcilia\u00e7\u00e3o. Quando n\u00f3s, comunidade de crist\u00e3os batizados, nos encontramos diante de desacordos e nos colocamos diante do rosto misericordioso de Cristo para super\u00e1-los, fazemos precisamente como fez S\u00e3o Paulo em uma das primeiras comunidades crist\u00e3s.<br \/>\nComo se compromete Paulo nesta miss\u00e3o, de onde come\u00e7a? Da humildade, que n\u00e3o \u00e9 somente uma bela virtude, \u00e9 uma quest\u00e3o de identidade: Paulo se compreende como um servidor, que n\u00e3o anuncia a si mesmo, mas Cristo Jesus Senhor. E cumpre este servi\u00e7o, este minist\u00e9rio, segundo a miseric\u00f3rdia que lhe foi dada; n\u00e3o com base em sua bravura e contando com suas for\u00e7as, mas na confian\u00e7a com que Deus o olha e apoia, com miseric\u00f3rdia a sua fraqueza. Tornar-se humilde \u00e9 sair do centro, reconhecer-se necessitado de Deus, mendigo de miseric\u00f3rdia: \u00e9 o ponto de partida para que seja Deus a operar.<\/p>\n<p>Um Presidente do Conselho Ecum\u00eanico das Igrejas descreve a evangeliza\u00e7\u00e3o crist\u00e3 como \u201cum mendigo que diz a outro mendigo onde encontrar o p\u00e3o\u201d. Acredito que S\u00e3o Paulo teria aprovado. Ele se sentia \u201ccom fome de miseric\u00f3rdia\u201d e a sua prioridade era compartilhar com os outros o seu p\u00e3o: a alegria de ser amados pelo Senhor e de am\u00e1-lo.<\/p>\n<p>Este \u00e9 o nosso bem mais precioso, o nosso tesouro, e neste contexto Paulo introduz uma de suas imagens mais conhecidas, que podemos aplicar a todos n\u00f3s: \u201cTemos este tesouro em vasos de barro\u201d. Somos somente vasos de barro, mas guardamos dentro de n\u00f3s o maior tesouro do mundo. Os Cor\u00edntios sabiam bem que era tolice preservar algo de precioso em vasos de barro, que eram baratos, mas se quebravam facilmente. Ter dentro deles algo de precioso significava risco de perd\u00ea-lo. Paulo, pecador, agraciado, humildemente reconhece ser fr\u00e1gil como um vaso de barro. Mas experimentou e sabe que precisamente ali, onde a mis\u00e9ria humana se abre \u00e0 a\u00e7\u00e3o misericordiosa de Deus, o Senhor opera maravilhas. Assim opera o \u201cextraordin\u00e1rio poder de Deus\u201d.<\/p>\n<p>Confiante neste humilde poder, Paulo serve o Evangelho. Falando de alguns advers\u00e1rios seus em Corinto, os chamou \u201csuperap\u00f3stolos\u201d, talvez, e com uma certa ironia, porque o tinham criticado pelas suas fraquezas, das quais eles se consideravam isentos\u201d. Paulo, pelo contr\u00e1rio, ensina que somente reconhecendo-nos fr\u00e1geis vasos de barro, pecadores sempre necessitados de miseric\u00f3rdia, o tesouro de Deus se derrama em n\u00f3s e sobre os outros mediante n\u00f3s. De outra forma, seremos somente cheios de tesouros nossos, que se corrompem e apodrecem em vasos aparentemente bonitos. Se reconhecemos a nossa fraqueza e pedimos perd\u00e3o, ent\u00e3o a miseric\u00f3rdia restauradora de Deus resplandecer\u00e1 dentro de n\u00f3s e ser\u00e1 tamb\u00e9m vis\u00edvel de fora; os outros ir\u00e3o experimentar de alguma forma, atrav\u00e9s de n\u00f3s, a beleza gentil da face de Cristo.<br \/>\nA um certo ponto, talvez no momento mais dif\u00edcil com a comunidade de Corinto, Paulo cancelou uma visita que havia programado, renunciando tamb\u00e9m \u00e0s ofertas que teria recebido. Existiam tens\u00f5es na comunh\u00e3o, mas n\u00e3o tiveram a \u00faltima palavra. A rela\u00e7\u00e3o voltou ao normal e o Ap\u00f3stolo aceitou a oferta para o sustento da Igreja de Jerusal\u00e9m.<\/p>\n<p>Os crist\u00e3os de Corinto voltaram a trabalhar junto \u00e0s outras comunidades visitadas por Paulo, para apoiar quem era necessitado. Este \u00e9 um sinal forte de comunh\u00e3o restabelecida. Tamb\u00e9m a obra que a vossa comunidade desenvolve junto a outras de l\u00edngua inglesa aqui em Roma, pode ser vista desta forma. Uma comunh\u00e3o verdadeira e s\u00f3lida cresce e se robustece quando se age juntos por quem tem necessidade. Por meio do testemunho concorde da caridade, a face misericordiosa de Jesus torna-se vis\u00edvel na nossa cidade.<\/p>\n<p>Cat\u00f3licos e anglicanos, somos humildemente agradecidos porque, depois de s\u00e9culos de rec\u00edproca desconfian\u00e7a, somos agora capazes de reconhecer que a fecunda gra\u00e7a de Cristo est\u00e1 em a\u00e7\u00e3o tamb\u00e9m nos outros. Agradecemos ao Senhor porque entre os crist\u00e3os cresceu o desejo de uma maior proximidade, que se manifesta no rezar juntos e no comum testemunho ao Evangelho, sobretudo por meio das v\u00e1rias formas de servi\u00e7o. \u00c0s vezes, o progresso no caminho rumo \u00e0 plena comunh\u00e3o pode parecer lento e incerto, mas hoje podemos tirar um encorajamento deste nosso encontro. Pela primeira vez um Bispo de Roma visita a comunidade de voc\u00eas. \u00c9 uma gra\u00e7a e tamb\u00e9m uma responsabilidade: a responsabilidade de fortalecer as nossas rela\u00e7\u00f5es em louvor a Cristo, a servi\u00e7o do Evangelho e desta cidade.<\/p>\n<p>Encorajando-nos uns aos outros a tornar disc\u00edpulos sempre mais fi\u00e9is a Jesus, sempre mais livres dos respectivos preconceitos do passado e sempre mais desejosos de rezar por e com os outros. Um bonito sinal desta vontade \u00e9 a \u201cparceria\u201d concretizada entre a vossa par\u00f3quia All Saints e a cat\u00f3lica, de Todos os Santos. Que os Santos de cada Confiss\u00e3o crist\u00e3, plenamente unidos na Jerusal\u00e9m celeste, nos abram o caminho para percorrer aqui todas as poss\u00edveis vias de um caminho crist\u00e3o fraterno e comum. Onde nos reunimos em nome de Jesus, ali Ele est\u00e1 presente, e dirigindo o seu olhar de miseric\u00f3rdia, chama a trabalharmos pela unidade e pelo amor. Que o rosto de Deus resplande\u00e7a sobre n\u00f3s, sobre vossas fam\u00edlias e sobre toda a comunidade!\u201d.<\/p>\n<hr \/>\n<p><em>Fonte: R\u00e1dio Vaticano<\/em><\/p>\n","protected":false},"excerpt":{"rendered":"<p>Papa Francisco<\/p>\n","protected":false},"author":1,"featured_media":195936,"comment_status":"open","ping_status":"open","sticky":false,"template":"","format":"standard","meta":[],"categories":[1428],"tags":[1140],"acf":[],"yoast_head":"<!-- This site is optimized with the Yoast SEO plugin v19.2 - https:\/\/yoast.com\/wordpress\/plugins\/seo\/ -->\n<title>Primeiro Pont\u00edfice a visitar uma igreja anglicana - Not\u00edcias - Franciscanos<\/title>\n<meta name=\"robots\" content=\"index, follow, max-snippet:-1, max-image-preview:large, max-video-preview:-1\" \/>\n<link rel=\"canonical\" href=\"https:\/\/franciscanos.org.br\/noticias\/primeiro-pontifice-a-visitar-uma-igreja-anglicana.html\" \/>\n<meta property=\"og:locale\" content=\"pt_BR\" \/>\n<meta property=\"og:type\" content=\"article\" \/>\n<meta property=\"og:title\" content=\"Primeiro Pont\u00edfice a visitar uma igreja anglicana - Not\u00edcias - Franciscanos\" \/>\n<meta property=\"og:description\" content=\"Papa Francisco\" \/>\n<meta property=\"og:url\" content=\"https:\/\/franciscanos.org.br\/noticias\/primeiro-pontifice-a-visitar-uma-igreja-anglicana.html\" \/>\n<meta property=\"og:site_name\" content=\"Not\u00edcias - Franciscanos\" \/>\n<meta property=\"article:published_time\" content=\"2017-02-26T22:50:03+00:00\" \/>\n<meta property=\"article:modified_time\" content=\"2020-06-09T13:23:49+00:00\" \/>\n<meta property=\"og:image\" content=\"https:\/\/franciscanos.org.br\/noticias\/wp-content\/uploads\/2017\/02\/anglicana_260217.jpg\" \/>\n\t<meta property=\"og:image:width\" content=\"273\" \/>\n\t<meta property=\"og:image:height\" content=\"181\" \/>\n\t<meta property=\"og:image:type\" content=\"image\/jpeg\" \/>\n<meta name=\"author\" content=\"admin\" \/>\n<meta name=\"twitter:card\" content=\"summary_large_image\" \/>\n<meta name=\"twitter:label1\" content=\"Escrito por\" \/>\n\t<meta name=\"twitter:data1\" content=\"admin\" \/>\n\t<meta name=\"twitter:label2\" content=\"Est. tempo de leitura\" \/>\n\t<meta name=\"twitter:data2\" content=\"8 minutos\" \/>\n<script type=\"application\/ld+json\" class=\"yoast-schema-graph\">{\"@context\":\"https:\/\/schema.org\",\"@graph\":[{\"@type\":\"WebSite\",\"@id\":\"https:\/\/franciscanos.org.br\/noticias\/#website\",\"url\":\"https:\/\/franciscanos.org.br\/noticias\/\",\"name\":\"Not\u00edcias - Franciscanos\",\"description\":\"Prov\u00edncia Franciscana da Imaculada Concei\u00e7\u00e3o do Brasil - Ordem dos Frades Menores - OFM\",\"potentialAction\":[{\"@type\":\"SearchAction\",\"target\":{\"@type\":\"EntryPoint\",\"urlTemplate\":\"https:\/\/franciscanos.org.br\/noticias\/?s={search_term_string}\"},\"query-input\":\"required name=search_term_string\"}],\"inLanguage\":\"pt-BR\"},{\"@type\":\"ImageObject\",\"inLanguage\":\"pt-BR\",\"@id\":\"https:\/\/franciscanos.org.br\/noticias\/primeiro-pontifice-a-visitar-uma-igreja-anglicana.html#primaryimage\",\"url\":\"https:\/\/franciscanos.org.br\/noticias\/wp-content\/uploads\/2017\/02\/anglicana_260217.jpg\",\"contentUrl\":\"https:\/\/franciscanos.org.br\/noticias\/wp-content\/uploads\/2017\/02\/anglicana_260217.jpg\",\"width\":273,\"height\":181},{\"@type\":\"WebPage\",\"@id\":\"https:\/\/franciscanos.org.br\/noticias\/primeiro-pontifice-a-visitar-uma-igreja-anglicana.html#webpage\",\"url\":\"https:\/\/franciscanos.org.br\/noticias\/primeiro-pontifice-a-visitar-uma-igreja-anglicana.html\",\"name\":\"Primeiro Pont\u00edfice a visitar uma igreja anglicana - Not\u00edcias - Franciscanos\",\"isPartOf\":{\"@id\":\"https:\/\/franciscanos.org.br\/noticias\/#website\"},\"primaryImageOfPage\":{\"@id\":\"https:\/\/franciscanos.org.br\/noticias\/primeiro-pontifice-a-visitar-uma-igreja-anglicana.html#primaryimage\"},\"datePublished\":\"2017-02-26T22:50:03+00:00\",\"dateModified\":\"2020-06-09T13:23:49+00:00\",\"author\":{\"@id\":\"https:\/\/franciscanos.org.br\/noticias\/#\/schema\/person\/b38fbf43118f02820bd932f2e4b14ad3\"},\"breadcrumb\":{\"@id\":\"https:\/\/franciscanos.org.br\/noticias\/primeiro-pontifice-a-visitar-uma-igreja-anglicana.html#breadcrumb\"},\"inLanguage\":\"pt-BR\",\"potentialAction\":[{\"@type\":\"ReadAction\",\"target\":[\"https:\/\/franciscanos.org.br\/noticias\/primeiro-pontifice-a-visitar-uma-igreja-anglicana.html\"]}]},{\"@type\":\"BreadcrumbList\",\"@id\":\"https:\/\/franciscanos.org.br\/noticias\/primeiro-pontifice-a-visitar-uma-igreja-anglicana.html#breadcrumb\",\"itemListElement\":[{\"@type\":\"ListItem\",\"position\":1,\"name\":\"Home\",\"item\":\"https:\/\/franciscanos.org.br\/noticias\"},{\"@type\":\"ListItem\",\"position\":2,\"name\":\"Primeiro Pont\u00edfice a visitar uma igreja anglicana\"}]},{\"@type\":\"Person\",\"@id\":\"https:\/\/franciscanos.org.br\/noticias\/#\/schema\/person\/b38fbf43118f02820bd932f2e4b14ad3\",\"name\":\"admin\",\"image\":{\"@type\":\"ImageObject\",\"inLanguage\":\"pt-BR\",\"@id\":\"https:\/\/franciscanos.org.br\/noticias\/#\/schema\/person\/image\/\",\"url\":\"https:\/\/secure.gravatar.com\/avatar\/e8495742d34d0ba6448ea1c628263b3e?s=96&d=mm&r=g\",\"contentUrl\":\"https:\/\/secure.gravatar.com\/avatar\/e8495742d34d0ba6448ea1c628263b3e?s=96&d=mm&r=g\",\"caption\":\"admin\"},\"url\":\"https:\/\/franciscanos.org.br\/noticias\/author\/admin\"}]}<\/script>\n<!-- \/ Yoast SEO plugin. -->","yoast_head_json":{"title":"Primeiro Pont\u00edfice a visitar uma igreja anglicana - Not\u00edcias - Franciscanos","robots":{"index":"index","follow":"follow","max-snippet":"max-snippet:-1","max-image-preview":"max-image-preview:large","max-video-preview":"max-video-preview:-1"},"canonical":"https:\/\/franciscanos.org.br\/noticias\/primeiro-pontifice-a-visitar-uma-igreja-anglicana.html","og_locale":"pt_BR","og_type":"article","og_title":"Primeiro Pont\u00edfice a visitar uma igreja anglicana - Not\u00edcias - Franciscanos","og_description":"Papa Francisco","og_url":"https:\/\/franciscanos.org.br\/noticias\/primeiro-pontifice-a-visitar-uma-igreja-anglicana.html","og_site_name":"Not\u00edcias - Franciscanos","article_published_time":"2017-02-26T22:50:03+00:00","article_modified_time":"2020-06-09T13:23:49+00:00","og_image":[{"width":273,"height":181,"url":"https:\/\/franciscanos.org.br\/noticias\/wp-content\/uploads\/2017\/02\/anglicana_260217.jpg","type":"image\/jpeg"}],"author":"admin","twitter_card":"summary_large_image","twitter_misc":{"Escrito por":"admin","Est. tempo de leitura":"8 minutos"},"schema":{"@context":"https:\/\/schema.org","@graph":[{"@type":"WebSite","@id":"https:\/\/franciscanos.org.br\/noticias\/#website","url":"https:\/\/franciscanos.org.br\/noticias\/","name":"Not\u00edcias - Franciscanos","description":"Prov\u00edncia Franciscana da Imaculada Concei\u00e7\u00e3o do Brasil - Ordem dos Frades Menores - OFM","potentialAction":[{"@type":"SearchAction","target":{"@type":"EntryPoint","urlTemplate":"https:\/\/franciscanos.org.br\/noticias\/?s={search_term_string}"},"query-input":"required name=search_term_string"}],"inLanguage":"pt-BR"},{"@type":"ImageObject","inLanguage":"pt-BR","@id":"https:\/\/franciscanos.org.br\/noticias\/primeiro-pontifice-a-visitar-uma-igreja-anglicana.html#primaryimage","url":"https:\/\/franciscanos.org.br\/noticias\/wp-content\/uploads\/2017\/02\/anglicana_260217.jpg","contentUrl":"https:\/\/franciscanos.org.br\/noticias\/wp-content\/uploads\/2017\/02\/anglicana_260217.jpg","width":273,"height":181},{"@type":"WebPage","@id":"https:\/\/franciscanos.org.br\/noticias\/primeiro-pontifice-a-visitar-uma-igreja-anglicana.html#webpage","url":"https:\/\/franciscanos.org.br\/noticias\/primeiro-pontifice-a-visitar-uma-igreja-anglicana.html","name":"Primeiro Pont\u00edfice a visitar uma igreja anglicana - Not\u00edcias - Franciscanos","isPartOf":{"@id":"https:\/\/franciscanos.org.br\/noticias\/#website"},"primaryImageOfPage":{"@id":"https:\/\/franciscanos.org.br\/noticias\/primeiro-pontifice-a-visitar-uma-igreja-anglicana.html#primaryimage"},"datePublished":"2017-02-26T22:50:03+00:00","dateModified":"2020-06-09T13:23:49+00:00","author":{"@id":"https:\/\/franciscanos.org.br\/noticias\/#\/schema\/person\/b38fbf43118f02820bd932f2e4b14ad3"},"breadcrumb":{"@id":"https:\/\/franciscanos.org.br\/noticias\/primeiro-pontifice-a-visitar-uma-igreja-anglicana.html#breadcrumb"},"inLanguage":"pt-BR","potentialAction":[{"@type":"ReadAction","target":["https:\/\/franciscanos.org.br\/noticias\/primeiro-pontifice-a-visitar-uma-igreja-anglicana.html"]}]},{"@type":"BreadcrumbList","@id":"https:\/\/franciscanos.org.br\/noticias\/primeiro-pontifice-a-visitar-uma-igreja-anglicana.html#breadcrumb","itemListElement":[{"@type":"ListItem","position":1,"name":"Home","item":"https:\/\/franciscanos.org.br\/noticias"},{"@type":"ListItem","position":2,"name":"Primeiro Pont\u00edfice a visitar uma igreja anglicana"}]},{"@type":"Person","@id":"https:\/\/franciscanos.org.br\/noticias\/#\/schema\/person\/b38fbf43118f02820bd932f2e4b14ad3","name":"admin","image":{"@type":"ImageObject","inLanguage":"pt-BR","@id":"https:\/\/franciscanos.org.br\/noticias\/#\/schema\/person\/image\/","url":"https:\/\/secure.gravatar.com\/avatar\/e8495742d34d0ba6448ea1c628263b3e?s=96&d=mm&r=g","contentUrl":"https:\/\/secure.gravatar.com\/avatar\/e8495742d34d0ba6448ea1c628263b3e?s=96&d=mm&r=g","caption":"admin"},"url":"https:\/\/franciscanos.org.br\/noticias\/author\/admin"}]}},"_links":{"self":[{"href":"https:\/\/franciscanos.org.br\/noticias\/wp-json\/wp\/v2\/posts\/127015"}],"collection":[{"href":"https:\/\/franciscanos.org.br\/noticias\/wp-json\/wp\/v2\/posts"}],"about":[{"href":"https:\/\/franciscanos.org.br\/noticias\/wp-json\/wp\/v2\/types\/post"}],"author":[{"embeddable":true,"href":"https:\/\/franciscanos.org.br\/noticias\/wp-json\/wp\/v2\/users\/1"}],"replies":[{"embeddable":true,"href":"https:\/\/franciscanos.org.br\/noticias\/wp-json\/wp\/v2\/comments?post=127015"}],"version-history":[{"count":1,"href":"https:\/\/franciscanos.org.br\/noticias\/wp-json\/wp\/v2\/posts\/127015\/revisions"}],"predecessor-version":[{"id":225437,"href":"https:\/\/franciscanos.org.br\/noticias\/wp-json\/wp\/v2\/posts\/127015\/revisions\/225437"}],"wp:featuredmedia":[{"embeddable":true,"href":"https:\/\/franciscanos.org.br\/noticias\/wp-json\/wp\/v2\/media\/195936"}],"wp:attachment":[{"href":"https:\/\/franciscanos.org.br\/noticias\/wp-json\/wp\/v2\/media?parent=127015"}],"wp:term":[{"taxonomy":"category","embeddable":true,"href":"https:\/\/franciscanos.org.br\/noticias\/wp-json\/wp\/v2\/categories?post=127015"},{"taxonomy":"post_tag","embeddable":true,"href":"https:\/\/franciscanos.org.br\/noticias\/wp-json\/wp\/v2\/tags?post=127015"}],"curies":[{"name":"wp","href":"https:\/\/api.w.org\/{rel}","templated":true}]}}