{"id":127010,"date":"2017-02-26T09:20:14","date_gmt":"2017-02-26T12:20:14","guid":{"rendered":"http:\/\/franciscanos.org.br\/?p=127010"},"modified":"2020-06-09T10:24:18","modified_gmt":"2020-06-09T13:24:18","slug":"nos-afastamos-do-amor-de-deus-na-busca-obsessiva-dos-bens-terrenos","status":"publish","type":"post","link":"https:\/\/franciscanos.org.br\/noticias\/nos-afastamos-do-amor-de-deus-na-busca-obsessiva-dos-bens-terrenos.html","title":{"rendered":"Nos afastamos do amor de Deus na busca obsessiva dos bens terrenos"},"content":{"rendered":"<p><img loading=\"lazy\" class=\"alignleft\" src=\"http:\/\/franciscanos.org.br\/wp-content\/uploads\/2017\/02\/papa_260217.jpg\" alt=\"papa_260217\" width=\"820\" height=\"434\" \/><\/p>\n<p><strong>Cidade do Vaticano \u2013<\/strong> Diante das tantas preocupa\u00e7\u00f5es que tiram a nossa serenidade e equil\u00edbrio, devemos confiar-nos a Deus. \u201cEle n\u00e3o resolve magicamente os problemas, mas permite enfrent\u00e1-los com o esp\u00edrito correto\u201d.<\/p>\n<p>Palavras do Papa Francisco na alocu\u00e7\u00e3o que precedeu a Ora\u00e7\u00e3o mariana do Angelus, inspirada na leitura de Mateus, proposta pela Liturgia do dia, onde somos chamados a fazer uma escolha por Deus e pelo seu Reino, uma escolha \u201cque nem sempre mostra imediatamente seus frutos\u201d e que \u00e9 feita na esperan\u00e7a.<\/p>\n<p>Deus cuida dos seres da cria\u00e7\u00e3o, \u201cprov\u00ea de alimento a todos os animais, preocupa-se pelos l\u00edrios e pela erva do campo; o seu olhar ben\u00e9fico e sol\u00edcito vigia cotidianamente a nossa vida\u201d.<\/p>\n<p>O Papa recorda que \u201ca ang\u00fastia\u201d causada pelas preocupa\u00e7\u00f5es \u201c\u00e9 muitas vezes in\u00fatil\u201d, pois \u201cn\u00e3o consegue mudar o curso dos eventos\u201d. Neste sentido, a insistente exorta\u00e7\u00e3o de Jesus \u201ca n\u00e3o nos preocupar-nos com o amanh\u00e3\u201d, \u201cexiste um Pai amoroso que n\u00e3o se esquece nunca de seus filhos. Entregar-se a Ele n\u00e3o resolve magicamente os problemas, mas permite enfrent\u00e1-los com o \u00e2nimo correto\u201d: \u201cDeus n\u00e3o \u00e9 um ser distante e an\u00f4nimo: \u00e9 o nosso ref\u00fagio, a fonte de nossa serenidade e de nossa paz. \u00c9 a rocha da nossa salva\u00e7\u00e3o, a quem podemos agarrar-nos na certeza de n\u00e3o cair. Quem se agarra a Deus n\u00e3o cai, \u00e9 a nossa defesa do mal sempre \u00e0 espreita. Deus \u00e9 para n\u00f3s um grande amigo, o aliado, o pai, mas nem sempre nos damos conta disto\u201d.<\/p>\n<p>\u201cPreferimos apoiar-nos em bens imediatos e contingentes \u2013 constata Francisco &#8211; esquecendo, e \u00e0s vezes rejeitando, o bem supremo, isto \u00e9, o amor paterno de Deus\u201d: \u201cSenti-lo Pai, nesta \u00e9poca de orfandade \u00e9 t\u00e3o importante! N\u00f3s nos afastamos do amor de Deus quando vamos em busca obsessiva dos bens terrenos e das riquezas, manifestando assim um amor exagerado por estas realidades\u201d.<\/p>\n<p>\u201cJesus \u2013 recordou o Santo Padre &#8211; nos diz que esta busca incans\u00e1vel \u00e9 ilus\u00f3ria e motivo de infelicidade. E d\u00e1 aos seus disc\u00edpulos uma regra de vida fundamental: \u201cBuscai, pelo contr\u00e1rio, o reino de Deus\u201d\u201d: \u201cTrata-se de realizar o projeto que Jesus anunciou no Serm\u00e3o da Montanha, confiando em Deus que n\u00e3o desilude; agir como administradores fieis dos bens que Ele nos deu, tamb\u00e9m os terrenos, mas sem \u201cexagerar\u201d como se tudo, tamb\u00e9m a nossa salva\u00e7\u00e3o, dependesse somente de n\u00f3s\u201d.<\/p>\n<p>\u201cEsta atitude evang\u00e9lica requer uma escolha clara, que a passagem de hoje indica com precisa: \u201cN\u00e3o podeis servir a Deus e \u00e0 riqueza\u201d. Ou o Senhor, ou os \u00eddolos fascinantes, mas ilus\u00f3rios\u201d:<br \/>\n\u201cEsta escolha que somos chamados a fazer, repercute depois em todos os nossos atos, programas e compromissos. \u00c9 uma escolha que deve ser feita de modo claro e renovada continuamente, porque as tenta\u00e7\u00f5es de reduzir tudo a dinheiro, prazer e poder, est\u00e3o sempre presentes\u201d.<\/p>\n<p>\u201cEnquanto honrar estes \u00eddolos leva a resultados tang\u00edveis, mesmo se fugazes, fazer a escolha por Deus e pelo seu Reino nem sempre mostra imediatamente os seus frutos\u201d: \u201c\u00c9 uma decis\u00e3o que se toma na esperan\u00e7a e que deixa a Deus a plena realiza\u00e7\u00e3o. A esperan\u00e7a crist\u00e3 \u00e9 voltada ao cumprimento futuro da promessa de Deus e n\u00e3o se rende diante de alguma dificuldade, porque \u00e9 fundada na fidelidade de Deus, que nunca falta\u201d.<\/p>\n<p>A confian\u00e7a no amor e na bondade do Pai celeste \u2013 concluiu o Papa \u2013 \u201c\u00e9 o pressuposto para superar os tormentos e as adversidades da vida, e tamb\u00e9m as persegui\u00e7\u00f5es, como nos mostra o testemunho de tantos nossos irm\u00e3os e irm\u00e3s\u201d.<\/p>\n<p>Ao saudar os in\u00fameros grupos e peregrinos presentes na Pra\u00e7a S\u00e3o Pedro, o Papa recordou que na ter\u00e7a-feira, 28 de fevereiro, recorre o \u201cDia das doen\u00e7as raras\u201d. Neste sentido, \u201cfez votos de que os pacientes e as suas fam\u00edlias sejam adequadamente apoiados no dif\u00edcil percurso, quer a n\u00edvel m\u00e9dico como legislativo\u201d.<\/p>\n<hr \/>\n<p><em>Fonte: R\u00e1dio Vaticano<\/em><\/p>\n","protected":false},"excerpt":{"rendered":"<p>Angelus<\/p>\n","protected":false},"author":1,"featured_media":195949,"comment_status":"open","ping_status":"open","sticky":false,"template":"","format":"standard","meta":[],"categories":[1428],"tags":[403],"acf":[],"yoast_head":"<!-- This site is optimized with the Yoast SEO plugin v19.2 - https:\/\/yoast.com\/wordpress\/plugins\/seo\/ -->\n<title>Nos afastamos do amor de Deus na busca obsessiva dos bens terrenos - Not\u00edcias - Franciscanos<\/title>\n<meta name=\"robots\" content=\"index, follow, max-snippet:-1, max-image-preview:large, max-video-preview:-1\" \/>\n<link rel=\"canonical\" href=\"https:\/\/franciscanos.org.br\/noticias\/nos-afastamos-do-amor-de-deus-na-busca-obsessiva-dos-bens-terrenos.html\" \/>\n<meta property=\"og:locale\" content=\"pt_BR\" \/>\n<meta property=\"og:type\" content=\"article\" \/>\n<meta property=\"og:title\" content=\"Nos afastamos do amor de Deus na busca obsessiva dos bens terrenos - Not\u00edcias - Franciscanos\" \/>\n<meta property=\"og:description\" content=\"Angelus\" \/>\n<meta property=\"og:url\" content=\"https:\/\/franciscanos.org.br\/noticias\/nos-afastamos-do-amor-de-deus-na-busca-obsessiva-dos-bens-terrenos.html\" \/>\n<meta property=\"og:site_name\" content=\"Not\u00edcias - Franciscanos\" \/>\n<meta property=\"article:published_time\" content=\"2017-02-26T12:20:14+00:00\" \/>\n<meta property=\"article:modified_time\" content=\"2020-06-09T13:24:18+00:00\" \/>\n<meta property=\"og:image\" content=\"https:\/\/franciscanos.org.br\/noticias\/wp-content\/uploads\/2017\/02\/papa_260217.jpg\" \/>\n\t<meta property=\"og:image:width\" content=\"273\" \/>\n\t<meta property=\"og:image:height\" content=\"181\" \/>\n\t<meta property=\"og:image:type\" content=\"image\/jpeg\" \/>\n<meta name=\"author\" content=\"admin\" \/>\n<meta name=\"twitter:card\" content=\"summary_large_image\" \/>\n<meta name=\"twitter:label1\" content=\"Escrito por\" \/>\n\t<meta name=\"twitter:data1\" content=\"admin\" \/>\n\t<meta name=\"twitter:label2\" content=\"Est. tempo de leitura\" \/>\n\t<meta name=\"twitter:data2\" content=\"3 minutos\" \/>\n<script type=\"application\/ld+json\" class=\"yoast-schema-graph\">{\"@context\":\"https:\/\/schema.org\",\"@graph\":[{\"@type\":\"WebSite\",\"@id\":\"https:\/\/franciscanos.org.br\/noticias\/#website\",\"url\":\"https:\/\/franciscanos.org.br\/noticias\/\",\"name\":\"Not\u00edcias - Franciscanos\",\"description\":\"Prov\u00edncia Franciscana da Imaculada Concei\u00e7\u00e3o do Brasil - Ordem dos Frades Menores - OFM\",\"potentialAction\":[{\"@type\":\"SearchAction\",\"target\":{\"@type\":\"EntryPoint\",\"urlTemplate\":\"https:\/\/franciscanos.org.br\/noticias\/?s={search_term_string}\"},\"query-input\":\"required name=search_term_string\"}],\"inLanguage\":\"pt-BR\"},{\"@type\":\"ImageObject\",\"inLanguage\":\"pt-BR\",\"@id\":\"https:\/\/franciscanos.org.br\/noticias\/nos-afastamos-do-amor-de-deus-na-busca-obsessiva-dos-bens-terrenos.html#primaryimage\",\"url\":\"https:\/\/franciscanos.org.br\/noticias\/wp-content\/uploads\/2017\/02\/papa_260217.jpg\",\"contentUrl\":\"https:\/\/franciscanos.org.br\/noticias\/wp-content\/uploads\/2017\/02\/papa_260217.jpg\",\"width\":273,\"height\":181},{\"@type\":\"WebPage\",\"@id\":\"https:\/\/franciscanos.org.br\/noticias\/nos-afastamos-do-amor-de-deus-na-busca-obsessiva-dos-bens-terrenos.html#webpage\",\"url\":\"https:\/\/franciscanos.org.br\/noticias\/nos-afastamos-do-amor-de-deus-na-busca-obsessiva-dos-bens-terrenos.html\",\"name\":\"Nos afastamos do amor de Deus na busca obsessiva dos bens terrenos - Not\u00edcias - Franciscanos\",\"isPartOf\":{\"@id\":\"https:\/\/franciscanos.org.br\/noticias\/#website\"},\"primaryImageOfPage\":{\"@id\":\"https:\/\/franciscanos.org.br\/noticias\/nos-afastamos-do-amor-de-deus-na-busca-obsessiva-dos-bens-terrenos.html#primaryimage\"},\"datePublished\":\"2017-02-26T12:20:14+00:00\",\"dateModified\":\"2020-06-09T13:24:18+00:00\",\"author\":{\"@id\":\"https:\/\/franciscanos.org.br\/noticias\/#\/schema\/person\/b38fbf43118f02820bd932f2e4b14ad3\"},\"breadcrumb\":{\"@id\":\"https:\/\/franciscanos.org.br\/noticias\/nos-afastamos-do-amor-de-deus-na-busca-obsessiva-dos-bens-terrenos.html#breadcrumb\"},\"inLanguage\":\"pt-BR\",\"potentialAction\":[{\"@type\":\"ReadAction\",\"target\":[\"https:\/\/franciscanos.org.br\/noticias\/nos-afastamos-do-amor-de-deus-na-busca-obsessiva-dos-bens-terrenos.html\"]}]},{\"@type\":\"BreadcrumbList\",\"@id\":\"https:\/\/franciscanos.org.br\/noticias\/nos-afastamos-do-amor-de-deus-na-busca-obsessiva-dos-bens-terrenos.html#breadcrumb\",\"itemListElement\":[{\"@type\":\"ListItem\",\"position\":1,\"name\":\"Home\",\"item\":\"https:\/\/franciscanos.org.br\/noticias\"},{\"@type\":\"ListItem\",\"position\":2,\"name\":\"Nos afastamos do amor de Deus na busca obsessiva dos bens terrenos\"}]},{\"@type\":\"Person\",\"@id\":\"https:\/\/franciscanos.org.br\/noticias\/#\/schema\/person\/b38fbf43118f02820bd932f2e4b14ad3\",\"name\":\"admin\",\"image\":{\"@type\":\"ImageObject\",\"inLanguage\":\"pt-BR\",\"@id\":\"https:\/\/franciscanos.org.br\/noticias\/#\/schema\/person\/image\/\",\"url\":\"https:\/\/secure.gravatar.com\/avatar\/e8495742d34d0ba6448ea1c628263b3e?s=96&d=mm&r=g\",\"contentUrl\":\"https:\/\/secure.gravatar.com\/avatar\/e8495742d34d0ba6448ea1c628263b3e?s=96&d=mm&r=g\",\"caption\":\"admin\"},\"url\":\"https:\/\/franciscanos.org.br\/noticias\/author\/admin\"}]}<\/script>\n<!-- \/ Yoast SEO plugin. -->","yoast_head_json":{"title":"Nos afastamos do amor de Deus na busca obsessiva dos bens terrenos - Not\u00edcias - Franciscanos","robots":{"index":"index","follow":"follow","max-snippet":"max-snippet:-1","max-image-preview":"max-image-preview:large","max-video-preview":"max-video-preview:-1"},"canonical":"https:\/\/franciscanos.org.br\/noticias\/nos-afastamos-do-amor-de-deus-na-busca-obsessiva-dos-bens-terrenos.html","og_locale":"pt_BR","og_type":"article","og_title":"Nos afastamos do amor de Deus na busca obsessiva dos bens terrenos - Not\u00edcias - Franciscanos","og_description":"Angelus","og_url":"https:\/\/franciscanos.org.br\/noticias\/nos-afastamos-do-amor-de-deus-na-busca-obsessiva-dos-bens-terrenos.html","og_site_name":"Not\u00edcias - Franciscanos","article_published_time":"2017-02-26T12:20:14+00:00","article_modified_time":"2020-06-09T13:24:18+00:00","og_image":[{"width":273,"height":181,"url":"https:\/\/franciscanos.org.br\/noticias\/wp-content\/uploads\/2017\/02\/papa_260217.jpg","type":"image\/jpeg"}],"author":"admin","twitter_card":"summary_large_image","twitter_misc":{"Escrito por":"admin","Est. tempo de leitura":"3 minutos"},"schema":{"@context":"https:\/\/schema.org","@graph":[{"@type":"WebSite","@id":"https:\/\/franciscanos.org.br\/noticias\/#website","url":"https:\/\/franciscanos.org.br\/noticias\/","name":"Not\u00edcias - Franciscanos","description":"Prov\u00edncia Franciscana da Imaculada Concei\u00e7\u00e3o do Brasil - Ordem dos Frades Menores - OFM","potentialAction":[{"@type":"SearchAction","target":{"@type":"EntryPoint","urlTemplate":"https:\/\/franciscanos.org.br\/noticias\/?s={search_term_string}"},"query-input":"required name=search_term_string"}],"inLanguage":"pt-BR"},{"@type":"ImageObject","inLanguage":"pt-BR","@id":"https:\/\/franciscanos.org.br\/noticias\/nos-afastamos-do-amor-de-deus-na-busca-obsessiva-dos-bens-terrenos.html#primaryimage","url":"https:\/\/franciscanos.org.br\/noticias\/wp-content\/uploads\/2017\/02\/papa_260217.jpg","contentUrl":"https:\/\/franciscanos.org.br\/noticias\/wp-content\/uploads\/2017\/02\/papa_260217.jpg","width":273,"height":181},{"@type":"WebPage","@id":"https:\/\/franciscanos.org.br\/noticias\/nos-afastamos-do-amor-de-deus-na-busca-obsessiva-dos-bens-terrenos.html#webpage","url":"https:\/\/franciscanos.org.br\/noticias\/nos-afastamos-do-amor-de-deus-na-busca-obsessiva-dos-bens-terrenos.html","name":"Nos afastamos do amor de Deus na busca obsessiva dos bens terrenos - Not\u00edcias - Franciscanos","isPartOf":{"@id":"https:\/\/franciscanos.org.br\/noticias\/#website"},"primaryImageOfPage":{"@id":"https:\/\/franciscanos.org.br\/noticias\/nos-afastamos-do-amor-de-deus-na-busca-obsessiva-dos-bens-terrenos.html#primaryimage"},"datePublished":"2017-02-26T12:20:14+00:00","dateModified":"2020-06-09T13:24:18+00:00","author":{"@id":"https:\/\/franciscanos.org.br\/noticias\/#\/schema\/person\/b38fbf43118f02820bd932f2e4b14ad3"},"breadcrumb":{"@id":"https:\/\/franciscanos.org.br\/noticias\/nos-afastamos-do-amor-de-deus-na-busca-obsessiva-dos-bens-terrenos.html#breadcrumb"},"inLanguage":"pt-BR","potentialAction":[{"@type":"ReadAction","target":["https:\/\/franciscanos.org.br\/noticias\/nos-afastamos-do-amor-de-deus-na-busca-obsessiva-dos-bens-terrenos.html"]}]},{"@type":"BreadcrumbList","@id":"https:\/\/franciscanos.org.br\/noticias\/nos-afastamos-do-amor-de-deus-na-busca-obsessiva-dos-bens-terrenos.html#breadcrumb","itemListElement":[{"@type":"ListItem","position":1,"name":"Home","item":"https:\/\/franciscanos.org.br\/noticias"},{"@type":"ListItem","position":2,"name":"Nos afastamos do amor de Deus na busca obsessiva dos bens terrenos"}]},{"@type":"Person","@id":"https:\/\/franciscanos.org.br\/noticias\/#\/schema\/person\/b38fbf43118f02820bd932f2e4b14ad3","name":"admin","image":{"@type":"ImageObject","inLanguage":"pt-BR","@id":"https:\/\/franciscanos.org.br\/noticias\/#\/schema\/person\/image\/","url":"https:\/\/secure.gravatar.com\/avatar\/e8495742d34d0ba6448ea1c628263b3e?s=96&d=mm&r=g","contentUrl":"https:\/\/secure.gravatar.com\/avatar\/e8495742d34d0ba6448ea1c628263b3e?s=96&d=mm&r=g","caption":"admin"},"url":"https:\/\/franciscanos.org.br\/noticias\/author\/admin"}]}},"_links":{"self":[{"href":"https:\/\/franciscanos.org.br\/noticias\/wp-json\/wp\/v2\/posts\/127010"}],"collection":[{"href":"https:\/\/franciscanos.org.br\/noticias\/wp-json\/wp\/v2\/posts"}],"about":[{"href":"https:\/\/franciscanos.org.br\/noticias\/wp-json\/wp\/v2\/types\/post"}],"author":[{"embeddable":true,"href":"https:\/\/franciscanos.org.br\/noticias\/wp-json\/wp\/v2\/users\/1"}],"replies":[{"embeddable":true,"href":"https:\/\/franciscanos.org.br\/noticias\/wp-json\/wp\/v2\/comments?post=127010"}],"version-history":[{"count":1,"href":"https:\/\/franciscanos.org.br\/noticias\/wp-json\/wp\/v2\/posts\/127010\/revisions"}],"predecessor-version":[{"id":225438,"href":"https:\/\/franciscanos.org.br\/noticias\/wp-json\/wp\/v2\/posts\/127010\/revisions\/225438"}],"wp:featuredmedia":[{"embeddable":true,"href":"https:\/\/franciscanos.org.br\/noticias\/wp-json\/wp\/v2\/media\/195949"}],"wp:attachment":[{"href":"https:\/\/franciscanos.org.br\/noticias\/wp-json\/wp\/v2\/media?parent=127010"}],"wp:term":[{"taxonomy":"category","embeddable":true,"href":"https:\/\/franciscanos.org.br\/noticias\/wp-json\/wp\/v2\/categories?post=127010"},{"taxonomy":"post_tag","embeddable":true,"href":"https:\/\/franciscanos.org.br\/noticias\/wp-json\/wp\/v2\/tags?post=127010"}],"curies":[{"name":"wp","href":"https:\/\/api.w.org\/{rel}","templated":true}]}}