{"id":126998,"date":"2017-02-24T17:49:13","date_gmt":"2017-02-24T20:49:13","guid":{"rendered":"http:\/\/franciscanos.org.br\/?p=126998"},"modified":"2019-01-23T10:18:09","modified_gmt":"2019-01-23T12:18:09","slug":"serie-de-entrevistas-sobre-a-cf-2017","status":"publish","type":"post","link":"https:\/\/franciscanos.org.br\/noticias\/serie-de-entrevistas-sobre-a-cf-2017.html","title":{"rendered":"S\u00e9rie de entrevistas sobre a Campanha da Fraternidade 2017"},"content":{"rendered":"<p><img loading=\"lazy\" class=\"size-full wp-image-123542 alignleft\" src=\"http:\/\/franciscanos.org.br\/wp-content\/uploads\/2017\/01\/cf_100117-e1484047157307.jpg\" alt=\"cf_100117\" width=\"291\" height=\"352\" \/>Est\u00e1 dispon\u00edvel a s\u00e9rie de entrevistas sobre a Campanha da Fraternidade, que neste ano nos convida a refletir e agir sobre a quest\u00e3o do meio ambiente. \u201cFraternidade: biomas brasileiros e defesa da vida\u201d \u00e9 o tema da CF 2017, e nos provoca a conhecer melhor os biomas e ajudar na preserva\u00e7\u00e3o destes espa\u00e7os t\u00e3o importantes para as esp\u00e9cies.<\/p>\n<p>Para ajudar na reflex\u00e3o, a Prov\u00edncia Franciscana da Imaculada Concei\u00e7\u00e3o, atrav\u00e9s da Frente de Evangeliza\u00e7\u00e3o da Comunica\u00e7\u00e3o, produziu uma s\u00e9rie com 29 epis\u00f3dios, disponibilizados na <strong><a href=\"http:\/\/rcr.org.br\/\" target=\"_blank\" rel=\"noopener\">Rede Cat\u00f3lica de R\u00e1dio<\/a><\/strong> e na plataforma <strong><a href=\"https:\/\/soundcloud.com\/provincia-franciscana\/sets\/especial-cf2017\" target=\"_blank\" rel=\"noopener\">Soundcloud<\/a><\/strong>.<\/p>\n<p>Tamb\u00e9m \u00e9 poss\u00edvel localiz\u00e1-los em aplicativos de podcasts, como o <a href=\"http:\/\/tunein.com\/radio\/Prov%C3%ADncia-Franciscana-p968634\/\" target=\"_blank\" rel=\"noopener\"><strong>TuneIn<\/strong> <\/a>e CastBox.<\/p>\n<p>O objetivo \u00e9 informar e provocar o ouvinte a refletir sobre os biomas presentes no Brasil, sua import\u00e2ncia local, as esp\u00e9cies da flora e da fauna espec\u00edficos em cada bioma e os riscos que estes biomas correm. O ouvinte conhecer\u00e1 tamb\u00e9m algumas iniciativas de preserva\u00e7\u00e3o dos biomas e do meio ambiente de modo geral.<\/p>\n<p>Os \u00e1udios poder\u00e3o ser utilizados tamb\u00e9m para forma\u00e7\u00e3o de agentes de pastoral, agentes comunit\u00e1rios, forma\u00e7\u00e3o de catequese e tamb\u00e9m para reprodu\u00e7\u00e3o em m\u00eddias sociais.<\/p>\n<p>O material teve produ\u00e7\u00e3o de \u00c9rika Augusto e locu\u00e7\u00e3o de Frei Gustavo Medella e contou com a colabora\u00e7\u00e3o da equipe da Universidade S\u00e3o Francisco (USF) e da Funda\u00e7\u00e3o Cultural Celinauta.<\/p>\n<p><a href=\"https:\/\/soundcloud.com\/provincia-franciscana\/sets\/especial-cf2017\" target=\"_blank\" rel=\"noopener\"><strong>CLIQUE AQUI PARA OUVIR NO SOUNDCLOUD<\/strong><\/a><\/p>\n<p>Acompanhe os epis\u00f3dios e os entrevistados da primeira e segunda parte da s\u00e9rie:<\/p>\n<p><a href=\"https:\/\/soundcloud.com\/provincia-franciscana\/campanha-da-fraternidade-2017-00-introducao?in=provincia-franciscana\/sets\/especial-cf2017\" target=\"_blank\" rel=\"noopener\"><strong>1. Introdu\u00e7\u00e3o<\/strong><\/a><br \/>\nEntrevistada: \u00c9rika Augusto &#8211; jornalista, produtora da s\u00e9rie de entrevistas.<\/p>\n<p><a href=\"https:\/\/soundcloud.com\/provincia-franciscana\/campanha-da-fraternidade-2017-01-apresentacao-parte-01?in=provincia-franciscana\/sets\/especial-cf2017\" target=\"_blank\" rel=\"noopener\"><strong>2. Apresenta\u00e7\u00e3o (parte 1)<\/strong><\/a><br \/>\nEntrevistado: Dom Leonardo Ulrich Steiner \u2013 Bispo Auxiliar de Bras\u00edlia e Secret\u00e1rio-Geral da CNBB.<\/p>\n<p><a href=\"https:\/\/soundcloud.com\/provincia-franciscana\/campanha-da-fraternidade-2017-02-apresentacao-parte-02?in=provincia-franciscana\/sets\/especial-cf2017\" target=\"_blank\" rel=\"noopener\"><strong>3. Apresenta\u00e7\u00e3o (parte 2)<\/strong><\/a><br \/>\nEntrevistado: Dom Leonardo Ulrich Steiner \u2013 Bispo Auxiliar de Bras\u00edlia e Secret\u00e1rio-Geral da CNBB.<\/p>\n<p><a href=\"https:\/\/soundcloud.com\/provincia-franciscana\/campanha-da-fraternidade-2017-03-conceito-de-bioma-parte-01?in=provincia-franciscana\/sets\/especial-cf2017\" target=\"_blank\" rel=\"noopener\"><strong>4. Conceito de Bioma (parte 1)<\/strong><\/a><br \/>\nEntrevistado: Prof\u00ba Jo\u00e3o Luiz de Moraes Hoefel &#8211; professor dos Cursos de Administra\u00e7\u00e3o e Engenharia Civil da Universidade S\u00e3o Francisco (USF).<\/p>\n<p><a href=\"https:\/\/soundcloud.com\/provincia-franciscana\/campanha-da-fraternidade-2017-04-conceito-de-bioma-parte-02?in=provincia-franciscana\/sets\/especial-cf2017\" target=\"_blank\" rel=\"noopener\"><strong>5. Conceito de Bioma (parte 2)<\/strong><\/a><br \/>\nEntrevistado: Prof\u00ba Jo\u00e3o Luiz de Moraes Hoefel &#8211; professor dos Cursos de Administra\u00e7\u00e3o e Engenharia Civil da Universidade S\u00e3o Francisco (USF).<\/p>\n<p><a href=\"https:\/\/soundcloud.com\/provincia-franciscana\/cf2017-05-cerrado-parte-01?in=provincia-franciscana\/sets\/especial-cf2017\" target=\"_blank\" rel=\"noopener\"><strong>6. Bioma Cerrado (parte 1)<\/strong><\/a><br \/>\nEntrevistada: Prof\u00aa Mercedes Bustamante \u2013 professora da Universidade de Bras\u00edlia (UNB).<\/p>\n<p><a href=\"https:\/\/soundcloud.com\/provincia-franciscana\/campanha-da-fraternidade-2017-06-cerrado-parte-02?in=provincia-franciscana\/sets\/especial-cf2017\" target=\"_blank\" rel=\"noopener\"><strong>7. Bioma Cerrado (parte 2)<\/strong><\/a><br \/>\nEntrevistada: Prof\u00aa Mercedes Bustamante \u2013 professora da Universidade de Bras\u00edlia (UNB).<\/p>\n<p><a href=\"https:\/\/soundcloud.com\/provincia-franciscana\/cf-2017-07-pantanal-parte-01?in=provincia-franciscana\/sets\/especial-cf2017\" target=\"_blank\" rel=\"noopener\"><strong>8. Bioma Pantanal (parte 1)<\/strong><\/a><br \/>\nEntrevistada Julia Boock &#8211; analista de conserva\u00e7\u00e3o do WWF-Brasil.<\/p>\n<p><a href=\"https:\/\/soundcloud.com\/provincia-franciscana\/cf-2017-08-pantanal-parte-02?in=provincia-franciscana\/sets\/especial-cf2017\" target=\"_blank\" rel=\"noopener\"><strong>9. Bioma Pantanal (parte 2)<\/strong><\/a><br \/>\nEntrevistada Julia Boock &#8211; analista de conserva\u00e7\u00e3o do WWF-Brasil.<\/p>\n<p><a href=\"https:\/\/soundcloud.com\/provincia-franciscana\/campanha-da-fraternidade-2017-09-caatinga-parte-01?in=provincia-franciscana\/sets\/especial-cf2017\" target=\"_blank\" rel=\"noopener\"><strong>10. Bioma Caatinga (parte 1)<\/strong><\/a><br \/>\nEntrevistado: Rodrigo Castro &#8211; coordenador Geral da Associa\u00e7\u00e3o Caatinga.<\/p>\n<p><a href=\"https:\/\/soundcloud.com\/provincia-franciscana\/campanha-da-fraternidade-2017-10-caatinga-parte-02?in=provincia-franciscana\/sets\/especial-cf2017\" target=\"_blank\" rel=\"noopener\"><strong>11. Bioma Caatinga (parte 2)<\/strong><\/a><br \/>\nEntrevistado: Rodrigo Castro &#8211; coordenador Geral da Associa\u00e7\u00e3o Caatinga.<\/p>\n<p><a href=\"https:\/\/soundcloud.com\/provincia-franciscana\/campanha-da-fraternidade-2017-11-caatinga-parte-03?in=provincia-franciscana\/sets\/especial-cf2017\" target=\"_blank\" rel=\"noopener\"><strong>12. Bioma Caatinga (parte 3)<\/strong><\/a><br \/>\nEntrevistado: Rodrigo Castro &#8211; coordenador Geral da Associa\u00e7\u00e3o Caatinga.<\/p>\n<p><a href=\"https:\/\/soundcloud.com\/provincia-franciscana\/cf-2017-12-floresta-amazonica-parte-01?in=provincia-franciscana\/sets\/especial-cf2017\" target=\"_blank\" rel=\"noopener\"><strong>13. Floresta Amaz\u00f4nica (parte 1)<\/strong><\/a><br \/>\nEntrevistada: Prof\u00aa Rosana Cavalcante dos Santos &#8211; reitora do IFAC &#8211; Instituto Federal de Educa\u00e7\u00e3o, Ci\u00eancia e Tecnologia do Acre.<\/p>\n<p><a href=\"https:\/\/soundcloud.com\/provincia-franciscana\/campanha-da-fraternidade-2017-13-floresta-amazonica-parte-02?in=provincia-franciscana\/sets\/especial-cf2017\" target=\"_blank\" rel=\"noopener\"><strong>14. Floresta Amaz\u00f4nica \u2013 (parte 2)<\/strong><\/a><br \/>\nEntrevistada: Prof\u00aa Rosana Cavalcante dos Santos &#8211; reitora do IFAC &#8211; Instituto Federal de Educa\u00e7\u00e3o, Ci\u00eancia e Tecnologia do Acre.<\/p>\n<p><a href=\"https:\/\/soundcloud.com\/provincia-franciscana\/campanha-da-fraternidade-2017-14-mata-atlantica-parte-01?in=provincia-franciscana\/sets\/especial-cf2017\" target=\"_blank\" rel=\"noopener\"><strong>15. Bioma Mata Atl\u00e2ntica (parte 1)<\/strong><\/a><br \/>\nEntrevistado: Pedro Barral de S\u00e1 \u2013 bi\u00f3logo, diretor florestal da ONG Iniciativa Verde.<\/p>\n<p><a href=\"https:\/\/soundcloud.com\/provincia-franciscana\/cf-2017-15-mata-atlantica-parte-02?in=provincia-franciscana\/sets\/especial-cf2017\" target=\"_blank\" rel=\"noopener\"><strong>16. Bioma Mata Atl\u00e2ntica (parte 2)<\/strong><\/a><br \/>\nEntrevistado: Pedro Barral de S\u00e1 \u2013 bi\u00f3logo, diretor florestal da ONG Iniciativa Verde.<\/p>\n<p><a href=\"https:\/\/soundcloud.com\/provincia-franciscana\/campanha-da-fraternidade-16-mata-atlantica-parte-03-iniciativa-verde?in=provincia-franciscana\/sets\/especial-cf2017\" target=\"_blank\" rel=\"noopener\"><strong>17. Bioma Mata Atl\u00e2ntica (parte 3)<\/strong><\/a><br \/>\nEntrevistado: Pedro Barral de S\u00e1 \u2013 bi\u00f3logo, diretor florestal da ONG Iniciativa Verde.<\/p>\n<p><a href=\"https:\/\/soundcloud.com\/provincia-franciscana\/campanha-da-fraternidade-2017-17-mata-atlantica-parte-04-sos-mata-atlantica?in=provincia-franciscana\/sets\/especial-cf2017\" target=\"_blank\" rel=\"noopener\"><strong>18. Funda\u00e7\u00e3o SOS Mata Atl\u00e2ntica \u2013 30 anos<\/strong><\/a><br \/>\nEntrevistada: Marcia Hirota &#8211; diretora-executiva e de gest\u00e3o do conhecimento da Funda\u00e7\u00e3o SOS Mata Atl\u00e2ntica.<\/p>\n<p><a href=\"https:\/\/soundcloud.com\/provincia-franciscana\/cf-2017-18-pampa-parte-01?in=provincia-franciscana\/sets\/especial-cf2017\" target=\"_blank\" rel=\"noopener\"><strong>19. Bioma Pampa (parte 1)<\/strong><\/a><br \/>\nEntrevistado: M\u00e1rcio Borges Martins \u2013 professor adjunto do Depto. de Zoologia da Universidade Federal do Rio Grande do Sul.<\/p>\n<p><a href=\"https:\/\/soundcloud.com\/provincia-franciscana\/campanha-da-fraternidade-2017-19-pampa-parte-02?in=provincia-franciscana\/sets\/especial-cf2017\" target=\"_blank\" rel=\"noopener\"><strong>20. Bioma Pampa (parte 2)<\/strong><\/a><br \/>\nEntrevistado: M\u00e1rcio Borges Martins \u2013 professor adjunto do Depto. de Zoologia da Universidade Federal do Rio Grande do Sul.<\/p>\n<p><a href=\"https:\/\/soundcloud.com\/provincia-franciscana\/campanha-da-fraternidade-2017-20-pampa-parte-03?in=provincia-franciscana\/sets\/especial-cf2017\" target=\"_blank\" rel=\"noopener\"><strong>21. Bioma Pampa (parte 3)<\/strong><\/a><br \/>\nEntrevistado: M\u00e1rcio Borges Martins \u2013 professor adjunto do Depto. de Zoologia da Universidade Federal do Rio Grande do Sul.<\/p>\n<p><a href=\"https:\/\/soundcloud.com\/provincia-franciscana\/campanha-da-fraternidade-2017-21-pampa-parte-04-instituto-padre-josimo?in=provincia-franciscana\/sets\/especial-cf2017\" target=\"_blank\" rel=\"noopener\"><strong>22. Bioma Pampa \u2013 Fraternidade Padre Josimo<\/strong><\/a><br \/>\nEntrevistado: Frei Sergio Ant\u00f4nio Gorgen \u2013 dirigente do Movimento dos Pequenos Agricultores (MPA) e ex-deputado estadual no Rio Grande do Sul. Faz parte da Fraternidade Intercongregacional Padre Josimo, presente nos munic\u00edpios de Hulha Negra, Candiota e Acegua (RS).<\/p>\n<p><a href=\"https:\/\/soundcloud.com\/provincia-franciscana\/cf2017-23-turismo-sustentavel-parte-02\" target=\"_blank\" rel=\"noopener\"><strong>23. Turismo sustent\u00e1vel (parte 1)<\/strong><\/a><br \/>\nEntrevistada: Prof\u00aa Candida Maria Baptista &#8211; mestre em Engenharia, com experi\u00eancia na \u00e1rea de Educa\u00e7\u00e3o Ambiental na Universidade S\u00e3o Francisco (USF).<\/p>\n<p><strong><a href=\"https:\/\/soundcloud.com\/provincia-franciscana\/cf2017-23-turismo-sustentavel-parte-02\" target=\"_blank\" rel=\"noopener\">24. Turismo sustent\u00e1vel (parte 2)<\/a><\/strong><br \/>\nEntrevistada: Prof\u00aa Candida Maria Baptista &#8211; mestre em Engenharia, com experi\u00eancia na \u00e1rea de Educa\u00e7\u00e3o Ambiental na Universidade S\u00e3o Francisco (USF).<\/p>\n<p><a href=\"https:\/\/soundcloud.com\/provincia-franciscana\/campanha-da-fraternidade-24-educar-para-o-cuidado-parte-01\" target=\"_blank\" rel=\"noopener\"><strong>25. Educar para o cuidado com o meio ambiente (parte 1)<\/strong><\/a><br \/>\nEntrevistada: Prof\u00aa Ester Cecilia Fernandes Baptistella &#8211; Coordenadora do curso de Pedagogia; Coordenadora do curso de P\u00f3s-Gradua\u00e7\u00e3o em Psicopedagogia: Cl\u00ednica e Institucional da Universidade S\u00e3o Francisco (USF).<\/p>\n<p><a href=\"https:\/\/soundcloud.com\/provincia-franciscana\/campanha-da-fraternidade-2017-25-educar-para-o-cuidado-parte-02\" target=\"_blank\" rel=\"noopener\"><strong>26. Educar para o cuidado com o meio ambiente (parte 2)<\/strong><\/a><br \/>\nEntrevistada: Prof\u00aa Ester Cecilia Fernandes Baptistella &#8211; Coordenadora do curso de Pedagogia; Coordenadora do curso de P\u00f3s-Gradua\u00e7\u00e3o em Psicopedagogia: Cl\u00ednica e Institucional da Universidade S\u00e3o Francisco (USF).<\/p>\n<p><a href=\"https:\/\/soundcloud.com\/provincia-franciscana\/cf2017-26-economia-ecologica-parte-01\" target=\"_blank\" rel=\"noopener\"><strong>27. Economia Ecol\u00f3gica (parte 1)<\/strong><\/a><br \/>\nEntrevistado: Prof\u00ba Clovis Cavalcanti &#8211; Economista ecol\u00f3gico, professor da Universidade Federal de Pernambuco, pesquisador da Funda\u00e7\u00e3o Joaquim Nabuco, presidente de honra da Sociedade Brasileira de Economia Ecol\u00f3gica (EcoEco), presidente eleito da ISEE (Sociedade Internacional de Economia Ecol\u00f3gica).<\/p>\n<p><a href=\"https:\/\/soundcloud.com\/provincia-franciscana\/cf2017-27-economia-ecologica-parte-02\" target=\"_blank\" rel=\"noopener\"><strong>28. Economia Ecol\u00f3gica (parte 2)<\/strong><\/a><br \/>\nEntrevistado: Prof\u00ba Clovis Cavalcanti &#8211; Economista ecol\u00f3gico, professor da Universidade Federal de Pernambuco, pesquisador da Funda\u00e7\u00e3o Joaquim Nabuco, presidente de honra da Sociedade Brasileira de Economia Ecol\u00f3gica (EcoEco), presidente eleito da ISEE (Sociedade Internacional de Economia Ecol\u00f3gica).<\/p>\n<p><a href=\"https:\/\/soundcloud.com\/provincia-franciscana\/cf2017-28-economia-ecologica-parte-03\" target=\"_blank\" rel=\"noopener\"><strong>29. Economia Ecol\u00f3gica (parte 3)<\/strong><\/a><br \/>\nEntrevistado: Prof\u00ba Clovis Cavalcanti &#8211; Economista ecol\u00f3gico, professor da Universidade Federal de Pernambuco, pesquisador da Funda\u00e7\u00e3o Joaquim Nabuco, presidente de honra da Sociedade Brasileira de Economia Ecol\u00f3gica (EcoEco), presidente eleito da ISEE (Sociedade Internacional de Economia Ecol\u00f3gica).<\/p>\n<p><iframe loading=\"lazy\" width=\"500\" height=\"450\" scrolling=\"no\" frameborder=\"no\" src=\"https:\/\/w.soundcloud.com\/player\/?visual=true&#038;url=https%3A%2F%2Fapi.soundcloud.com%2Fplaylists%2F302627043&#038;show_artwork=true&#038;maxwidth=500&#038;maxheight=750&#038;dnt=1\"><\/iframe><\/p>\n","protected":false},"excerpt":{"rendered":"<p>CF 2017<\/p>\n","protected":false},"author":1,"featured_media":195960,"comment_status":"open","ping_status":"open","sticky":false,"template":"","format":"standard","meta":[],"categories":[758],"tags":[818],"acf":[],"yoast_head":"<!-- This site is optimized with the Yoast SEO plugin v19.2 - https:\/\/yoast.com\/wordpress\/plugins\/seo\/ -->\n<title>S\u00e9rie de entrevistas sobre a Campanha da Fraternidade 2017 - Not\u00edcias - Franciscanos<\/title>\n<meta name=\"robots\" content=\"index, follow, max-snippet:-1, max-image-preview:large, max-video-preview:-1\" \/>\n<link rel=\"canonical\" href=\"https:\/\/franciscanos.org.br\/noticias\/serie-de-entrevistas-sobre-a-cf-2017.html\" \/>\n<meta property=\"og:locale\" content=\"pt_BR\" \/>\n<meta property=\"og:type\" content=\"article\" \/>\n<meta property=\"og:title\" content=\"S\u00e9rie de entrevistas sobre a Campanha da Fraternidade 2017 - Not\u00edcias - Franciscanos\" \/>\n<meta property=\"og:description\" content=\"CF 2017\" \/>\n<meta property=\"og:url\" content=\"https:\/\/franciscanos.org.br\/noticias\/serie-de-entrevistas-sobre-a-cf-2017.html\" \/>\n<meta property=\"og:site_name\" content=\"Not\u00edcias - Franciscanos\" \/>\n<meta property=\"article:published_time\" content=\"2017-02-24T20:49:13+00:00\" \/>\n<meta property=\"article:modified_time\" content=\"2019-01-23T12:18:09+00:00\" \/>\n<meta property=\"og:image\" content=\"https:\/\/franciscanos.org.br\/noticias\/wp-content\/uploads\/2017\/02\/cf2017.jpg\" \/>\n\t<meta property=\"og:image:width\" content=\"273\" \/>\n\t<meta property=\"og:image:height\" content=\"181\" \/>\n\t<meta property=\"og:image:type\" content=\"image\/jpeg\" \/>\n<meta name=\"author\" content=\"admin\" \/>\n<meta name=\"twitter:card\" content=\"summary_large_image\" \/>\n<meta name=\"twitter:label1\" content=\"Escrito por\" \/>\n\t<meta name=\"twitter:data1\" content=\"admin\" \/>\n\t<meta name=\"twitter:label2\" content=\"Est. tempo de leitura\" \/>\n\t<meta name=\"twitter:data2\" content=\"5 minutos\" \/>\n<script type=\"application\/ld+json\" class=\"yoast-schema-graph\">{\"@context\":\"https:\/\/schema.org\",\"@graph\":[{\"@type\":\"WebSite\",\"@id\":\"https:\/\/franciscanos.org.br\/noticias\/#website\",\"url\":\"https:\/\/franciscanos.org.br\/noticias\/\",\"name\":\"Not\u00edcias - Franciscanos\",\"description\":\"Prov\u00edncia Franciscana da Imaculada Concei\u00e7\u00e3o do Brasil - Ordem dos Frades Menores - OFM\",\"potentialAction\":[{\"@type\":\"SearchAction\",\"target\":{\"@type\":\"EntryPoint\",\"urlTemplate\":\"https:\/\/franciscanos.org.br\/noticias\/?s={search_term_string}\"},\"query-input\":\"required name=search_term_string\"}],\"inLanguage\":\"pt-BR\"},{\"@type\":\"ImageObject\",\"inLanguage\":\"pt-BR\",\"@id\":\"https:\/\/franciscanos.org.br\/noticias\/serie-de-entrevistas-sobre-a-cf-2017.html#primaryimage\",\"url\":\"https:\/\/franciscanos.org.br\/noticias\/wp-content\/uploads\/2017\/02\/cf2017.jpg\",\"contentUrl\":\"https:\/\/franciscanos.org.br\/noticias\/wp-content\/uploads\/2017\/02\/cf2017.jpg\",\"width\":273,\"height\":181},{\"@type\":\"WebPage\",\"@id\":\"https:\/\/franciscanos.org.br\/noticias\/serie-de-entrevistas-sobre-a-cf-2017.html#webpage\",\"url\":\"https:\/\/franciscanos.org.br\/noticias\/serie-de-entrevistas-sobre-a-cf-2017.html\",\"name\":\"S\u00e9rie de entrevistas sobre a Campanha da Fraternidade 2017 - Not\u00edcias - Franciscanos\",\"isPartOf\":{\"@id\":\"https:\/\/franciscanos.org.br\/noticias\/#website\"},\"primaryImageOfPage\":{\"@id\":\"https:\/\/franciscanos.org.br\/noticias\/serie-de-entrevistas-sobre-a-cf-2017.html#primaryimage\"},\"datePublished\":\"2017-02-24T20:49:13+00:00\",\"dateModified\":\"2019-01-23T12:18:09+00:00\",\"author\":{\"@id\":\"https:\/\/franciscanos.org.br\/noticias\/#\/schema\/person\/b38fbf43118f02820bd932f2e4b14ad3\"},\"breadcrumb\":{\"@id\":\"https:\/\/franciscanos.org.br\/noticias\/serie-de-entrevistas-sobre-a-cf-2017.html#breadcrumb\"},\"inLanguage\":\"pt-BR\",\"potentialAction\":[{\"@type\":\"ReadAction\",\"target\":[\"https:\/\/franciscanos.org.br\/noticias\/serie-de-entrevistas-sobre-a-cf-2017.html\"]}]},{\"@type\":\"BreadcrumbList\",\"@id\":\"https:\/\/franciscanos.org.br\/noticias\/serie-de-entrevistas-sobre-a-cf-2017.html#breadcrumb\",\"itemListElement\":[{\"@type\":\"ListItem\",\"position\":1,\"name\":\"Home\",\"item\":\"https:\/\/franciscanos.org.br\/noticias\"},{\"@type\":\"ListItem\",\"position\":2,\"name\":\"S\u00e9rie de entrevistas sobre a Campanha da Fraternidade 2017\"}]},{\"@type\":\"Person\",\"@id\":\"https:\/\/franciscanos.org.br\/noticias\/#\/schema\/person\/b38fbf43118f02820bd932f2e4b14ad3\",\"name\":\"admin\",\"image\":{\"@type\":\"ImageObject\",\"inLanguage\":\"pt-BR\",\"@id\":\"https:\/\/franciscanos.org.br\/noticias\/#\/schema\/person\/image\/\",\"url\":\"https:\/\/secure.gravatar.com\/avatar\/e8495742d34d0ba6448ea1c628263b3e?s=96&d=mm&r=g\",\"contentUrl\":\"https:\/\/secure.gravatar.com\/avatar\/e8495742d34d0ba6448ea1c628263b3e?s=96&d=mm&r=g\",\"caption\":\"admin\"},\"url\":\"https:\/\/franciscanos.org.br\/noticias\/author\/admin\"}]}<\/script>\n<!-- \/ Yoast SEO plugin. -->","yoast_head_json":{"title":"S\u00e9rie de entrevistas sobre a Campanha da Fraternidade 2017 - Not\u00edcias - Franciscanos","robots":{"index":"index","follow":"follow","max-snippet":"max-snippet:-1","max-image-preview":"max-image-preview:large","max-video-preview":"max-video-preview:-1"},"canonical":"https:\/\/franciscanos.org.br\/noticias\/serie-de-entrevistas-sobre-a-cf-2017.html","og_locale":"pt_BR","og_type":"article","og_title":"S\u00e9rie de entrevistas sobre a Campanha da Fraternidade 2017 - Not\u00edcias - Franciscanos","og_description":"CF 2017","og_url":"https:\/\/franciscanos.org.br\/noticias\/serie-de-entrevistas-sobre-a-cf-2017.html","og_site_name":"Not\u00edcias - Franciscanos","article_published_time":"2017-02-24T20:49:13+00:00","article_modified_time":"2019-01-23T12:18:09+00:00","og_image":[{"width":273,"height":181,"url":"https:\/\/franciscanos.org.br\/noticias\/wp-content\/uploads\/2017\/02\/cf2017.jpg","type":"image\/jpeg"}],"author":"admin","twitter_card":"summary_large_image","twitter_misc":{"Escrito por":"admin","Est. tempo de leitura":"5 minutos"},"schema":{"@context":"https:\/\/schema.org","@graph":[{"@type":"WebSite","@id":"https:\/\/franciscanos.org.br\/noticias\/#website","url":"https:\/\/franciscanos.org.br\/noticias\/","name":"Not\u00edcias - Franciscanos","description":"Prov\u00edncia Franciscana da Imaculada Concei\u00e7\u00e3o do Brasil - Ordem dos Frades Menores - OFM","potentialAction":[{"@type":"SearchAction","target":{"@type":"EntryPoint","urlTemplate":"https:\/\/franciscanos.org.br\/noticias\/?s={search_term_string}"},"query-input":"required name=search_term_string"}],"inLanguage":"pt-BR"},{"@type":"ImageObject","inLanguage":"pt-BR","@id":"https:\/\/franciscanos.org.br\/noticias\/serie-de-entrevistas-sobre-a-cf-2017.html#primaryimage","url":"https:\/\/franciscanos.org.br\/noticias\/wp-content\/uploads\/2017\/02\/cf2017.jpg","contentUrl":"https:\/\/franciscanos.org.br\/noticias\/wp-content\/uploads\/2017\/02\/cf2017.jpg","width":273,"height":181},{"@type":"WebPage","@id":"https:\/\/franciscanos.org.br\/noticias\/serie-de-entrevistas-sobre-a-cf-2017.html#webpage","url":"https:\/\/franciscanos.org.br\/noticias\/serie-de-entrevistas-sobre-a-cf-2017.html","name":"S\u00e9rie de entrevistas sobre a Campanha da Fraternidade 2017 - Not\u00edcias - Franciscanos","isPartOf":{"@id":"https:\/\/franciscanos.org.br\/noticias\/#website"},"primaryImageOfPage":{"@id":"https:\/\/franciscanos.org.br\/noticias\/serie-de-entrevistas-sobre-a-cf-2017.html#primaryimage"},"datePublished":"2017-02-24T20:49:13+00:00","dateModified":"2019-01-23T12:18:09+00:00","author":{"@id":"https:\/\/franciscanos.org.br\/noticias\/#\/schema\/person\/b38fbf43118f02820bd932f2e4b14ad3"},"breadcrumb":{"@id":"https:\/\/franciscanos.org.br\/noticias\/serie-de-entrevistas-sobre-a-cf-2017.html#breadcrumb"},"inLanguage":"pt-BR","potentialAction":[{"@type":"ReadAction","target":["https:\/\/franciscanos.org.br\/noticias\/serie-de-entrevistas-sobre-a-cf-2017.html"]}]},{"@type":"BreadcrumbList","@id":"https:\/\/franciscanos.org.br\/noticias\/serie-de-entrevistas-sobre-a-cf-2017.html#breadcrumb","itemListElement":[{"@type":"ListItem","position":1,"name":"Home","item":"https:\/\/franciscanos.org.br\/noticias"},{"@type":"ListItem","position":2,"name":"S\u00e9rie de entrevistas sobre a Campanha da Fraternidade 2017"}]},{"@type":"Person","@id":"https:\/\/franciscanos.org.br\/noticias\/#\/schema\/person\/b38fbf43118f02820bd932f2e4b14ad3","name":"admin","image":{"@type":"ImageObject","inLanguage":"pt-BR","@id":"https:\/\/franciscanos.org.br\/noticias\/#\/schema\/person\/image\/","url":"https:\/\/secure.gravatar.com\/avatar\/e8495742d34d0ba6448ea1c628263b3e?s=96&d=mm&r=g","contentUrl":"https:\/\/secure.gravatar.com\/avatar\/e8495742d34d0ba6448ea1c628263b3e?s=96&d=mm&r=g","caption":"admin"},"url":"https:\/\/franciscanos.org.br\/noticias\/author\/admin"}]}},"_links":{"self":[{"href":"https:\/\/franciscanos.org.br\/noticias\/wp-json\/wp\/v2\/posts\/126998"}],"collection":[{"href":"https:\/\/franciscanos.org.br\/noticias\/wp-json\/wp\/v2\/posts"}],"about":[{"href":"https:\/\/franciscanos.org.br\/noticias\/wp-json\/wp\/v2\/types\/post"}],"author":[{"embeddable":true,"href":"https:\/\/franciscanos.org.br\/noticias\/wp-json\/wp\/v2\/users\/1"}],"replies":[{"embeddable":true,"href":"https:\/\/franciscanos.org.br\/noticias\/wp-json\/wp\/v2\/comments?post=126998"}],"version-history":[{"count":0,"href":"https:\/\/franciscanos.org.br\/noticias\/wp-json\/wp\/v2\/posts\/126998\/revisions"}],"wp:featuredmedia":[{"embeddable":true,"href":"https:\/\/franciscanos.org.br\/noticias\/wp-json\/wp\/v2\/media\/195960"}],"wp:attachment":[{"href":"https:\/\/franciscanos.org.br\/noticias\/wp-json\/wp\/v2\/media?parent=126998"}],"wp:term":[{"taxonomy":"category","embeddable":true,"href":"https:\/\/franciscanos.org.br\/noticias\/wp-json\/wp\/v2\/categories?post=126998"},{"taxonomy":"post_tag","embeddable":true,"href":"https:\/\/franciscanos.org.br\/noticias\/wp-json\/wp\/v2\/tags?post=126998"}],"curies":[{"name":"wp","href":"https:\/\/api.w.org\/{rel}","templated":true}]}}