{"id":12697,"date":"2012-03-06T07:33:44","date_gmt":"2012-03-06T10:33:44","guid":{"rendered":"http:\/\/new.franciscanos.org.br\/?p=12697"},"modified":"2019-09-13T13:59:03","modified_gmt":"2019-09-13T16:59:03","slug":"pela-primeira-vez-ministro-geral-visita-angola","status":"publish","type":"post","link":"https:\/\/franciscanos.org.br\/noticias\/pela-primeira-vez-ministro-geral-visita-angola.html","title":{"rendered":"Pela primeira vez, Ministro Geral visita Angola"},"content":{"rendered":"<p><strong>Luanda (Angola)<\/strong> &#8211; Foi com muita alegria e entusiasmo que, na madrugada do dia 27 de fevereiro, recebemos o nosso (Mais Velho) Frei Jos\u00e9 Rodr\u00edguez Carballo. Ministro Geral da Ordem dos Frades Menores. Os dias que antecederam a visita foram marcados por muita expectativa entre os frades anfitri\u00f5es, especialmente os mais jovens, pois, pela primeira vez na historia da nossa Funda\u00e7\u00e3o Imaculada M\u00e3e de Deus de Angola, ou seja, em 22 anos, acolhemos o representante do Pai Ser\u00e1fico, para uma semana de conviv\u00eancia e anima\u00e7\u00e3o de nossa vida e miss\u00e3o.<\/p>\n<p><a href=\"http:\/\/franciscanos.org.br\/wp-content\/uploads\/2012\/03\/angola_01_g0602.jpg\"><img loading=\"lazy\" class=\"alignright size-full wp-image-12712\" title=\"Visita do Geral a Angola\" src=\"http:\/\/franciscanos.org.br\/wp-content\/uploads\/2012\/03\/angola_01_g0602.jpg\" alt=\"\" width=\"400\" height=\"300\" \/><\/a>Por volta de 2h15 da madrugada, Frei Jos\u00e9 desembarcou no Aeroporto Internacional de Luanda, onde foi recepcionado por boa parte dos frades da FIMDA, na pessoa do presidente da Funda\u00e7\u00e3o, Frei \u00c2ngelo Jos\u00e9 Luis e os dois conselheiros, Frei Sebasti\u00e3o Kremer e Frei Valdir Nunes. \u00c9ramos em torno de 15 frades. Logo fomos pegos de surpresa, pois o Frei Vincent Zungo, Definidor Geral para a \u00c1frica, teve que regressar \u00e0 cidade de Casa Blanca, no Marrocos, devido a um contratempo com seu passaporte, que havia desaparecido. Mas isso n\u00e3o estragou a festa dos frades, porque tudo foi encarado com esp\u00edrito da perfeita alegria franciscana. Chegando ao convento Nossa Senhora dos Anjos de Viana, Frei Jos\u00e9 p\u00f4de se recolher para um merecido descanso, pois o dia seguinte prometia.<\/p>\n<p>O primeiro encontro formal do Ministro Geral foi com os frades professos tempor\u00e1rios, \u00e0s 16 horas do dia 27. Frei Jos\u00e9 aprofundou o tema &#8220;forma\u00e7\u00e3o Inicial na Ordem dos Frades Menores&#8221;, enriquecendo o di\u00e1logo com os 15 anos em que foi formador na Espanha e, \u00e9 claro, com sua experi\u00eancia adquirida nas diversas realidades por onde tem passado como Ministro de toda a Ordem. Foi um momento forte, marcado por um di\u00e1logo aberto, confiante e, acima de tudo, fraterno.<\/p>\n<p><a href=\"http:\/\/franciscanos.org.br\/wp-content\/uploads\/2012\/03\/angola_02_g0602.jpg\"><img loading=\"lazy\" class=\"alignleft size-full wp-image-12713\" title=\"O Ministro Geral com os frades jovens\" src=\"http:\/\/franciscanos.org.br\/wp-content\/uploads\/2012\/03\/angola_02_g0602.jpg\" alt=\"\" width=\"400\" height=\"211\" \/><\/a>Retomando alguns pontos do documento &#8220;Vitae Consacrata&#8221;, Frei Jos\u00e9 destacou que a forma\u00e7\u00e3o \u00e9 a assimila\u00e7ao progressiva dos sentimentos de Cristo. Dentre outras coisas, foi dito ainda que a forma\u00e7\u00e3o do frade menor deve abranger tr\u00eas pontos essenciais: confian\u00e7a, liberdade e discri\u00e7\u00e3o. Por fim, lembrou-nos que o tempo de forma\u00e7\u00e3o inicial deve nos ajudar a vivenciar profundamente alguns questionamentos, a saber: Quem sou eu? O que quero fazer da minha vida e o que Deus quer de mim? Quest\u00f5es que devem ser respondidas nas etapas de Postulantado, Noviciado e tempo de Profiss\u00e3o Tempor\u00e1ria, respectivamente. Encerramos os trabalhos com a celebra\u00e7\u00e3o Eucar\u00edstica conventual, juntamente com as Irm\u00e3s Franciscanas Hospitaleiras, nossas vizinhas, e suas aspirantes.<\/p>\n<p>No dia 28 pela manh\u00e3 foi a vez de todos os frades da FIMDA se reunirem com o Frei Jos\u00e9 Carballo, mas como a pastoral nos cobra, nem todos os irm\u00e3os participaram deste momento \u00edmpar. Frei Francisco, Frei En\u00e9ias e Frei Evair de Malanje e Frei Andr\u00e9 de Kibala n\u00e3o puderam comparecer. Na reuni\u00e3o, Frei Jos\u00e9 fez uma explana\u00e7\u00e3o sobre o espec\u00edfico de nosso carisma, a identidade da vida religiosa e a situa\u00e7\u00e3o atual da Ordem no mundo. As 16h30, o Conselho da Funda\u00e7ao teve a oportunidade de se encontrar com o Ministro. Em seguida, Frei Jos\u00e9 Carballo presidiu a santa Missa Conventual para seus frades.<\/p>\n<p><a href=\"http:\/\/franciscanos.org.br\/wp-content\/uploads\/2012\/03\/angola_03_g0602.jpg\"><img loading=\"lazy\" class=\"alignright size-full wp-image-12714\" title=\"Ministro Geral Frei Jose\" src=\"http:\/\/franciscanos.org.br\/wp-content\/uploads\/2012\/03\/angola_03_g0602.jpg\" alt=\"\" width=\"300\" height=\"400\" \/><\/a>Dia 29, bem cedo, tivemos Eucaristia celebrada no Mosteiro Sagrado Cora\u00e7\u00e3o de Jesus, das irm\u00e3s Clarissas. Em seguida, foi partilhado um &#8220;mata-bicho&#8221; (caf\u00e9 da manh\u00e3) entre os membros da Fam\u00edlia Franciscana de Angola e, logo depois, aconteceu um encontro do Frei Jos\u00e9 com a referida Fam\u00edlia. O Ministro Geral refletiu sobre o andamento da Fam\u00edlia Franciscana em n\u00edvel mundial e sobre o que os superiores Gerais est\u00e3o fazendo para dinamizar a vida franciscana, especialmente entre a OFS, Jufra e os membros da TOR. Merece destaque o que Frei Jos\u00e9 disse sobre nossas rela\u00e7\u00f5es: \u201cSe n\u00e3o nos conhecemos, n\u00e3o nos amamos, se n\u00e3o nos amamos n\u00e3o colaboramos\u201d. \u00c0 noite, tivemos um jantar \u00e0 Italiana, com a presen\u00e7a do bispo de Viana, Dom Frei Joaquim Ferreira Lopes, OFMCap, que muito colaborou na anima\u00e7\u00e3o e alegria fraterna.<\/p>\n<p>O \u00faltimo dia da visita foi marcado por uma bel\u00edssima celebra\u00e7\u00e3o Eucar\u00edstica no Quimbo S\u00e3o Francisco, na fraternidade do Palanca. No fim da Missa, Frei Jos\u00e9 perguntou ao povo se est\u00e1 satisfeito com a presen\u00e7a e o trabalho dos frades e se gostariam que os frades permanecessem, ao que a multid\u00e3o dos fi\u00e9is reunida, respondeu em un\u00edssono: SIM, SIM, SIM, QUEREMOS OS FRADES! Frei Jos\u00e9 num tom sereno respondeu: \u201cEnt\u00e3o rezem pelos frades e pelas voca\u00e7\u00f5es e, principalmente, pelas voca\u00e7\u00f5es angolanas\u201d! Na parte da tarde, nosso Geral foi levado para conhecer o Projeto Nossos Mi\u00fados, com a inaugura\u00e7\u00e3o da nova Padaria. \u00c0s 23 horas, todos os frades presentes em Viana acompanharam Frei Jos\u00e9 at\u00e9 o aeroporto, onde embarcaria de volta \u00e0 It\u00e1lia.<\/p>\n<p>Para n\u00f3s, frades professos tempor\u00e1rios da FIMDA, ficou marcada a simplicidade com que Frei Jos\u00e9 Carballo vivenciou cada momento da visita. Vale destacar seu interesse paterno por nossa vida e trabalho, bem como a espontaneidade com que se entregou em todos os encontros fraternos. Com certeza, ficar\u00e1 a saudade dessa inesquec\u00edvel semana que Deus nos permitiu viver.<\/p>\n<p><strong>Frei Manoel Tchincocolo e Frei Felipe G. Camelo<\/strong><\/p>\n<p>&nbsp;<\/p>\n<p>VEJA MAIS IMAGENS NO SITE DA ORDEM DOS FRADES MENORES. <a href=\"http:\/\/www.ofm.org\/ofm\/?p=1744&amp;lang=es\" target=\"_blank\" rel=\"noopener noreferrer\">CLIQUE AQUI<\/a><\/p>\n","protected":false},"excerpt":{"rendered":"<p>Miss\u00e3o<\/p>\n","protected":false},"author":1,"featured_media":210948,"comment_status":"closed","ping_status":"open","sticky":false,"template":"","format":"standard","meta":[],"categories":[1],"tags":[195,184,122],"acf":[],"yoast_head":"<!-- This site is optimized with the Yoast SEO plugin v19.2 - https:\/\/yoast.com\/wordpress\/plugins\/seo\/ -->\n<title>Pela primeira vez, Ministro Geral visita Angola - Not\u00edcias - Franciscanos<\/title>\n<meta name=\"robots\" content=\"index, follow, max-snippet:-1, max-image-preview:large, max-video-preview:-1\" \/>\n<link rel=\"canonical\" href=\"https:\/\/franciscanos.org.br\/noticias\/pela-primeira-vez-ministro-geral-visita-angola.html\" \/>\n<meta property=\"og:locale\" content=\"pt_BR\" \/>\n<meta property=\"og:type\" content=\"article\" \/>\n<meta property=\"og:title\" content=\"Pela primeira vez, Ministro Geral visita Angola - Not\u00edcias - Franciscanos\" \/>\n<meta property=\"og:description\" content=\"Miss\u00e3o\" \/>\n<meta property=\"og:url\" content=\"https:\/\/franciscanos.org.br\/noticias\/pela-primeira-vez-ministro-geral-visita-angola.html\" \/>\n<meta property=\"og:site_name\" content=\"Not\u00edcias - Franciscanos\" \/>\n<meta property=\"article:published_time\" content=\"2012-03-06T10:33:44+00:00\" \/>\n<meta property=\"article:modified_time\" content=\"2019-09-13T16:59:03+00:00\" \/>\n<meta property=\"og:image\" content=\"https:\/\/franciscanos.org.br\/noticias\/wp-content\/uploads\/2012\/03\/angola_01_g0602.jpg\" \/>\n\t<meta property=\"og:image:width\" content=\"273\" \/>\n\t<meta property=\"og:image:height\" content=\"182\" \/>\n\t<meta property=\"og:image:type\" content=\"image\/jpeg\" \/>\n<meta name=\"author\" content=\"admin\" \/>\n<meta name=\"twitter:card\" content=\"summary_large_image\" \/>\n<meta name=\"twitter:label1\" content=\"Escrito por\" \/>\n\t<meta name=\"twitter:data1\" content=\"admin\" \/>\n\t<meta name=\"twitter:label2\" content=\"Est. tempo de leitura\" \/>\n\t<meta name=\"twitter:data2\" content=\"5 minutos\" \/>\n<script type=\"application\/ld+json\" class=\"yoast-schema-graph\">{\"@context\":\"https:\/\/schema.org\",\"@graph\":[{\"@type\":\"WebSite\",\"@id\":\"https:\/\/franciscanos.org.br\/noticias\/#website\",\"url\":\"https:\/\/franciscanos.org.br\/noticias\/\",\"name\":\"Not\u00edcias - Franciscanos\",\"description\":\"Prov\u00edncia Franciscana da Imaculada Concei\u00e7\u00e3o do Brasil - Ordem dos Frades Menores - OFM\",\"potentialAction\":[{\"@type\":\"SearchAction\",\"target\":{\"@type\":\"EntryPoint\",\"urlTemplate\":\"https:\/\/franciscanos.org.br\/noticias\/?s={search_term_string}\"},\"query-input\":\"required name=search_term_string\"}],\"inLanguage\":\"pt-BR\"},{\"@type\":\"ImageObject\",\"inLanguage\":\"pt-BR\",\"@id\":\"https:\/\/franciscanos.org.br\/noticias\/pela-primeira-vez-ministro-geral-visita-angola.html#primaryimage\",\"url\":\"https:\/\/franciscanos.org.br\/noticias\/wp-content\/uploads\/2012\/03\/angola_01_g0602.jpg\",\"contentUrl\":\"https:\/\/franciscanos.org.br\/noticias\/wp-content\/uploads\/2012\/03\/angola_01_g0602.jpg\",\"width\":273,\"height\":182},{\"@type\":\"WebPage\",\"@id\":\"https:\/\/franciscanos.org.br\/noticias\/pela-primeira-vez-ministro-geral-visita-angola.html#webpage\",\"url\":\"https:\/\/franciscanos.org.br\/noticias\/pela-primeira-vez-ministro-geral-visita-angola.html\",\"name\":\"Pela primeira vez, Ministro Geral visita Angola - Not\u00edcias - Franciscanos\",\"isPartOf\":{\"@id\":\"https:\/\/franciscanos.org.br\/noticias\/#website\"},\"primaryImageOfPage\":{\"@id\":\"https:\/\/franciscanos.org.br\/noticias\/pela-primeira-vez-ministro-geral-visita-angola.html#primaryimage\"},\"datePublished\":\"2012-03-06T10:33:44+00:00\",\"dateModified\":\"2019-09-13T16:59:03+00:00\",\"author\":{\"@id\":\"https:\/\/franciscanos.org.br\/noticias\/#\/schema\/person\/b38fbf43118f02820bd932f2e4b14ad3\"},\"breadcrumb\":{\"@id\":\"https:\/\/franciscanos.org.br\/noticias\/pela-primeira-vez-ministro-geral-visita-angola.html#breadcrumb\"},\"inLanguage\":\"pt-BR\",\"potentialAction\":[{\"@type\":\"ReadAction\",\"target\":[\"https:\/\/franciscanos.org.br\/noticias\/pela-primeira-vez-ministro-geral-visita-angola.html\"]}]},{\"@type\":\"BreadcrumbList\",\"@id\":\"https:\/\/franciscanos.org.br\/noticias\/pela-primeira-vez-ministro-geral-visita-angola.html#breadcrumb\",\"itemListElement\":[{\"@type\":\"ListItem\",\"position\":1,\"name\":\"Home\",\"item\":\"https:\/\/franciscanos.org.br\/noticias\"},{\"@type\":\"ListItem\",\"position\":2,\"name\":\"Pela primeira vez, Ministro Geral visita Angola\"}]},{\"@type\":\"Person\",\"@id\":\"https:\/\/franciscanos.org.br\/noticias\/#\/schema\/person\/b38fbf43118f02820bd932f2e4b14ad3\",\"name\":\"admin\",\"image\":{\"@type\":\"ImageObject\",\"inLanguage\":\"pt-BR\",\"@id\":\"https:\/\/franciscanos.org.br\/noticias\/#\/schema\/person\/image\/\",\"url\":\"https:\/\/secure.gravatar.com\/avatar\/e8495742d34d0ba6448ea1c628263b3e?s=96&d=mm&r=g\",\"contentUrl\":\"https:\/\/secure.gravatar.com\/avatar\/e8495742d34d0ba6448ea1c628263b3e?s=96&d=mm&r=g\",\"caption\":\"admin\"},\"url\":\"https:\/\/franciscanos.org.br\/noticias\/author\/admin\"}]}<\/script>\n<!-- \/ Yoast SEO plugin. -->","yoast_head_json":{"title":"Pela primeira vez, Ministro Geral visita Angola - Not\u00edcias - Franciscanos","robots":{"index":"index","follow":"follow","max-snippet":"max-snippet:-1","max-image-preview":"max-image-preview:large","max-video-preview":"max-video-preview:-1"},"canonical":"https:\/\/franciscanos.org.br\/noticias\/pela-primeira-vez-ministro-geral-visita-angola.html","og_locale":"pt_BR","og_type":"article","og_title":"Pela primeira vez, Ministro Geral visita Angola - Not\u00edcias - Franciscanos","og_description":"Miss\u00e3o","og_url":"https:\/\/franciscanos.org.br\/noticias\/pela-primeira-vez-ministro-geral-visita-angola.html","og_site_name":"Not\u00edcias - Franciscanos","article_published_time":"2012-03-06T10:33:44+00:00","article_modified_time":"2019-09-13T16:59:03+00:00","og_image":[{"width":273,"height":182,"url":"https:\/\/franciscanos.org.br\/noticias\/wp-content\/uploads\/2012\/03\/angola_01_g0602.jpg","type":"image\/jpeg"}],"author":"admin","twitter_card":"summary_large_image","twitter_misc":{"Escrito por":"admin","Est. tempo de leitura":"5 minutos"},"schema":{"@context":"https:\/\/schema.org","@graph":[{"@type":"WebSite","@id":"https:\/\/franciscanos.org.br\/noticias\/#website","url":"https:\/\/franciscanos.org.br\/noticias\/","name":"Not\u00edcias - Franciscanos","description":"Prov\u00edncia Franciscana da Imaculada Concei\u00e7\u00e3o do Brasil - Ordem dos Frades Menores - OFM","potentialAction":[{"@type":"SearchAction","target":{"@type":"EntryPoint","urlTemplate":"https:\/\/franciscanos.org.br\/noticias\/?s={search_term_string}"},"query-input":"required name=search_term_string"}],"inLanguage":"pt-BR"},{"@type":"ImageObject","inLanguage":"pt-BR","@id":"https:\/\/franciscanos.org.br\/noticias\/pela-primeira-vez-ministro-geral-visita-angola.html#primaryimage","url":"https:\/\/franciscanos.org.br\/noticias\/wp-content\/uploads\/2012\/03\/angola_01_g0602.jpg","contentUrl":"https:\/\/franciscanos.org.br\/noticias\/wp-content\/uploads\/2012\/03\/angola_01_g0602.jpg","width":273,"height":182},{"@type":"WebPage","@id":"https:\/\/franciscanos.org.br\/noticias\/pela-primeira-vez-ministro-geral-visita-angola.html#webpage","url":"https:\/\/franciscanos.org.br\/noticias\/pela-primeira-vez-ministro-geral-visita-angola.html","name":"Pela primeira vez, Ministro Geral visita Angola - Not\u00edcias - Franciscanos","isPartOf":{"@id":"https:\/\/franciscanos.org.br\/noticias\/#website"},"primaryImageOfPage":{"@id":"https:\/\/franciscanos.org.br\/noticias\/pela-primeira-vez-ministro-geral-visita-angola.html#primaryimage"},"datePublished":"2012-03-06T10:33:44+00:00","dateModified":"2019-09-13T16:59:03+00:00","author":{"@id":"https:\/\/franciscanos.org.br\/noticias\/#\/schema\/person\/b38fbf43118f02820bd932f2e4b14ad3"},"breadcrumb":{"@id":"https:\/\/franciscanos.org.br\/noticias\/pela-primeira-vez-ministro-geral-visita-angola.html#breadcrumb"},"inLanguage":"pt-BR","potentialAction":[{"@type":"ReadAction","target":["https:\/\/franciscanos.org.br\/noticias\/pela-primeira-vez-ministro-geral-visita-angola.html"]}]},{"@type":"BreadcrumbList","@id":"https:\/\/franciscanos.org.br\/noticias\/pela-primeira-vez-ministro-geral-visita-angola.html#breadcrumb","itemListElement":[{"@type":"ListItem","position":1,"name":"Home","item":"https:\/\/franciscanos.org.br\/noticias"},{"@type":"ListItem","position":2,"name":"Pela primeira vez, Ministro Geral visita Angola"}]},{"@type":"Person","@id":"https:\/\/franciscanos.org.br\/noticias\/#\/schema\/person\/b38fbf43118f02820bd932f2e4b14ad3","name":"admin","image":{"@type":"ImageObject","inLanguage":"pt-BR","@id":"https:\/\/franciscanos.org.br\/noticias\/#\/schema\/person\/image\/","url":"https:\/\/secure.gravatar.com\/avatar\/e8495742d34d0ba6448ea1c628263b3e?s=96&d=mm&r=g","contentUrl":"https:\/\/secure.gravatar.com\/avatar\/e8495742d34d0ba6448ea1c628263b3e?s=96&d=mm&r=g","caption":"admin"},"url":"https:\/\/franciscanos.org.br\/noticias\/author\/admin"}]}},"_links":{"self":[{"href":"https:\/\/franciscanos.org.br\/noticias\/wp-json\/wp\/v2\/posts\/12697"}],"collection":[{"href":"https:\/\/franciscanos.org.br\/noticias\/wp-json\/wp\/v2\/posts"}],"about":[{"href":"https:\/\/franciscanos.org.br\/noticias\/wp-json\/wp\/v2\/types\/post"}],"author":[{"embeddable":true,"href":"https:\/\/franciscanos.org.br\/noticias\/wp-json\/wp\/v2\/users\/1"}],"replies":[{"embeddable":true,"href":"https:\/\/franciscanos.org.br\/noticias\/wp-json\/wp\/v2\/comments?post=12697"}],"version-history":[{"count":0,"href":"https:\/\/franciscanos.org.br\/noticias\/wp-json\/wp\/v2\/posts\/12697\/revisions"}],"wp:featuredmedia":[{"embeddable":true,"href":"https:\/\/franciscanos.org.br\/noticias\/wp-json\/wp\/v2\/media\/210948"}],"wp:attachment":[{"href":"https:\/\/franciscanos.org.br\/noticias\/wp-json\/wp\/v2\/media?parent=12697"}],"wp:term":[{"taxonomy":"category","embeddable":true,"href":"https:\/\/franciscanos.org.br\/noticias\/wp-json\/wp\/v2\/categories?post=12697"},{"taxonomy":"post_tag","embeddable":true,"href":"https:\/\/franciscanos.org.br\/noticias\/wp-json\/wp\/v2\/tags?post=12697"}],"curies":[{"name":"wp","href":"https:\/\/api.w.org\/{rel}","templated":true}]}}