{"id":126909,"date":"2017-02-24T08:16:16","date_gmt":"2017-02-24T11:16:16","guid":{"rendered":"http:\/\/franciscanos.org.br\/?p=126909"},"modified":"2020-06-09T10:25:55","modified_gmt":"2020-06-09T13:25:55","slug":"papa-francisco-em-deus-justica-e-misericordia","status":"publish","type":"post","link":"https:\/\/franciscanos.org.br\/noticias\/papa-francisco-em-deus-justica-e-misericordia.html","title":{"rendered":"Papa Francisco: Em Deus, justi\u00e7a \u00e9 miseric\u00f3rdia"},"content":{"rendered":"<p><img loading=\"lazy\" class=\"alignleft\" src=\"http:\/\/franciscanos.org.br\/wp-content\/uploads\/2017\/02\/papa_240217.jpg\" alt=\"papa_240217\" width=\"820\" height=\"451\" \/><\/p>\n<p><strong>Cidade do Vaticano<\/strong> \u2013 O Papa celebrou a Missa na capela da Casa Santa Marta na sexta-feira (24\/02). Na homilia, Francisco advertiu para a hipocrisia e para o engano provocado por uma f\u00e9 reduzida a uma \u201cl\u00f3gica casu\u00edstica\u201d.<\/p>\n<p>\u201c\u00c9 l\u00edcito para um marido repudiar a pr\u00f3pria mulher?\u201d. Esta \u00e9 a pergunta contida no Evangelho de Marcos que os doutores da Lei fazem a Jesus durante sua prega\u00e7\u00e3o na Judeia. \u201cE o fazem para colocar Cristo \u00e0 prova mais uma vez\u201d, observou o Papa, que se inspirou na resposta de Jesus para explicar o que mais conta na f\u00e9: \u201cJesus n\u00e3o responde se \u00e9 l\u00edcito ou n\u00e3o; n\u00e3o entra na l\u00f3gica casu\u00edstica deles. Porque eles pensavam na f\u00e9 somente em termos de \u2018pode\u2019 ou \u2018n\u00e3o pode\u2019, at\u00e9 onde se pode, at\u00e9 onde n\u00e3o se pode. \u00c9 a l\u00f3gica da casu\u00edstica: Jesus n\u00e3o entra nisso. E faz uma pergunta: \u2018Mas o que Mois\u00e9s vos ordenou? O que est\u00e1 na vossa lei?\u2019. E eles explicam a permiss\u00e3o que Mois\u00e9s deu de repudiar a mulher, e s\u00e3o eles a cair na pr\u00f3pria armadilha. Porque Jesus os qualifica como \u2018duros de cora\u00e7\u00e3o\u2019: \u2018Foi por causa da dureza do vosso cora\u00e7\u00e3o que Mois\u00e9s vos escreveu este mandamento\u2019, e diz a verdade. Sem casu\u00edstica. Sem permiss\u00f5es. A verdade.\u201d<br \/>\n\u201cJesus sempre diz a verdade\u201d, \u201cexplica as coisas como foram criadas\u201d, destaca ainda o Papa, a verdade das Escrituras, da Lei de Mois\u00e9s. E o faz tamb\u00e9m quando a interrog\u00e1-lo sobre o adult\u00e9rio s\u00e3o os seus disc\u00edpulos, aos quais repete: \u201cQuem se divorciar de sua mulher e casar com outra, cometer\u00e1 adult\u00e9rio contra a primeira. E se a mulher se divorciar de seu marido e casar com outro, cometer\u00e1 adult\u00e9rio\u201d.<\/p>\n<p>Mas se a verdade \u00e9 esta e o adult\u00e9rio \u00e9 \u201cgrave\u201d, como explicar ent\u00e3o que Jesus falou \u201ctantas vezes com uma ad\u00faltera, com uma pag\u00e3\u201d?, pergunta o Papa. \u201cBebeu de seu copo, que n\u00e3o era puro?\u201d. E no final lhe disse: \u201cEu n\u00e3o te condeno. N\u00e3o peques mais\u201d? Como explicar isso?<\/p>\n<p>\u201cO caminho de Jesus \u2013 v\u00ea-se claramente &#8211; \u00e9 o caminho da casu\u00edstica \u00e0 verdade e \u00e0 miseric\u00f3rdia. Jesus deixa a casu\u00edstica de fora. Aos que queriam coloc\u00e1-lo \u00e0 prova, aos que pensavam com esta l\u00f3gica do \u2018pode\u2019, os qualifica \u2013 n\u00e3o aqui, mas em outro trecho do Evangelho \u2013 como hip\u00f3critas. Tamb\u00e9m com o quarto mandamento eles negavam de assistir os pais com a desculpa de que tinham dado uma bela oferta \u00e0 Igreja. Hip\u00f3critas. A casu\u00edstica \u00e9 hip\u00f3crita. \u00c9 um pensamento hip\u00f3crita. \u2018Pode \u2013 n\u00e3o pode\u2026 que depois se torna mais s\u00fatil, mais diab\u00f3lico: mas at\u00e9 que ponto posso? Mas daqui at\u00e9 aqui n\u00e3o posso. \u00c9 a engana\u00e7\u00e3o da casu\u00edstica.\u201d<\/p>\n<p>O caminho do crist\u00e3o, portanto, n\u00e3o cede \u00e0 l\u00f3gica da casu\u00edstica, mas responde com a verdade que o acompanha, a exemplo de Jesus, \u201cporque Ele \u00e9 a encarna\u00e7\u00e3o da Miseric\u00f3rdia do Pai, e n\u00e3o pode negar a si mesmo. N\u00e3o pode negar a si mesmo porque \u00e9 a Verdade do Pai, e n\u00e3o pode negar a si mesmo porque \u00e9 a Miseric\u00f3rdia do Pai\u201d. \u201cEste \u00e9 o caminho que Jesus nos ensina\u201d, notou o Papa, dif\u00edcil de ser aplicado diante das tenta\u00e7\u00f5es da vida: \u201cQuando a tenta\u00e7\u00e3o toca o cora\u00e7\u00e3o, este caminho de sair da casu\u00edstica \u00e0 verdade e \u00e0 miseric\u00f3rdia n\u00e3o \u00e9 f\u00e1cil: \u00e9 necess\u00e1ria a gra\u00e7a de Deus para que nos ajude a ir assim avante. E devemos pedi-la sempre. \u2018Senhor, que eu seja justo, mas justo com miseric\u00f3rdia\u2019. N\u00e3o justo, coberto com a casu\u00edstica. Justo na miseric\u00f3rdia. Como \u00e9s Tu. Justo na miseric\u00f3rdia. Depois, uma pessoa de mentalidade casu\u00edstica pode se perguntar: \u2018Mas o que \u00e9 mais importante em Deus? Justi\u00e7a ou miseric\u00f3rdia?\u2019. Este tamb\u00e9m \u00e9 um pensamento doente\u2026 o que \u00e9 mais importante? N\u00e3o s\u00e3o duas: \u00e9 somente uma, uma s\u00f3 coisa. Em Deus, justi\u00e7a \u00e9 miseric\u00f3rdia e miseric\u00f3rdia \u00e9 justi\u00e7a. Que o Senhor nos ajude a entender esta estrada, que n\u00e3o \u00e9 f\u00e1cil, mas nos far\u00e1 felizes, a n\u00f3s, e far\u00e1 feliz muitas pessoas.\u201d<\/p>\n<hr \/>\n<p><em>Fonte: R\u00e1dio Vaticano<\/em><\/p>\n","protected":false},"excerpt":{"rendered":"<p>Missa em Santa Marta<\/p>\n","protected":false},"author":1,"featured_media":195966,"comment_status":"open","ping_status":"open","sticky":false,"template":"","format":"standard","meta":[],"categories":[1428],"tags":[1586],"acf":[],"yoast_head":"<!-- This site is optimized with the Yoast SEO plugin v19.2 - https:\/\/yoast.com\/wordpress\/plugins\/seo\/ -->\n<title>Papa Francisco: Em Deus, justi\u00e7a \u00e9 miseric\u00f3rdia - Not\u00edcias - Franciscanos<\/title>\n<meta name=\"robots\" content=\"index, follow, max-snippet:-1, max-image-preview:large, max-video-preview:-1\" \/>\n<link rel=\"canonical\" href=\"https:\/\/franciscanos.org.br\/noticias\/papa-francisco-em-deus-justica-e-misericordia.html\" \/>\n<meta property=\"og:locale\" content=\"pt_BR\" \/>\n<meta property=\"og:type\" content=\"article\" \/>\n<meta property=\"og:title\" content=\"Papa Francisco: Em Deus, justi\u00e7a \u00e9 miseric\u00f3rdia - Not\u00edcias - Franciscanos\" \/>\n<meta property=\"og:description\" content=\"Missa em Santa Marta\" \/>\n<meta property=\"og:url\" content=\"https:\/\/franciscanos.org.br\/noticias\/papa-francisco-em-deus-justica-e-misericordia.html\" \/>\n<meta property=\"og:site_name\" content=\"Not\u00edcias - Franciscanos\" \/>\n<meta property=\"article:published_time\" content=\"2017-02-24T11:16:16+00:00\" \/>\n<meta property=\"article:modified_time\" content=\"2020-06-09T13:25:55+00:00\" \/>\n<meta property=\"og:image\" content=\"https:\/\/franciscanos.org.br\/noticias\/wp-content\/uploads\/2017\/02\/papa_240217.jpg\" \/>\n\t<meta property=\"og:image:width\" content=\"273\" \/>\n\t<meta property=\"og:image:height\" content=\"181\" \/>\n\t<meta property=\"og:image:type\" content=\"image\/jpeg\" \/>\n<meta name=\"author\" content=\"admin\" \/>\n<meta name=\"twitter:card\" content=\"summary_large_image\" \/>\n<meta name=\"twitter:label1\" content=\"Escrito por\" \/>\n\t<meta name=\"twitter:data1\" content=\"admin\" \/>\n\t<meta name=\"twitter:label2\" content=\"Est. tempo de leitura\" \/>\n\t<meta name=\"twitter:data2\" content=\"4 minutos\" \/>\n<script type=\"application\/ld+json\" class=\"yoast-schema-graph\">{\"@context\":\"https:\/\/schema.org\",\"@graph\":[{\"@type\":\"WebSite\",\"@id\":\"https:\/\/franciscanos.org.br\/noticias\/#website\",\"url\":\"https:\/\/franciscanos.org.br\/noticias\/\",\"name\":\"Not\u00edcias - Franciscanos\",\"description\":\"Prov\u00edncia Franciscana da Imaculada Concei\u00e7\u00e3o do Brasil - Ordem dos Frades Menores - OFM\",\"potentialAction\":[{\"@type\":\"SearchAction\",\"target\":{\"@type\":\"EntryPoint\",\"urlTemplate\":\"https:\/\/franciscanos.org.br\/noticias\/?s={search_term_string}\"},\"query-input\":\"required name=search_term_string\"}],\"inLanguage\":\"pt-BR\"},{\"@type\":\"ImageObject\",\"inLanguage\":\"pt-BR\",\"@id\":\"https:\/\/franciscanos.org.br\/noticias\/papa-francisco-em-deus-justica-e-misericordia.html#primaryimage\",\"url\":\"https:\/\/franciscanos.org.br\/noticias\/wp-content\/uploads\/2017\/02\/papa_240217.jpg\",\"contentUrl\":\"https:\/\/franciscanos.org.br\/noticias\/wp-content\/uploads\/2017\/02\/papa_240217.jpg\",\"width\":273,\"height\":181},{\"@type\":\"WebPage\",\"@id\":\"https:\/\/franciscanos.org.br\/noticias\/papa-francisco-em-deus-justica-e-misericordia.html#webpage\",\"url\":\"https:\/\/franciscanos.org.br\/noticias\/papa-francisco-em-deus-justica-e-misericordia.html\",\"name\":\"Papa Francisco: Em Deus, justi\u00e7a \u00e9 miseric\u00f3rdia - Not\u00edcias - Franciscanos\",\"isPartOf\":{\"@id\":\"https:\/\/franciscanos.org.br\/noticias\/#website\"},\"primaryImageOfPage\":{\"@id\":\"https:\/\/franciscanos.org.br\/noticias\/papa-francisco-em-deus-justica-e-misericordia.html#primaryimage\"},\"datePublished\":\"2017-02-24T11:16:16+00:00\",\"dateModified\":\"2020-06-09T13:25:55+00:00\",\"author\":{\"@id\":\"https:\/\/franciscanos.org.br\/noticias\/#\/schema\/person\/b38fbf43118f02820bd932f2e4b14ad3\"},\"breadcrumb\":{\"@id\":\"https:\/\/franciscanos.org.br\/noticias\/papa-francisco-em-deus-justica-e-misericordia.html#breadcrumb\"},\"inLanguage\":\"pt-BR\",\"potentialAction\":[{\"@type\":\"ReadAction\",\"target\":[\"https:\/\/franciscanos.org.br\/noticias\/papa-francisco-em-deus-justica-e-misericordia.html\"]}]},{\"@type\":\"BreadcrumbList\",\"@id\":\"https:\/\/franciscanos.org.br\/noticias\/papa-francisco-em-deus-justica-e-misericordia.html#breadcrumb\",\"itemListElement\":[{\"@type\":\"ListItem\",\"position\":1,\"name\":\"Home\",\"item\":\"https:\/\/franciscanos.org.br\/noticias\"},{\"@type\":\"ListItem\",\"position\":2,\"name\":\"Papa Francisco: Em Deus, justi\u00e7a \u00e9 miseric\u00f3rdia\"}]},{\"@type\":\"Person\",\"@id\":\"https:\/\/franciscanos.org.br\/noticias\/#\/schema\/person\/b38fbf43118f02820bd932f2e4b14ad3\",\"name\":\"admin\",\"image\":{\"@type\":\"ImageObject\",\"inLanguage\":\"pt-BR\",\"@id\":\"https:\/\/franciscanos.org.br\/noticias\/#\/schema\/person\/image\/\",\"url\":\"https:\/\/secure.gravatar.com\/avatar\/e8495742d34d0ba6448ea1c628263b3e?s=96&d=mm&r=g\",\"contentUrl\":\"https:\/\/secure.gravatar.com\/avatar\/e8495742d34d0ba6448ea1c628263b3e?s=96&d=mm&r=g\",\"caption\":\"admin\"},\"url\":\"https:\/\/franciscanos.org.br\/noticias\/author\/admin\"}]}<\/script>\n<!-- \/ Yoast SEO plugin. -->","yoast_head_json":{"title":"Papa Francisco: Em Deus, justi\u00e7a \u00e9 miseric\u00f3rdia - Not\u00edcias - Franciscanos","robots":{"index":"index","follow":"follow","max-snippet":"max-snippet:-1","max-image-preview":"max-image-preview:large","max-video-preview":"max-video-preview:-1"},"canonical":"https:\/\/franciscanos.org.br\/noticias\/papa-francisco-em-deus-justica-e-misericordia.html","og_locale":"pt_BR","og_type":"article","og_title":"Papa Francisco: Em Deus, justi\u00e7a \u00e9 miseric\u00f3rdia - Not\u00edcias - Franciscanos","og_description":"Missa em Santa Marta","og_url":"https:\/\/franciscanos.org.br\/noticias\/papa-francisco-em-deus-justica-e-misericordia.html","og_site_name":"Not\u00edcias - Franciscanos","article_published_time":"2017-02-24T11:16:16+00:00","article_modified_time":"2020-06-09T13:25:55+00:00","og_image":[{"width":273,"height":181,"url":"https:\/\/franciscanos.org.br\/noticias\/wp-content\/uploads\/2017\/02\/papa_240217.jpg","type":"image\/jpeg"}],"author":"admin","twitter_card":"summary_large_image","twitter_misc":{"Escrito por":"admin","Est. tempo de leitura":"4 minutos"},"schema":{"@context":"https:\/\/schema.org","@graph":[{"@type":"WebSite","@id":"https:\/\/franciscanos.org.br\/noticias\/#website","url":"https:\/\/franciscanos.org.br\/noticias\/","name":"Not\u00edcias - Franciscanos","description":"Prov\u00edncia Franciscana da Imaculada Concei\u00e7\u00e3o do Brasil - Ordem dos Frades Menores - OFM","potentialAction":[{"@type":"SearchAction","target":{"@type":"EntryPoint","urlTemplate":"https:\/\/franciscanos.org.br\/noticias\/?s={search_term_string}"},"query-input":"required name=search_term_string"}],"inLanguage":"pt-BR"},{"@type":"ImageObject","inLanguage":"pt-BR","@id":"https:\/\/franciscanos.org.br\/noticias\/papa-francisco-em-deus-justica-e-misericordia.html#primaryimage","url":"https:\/\/franciscanos.org.br\/noticias\/wp-content\/uploads\/2017\/02\/papa_240217.jpg","contentUrl":"https:\/\/franciscanos.org.br\/noticias\/wp-content\/uploads\/2017\/02\/papa_240217.jpg","width":273,"height":181},{"@type":"WebPage","@id":"https:\/\/franciscanos.org.br\/noticias\/papa-francisco-em-deus-justica-e-misericordia.html#webpage","url":"https:\/\/franciscanos.org.br\/noticias\/papa-francisco-em-deus-justica-e-misericordia.html","name":"Papa Francisco: Em Deus, justi\u00e7a \u00e9 miseric\u00f3rdia - Not\u00edcias - Franciscanos","isPartOf":{"@id":"https:\/\/franciscanos.org.br\/noticias\/#website"},"primaryImageOfPage":{"@id":"https:\/\/franciscanos.org.br\/noticias\/papa-francisco-em-deus-justica-e-misericordia.html#primaryimage"},"datePublished":"2017-02-24T11:16:16+00:00","dateModified":"2020-06-09T13:25:55+00:00","author":{"@id":"https:\/\/franciscanos.org.br\/noticias\/#\/schema\/person\/b38fbf43118f02820bd932f2e4b14ad3"},"breadcrumb":{"@id":"https:\/\/franciscanos.org.br\/noticias\/papa-francisco-em-deus-justica-e-misericordia.html#breadcrumb"},"inLanguage":"pt-BR","potentialAction":[{"@type":"ReadAction","target":["https:\/\/franciscanos.org.br\/noticias\/papa-francisco-em-deus-justica-e-misericordia.html"]}]},{"@type":"BreadcrumbList","@id":"https:\/\/franciscanos.org.br\/noticias\/papa-francisco-em-deus-justica-e-misericordia.html#breadcrumb","itemListElement":[{"@type":"ListItem","position":1,"name":"Home","item":"https:\/\/franciscanos.org.br\/noticias"},{"@type":"ListItem","position":2,"name":"Papa Francisco: Em Deus, justi\u00e7a \u00e9 miseric\u00f3rdia"}]},{"@type":"Person","@id":"https:\/\/franciscanos.org.br\/noticias\/#\/schema\/person\/b38fbf43118f02820bd932f2e4b14ad3","name":"admin","image":{"@type":"ImageObject","inLanguage":"pt-BR","@id":"https:\/\/franciscanos.org.br\/noticias\/#\/schema\/person\/image\/","url":"https:\/\/secure.gravatar.com\/avatar\/e8495742d34d0ba6448ea1c628263b3e?s=96&d=mm&r=g","contentUrl":"https:\/\/secure.gravatar.com\/avatar\/e8495742d34d0ba6448ea1c628263b3e?s=96&d=mm&r=g","caption":"admin"},"url":"https:\/\/franciscanos.org.br\/noticias\/author\/admin"}]}},"_links":{"self":[{"href":"https:\/\/franciscanos.org.br\/noticias\/wp-json\/wp\/v2\/posts\/126909"}],"collection":[{"href":"https:\/\/franciscanos.org.br\/noticias\/wp-json\/wp\/v2\/posts"}],"about":[{"href":"https:\/\/franciscanos.org.br\/noticias\/wp-json\/wp\/v2\/types\/post"}],"author":[{"embeddable":true,"href":"https:\/\/franciscanos.org.br\/noticias\/wp-json\/wp\/v2\/users\/1"}],"replies":[{"embeddable":true,"href":"https:\/\/franciscanos.org.br\/noticias\/wp-json\/wp\/v2\/comments?post=126909"}],"version-history":[{"count":1,"href":"https:\/\/franciscanos.org.br\/noticias\/wp-json\/wp\/v2\/posts\/126909\/revisions"}],"predecessor-version":[{"id":225439,"href":"https:\/\/franciscanos.org.br\/noticias\/wp-json\/wp\/v2\/posts\/126909\/revisions\/225439"}],"wp:featuredmedia":[{"embeddable":true,"href":"https:\/\/franciscanos.org.br\/noticias\/wp-json\/wp\/v2\/media\/195966"}],"wp:attachment":[{"href":"https:\/\/franciscanos.org.br\/noticias\/wp-json\/wp\/v2\/media?parent=126909"}],"wp:term":[{"taxonomy":"category","embeddable":true,"href":"https:\/\/franciscanos.org.br\/noticias\/wp-json\/wp\/v2\/categories?post=126909"},{"taxonomy":"post_tag","embeddable":true,"href":"https:\/\/franciscanos.org.br\/noticias\/wp-json\/wp\/v2\/tags?post=126909"}],"curies":[{"name":"wp","href":"https:\/\/api.w.org\/{rel}","templated":true}]}}