{"id":126869,"date":"2017-02-23T10:15:58","date_gmt":"2017-02-23T13:15:58","guid":{"rendered":"http:\/\/franciscanos.org.br\/?p=126869"},"modified":"2020-06-09T10:26:31","modified_gmt":"2020-06-09T13:26:31","slug":"abandonar-vida-dupla-o-escandalo-destroi","status":"publish","type":"post","link":"https:\/\/franciscanos.org.br\/noticias\/abandonar-vida-dupla-o-escandalo-destroi.html","title":{"rendered":"Abandonar vida dupla, o esc\u00e2ndalo destr\u00f3i"},"content":{"rendered":"<p><img loading=\"lazy\" class=\"alignleft\" src=\"http:\/\/franciscanos.org.br\/wp-content\/uploads\/2017\/02\/martaG_230217.jpg\" alt=\"martaG_230217\" width=\"830\" height=\"401\" \/><strong>Cidade do Vaticano<\/strong> &#8211; \u201cN\u00e3o escandalizar os pequeninos com a vida dupla, porque o esc\u00e2ndalo destr\u00f3i\u201d, disse o Papa Francisco na homilia da missa matutina celebrada, nesta quinta-feira (23\/02), na Casa Santa Marta.<\/p>\n<p>\u201cCortar a m\u00e3o\u201d, \u201carrancar o olho\u201d, mas \u201cn\u00e3o escandalizar os pequeninos\u201d, ou seja, os justos, \u201cos que confiam no Senhor, que simplesmente creem no Senhor\u201d.<\/p>\n<p>\u201cMas o que \u00e9 o esc\u00e2ndalo? O esc\u00e2ndalo \u00e9 dizer uma coisa e fazer outra; \u00e9 ter vida dupla. Vida dupla em tudo: sou muito cat\u00f3lico, vou sempre \u00e0 missa, perten\u00e7o a esta e aquela associa\u00e7\u00e3o; mas a minha vida n\u00e3o \u00e9 crist\u00e3. N\u00e3o pago o que \u00e9 justo aos meus funcion\u00e1rios, exploro as pessoas, fa\u00e7o jogo sujo nos neg\u00f3cios, reciclo dinheiro, vida dupla. Muitos cat\u00f3licos s\u00e3o assim. Eles escandalizam. Quantas vezes ouvimos dizer, nos bairros e outras partes: \u2018Ser cat\u00f3lico como aquele, melhor ser ateu\u2019. O esc\u00e2ndalo \u00e9 isso. Destr\u00f3i. Joga voc\u00ea no ch\u00e3o. Isso acontece todos os dias, basta ver os telejornais e ler os jornais. Os jornais noticiam v\u00e1rios esc\u00e2ndalos e fazem publicidade de esc\u00e2ndalos. Com os esc\u00e2ndalos se destr\u00f3i.\u201d<\/p>\n<p>O Papa citou o exemplo de uma empresa importante que estava \u00e0 beira da fal\u00eancia. As autoridades queriam evitar uma greve justa, mas que n\u00e3o faria bem e queriam conversar com os chefes da empresa. As pessoas n\u00e3o tinham dinheiro para arcar com as despesas cotidianas, pois n\u00e3o recebiam o sal\u00e1rio. O respons\u00e1vel, um cat\u00f3lico, estava de f\u00e9rias numa praia no Oriente M\u00e9dio e as pessoas souberam disso mesmo que a not\u00edcia n\u00e3o tenha sa\u00eddo nos jornais. \u201cEstes s\u00e3o esc\u00e2ndalos\u201d, disse Francisco:<\/p>\n<p>\u201cNo Evangelho, Jesus fala daqueles que escandalizam, sem dizer a palavra esc\u00e2ndalo, mas se entende: \u2018Voc\u00ea chegar\u00e1 ao C\u00e9u, bater\u00e1 \u00e0 porta e: Sou eu, Senhor! N\u00e3o se lembra? Eu ia \u00e0 Igreja, estava sempre com voc\u00ea, pertencia \u00e0 associa\u00e7\u00e3o tal, fazia muitas coisas. N\u00e3o se lembra de todas as ofertas que eu fiz? Sim, lembro-me! As ofertas! Lembro-me bem: todas sujas, roubadas aos pobres. N\u00e3o o conhe\u00e7o. Esta ser\u00e1 a resposta de Jesus aos escandalosos que fazem vida dupla.\u201d<\/p>\n<p>\u201cA vida dupla prov\u00e9m do seguir as paix\u00f5es do cora\u00e7\u00e3o, os pecados mortais que s\u00e3o as feridas do pecado original\u201d, disse o Papa. A Primeira Leitura exorta a n\u00e3o se deixar levar pelas paix\u00f5es do cora\u00e7\u00e3o e a n\u00e3o confiar nas riquezas. N\u00e3o dizes: \u201cContento-me de mim mesmo\u201d. Francisco convidou a n\u00e3o adir a convers\u00e3o:<\/p>\n<p>\u201cA todos n\u00f3s, a cada um de n\u00f3s, far\u00e1 bem, hoje, pensar se h\u00e1 algo de vida dupla em n\u00f3s, de parecer justos. Parecer bons fi\u00e9is, bons cat\u00f3licos, mas por baixo fazer outra coisa; se h\u00e1 algo de vida dupla, se h\u00e1 uma confian\u00e7a excessiva: O Senhor me perdoar\u00e1 tudo. Ent\u00e3o, continuo. Ok! Isso n\u00e3o \u00e9 bom. Irei me converter, mas hoje n\u00e3o! Amanh\u00e3. Pensemos nisso. Aproveitemos da Palavra do Senhor e pensemos que o Senhor nisso \u00e9 muito duro. O esc\u00e2ndalo destr\u00f3i.\u201d<\/p>\n<hr \/>\n<p><em>Fonte: R\u00e1dio Vaticano<\/em><\/p>\n","protected":false},"excerpt":{"rendered":"<p>Missa em Santa Marta<\/p>\n","protected":false},"author":1,"featured_media":195970,"comment_status":"open","ping_status":"open","sticky":false,"template":"","format":"standard","meta":[],"categories":[1428],"tags":[1586],"acf":[],"yoast_head":"<!-- This site is optimized with the Yoast SEO plugin v19.2 - https:\/\/yoast.com\/wordpress\/plugins\/seo\/ -->\n<title>Abandonar vida dupla, o esc\u00e2ndalo destr\u00f3i - Not\u00edcias - Franciscanos<\/title>\n<meta name=\"robots\" content=\"index, follow, max-snippet:-1, max-image-preview:large, max-video-preview:-1\" \/>\n<link rel=\"canonical\" href=\"https:\/\/franciscanos.org.br\/noticias\/abandonar-vida-dupla-o-escandalo-destroi.html\" \/>\n<meta property=\"og:locale\" content=\"pt_BR\" \/>\n<meta property=\"og:type\" content=\"article\" \/>\n<meta property=\"og:title\" content=\"Abandonar vida dupla, o esc\u00e2ndalo destr\u00f3i - Not\u00edcias - Franciscanos\" \/>\n<meta property=\"og:description\" content=\"Missa em Santa Marta\" \/>\n<meta property=\"og:url\" content=\"https:\/\/franciscanos.org.br\/noticias\/abandonar-vida-dupla-o-escandalo-destroi.html\" \/>\n<meta property=\"og:site_name\" content=\"Not\u00edcias - Franciscanos\" \/>\n<meta property=\"article:published_time\" content=\"2017-02-23T13:15:58+00:00\" \/>\n<meta property=\"article:modified_time\" content=\"2020-06-09T13:26:31+00:00\" \/>\n<meta property=\"og:image\" content=\"https:\/\/franciscanos.org.br\/noticias\/wp-content\/uploads\/2017\/02\/martaG_230217.jpg\" \/>\n\t<meta property=\"og:image:width\" content=\"273\" \/>\n\t<meta property=\"og:image:height\" content=\"181\" \/>\n\t<meta property=\"og:image:type\" content=\"image\/jpeg\" \/>\n<meta name=\"author\" content=\"admin\" \/>\n<meta name=\"twitter:card\" content=\"summary_large_image\" \/>\n<meta name=\"twitter:label1\" content=\"Escrito por\" \/>\n\t<meta name=\"twitter:data1\" content=\"admin\" \/>\n\t<meta name=\"twitter:label2\" content=\"Est. tempo de leitura\" \/>\n\t<meta name=\"twitter:data2\" content=\"3 minutos\" \/>\n<script type=\"application\/ld+json\" class=\"yoast-schema-graph\">{\"@context\":\"https:\/\/schema.org\",\"@graph\":[{\"@type\":\"WebSite\",\"@id\":\"https:\/\/franciscanos.org.br\/noticias\/#website\",\"url\":\"https:\/\/franciscanos.org.br\/noticias\/\",\"name\":\"Not\u00edcias - Franciscanos\",\"description\":\"Prov\u00edncia Franciscana da Imaculada Concei\u00e7\u00e3o do Brasil - Ordem dos Frades Menores - OFM\",\"potentialAction\":[{\"@type\":\"SearchAction\",\"target\":{\"@type\":\"EntryPoint\",\"urlTemplate\":\"https:\/\/franciscanos.org.br\/noticias\/?s={search_term_string}\"},\"query-input\":\"required name=search_term_string\"}],\"inLanguage\":\"pt-BR\"},{\"@type\":\"ImageObject\",\"inLanguage\":\"pt-BR\",\"@id\":\"https:\/\/franciscanos.org.br\/noticias\/abandonar-vida-dupla-o-escandalo-destroi.html#primaryimage\",\"url\":\"https:\/\/franciscanos.org.br\/noticias\/wp-content\/uploads\/2017\/02\/martaG_230217.jpg\",\"contentUrl\":\"https:\/\/franciscanos.org.br\/noticias\/wp-content\/uploads\/2017\/02\/martaG_230217.jpg\",\"width\":273,\"height\":181},{\"@type\":\"WebPage\",\"@id\":\"https:\/\/franciscanos.org.br\/noticias\/abandonar-vida-dupla-o-escandalo-destroi.html#webpage\",\"url\":\"https:\/\/franciscanos.org.br\/noticias\/abandonar-vida-dupla-o-escandalo-destroi.html\",\"name\":\"Abandonar vida dupla, o esc\u00e2ndalo destr\u00f3i - Not\u00edcias - Franciscanos\",\"isPartOf\":{\"@id\":\"https:\/\/franciscanos.org.br\/noticias\/#website\"},\"primaryImageOfPage\":{\"@id\":\"https:\/\/franciscanos.org.br\/noticias\/abandonar-vida-dupla-o-escandalo-destroi.html#primaryimage\"},\"datePublished\":\"2017-02-23T13:15:58+00:00\",\"dateModified\":\"2020-06-09T13:26:31+00:00\",\"author\":{\"@id\":\"https:\/\/franciscanos.org.br\/noticias\/#\/schema\/person\/b38fbf43118f02820bd932f2e4b14ad3\"},\"breadcrumb\":{\"@id\":\"https:\/\/franciscanos.org.br\/noticias\/abandonar-vida-dupla-o-escandalo-destroi.html#breadcrumb\"},\"inLanguage\":\"pt-BR\",\"potentialAction\":[{\"@type\":\"ReadAction\",\"target\":[\"https:\/\/franciscanos.org.br\/noticias\/abandonar-vida-dupla-o-escandalo-destroi.html\"]}]},{\"@type\":\"BreadcrumbList\",\"@id\":\"https:\/\/franciscanos.org.br\/noticias\/abandonar-vida-dupla-o-escandalo-destroi.html#breadcrumb\",\"itemListElement\":[{\"@type\":\"ListItem\",\"position\":1,\"name\":\"Home\",\"item\":\"https:\/\/franciscanos.org.br\/noticias\"},{\"@type\":\"ListItem\",\"position\":2,\"name\":\"Abandonar vida dupla, o esc\u00e2ndalo destr\u00f3i\"}]},{\"@type\":\"Person\",\"@id\":\"https:\/\/franciscanos.org.br\/noticias\/#\/schema\/person\/b38fbf43118f02820bd932f2e4b14ad3\",\"name\":\"admin\",\"image\":{\"@type\":\"ImageObject\",\"inLanguage\":\"pt-BR\",\"@id\":\"https:\/\/franciscanos.org.br\/noticias\/#\/schema\/person\/image\/\",\"url\":\"https:\/\/secure.gravatar.com\/avatar\/e8495742d34d0ba6448ea1c628263b3e?s=96&d=mm&r=g\",\"contentUrl\":\"https:\/\/secure.gravatar.com\/avatar\/e8495742d34d0ba6448ea1c628263b3e?s=96&d=mm&r=g\",\"caption\":\"admin\"},\"url\":\"https:\/\/franciscanos.org.br\/noticias\/author\/admin\"}]}<\/script>\n<!-- \/ Yoast SEO plugin. -->","yoast_head_json":{"title":"Abandonar vida dupla, o esc\u00e2ndalo destr\u00f3i - Not\u00edcias - Franciscanos","robots":{"index":"index","follow":"follow","max-snippet":"max-snippet:-1","max-image-preview":"max-image-preview:large","max-video-preview":"max-video-preview:-1"},"canonical":"https:\/\/franciscanos.org.br\/noticias\/abandonar-vida-dupla-o-escandalo-destroi.html","og_locale":"pt_BR","og_type":"article","og_title":"Abandonar vida dupla, o esc\u00e2ndalo destr\u00f3i - Not\u00edcias - Franciscanos","og_description":"Missa em Santa Marta","og_url":"https:\/\/franciscanos.org.br\/noticias\/abandonar-vida-dupla-o-escandalo-destroi.html","og_site_name":"Not\u00edcias - Franciscanos","article_published_time":"2017-02-23T13:15:58+00:00","article_modified_time":"2020-06-09T13:26:31+00:00","og_image":[{"width":273,"height":181,"url":"https:\/\/franciscanos.org.br\/noticias\/wp-content\/uploads\/2017\/02\/martaG_230217.jpg","type":"image\/jpeg"}],"author":"admin","twitter_card":"summary_large_image","twitter_misc":{"Escrito por":"admin","Est. tempo de leitura":"3 minutos"},"schema":{"@context":"https:\/\/schema.org","@graph":[{"@type":"WebSite","@id":"https:\/\/franciscanos.org.br\/noticias\/#website","url":"https:\/\/franciscanos.org.br\/noticias\/","name":"Not\u00edcias - Franciscanos","description":"Prov\u00edncia Franciscana da Imaculada Concei\u00e7\u00e3o do Brasil - Ordem dos Frades Menores - OFM","potentialAction":[{"@type":"SearchAction","target":{"@type":"EntryPoint","urlTemplate":"https:\/\/franciscanos.org.br\/noticias\/?s={search_term_string}"},"query-input":"required name=search_term_string"}],"inLanguage":"pt-BR"},{"@type":"ImageObject","inLanguage":"pt-BR","@id":"https:\/\/franciscanos.org.br\/noticias\/abandonar-vida-dupla-o-escandalo-destroi.html#primaryimage","url":"https:\/\/franciscanos.org.br\/noticias\/wp-content\/uploads\/2017\/02\/martaG_230217.jpg","contentUrl":"https:\/\/franciscanos.org.br\/noticias\/wp-content\/uploads\/2017\/02\/martaG_230217.jpg","width":273,"height":181},{"@type":"WebPage","@id":"https:\/\/franciscanos.org.br\/noticias\/abandonar-vida-dupla-o-escandalo-destroi.html#webpage","url":"https:\/\/franciscanos.org.br\/noticias\/abandonar-vida-dupla-o-escandalo-destroi.html","name":"Abandonar vida dupla, o esc\u00e2ndalo destr\u00f3i - Not\u00edcias - Franciscanos","isPartOf":{"@id":"https:\/\/franciscanos.org.br\/noticias\/#website"},"primaryImageOfPage":{"@id":"https:\/\/franciscanos.org.br\/noticias\/abandonar-vida-dupla-o-escandalo-destroi.html#primaryimage"},"datePublished":"2017-02-23T13:15:58+00:00","dateModified":"2020-06-09T13:26:31+00:00","author":{"@id":"https:\/\/franciscanos.org.br\/noticias\/#\/schema\/person\/b38fbf43118f02820bd932f2e4b14ad3"},"breadcrumb":{"@id":"https:\/\/franciscanos.org.br\/noticias\/abandonar-vida-dupla-o-escandalo-destroi.html#breadcrumb"},"inLanguage":"pt-BR","potentialAction":[{"@type":"ReadAction","target":["https:\/\/franciscanos.org.br\/noticias\/abandonar-vida-dupla-o-escandalo-destroi.html"]}]},{"@type":"BreadcrumbList","@id":"https:\/\/franciscanos.org.br\/noticias\/abandonar-vida-dupla-o-escandalo-destroi.html#breadcrumb","itemListElement":[{"@type":"ListItem","position":1,"name":"Home","item":"https:\/\/franciscanos.org.br\/noticias"},{"@type":"ListItem","position":2,"name":"Abandonar vida dupla, o esc\u00e2ndalo destr\u00f3i"}]},{"@type":"Person","@id":"https:\/\/franciscanos.org.br\/noticias\/#\/schema\/person\/b38fbf43118f02820bd932f2e4b14ad3","name":"admin","image":{"@type":"ImageObject","inLanguage":"pt-BR","@id":"https:\/\/franciscanos.org.br\/noticias\/#\/schema\/person\/image\/","url":"https:\/\/secure.gravatar.com\/avatar\/e8495742d34d0ba6448ea1c628263b3e?s=96&d=mm&r=g","contentUrl":"https:\/\/secure.gravatar.com\/avatar\/e8495742d34d0ba6448ea1c628263b3e?s=96&d=mm&r=g","caption":"admin"},"url":"https:\/\/franciscanos.org.br\/noticias\/author\/admin"}]}},"_links":{"self":[{"href":"https:\/\/franciscanos.org.br\/noticias\/wp-json\/wp\/v2\/posts\/126869"}],"collection":[{"href":"https:\/\/franciscanos.org.br\/noticias\/wp-json\/wp\/v2\/posts"}],"about":[{"href":"https:\/\/franciscanos.org.br\/noticias\/wp-json\/wp\/v2\/types\/post"}],"author":[{"embeddable":true,"href":"https:\/\/franciscanos.org.br\/noticias\/wp-json\/wp\/v2\/users\/1"}],"replies":[{"embeddable":true,"href":"https:\/\/franciscanos.org.br\/noticias\/wp-json\/wp\/v2\/comments?post=126869"}],"version-history":[{"count":1,"href":"https:\/\/franciscanos.org.br\/noticias\/wp-json\/wp\/v2\/posts\/126869\/revisions"}],"predecessor-version":[{"id":225440,"href":"https:\/\/franciscanos.org.br\/noticias\/wp-json\/wp\/v2\/posts\/126869\/revisions\/225440"}],"wp:featuredmedia":[{"embeddable":true,"href":"https:\/\/franciscanos.org.br\/noticias\/wp-json\/wp\/v2\/media\/195970"}],"wp:attachment":[{"href":"https:\/\/franciscanos.org.br\/noticias\/wp-json\/wp\/v2\/media?parent=126869"}],"wp:term":[{"taxonomy":"category","embeddable":true,"href":"https:\/\/franciscanos.org.br\/noticias\/wp-json\/wp\/v2\/categories?post=126869"},{"taxonomy":"post_tag","embeddable":true,"href":"https:\/\/franciscanos.org.br\/noticias\/wp-json\/wp\/v2\/tags?post=126869"}],"curies":[{"name":"wp","href":"https:\/\/api.w.org\/{rel}","templated":true}]}}