{"id":126844,"date":"2017-02-23T08:44:17","date_gmt":"2017-02-23T11:44:17","guid":{"rendered":"http:\/\/franciscanos.org.br\/?p=126844"},"modified":"2019-01-23T10:27:30","modified_gmt":"2019-01-23T12:27:30","slug":"lancamentos-da-semana-26","status":"publish","type":"post","link":"https:\/\/franciscanos.org.br\/noticias\/lancamentos-da-semana-26.html","title":{"rendered":"Lan\u00e7amentos da semana"},"content":{"rendered":"<h3><strong><a href=\"http:\/\/franciscanos.org.br\/wp-content\/uploads\/2017\/02\/ler-escrever-e-analisar.jpg\"><img loading=\"lazy\" class=\"alignleft size-full wp-image-126851\" src=\"http:\/\/franciscanos.org.br\/wp-content\/uploads\/2017\/02\/ler-escrever-e-analisar.jpg\" alt=\"ler-escrever-e-analisar\" width=\"200\" height=\"299\" \/><\/a>Ler, escrever e analisar a l\u00edngua a partir de g\u00eaneros textuais<\/strong><\/h3>\n<p><strong>Vanilda Salton K\u00f6che<\/strong><em> e <\/em><strong>Adiane Fogali Marinello<\/strong><\/p>\n<p>Em nosso dia a dia, usamos diversos g\u00eaneros textuais para interagirmos socialmente, seja de forma oral ou escrita. Conforme os Par\u00e2metros Curriculares Nacionais da L\u00edngua Portuguesa (1999), o principal objetivo do ensino de l\u00edngua materna \u00e9 o aperfei\u00e7oamento da compet\u00eancia comunicativa dos alunos. O documento recomenda que a leitura e a produ\u00e7\u00e3o de textos na \u00f3tica dos g\u00eaneros textuais norteiem a pr\u00e1tica pedag\u00f3gica.<\/p>\n<p>Assim, exploram-se, neste livro, g\u00eaneros textuais variados: a piada, o poema, o miniconto, o conto de enigma, a carta argumentativa, o <em>e-mail<\/em> formal e a entrevista. Esta obra oferece aos docentes subs\u00eddios te\u00f3rico-pr\u00e1ticos vinculados aos g\u00eaneros textuais trabalhados e ao uso da l\u00edngua padr\u00e3o, e busca auxiliar na amplia\u00e7\u00e3o das possibilidades de letramento dos alunos, seja no Ensino M\u00e9dio ou no Ensino Superior.<\/p>\n<p style=\"padding-left: 30px;\"><strong>Vanilda Salton K\u00f6che<\/strong><em> tem gradua\u00e7\u00e3o em L\u00edngua e Literatura de L\u00edngua Portuguesa e Francesa pela Universidade de Caxias do Sul e especializa\u00e7\u00e3o em Ensino da L\u00edngua Portuguesa e Literatura Brasileira pela mesma institui\u00e7\u00e3o. Tem mestrado em Letras, na \u00e1rea de Estudos da Linguagem, pela Universidade Federal do Rio Grande do Sul. \u00c9 coautora dos livros Pr\u00e1tica Textual: atividades de leitura e escrita; Leitura e Produ\u00e7\u00e3o Textual: g\u00eaneros textuais do argumentar e expor; Estudo e produ\u00e7\u00e3o de textos: g\u00eaneros textuais do relatar, narrar e descrever; G\u00eaneros textuais: atividades de leitura, escrita e pr\u00e1tica de an\u00e1lise lingu\u00edstica, todos editados pela Vozes.<\/em><\/p>\n<p style=\"padding-left: 30px;\"><strong>Adiane Fogali Marinello <\/strong><em>\u00e9 licenciada em Letras e mestre em Letras e Cultura Regional pela Universidade de Caxias do Sul. Atua em escola da rede p\u00fablica do Estado do Rio Grande do Sul, e \u00e9 professora da Universidade de Caxias do Sul nas disciplinas vinculadas \u00e0 leitura, escrita e supervis\u00e3o de est\u00e1gios. \u00c9 coautora dos livros Leitura e Produ\u00e7\u00e3o Textual: g\u00eaneros textuais do argumentar e expor e Estudo e produ\u00e7\u00e3o de textos: g\u00eaneros textuais do relatar, narrar e descrever; G\u00eaneros textuais: atividades de leitura, escrita e pr\u00e1tica de an\u00e1lise lingu\u00edstica, todos editados pela Vozes.<\/em><\/p>\n<p><strong>N\u00ba DE P\u00c1GINAS<\/strong><strong>: 136<\/strong><\/p>\n<p>&nbsp;<\/p>\n<h3><strong><a href=\"http:\/\/franciscanos.org.br\/wp-content\/uploads\/2017\/02\/capoeira.jpg\"><img loading=\"lazy\" class=\"alignleft size-full wp-image-126852\" src=\"http:\/\/franciscanos.org.br\/wp-content\/uploads\/2017\/02\/capoeira.jpg\" alt=\"capoeira\" width=\"200\" height=\"316\" \/><\/a>Capoeira e psicomotricidade<br \/>\n<\/strong><strong>Brincando e aprendendo a jogar<\/strong><\/h3>\n<p><strong>Jorge Felipe Colum\u00e1<\/strong><em> e <\/em><strong>Simone Freitas Chaves<\/strong><\/p>\n<p>A partir da institucionaliza\u00e7\u00e3o da capoeira emergiram pesquisas e obras na busca de resultados, de <em>performances<\/em>, de gestos t\u00e9cnicos e de elementos esportivos; foram apresentadas novas teorias sobre sua genealogia, seu percurso hist\u00f3rico e o perfil de seus mais renomados mestres. Este livro, por\u00e9m, pretende contribuir para uma abordagem educacional, l\u00fadica e adequada \u00e0 sua aplicabilidade nas diferentes etapas do desenvolvimento infantil.<\/p>\n<p>A capoeira \u00e9 um importante instrumento educacional que vem contribuindo para a forma\u00e7\u00e3o de cidad\u00e3os pelo mundo afora. Citada nos Par\u00e2metros Curriculares para o Ensino de Educa\u00e7\u00e3o F\u00edsica no Brasil, junto a outras manifesta\u00e7\u00f5es da cultura corporal de movimentos, ela se faz presente em escolas como disciplina curricular e em aulas de contraturno. Tamb\u00e9m \u00e9 comum encontrarmos a capoeira em programas esportivos, projetos sociais e at\u00e9 mesmo no aux\u00edlio em terapias hol\u00edsticas.<\/p>\n<p>Esta obra nasceu da necessidade de caminharmos na dire\u00e7\u00e3o do ensino da capoeira, com seus pressupostos te\u00f3rico-pedag\u00f3gicos e sua dimens\u00e3o l\u00fadica \u2013 sobretudo na aplica\u00e7\u00e3o com crian\u00e7as -, como tamb\u00e9m pela sua import\u00e2ncia e representatividade em todo o mundo. As atividades propostas neste livro s\u00e3o \u00fateis a capoeiristas, professores de Educa\u00e7\u00e3o F\u00edsica e educadores em geral que se apoiam no l\u00fadico, no sens\u00edvel e no movimento humano para a difus\u00e3o desta arte brasileira.<\/p>\n<p style=\"padding-left: 30px;\"><strong>Jorge Felipe Colum\u00e1<\/strong><em>\u00a0\u00e9 Mestre de Capoeira com P\u00f3s-doutorado em Artes pela e Doutor em Educa\u00e7\u00e3o f\u00edsica e cultura. \u00c9 especialista em treinamento desportivo UGF, coordenador do centro interamericano de artes marciais \u2013 FAETEC, coordenador pedag\u00f3gico Team Nogueira \/ Instituto irm\u00e3os Nogueira, docente das disciplinas: praticas pedag\u00f3gicas e lutas \u2013 UNISUAM e professor de capoeira.<\/em><\/p>\n<p style=\"padding-left: 30px;\"><strong>Simone Freitas Chaves<\/strong> <em>\u00e9 Doutora em Educa\u00e7\u00e3o F\u00edsica e cultura UGF,especialista em pedagogia da coopera\u00e7\u00e3o e em psicomotricidade. \u00c9 Docente na Escola de Educa\u00e7\u00e3o F\u00edsica (EEFD) na UFRJ.<\/em><\/p>\n<p><strong>N\u00ba DE P\u00c1GINAS<\/strong><strong>: 104<\/strong><\/p>\n<p>&nbsp;<\/p>\n<h3><strong><a href=\"http:\/\/franciscanos.org.br\/wp-content\/uploads\/2017\/02\/escrever-ler.jpg\"><img loading=\"lazy\" class=\"alignleft size-full wp-image-126853\" src=\"http:\/\/franciscanos.org.br\/wp-content\/uploads\/2017\/02\/escrever-ler.jpg\" alt=\"escrever-ler\" width=\"200\" height=\"316\" \/><\/a>Escrever ler e aprender na universidade<br \/>\n<\/strong><strong>Uma introdu\u00e7\u00e3o \u00e0 alfabetiza\u00e7\u00e3o acad\u00eamica<\/strong><\/h3>\n<p><strong>Paula Carlino<\/strong><\/p>\n<p>Este livro n\u00e3o prop\u00f5e incluir o ensino da leitura e da escrita nas mat\u00e9rias apenas porque os estudantes chegam malformados e nem pelo interesse em contribuir para desenvolver as habilidades discursivas dos universit\u00e1rios como um fim em si mesmo. Pelo contr\u00e1rio, pretende integrar a produ\u00e7\u00e3o e a an\u00e1lise de textos no ensino de todas as disciplinas porque ler e escrever fazem parte da pr\u00e1tica profissional acad\u00eamica dos graduandos que esperamos formar e porque elaborar e compreender escritos s\u00e3o os meios inconfund\u00edveis para aprender os conte\u00fados conceituais das disciplinas que esses alunos tamb\u00e9m devem conhecer.<\/p>\n<p>Sendo assim, este livro foi pensado para os professores de qualquer disciplina da educa\u00e7\u00e3o superior, para os membros da gest\u00e3o das universidades, os que possuem poder de decis\u00e3o sobre os planos de estudo e s\u00e3o respons\u00e1veis por organizar a carreira docente e planejar a\u00e7\u00f5es de desenvolvimento profissional para os professores.<\/p>\n<p style=\"padding-left: 30px;\"><strong>Paula Carlino<\/strong> <em>\u00e9 Phd em Psicologia pela Universidade Aut\u00f4noma de Madri, pesquisadora do Conselho Nacional de Investiga\u00e7\u00e3o Cient\u00edfica e T\u00e9cnica \u2013 CONICET, Argentina. \u00c9 autora de diversas obras sobre a forma\u00e7\u00e3o de leitores e escritores.<\/em><\/p>\n<p><strong>N\u00ba DE P\u00c1GINAS<\/strong><strong>: 240<\/strong><\/p>\n<p>&nbsp;<\/p>\n<h3><strong><a href=\"http:\/\/franciscanos.org.br\/wp-content\/uploads\/2017\/02\/vontade.jpg\"><img loading=\"lazy\" class=\"alignleft size-full wp-image-126855\" src=\"http:\/\/franciscanos.org.br\/wp-content\/uploads\/2017\/02\/vontade.jpg\" alt=\"vontade\" width=\"200\" height=\"328\" \/><\/a>Vontade de Pot\u00eancia<\/strong><\/h3>\n<p><strong>Friedrich Nietzsche<\/strong><\/p>\n<p><em>Vontade de Pot\u00eancia<\/em> \u00e9 uma obra tumultu\u00e1ria e multiforme. As meias-tintas, os matizes, o esfuma\u00e7ado, o sutil escapam ao formalismo r\u00edgido da l\u00f3gica aristot\u00e9lica e permitem, por isso, ao cr\u00edtico da obra nietzscheana, descobrir a maior parte de suas contradi\u00e7\u00f5es. Repetiremos muitas vezes que para se entender Nietzsche for\u00e7oso \u00e9, primeiramente, \u201csentir-se\u201d Nietzsche. Devemos analisar sua obra n\u00e3o no formalismo de uma l\u00f3gica que ele combateu, mas no impreciso, no t\u00eanue da l\u00f3gica que ele desvenda; v\u00e1ria, matizada como a vida.<\/p>\n<p style=\"padding-left: 30px;\"><strong>Friedrich Wilhelm Nietzsche<\/strong><em> nasceu em 1844. Aluno brilhante, dotado de s\u00f3lida forma\u00e7\u00e3o cl\u00e1ssica, sofreu forte influ\u00eancia da filosofia de Schopenhauer. Foi nomeado, aos 25 anos, professor de Filologia na Universidade de Basileia, onde aprofundou-se no pensamento grego antigo. Durante toda sua vida tentou explicar o insucesso de sua literatura, chegando \u00e0 conclus\u00e3o de que nascera p\u00f3stumo, para os leitores do porvir. Sens\u00edvel \u00e0s profundas mudan\u00e7as que ocorriam no s\u00e9culo XIX, Nietzsche foi um dos primeiros pensadores a apontar a exist\u00eancia de um lado sombrio da Modernidade, disfar\u00e7ado geralmente sob uma aura de progresso cient\u00edfico e avan\u00e7o tecnol\u00f3gico.<\/em><\/p>\n<p><strong>N\u00ba DE P\u00c1GINAS<\/strong><strong>: 592<\/strong><\/p>\n<p>&nbsp;<\/p>\n<h3><strong><a href=\"http:\/\/franciscanos.org.br\/wp-content\/uploads\/2017\/02\/a-genealogia.jpg\"><img loading=\"lazy\" class=\"alignleft size-full wp-image-126856\" src=\"http:\/\/franciscanos.org.br\/wp-content\/uploads\/2017\/02\/a-genealogia.jpg\" alt=\"a-genealogia\" width=\"200\" height=\"328\" \/><\/a>A genealogia da moral<\/strong><\/h3>\n<p><strong>Friedrich Nietzsche<\/strong><\/p>\n<p>Dos temas com que Nietzsche formou a espinha dorsal de sua filosofia, o da moral \u00e9 um dos mais presentes, porque ele tamb\u00e9m foi o grande moralista, o analista da moral e o rebelado ante a sua improced\u00eancia.<\/p>\n<p>Rebelou-se contra a moral crist\u00e3, para ele uma moral de cal\u00fania. Essa moral que fugia do homem verdadeiro para transform\u00e1-lo apenas num <em>vencido<\/em>, num <em>odiador da vida<\/em>, num <em>conformado<\/em>.<\/p>\n<p>Na moral burguesa que se instalava, Nietzsche viu a decad\u00eancia da moral do cristianismo. Os \u00faltimos valores nobres se perdiam ante o burgu\u00eas \u201cpr\u00e1tico\u201d, concupiscente, voraz, mesquinho.<\/p>\n<p style=\"padding-left: 30px;\"><strong>Friedrich Wilhelm Nietzsche<\/strong> <em>nasceu em 1844. Aluno brilhante, dotado de s\u00f3lida forma\u00e7\u00e3o cl\u00e1ssica, sofreu forte influ\u00eancia da filosofia de Schopenhauer. Foi nomeado, aos 25 anos, professor de Filologia na Universidade de Basileia, onde aprofundou-se no pensamento grego antigo. Durante toda sua vida tentou explicar o insucesso de sua literatura, chegando \u00e0 conclus\u00e3o de que nascera p\u00f3stumo, para os leitores do porvir. Sens\u00edvel \u00e0s profundas mudan\u00e7as que ocorriam no s\u00e9culo XIX, Nietzsche foi um dos primeiros pensadores a apontar a exist\u00eancia de um lado sombrio da Modernidade, disfar\u00e7ado geralmente sob uma aura de progresso cient\u00edfico e avan\u00e7o tecnol\u00f3gico.<\/em><\/p>\n<p><strong>N\u00ba DE P\u00c1GINAS<\/strong><strong>: 176<\/strong><\/p>\n<p>&nbsp;<\/p>\n<h3><strong><a href=\"http:\/\/franciscanos.org.br\/wp-content\/uploads\/2017\/02\/discurso.jpg\"><img loading=\"lazy\" class=\"alignleft size-full wp-image-126858\" src=\"http:\/\/franciscanos.org.br\/wp-content\/uploads\/2017\/02\/discurso.jpg\" alt=\"discurso\" width=\"200\" height=\"330\" \/><\/a>Discurso sobre a economia pol\u00edtica<\/strong><\/h3>\n<p><em>Jean-Jacques Rousseau<\/em><\/p>\n<p>\u201cUm governo atento e bem intencionado, que sempre procura manter ou reacender no povo o amor \u00e0 p\u00e1tria e os bons costumes, previne a tempo os males que mais cedo ou mais tarde resultar\u00e3o da indiferen\u00e7a dos cidad\u00e3os pelo destino da rep\u00fablica [&#8230;]. Em toda parte onde o povo ama seu pa\u00eds, respeita as leis e vive de forma simples, h\u00e1 pouca coisa a fazer para torn\u00e1-lo feliz.\u201d (Trecho da obra)<\/p>\n<p>Rousseau analisa aqui a fun\u00e7\u00e3o do Estado na sociedade a partir da met\u00e1fora do corpo formado pela cabe\u00e7a e pelos membros. Mostra como toda sociedade pol\u00edtica \u00e9 composta de interesses e regras pr\u00f3prias, mas sempre subordinadas \u00e0 vontade da maioria.<\/p>\n<p style=\"padding-left: 30px;\"><strong>Jean-Jacques Rousseau<\/strong><em> (1712 \u2013 1778) nasceu e cresceu em Genebra (Su\u00ed\u00e7a), e mudou-se para Paris, onde teve contato com os enciclopedistas, tornou-se amigo de Diderot e Grimm. Come\u00e7ou a tornar-se conhecido como escritor em 1750, quando recebeu da Acad\u00e9mie de Dijon, o pr\u00eamio pelo seu Discurso sobre as ci\u00eancias e as artes. Entre suas obras mais conhecidas, est\u00e3o tamb\u00e9m Em\u00edlio e Do contrato Social.<\/em><\/p>\n<p><strong>N\u00ba DE P\u00c1GINAS: 72<\/strong><\/p>\n<p>&nbsp;<\/p>\n<h3><strong><a href=\"http:\/\/franciscanos.org.br\/wp-content\/uploads\/2017\/02\/do-contrato.jpg\"><img loading=\"lazy\" class=\"alignleft size-full wp-image-126859\" src=\"http:\/\/franciscanos.org.br\/wp-content\/uploads\/2017\/02\/do-contrato.jpg\" alt=\"do-contrato\" width=\"200\" height=\"330\" \/><\/a>Do contrato social<\/strong><\/h3>\n<p><strong>Jean-Jacques Rousseau<\/strong><\/p>\n<p>A soberania n\u00e3o pode ser representada, pela mesma raz\u00e3o por que n\u00e3o pode ser alienada, consistindo essencialmente na vontade geral, e a vontade n\u00e3o se faz absolutamente representar: ela \u00e9 a mesma ou \u00e9 outra, n\u00e3o havendo meio-termo. Logo, os deputados do povo n\u00e3o s\u00e3o nem podem ser seus representantes, s\u00e3o apenas seus comiss\u00e1rios, n\u00e3o podem concluir nada definitivamente. Toda a lei que n\u00e3o foi ratificada pelo povo \u201cem pessoa\u201d \u00e9 nula; n\u00e3o \u00e9 de forma alguma uma lei.<\/p>\n<p style=\"padding-left: 30px;\"><strong>Jean-Jacques Rousseau<\/strong><em> (1712 \u2013 1778) nasceu e cresceu em Genebra (Su\u00ed\u00e7a), e mudou-se para Paris, onde teve contato com os enciclopedistas, tornou-se amigo de Diderot e Grimm. Come\u00e7ou a tornar-se conhecido como escritor em 1750, quando recebeu da Acad\u00e9mie de Dijon, o pr\u00eamio pelo seu Discurso sobre as ci\u00eancias e as artes. Entre suas obras mais conhecidas, est\u00e3o tamb\u00e9m Em\u00edlio e o Discurso sobre a economia pol\u00edtica.<\/em><\/p>\n<p><strong>N\u00ba DE P\u00c1GINAS: 216.<\/strong><strong>\u00a0<\/strong><\/p>\n","protected":false},"excerpt":{"rendered":"<p>Editora Vozes<\/p>\n","protected":false},"author":1,"featured_media":194592,"comment_status":"open","ping_status":"open","sticky":false,"template":"","format":"standard","meta":[],"categories":[1],"tags":[238],"acf":[],"yoast_head":"<!-- This site is optimized with the Yoast SEO plugin v19.2 - https:\/\/yoast.com\/wordpress\/plugins\/seo\/ -->\n<title>Lan\u00e7amentos da semana - Not\u00edcias - Franciscanos<\/title>\n<meta name=\"robots\" content=\"index, follow, max-snippet:-1, max-image-preview:large, max-video-preview:-1\" \/>\n<link rel=\"canonical\" href=\"https:\/\/franciscanos.org.br\/noticias\/lancamentos-da-semana-26.html\" \/>\n<meta property=\"og:locale\" content=\"pt_BR\" \/>\n<meta property=\"og:type\" content=\"article\" \/>\n<meta property=\"og:title\" content=\"Lan\u00e7amentos da semana - Not\u00edcias - Franciscanos\" \/>\n<meta property=\"og:description\" content=\"Editora Vozes\" \/>\n<meta property=\"og:url\" content=\"https:\/\/franciscanos.org.br\/noticias\/lancamentos-da-semana-26.html\" \/>\n<meta property=\"og:site_name\" content=\"Not\u00edcias - Franciscanos\" \/>\n<meta property=\"article:published_time\" content=\"2017-02-23T11:44:17+00:00\" \/>\n<meta property=\"article:modified_time\" content=\"2019-01-23T12:27:30+00:00\" \/>\n<meta property=\"og:image\" content=\"https:\/\/franciscanos.org.br\/noticias\/wp-content\/uploads\/2017\/11\/vozes.png\" \/>\n\t<meta property=\"og:image:width\" content=\"273\" \/>\n\t<meta property=\"og:image:height\" content=\"181\" \/>\n\t<meta property=\"og:image:type\" content=\"image\/png\" \/>\n<meta name=\"author\" content=\"admin\" \/>\n<meta name=\"twitter:card\" content=\"summary_large_image\" \/>\n<meta name=\"twitter:label1\" content=\"Escrito por\" \/>\n\t<meta name=\"twitter:data1\" content=\"admin\" \/>\n\t<meta name=\"twitter:label2\" content=\"Est. tempo de leitura\" \/>\n\t<meta name=\"twitter:data2\" content=\"9 minutos\" \/>\n<script type=\"application\/ld+json\" class=\"yoast-schema-graph\">{\"@context\":\"https:\/\/schema.org\",\"@graph\":[{\"@type\":\"WebSite\",\"@id\":\"https:\/\/franciscanos.org.br\/noticias\/#website\",\"url\":\"https:\/\/franciscanos.org.br\/noticias\/\",\"name\":\"Not\u00edcias - Franciscanos\",\"description\":\"Prov\u00edncia Franciscana da Imaculada Concei\u00e7\u00e3o do Brasil - Ordem dos Frades Menores - OFM\",\"potentialAction\":[{\"@type\":\"SearchAction\",\"target\":{\"@type\":\"EntryPoint\",\"urlTemplate\":\"https:\/\/franciscanos.org.br\/noticias\/?s={search_term_string}\"},\"query-input\":\"required name=search_term_string\"}],\"inLanguage\":\"pt-BR\"},{\"@type\":\"ImageObject\",\"inLanguage\":\"pt-BR\",\"@id\":\"https:\/\/franciscanos.org.br\/noticias\/lancamentos-da-semana-26.html#primaryimage\",\"url\":\"https:\/\/franciscanos.org.br\/noticias\/wp-content\/uploads\/2017\/11\/vozes.png\",\"contentUrl\":\"https:\/\/franciscanos.org.br\/noticias\/wp-content\/uploads\/2017\/11\/vozes.png\",\"width\":273,\"height\":181},{\"@type\":\"WebPage\",\"@id\":\"https:\/\/franciscanos.org.br\/noticias\/lancamentos-da-semana-26.html#webpage\",\"url\":\"https:\/\/franciscanos.org.br\/noticias\/lancamentos-da-semana-26.html\",\"name\":\"Lan\u00e7amentos da semana - Not\u00edcias - Franciscanos\",\"isPartOf\":{\"@id\":\"https:\/\/franciscanos.org.br\/noticias\/#website\"},\"primaryImageOfPage\":{\"@id\":\"https:\/\/franciscanos.org.br\/noticias\/lancamentos-da-semana-26.html#primaryimage\"},\"datePublished\":\"2017-02-23T11:44:17+00:00\",\"dateModified\":\"2019-01-23T12:27:30+00:00\",\"author\":{\"@id\":\"https:\/\/franciscanos.org.br\/noticias\/#\/schema\/person\/b38fbf43118f02820bd932f2e4b14ad3\"},\"breadcrumb\":{\"@id\":\"https:\/\/franciscanos.org.br\/noticias\/lancamentos-da-semana-26.html#breadcrumb\"},\"inLanguage\":\"pt-BR\",\"potentialAction\":[{\"@type\":\"ReadAction\",\"target\":[\"https:\/\/franciscanos.org.br\/noticias\/lancamentos-da-semana-26.html\"]}]},{\"@type\":\"BreadcrumbList\",\"@id\":\"https:\/\/franciscanos.org.br\/noticias\/lancamentos-da-semana-26.html#breadcrumb\",\"itemListElement\":[{\"@type\":\"ListItem\",\"position\":1,\"name\":\"Home\",\"item\":\"https:\/\/franciscanos.org.br\/noticias\"},{\"@type\":\"ListItem\",\"position\":2,\"name\":\"Lan\u00e7amentos da semana\"}]},{\"@type\":\"Person\",\"@id\":\"https:\/\/franciscanos.org.br\/noticias\/#\/schema\/person\/b38fbf43118f02820bd932f2e4b14ad3\",\"name\":\"admin\",\"image\":{\"@type\":\"ImageObject\",\"inLanguage\":\"pt-BR\",\"@id\":\"https:\/\/franciscanos.org.br\/noticias\/#\/schema\/person\/image\/\",\"url\":\"https:\/\/secure.gravatar.com\/avatar\/e8495742d34d0ba6448ea1c628263b3e?s=96&d=mm&r=g\",\"contentUrl\":\"https:\/\/secure.gravatar.com\/avatar\/e8495742d34d0ba6448ea1c628263b3e?s=96&d=mm&r=g\",\"caption\":\"admin\"},\"url\":\"https:\/\/franciscanos.org.br\/noticias\/author\/admin\"}]}<\/script>\n<!-- \/ Yoast SEO plugin. -->","yoast_head_json":{"title":"Lan\u00e7amentos da semana - Not\u00edcias - Franciscanos","robots":{"index":"index","follow":"follow","max-snippet":"max-snippet:-1","max-image-preview":"max-image-preview:large","max-video-preview":"max-video-preview:-1"},"canonical":"https:\/\/franciscanos.org.br\/noticias\/lancamentos-da-semana-26.html","og_locale":"pt_BR","og_type":"article","og_title":"Lan\u00e7amentos da semana - Not\u00edcias - Franciscanos","og_description":"Editora Vozes","og_url":"https:\/\/franciscanos.org.br\/noticias\/lancamentos-da-semana-26.html","og_site_name":"Not\u00edcias - Franciscanos","article_published_time":"2017-02-23T11:44:17+00:00","article_modified_time":"2019-01-23T12:27:30+00:00","og_image":[{"width":273,"height":181,"url":"https:\/\/franciscanos.org.br\/noticias\/wp-content\/uploads\/2017\/11\/vozes.png","type":"image\/png"}],"author":"admin","twitter_card":"summary_large_image","twitter_misc":{"Escrito por":"admin","Est. tempo de leitura":"9 minutos"},"schema":{"@context":"https:\/\/schema.org","@graph":[{"@type":"WebSite","@id":"https:\/\/franciscanos.org.br\/noticias\/#website","url":"https:\/\/franciscanos.org.br\/noticias\/","name":"Not\u00edcias - Franciscanos","description":"Prov\u00edncia Franciscana da Imaculada Concei\u00e7\u00e3o do Brasil - Ordem dos Frades Menores - OFM","potentialAction":[{"@type":"SearchAction","target":{"@type":"EntryPoint","urlTemplate":"https:\/\/franciscanos.org.br\/noticias\/?s={search_term_string}"},"query-input":"required name=search_term_string"}],"inLanguage":"pt-BR"},{"@type":"ImageObject","inLanguage":"pt-BR","@id":"https:\/\/franciscanos.org.br\/noticias\/lancamentos-da-semana-26.html#primaryimage","url":"https:\/\/franciscanos.org.br\/noticias\/wp-content\/uploads\/2017\/11\/vozes.png","contentUrl":"https:\/\/franciscanos.org.br\/noticias\/wp-content\/uploads\/2017\/11\/vozes.png","width":273,"height":181},{"@type":"WebPage","@id":"https:\/\/franciscanos.org.br\/noticias\/lancamentos-da-semana-26.html#webpage","url":"https:\/\/franciscanos.org.br\/noticias\/lancamentos-da-semana-26.html","name":"Lan\u00e7amentos da semana - Not\u00edcias - Franciscanos","isPartOf":{"@id":"https:\/\/franciscanos.org.br\/noticias\/#website"},"primaryImageOfPage":{"@id":"https:\/\/franciscanos.org.br\/noticias\/lancamentos-da-semana-26.html#primaryimage"},"datePublished":"2017-02-23T11:44:17+00:00","dateModified":"2019-01-23T12:27:30+00:00","author":{"@id":"https:\/\/franciscanos.org.br\/noticias\/#\/schema\/person\/b38fbf43118f02820bd932f2e4b14ad3"},"breadcrumb":{"@id":"https:\/\/franciscanos.org.br\/noticias\/lancamentos-da-semana-26.html#breadcrumb"},"inLanguage":"pt-BR","potentialAction":[{"@type":"ReadAction","target":["https:\/\/franciscanos.org.br\/noticias\/lancamentos-da-semana-26.html"]}]},{"@type":"BreadcrumbList","@id":"https:\/\/franciscanos.org.br\/noticias\/lancamentos-da-semana-26.html#breadcrumb","itemListElement":[{"@type":"ListItem","position":1,"name":"Home","item":"https:\/\/franciscanos.org.br\/noticias"},{"@type":"ListItem","position":2,"name":"Lan\u00e7amentos da semana"}]},{"@type":"Person","@id":"https:\/\/franciscanos.org.br\/noticias\/#\/schema\/person\/b38fbf43118f02820bd932f2e4b14ad3","name":"admin","image":{"@type":"ImageObject","inLanguage":"pt-BR","@id":"https:\/\/franciscanos.org.br\/noticias\/#\/schema\/person\/image\/","url":"https:\/\/secure.gravatar.com\/avatar\/e8495742d34d0ba6448ea1c628263b3e?s=96&d=mm&r=g","contentUrl":"https:\/\/secure.gravatar.com\/avatar\/e8495742d34d0ba6448ea1c628263b3e?s=96&d=mm&r=g","caption":"admin"},"url":"https:\/\/franciscanos.org.br\/noticias\/author\/admin"}]}},"_links":{"self":[{"href":"https:\/\/franciscanos.org.br\/noticias\/wp-json\/wp\/v2\/posts\/126844"}],"collection":[{"href":"https:\/\/franciscanos.org.br\/noticias\/wp-json\/wp\/v2\/posts"}],"about":[{"href":"https:\/\/franciscanos.org.br\/noticias\/wp-json\/wp\/v2\/types\/post"}],"author":[{"embeddable":true,"href":"https:\/\/franciscanos.org.br\/noticias\/wp-json\/wp\/v2\/users\/1"}],"replies":[{"embeddable":true,"href":"https:\/\/franciscanos.org.br\/noticias\/wp-json\/wp\/v2\/comments?post=126844"}],"version-history":[{"count":0,"href":"https:\/\/franciscanos.org.br\/noticias\/wp-json\/wp\/v2\/posts\/126844\/revisions"}],"wp:featuredmedia":[{"embeddable":true,"href":"https:\/\/franciscanos.org.br\/noticias\/wp-json\/wp\/v2\/media\/194592"}],"wp:attachment":[{"href":"https:\/\/franciscanos.org.br\/noticias\/wp-json\/wp\/v2\/media?parent=126844"}],"wp:term":[{"taxonomy":"category","embeddable":true,"href":"https:\/\/franciscanos.org.br\/noticias\/wp-json\/wp\/v2\/categories?post=126844"},{"taxonomy":"post_tag","embeddable":true,"href":"https:\/\/franciscanos.org.br\/noticias\/wp-json\/wp\/v2\/tags?post=126844"}],"curies":[{"name":"wp","href":"https:\/\/api.w.org\/{rel}","templated":true}]}}