{"id":12680,"date":"2012-03-05T19:10:41","date_gmt":"2012-03-05T22:10:41","guid":{"rendered":"http:\/\/new.franciscanos.org.br\/?p=12680"},"modified":"2019-02-04T12:45:19","modified_gmt":"2019-02-04T14:45:19","slug":"escutai-o-sob-a-voz-do-pai-frei-jeferson-inicia-seu-ministerio-presbiteral","status":"publish","type":"post","link":"https:\/\/franciscanos.org.br\/noticias\/escutai-o-sob-a-voz-do-pai-frei-jeferson-inicia-seu-ministerio-presbiteral.html","title":{"rendered":"\u201cEscutai-o!\u201d: sob a voz do Pai, Frei Jeferson inicia seu minist\u00e9rio presbiteral"},"content":{"rendered":"<p><img loading=\"lazy\" class=\"alignnone size-full wp-image-199035\" src=\"https:\/\/franciscanos.org.br\/noticias\/wp-content\/uploads\/2012\/03\/jeferson_primeira_interna_g051.jpg\" alt=\"\" width=\"830\" height=\"291\" srcset=\"https:\/\/franciscanos.org.br\/noticias\/wp-content\/uploads\/2012\/03\/jeferson_primeira_interna_g051.jpg 830w, https:\/\/franciscanos.org.br\/noticias\/wp-content\/uploads\/2012\/03\/jeferson_primeira_interna_g051-450x158.jpg 450w, https:\/\/franciscanos.org.br\/noticias\/wp-content\/uploads\/2012\/03\/jeferson_primeira_interna_g051-768x269.jpg 768w, https:\/\/franciscanos.org.br\/noticias\/wp-content\/uploads\/2012\/03\/jeferson_primeira_interna_g051-150x53.jpg 150w\" sizes=\"(max-width: 830px) 100vw, 830px\" \/><\/p>\n<p><strong>Por Frei Alberto Eckel Junior<\/strong><\/p>\n<p><strong>Guaratinguet\u00e1 (SP)<\/strong> &#8211; O dia 4 de mar\u00e7o, domingo, amanheceu com um sol radiante, talvez prenunciando os sentimentos que tomaram conta daqueles que participaram da Missa presidida pela primeira vez por Frei Jeferson Palandi Broca. De fato, ao chegar \u00e0 capela da Comunidade Sagrada Fam\u00edlia, notava-se a alegria e a vibra\u00e7\u00e3o dos fi\u00e9is que l\u00e1 estavam. A missa iniciou \u00e0s 10 horas e transcorreu num clima de bastante tranquilidade.<\/p>\n<p>Como de praxe, foi escolhido um pregador para a ocasi\u00e3o. Frei Gilberto da Silva, confrade de turma de Frei Jeferson, foi quem proferiu a homilia. No in\u00edcio, Frei Gilberto disse que \u00e9 costume o neopresb\u00edtero escolher um presb\u00edtero mais experiente para pregar, mas que, no caso, ele n\u00e3o era presb\u00edtero nem mais experiente. Al\u00e9m disso, ele n\u00e3o ficou lembrando as obriga\u00e7\u00f5es de presb\u00edtero a Frei Jeferson, uma vez que ele se preparou para isso por mais de 10 anos.<\/p>\n<p><img loading=\"lazy\" class=\"alignleft size-full wp-image-199038\" src=\"https:\/\/franciscanos.org.br\/noticias\/wp-content\/uploads\/2012\/03\/14.jpg\" alt=\"\" width=\"600\" height=\"450\" srcset=\"https:\/\/franciscanos.org.br\/noticias\/wp-content\/uploads\/2012\/03\/14.jpg 600w, https:\/\/franciscanos.org.br\/noticias\/wp-content\/uploads\/2012\/03\/14-450x338.jpg 450w, https:\/\/franciscanos.org.br\/noticias\/wp-content\/uploads\/2012\/03\/14-150x113.jpg 150w\" sizes=\"(max-width: 600px) 100vw, 600px\" \/>Partindo das leituras do domingo, Frei Gilberto lembrou que a miss\u00e3o primordial do presb\u00edtero \u00e9 ajudar a comunidade eclesial a ouvir o Filho amado, Jesus Cristo, e com Cristo transfigurar-se. Isso, no entanto, n\u00e3o com grandes pretens\u00f5es, mas com pequenos gestos cotidianos, como um abra\u00e7o, um colo que acolhe, um sil\u00eancio que respeita ou um olhar que conforta, conforme um poema de Cora Coralina que encerrou sua reflex\u00e3o. Ainda, lembrando as duas figuras \u201csacerdotais\u201d que emergiram no Vale do Para\u00edba, Nossa Senhora Aparecida e Frei Galv\u00e3o, Frei Gilberto presenteou Frei Jeferson com uma pequena imagem da Senhora Aparecida, ou a Mama Muxima (express\u00e3o que significa a M\u00e3e do cora\u00e7\u00e3o e que designa Maria em Angola), confiando o minist\u00e9rio e a miss\u00e3o de Frei Jeferson ao amparo dela.<\/p>\n<p>O final da celebra\u00e7\u00e3o foi marcado por homenagens e, de certa forma, despedidas, visto que Frei Jeferson ir\u00e1 a Angola como mission\u00e1rio. Familiares, amigos e membros da comunidade local e de Imbari\u00ea &#8211; Duque de Caxias, onde ele morou nos \u00faltimos 2 anos, ofereceram rosas, mensagens e presentes. Neste momento, tamb\u00e9m, o neopresb\u00edtero lembrou o exemplo de sua av\u00f3 que, apesar do sofrimento de estar debilitada em uma cama por v\u00e1rios anos, mantinha-se firme da f\u00e9, com o ter\u00e7o na m\u00e3o e confiante em Deus.<\/p>\n<p>Por fim, a Ceia do Senhor se \u201cestendeu\u201d num almo\u00e7o organizado pela comunidade paroquial no sal\u00e3o da Par\u00f3quia Nossa Senhora da Gl\u00f3ria e oferecido aos confrades, familiares e amigos de Frei Jeferson vindos de Imbari\u00ea e Nil\u00f3polis.<\/p>\n<hr \/>\n<h2><img loading=\"lazy\" class=\"alignright size-full wp-image-199036\" src=\"https:\/\/franciscanos.org.br\/noticias\/wp-content\/uploads\/2012\/03\/09-1.jpg\" alt=\"\" width=\"600\" height=\"450\" srcset=\"https:\/\/franciscanos.org.br\/noticias\/wp-content\/uploads\/2012\/03\/09-1.jpg 600w, https:\/\/franciscanos.org.br\/noticias\/wp-content\/uploads\/2012\/03\/09-1-450x338.jpg 450w, https:\/\/franciscanos.org.br\/noticias\/wp-content\/uploads\/2012\/03\/09-1-150x113.jpg 150w\" sizes=\"(max-width: 600px) 100vw, 600px\" \/>\u00cdNTEGRA DA HOMILIA<\/h2>\n<p style=\"text-align: left;\" align=\"center\">Primeiramente, quero saudar a todos, com nossa sauda\u00e7\u00e3o franciscana de Paz e bem!<\/p>\n<p>\u00a0\u00a0\u00a0\u00a0\u00a0\u00a0\u00a0\u00a0 Estamos vivendo um tempo privilegiado na Igreja, hoje celebramos o 2\u00ba Domingo da Quaresma, per\u00edodo no qual nos preparamos de modo intenso para a P\u00e1scoa do Senhor. O tempo da quaresma nos leva ao caminho da convers\u00e3o, do jejum e da caridade. A todos n\u00f3s, que aqui estamos, foi-nos dado pelo Senhor e pela generosidade do Jeferson a gra\u00e7a de nos preparamos mais intensamente para a P\u00e1scoa do Senhor, tanto pela sua Ordena\u00e7\u00e3o quanto por sua primeira missa.<\/p>\n<p>Normalmente, para esta festa, o novo presb\u00edtero convida um padre mais velho, mais experiente, para lhe dirigir algumas palavras. Neste caso, n\u00e3o sou presb\u00edtero, nem mais velho, e acredito que n\u00e3o ser\u00e1 necess\u00e1rio lembrar o Jeferson dos direitos e deveres de um presb\u00edtero, pois para isso ele se preparou muito tempo estudando e est\u00e1 consciente da grandeza e da beleza, mas tamb\u00e9m dos desafios e das dificuldades, do servi\u00e7o que ele assume na Igreja. \u00a0O que posso afirmar \u00e9 que todos n\u00f3s viemos para esta liturgia com o cora\u00e7\u00e3o grato a Deus, por esse momento t\u00e3o significativo para o Jeferson, para a Par\u00f3quia nossa Senhora da Gl\u00f3ria, para a Prov\u00edncia Franciscana da Imaculada Concei\u00e7\u00e3o do Brasil e para todos aqueles que buscam o sentido de sua vida no Senhor.<\/p>\n<p>Pois bem, ouvimos dois relatos de sacrif\u00edcio por amor. Na 1\u00aa leitura, Deus pede a Abra\u00e3o uma prova de fidelidade: entregar seu pr\u00f3prio filho ao sacrif\u00edcio. Como ouvimos, Deus n\u00e3o aceitou o sacrif\u00edcio de Isaac, mas recompensou seu pai Abra\u00e3o pela f\u00e9 e coragem, dando-lhe sua ben\u00e7\u00e3o e multiplicando sua descend\u00eancia. Na 2\u00aa leitura, Paulo escreve aos Romanos reafirmando a bondade de Deus \u201cSe Deus \u00e9 por n\u00f3s, quem ser\u00e1 contra n\u00f3s? Aquele que n\u00e3o poupou seu pr\u00f3prio filho, mas o entregou por todos n\u00f3s, como n\u00e3o nos dar\u00e1 tamb\u00e9m ele todas as coisas?\u201d (Rm 8,31-35).<\/p>\n<p>No Evangelho, ouvimos o relato da transfigura\u00e7\u00e3o, onde Jesus toma consigo Pedro, Tiago e Jo\u00e3o, e os leva \u00e0 parte, a s\u00f3s, a um alto monte.<\/p>\n<p>Para refletirmos evangelho da transfigura\u00e7\u00e3o, \u00e9 necess\u00e1rio retomarmos o cap\u00edtulo 8, onde o evangelista Marcos mostra Jesus inaugurando um tempo novo. Ele se dirige \u00e0s multid\u00f5es mediante sinais e ensinamentos que deixam transparecer a bondade de Deus. Nesta primeira etapa de sua vida, Jesus n\u00e3o \u00e9 compreendido pelos fariseus, \u00e9 acusado de blasfemo, de ser um possesso, louco e impuro.<\/p>\n<p><img loading=\"lazy\" class=\"alignleft size-full wp-image-199037\" src=\"https:\/\/franciscanos.org.br\/noticias\/wp-content\/uploads\/2012\/03\/06-1.jpg\" alt=\"\" width=\"600\" height=\"450\" srcset=\"https:\/\/franciscanos.org.br\/noticias\/wp-content\/uploads\/2012\/03\/06-1.jpg 600w, https:\/\/franciscanos.org.br\/noticias\/wp-content\/uploads\/2012\/03\/06-1-450x338.jpg 450w, https:\/\/franciscanos.org.br\/noticias\/wp-content\/uploads\/2012\/03\/06-1-150x113.jpg 150w\" sizes=\"(max-width: 600px) 100vw, 600px\" \/>Algumas express\u00f5es do cap\u00edtulo 8 nos revelam um Jesus cansado de tanta incompreens\u00e3o. Depois de ter realizado a multiplica\u00e7\u00e3o dos p\u00e3es, os fariseus queriam tentar Jesus e pediam um sinal. Ent\u00e3o Ele, dando um suspiro profundo, respondeu: &#8220;Por que essa gera\u00e7\u00e3o pede um sinal? Eu garanto a voc\u00eas: a essa gera\u00e7\u00e3o n\u00e3o ser\u00e1 dado nenhum sinal&#8221; (8,12).<\/p>\n<p>At\u00e9 mesmo seus disc\u00edpulos n\u00e3o compreendem muito bem quem \u00e9 Jesus e qual \u00e9 a sua miss\u00e3o. Ele mesmo lhes disse: &#8220;E voc\u00eas ainda n\u00e3o compreendem?&#8221; (8,21). E de uma maneira mais forte, diante da rea\u00e7\u00e3o de Pedro no primeiro an\u00fancio da paix\u00e3o, diz: &#8220;Voc\u00ea n\u00e3o pensa as coisas de Deus, mas as coisas dos homens&#8221; (8,33b).<\/p>\n<p>\u00c9 neste contexto que Marcos insere o relato da transfigura\u00e7\u00e3o, tanto Jesus como seus disc\u00edpulos parecem se encontrar em um momento de crise. Por isso, o Mestre vai em busca de Deus, precisa escutar sua voz, encontrar nele o seu ref\u00fagio para poder continuar sua miss\u00e3o.<\/p>\n<p>Mas n\u00e3o vai sozinho&#8230; Leva consigo Pedro, Tiago e Jo\u00e3o. Quer que eles tamb\u00e9m participem de sua intimidade com Deus, quer faz\u00ea-los part\u00edcipes de sua ora\u00e7\u00e3o, deseja abrir a eles o mist\u00e9rio da sua comunh\u00e3o com o Pai (Jo 15,14-15).<\/p>\n<p>Os disc\u00edpulos deixaram tudo para seguir Jesus, por\u00e9m, ainda n\u00e3o tinham compreendido sua miss\u00e3o. V\u00f3s, quem dizeis que sou eu? Responderam: O Cristo, o Messias. Em outra ocasi\u00e3o Jesus diz a Pedro: Voc\u00ea n\u00e3o pensa as coisas de Deus, mas as coisas dos homens. \u00a0At\u00e9 aqui parece que os disc\u00edpulos seguiam o Cristo, o Messias, Rei e Glorioso, o esperado pelos judeus. Os Disc\u00edpulos querem conformar Jesus \u00e0s suas pr\u00f3prias expectativas. N\u00e3o querem ter um trabalho \u00e1rduo de se tornarem conformes \u00e0 proposta de Jesus. Querem recriar Jesus \u00e0 sua pr\u00f3pria Imagem.<\/p>\n<p>No monte da transfigura\u00e7\u00e3o aparece a figura de Mois\u00e9s e Elias, como refor\u00e7o ao projeto messi\u00e2nico de Deus. Mois\u00e9s \u00e9 o prot\u00f3tipo do Messias, e Elias \u00e9 o tipo de precursor de Cristo.\u00a0 Hoje com facilidade, frei Jeferson, podemos conservar o modelo sacerdotal do antigo testamento, onde as leis e as normas podem significar coisas mais importantes do que a vida. No entanto, Jesus se transfigura diante de Pedro, Tiago e Jo\u00e3o. Os disc\u00edpulos viram o Messias tal como ele \u00e9. Quando de repente uma nuvem os cobriu e veio uma voz que dizia: esse \u00e9 meu filho amado escutai-o.<\/p>\n<p>O tempo em que vivemos nos desafia a escutar, pois as mudan\u00e7as s\u00e3o aceleradas. Com apenas um clique do mouse podemos nos conectar com o mundo ou, ao mesmo tempo, fugir para uma zona de conforto. Com a Provoca\u00e7\u00e3o de Jesus neste evangelho, n\u00e3o podemos conservar antigas matrizes, \u00e9 hora de Transfigurar. A Igreja clama por uma cont\u00ednua renova\u00e7\u00e3o, essa renova\u00e7\u00e3o est\u00e1 acontecendo, porque aprendemos e queremos continuar sendo seguidores do Cristo servidor, na gratuidade do Amor, n\u00e3o no poder, mas no servi\u00e7o. Somos Seguidores do Cristo sofredor, servo, que se coloca, lava os p\u00e9s. Somos chamados a sermos eminentes na f\u00e9, cuja a f\u00e9 d\u00e1 consist\u00eancia na vida dos nossos irm\u00e3os e irm\u00e3s.<\/p>\n<p>Olhando para o Cristo Servidor podemos perguntar: quem pode assumir o servi\u00e7o Presbiteral na Igreja? Certamente se essa pergunta fosse feita a Jesus ele diria: quem tem um cora\u00e7\u00e3o grande, envolto na caridade, um amor generoso, que eleve a comunidade a transfigurar-se, a olhar a realidade com os olhos de Deus.<\/p>\n<p>Frei Jeferson, filho do vale do Para\u00edba: certamente vai levar para sua vida dois modelos sacerdotais: o Primeiro da m\u00e3e de Deus, com o t\u00edtulo de Aparecida. Surge das \u00e1guas para transformar a escravid\u00e3o e a opress\u00e3o em liberta\u00e7\u00e3o, f\u00e9, esperan\u00e7a. Outro modelo \u00e9 nosso confrade Frei Galv\u00e3o: o Mission\u00e1rio da paz e da caridade, verdadeiro propagador do evangelho.<\/p>\n<p>Agora Frei Jeferson ser\u00e1 mission\u00e1rio em Angola e como um bom franciscano ele n\u00e3o vai levar o Evangelho para Angola, ele vai fazer brotar, ou vai fazer multiplicar o evangelho que est\u00e1 l\u00e1. Sabemos que um bom seguidor de Francisco faz o evangelho se multiplicar, pela penit\u00eancia, na caridade e em fraternidade.<\/p>\n<p>Para terminar esta partilha, gostaria de citar a poetisa Goiana Cora Coralina:<\/p>\n<p>N\u00e3o sei se a vida \u00e9 curta ou longa para n\u00f3s, <strong>mas sei que nada do que vivemos tem sentido, se n\u00e3o tocarmos o cora\u00e7\u00e3o das pessoas.<\/strong><\/p>\n<p>Muitas vezes basta ser: colo que acolhe, bra\u00e7o que envolve, palavra que conforta, sil\u00eancio que respeita, alegria que contagia, l\u00e1grima que corre, olhar que acaricia, desejo que sacia, amor que promove.<\/p>\n<p>E isso n\u00e3o \u00e9 coisa de outro mundo, \u00e9 o que d\u00e1 sentido \u00e0 vida. \u00c9 o que faz com que ela n\u00e3o seja nem curta, nem longa demais, mas que seja intensa, verdadeira, pura enquanto durar. Feliz aquele que transfere o que sabe e aprende o que ensina.<\/p>\n<p>Frei Jeferson, gostaria ainda de lhe presentear com uma pequena imagem da m\u00e3e de Deus. Aqui a veneramos como Aparecida. Em Angola ela \u00e9 conhecida como \u201cMama Muxima\u201d (A m\u00e3e do Cora\u00e7\u00e3o) \u2013 Que a m\u00e3e do cora\u00e7\u00e3o do povo brasileiro Nossa Senhora da Concei\u00e7\u00e3o Aparecida, te acompanhe pelas estradas da vida, sobretudo, no trabalho pelo Reino Deus, Que a Senhora Santa te proteja hoje e sempre. Am\u00e9m!<\/p>\n<p align=\"right\">\u00a0<strong>Frei Gilberto da Silva, OFM<\/strong><\/p>\n","protected":false},"excerpt":{"rendered":"<p>Ordena\u00e7\u00e3o presbiteral de Frei Jeferson<\/p>\n","protected":false},"author":1,"featured_media":199379,"comment_status":"closed","ping_status":"open","sticky":false,"template":"","format":"standard","meta":[],"categories":[1],"tags":[160,167],"acf":[],"yoast_head":"<!-- This site is optimized with the Yoast SEO plugin v19.2 - https:\/\/yoast.com\/wordpress\/plugins\/seo\/ -->\n<title>\u201cEscutai-o!\u201d: sob a voz do Pai, Frei Jeferson inicia seu minist\u00e9rio presbiteral - Not\u00edcias - Franciscanos<\/title>\n<meta name=\"robots\" content=\"index, follow, max-snippet:-1, max-image-preview:large, max-video-preview:-1\" \/>\n<link rel=\"canonical\" href=\"https:\/\/franciscanos.org.br\/noticias\/escutai-o-sob-a-voz-do-pai-frei-jeferson-inicia-seu-ministerio-presbiteral.html\" \/>\n<meta property=\"og:locale\" content=\"pt_BR\" \/>\n<meta property=\"og:type\" content=\"article\" \/>\n<meta property=\"og:title\" content=\"\u201cEscutai-o!\u201d: sob a voz do Pai, Frei Jeferson inicia seu minist\u00e9rio presbiteral - Not\u00edcias - Franciscanos\" \/>\n<meta property=\"og:description\" content=\"Ordena\u00e7\u00e3o presbiteral de Frei Jeferson\" \/>\n<meta property=\"og:url\" content=\"https:\/\/franciscanos.org.br\/noticias\/escutai-o-sob-a-voz-do-pai-frei-jeferson-inicia-seu-ministerio-presbiteral.html\" \/>\n<meta property=\"og:site_name\" content=\"Not\u00edcias - Franciscanos\" \/>\n<meta property=\"article:published_time\" content=\"2012-03-05T22:10:41+00:00\" \/>\n<meta property=\"article:modified_time\" content=\"2019-02-04T14:45:19+00:00\" \/>\n<meta property=\"og:image\" content=\"https:\/\/franciscanos.org.br\/noticias\/wp-content\/uploads\/2012\/03\/jeferson_primeira_interna_g051-1.jpg\" \/>\n\t<meta property=\"og:image:width\" content=\"273\" \/>\n\t<meta property=\"og:image:height\" content=\"181\" \/>\n\t<meta property=\"og:image:type\" content=\"image\/jpeg\" \/>\n<meta name=\"author\" content=\"admin\" \/>\n<meta name=\"twitter:card\" content=\"summary_large_image\" \/>\n<meta name=\"twitter:label1\" content=\"Escrito por\" \/>\n\t<meta name=\"twitter:data1\" content=\"admin\" \/>\n\t<meta name=\"twitter:label2\" content=\"Est. tempo de leitura\" \/>\n\t<meta name=\"twitter:data2\" content=\"9 minutos\" \/>\n<script type=\"application\/ld+json\" class=\"yoast-schema-graph\">{\"@context\":\"https:\/\/schema.org\",\"@graph\":[{\"@type\":\"WebSite\",\"@id\":\"https:\/\/franciscanos.org.br\/noticias\/#website\",\"url\":\"https:\/\/franciscanos.org.br\/noticias\/\",\"name\":\"Not\u00edcias - Franciscanos\",\"description\":\"Prov\u00edncia Franciscana da Imaculada Concei\u00e7\u00e3o do Brasil - Ordem dos Frades Menores - OFM\",\"potentialAction\":[{\"@type\":\"SearchAction\",\"target\":{\"@type\":\"EntryPoint\",\"urlTemplate\":\"https:\/\/franciscanos.org.br\/noticias\/?s={search_term_string}\"},\"query-input\":\"required name=search_term_string\"}],\"inLanguage\":\"pt-BR\"},{\"@type\":\"ImageObject\",\"inLanguage\":\"pt-BR\",\"@id\":\"https:\/\/franciscanos.org.br\/noticias\/escutai-o-sob-a-voz-do-pai-frei-jeferson-inicia-seu-ministerio-presbiteral.html#primaryimage\",\"url\":\"https:\/\/franciscanos.org.br\/noticias\/wp-content\/uploads\/2012\/03\/jeferson_primeira_interna_g051-1.jpg\",\"contentUrl\":\"https:\/\/franciscanos.org.br\/noticias\/wp-content\/uploads\/2012\/03\/jeferson_primeira_interna_g051-1.jpg\",\"width\":273,\"height\":181},{\"@type\":\"WebPage\",\"@id\":\"https:\/\/franciscanos.org.br\/noticias\/escutai-o-sob-a-voz-do-pai-frei-jeferson-inicia-seu-ministerio-presbiteral.html#webpage\",\"url\":\"https:\/\/franciscanos.org.br\/noticias\/escutai-o-sob-a-voz-do-pai-frei-jeferson-inicia-seu-ministerio-presbiteral.html\",\"name\":\"\u201cEscutai-o!\u201d: sob a voz do Pai, Frei Jeferson inicia seu minist\u00e9rio presbiteral - Not\u00edcias - Franciscanos\",\"isPartOf\":{\"@id\":\"https:\/\/franciscanos.org.br\/noticias\/#website\"},\"primaryImageOfPage\":{\"@id\":\"https:\/\/franciscanos.org.br\/noticias\/escutai-o-sob-a-voz-do-pai-frei-jeferson-inicia-seu-ministerio-presbiteral.html#primaryimage\"},\"datePublished\":\"2012-03-05T22:10:41+00:00\",\"dateModified\":\"2019-02-04T14:45:19+00:00\",\"author\":{\"@id\":\"https:\/\/franciscanos.org.br\/noticias\/#\/schema\/person\/b38fbf43118f02820bd932f2e4b14ad3\"},\"breadcrumb\":{\"@id\":\"https:\/\/franciscanos.org.br\/noticias\/escutai-o-sob-a-voz-do-pai-frei-jeferson-inicia-seu-ministerio-presbiteral.html#breadcrumb\"},\"inLanguage\":\"pt-BR\",\"potentialAction\":[{\"@type\":\"ReadAction\",\"target\":[\"https:\/\/franciscanos.org.br\/noticias\/escutai-o-sob-a-voz-do-pai-frei-jeferson-inicia-seu-ministerio-presbiteral.html\"]}]},{\"@type\":\"BreadcrumbList\",\"@id\":\"https:\/\/franciscanos.org.br\/noticias\/escutai-o-sob-a-voz-do-pai-frei-jeferson-inicia-seu-ministerio-presbiteral.html#breadcrumb\",\"itemListElement\":[{\"@type\":\"ListItem\",\"position\":1,\"name\":\"Home\",\"item\":\"https:\/\/franciscanos.org.br\/noticias\"},{\"@type\":\"ListItem\",\"position\":2,\"name\":\"\u201cEscutai-o!\u201d: sob a voz do Pai, Frei Jeferson inicia seu minist\u00e9rio presbiteral\"}]},{\"@type\":\"Person\",\"@id\":\"https:\/\/franciscanos.org.br\/noticias\/#\/schema\/person\/b38fbf43118f02820bd932f2e4b14ad3\",\"name\":\"admin\",\"image\":{\"@type\":\"ImageObject\",\"inLanguage\":\"pt-BR\",\"@id\":\"https:\/\/franciscanos.org.br\/noticias\/#\/schema\/person\/image\/\",\"url\":\"https:\/\/secure.gravatar.com\/avatar\/e8495742d34d0ba6448ea1c628263b3e?s=96&d=mm&r=g\",\"contentUrl\":\"https:\/\/secure.gravatar.com\/avatar\/e8495742d34d0ba6448ea1c628263b3e?s=96&d=mm&r=g\",\"caption\":\"admin\"},\"url\":\"https:\/\/franciscanos.org.br\/noticias\/author\/admin\"}]}<\/script>\n<!-- \/ Yoast SEO plugin. -->","yoast_head_json":{"title":"\u201cEscutai-o!\u201d: sob a voz do Pai, Frei Jeferson inicia seu minist\u00e9rio presbiteral - Not\u00edcias - Franciscanos","robots":{"index":"index","follow":"follow","max-snippet":"max-snippet:-1","max-image-preview":"max-image-preview:large","max-video-preview":"max-video-preview:-1"},"canonical":"https:\/\/franciscanos.org.br\/noticias\/escutai-o-sob-a-voz-do-pai-frei-jeferson-inicia-seu-ministerio-presbiteral.html","og_locale":"pt_BR","og_type":"article","og_title":"\u201cEscutai-o!\u201d: sob a voz do Pai, Frei Jeferson inicia seu minist\u00e9rio presbiteral - Not\u00edcias - Franciscanos","og_description":"Ordena\u00e7\u00e3o presbiteral de Frei Jeferson","og_url":"https:\/\/franciscanos.org.br\/noticias\/escutai-o-sob-a-voz-do-pai-frei-jeferson-inicia-seu-ministerio-presbiteral.html","og_site_name":"Not\u00edcias - Franciscanos","article_published_time":"2012-03-05T22:10:41+00:00","article_modified_time":"2019-02-04T14:45:19+00:00","og_image":[{"width":273,"height":181,"url":"https:\/\/franciscanos.org.br\/noticias\/wp-content\/uploads\/2012\/03\/jeferson_primeira_interna_g051-1.jpg","type":"image\/jpeg"}],"author":"admin","twitter_card":"summary_large_image","twitter_misc":{"Escrito por":"admin","Est. tempo de leitura":"9 minutos"},"schema":{"@context":"https:\/\/schema.org","@graph":[{"@type":"WebSite","@id":"https:\/\/franciscanos.org.br\/noticias\/#website","url":"https:\/\/franciscanos.org.br\/noticias\/","name":"Not\u00edcias - Franciscanos","description":"Prov\u00edncia Franciscana da Imaculada Concei\u00e7\u00e3o do Brasil - Ordem dos Frades Menores - OFM","potentialAction":[{"@type":"SearchAction","target":{"@type":"EntryPoint","urlTemplate":"https:\/\/franciscanos.org.br\/noticias\/?s={search_term_string}"},"query-input":"required name=search_term_string"}],"inLanguage":"pt-BR"},{"@type":"ImageObject","inLanguage":"pt-BR","@id":"https:\/\/franciscanos.org.br\/noticias\/escutai-o-sob-a-voz-do-pai-frei-jeferson-inicia-seu-ministerio-presbiteral.html#primaryimage","url":"https:\/\/franciscanos.org.br\/noticias\/wp-content\/uploads\/2012\/03\/jeferson_primeira_interna_g051-1.jpg","contentUrl":"https:\/\/franciscanos.org.br\/noticias\/wp-content\/uploads\/2012\/03\/jeferson_primeira_interna_g051-1.jpg","width":273,"height":181},{"@type":"WebPage","@id":"https:\/\/franciscanos.org.br\/noticias\/escutai-o-sob-a-voz-do-pai-frei-jeferson-inicia-seu-ministerio-presbiteral.html#webpage","url":"https:\/\/franciscanos.org.br\/noticias\/escutai-o-sob-a-voz-do-pai-frei-jeferson-inicia-seu-ministerio-presbiteral.html","name":"\u201cEscutai-o!\u201d: sob a voz do Pai, Frei Jeferson inicia seu minist\u00e9rio presbiteral - Not\u00edcias - Franciscanos","isPartOf":{"@id":"https:\/\/franciscanos.org.br\/noticias\/#website"},"primaryImageOfPage":{"@id":"https:\/\/franciscanos.org.br\/noticias\/escutai-o-sob-a-voz-do-pai-frei-jeferson-inicia-seu-ministerio-presbiteral.html#primaryimage"},"datePublished":"2012-03-05T22:10:41+00:00","dateModified":"2019-02-04T14:45:19+00:00","author":{"@id":"https:\/\/franciscanos.org.br\/noticias\/#\/schema\/person\/b38fbf43118f02820bd932f2e4b14ad3"},"breadcrumb":{"@id":"https:\/\/franciscanos.org.br\/noticias\/escutai-o-sob-a-voz-do-pai-frei-jeferson-inicia-seu-ministerio-presbiteral.html#breadcrumb"},"inLanguage":"pt-BR","potentialAction":[{"@type":"ReadAction","target":["https:\/\/franciscanos.org.br\/noticias\/escutai-o-sob-a-voz-do-pai-frei-jeferson-inicia-seu-ministerio-presbiteral.html"]}]},{"@type":"BreadcrumbList","@id":"https:\/\/franciscanos.org.br\/noticias\/escutai-o-sob-a-voz-do-pai-frei-jeferson-inicia-seu-ministerio-presbiteral.html#breadcrumb","itemListElement":[{"@type":"ListItem","position":1,"name":"Home","item":"https:\/\/franciscanos.org.br\/noticias"},{"@type":"ListItem","position":2,"name":"\u201cEscutai-o!\u201d: sob a voz do Pai, Frei Jeferson inicia seu minist\u00e9rio presbiteral"}]},{"@type":"Person","@id":"https:\/\/franciscanos.org.br\/noticias\/#\/schema\/person\/b38fbf43118f02820bd932f2e4b14ad3","name":"admin","image":{"@type":"ImageObject","inLanguage":"pt-BR","@id":"https:\/\/franciscanos.org.br\/noticias\/#\/schema\/person\/image\/","url":"https:\/\/secure.gravatar.com\/avatar\/e8495742d34d0ba6448ea1c628263b3e?s=96&d=mm&r=g","contentUrl":"https:\/\/secure.gravatar.com\/avatar\/e8495742d34d0ba6448ea1c628263b3e?s=96&d=mm&r=g","caption":"admin"},"url":"https:\/\/franciscanos.org.br\/noticias\/author\/admin"}]}},"_links":{"self":[{"href":"https:\/\/franciscanos.org.br\/noticias\/wp-json\/wp\/v2\/posts\/12680"}],"collection":[{"href":"https:\/\/franciscanos.org.br\/noticias\/wp-json\/wp\/v2\/posts"}],"about":[{"href":"https:\/\/franciscanos.org.br\/noticias\/wp-json\/wp\/v2\/types\/post"}],"author":[{"embeddable":true,"href":"https:\/\/franciscanos.org.br\/noticias\/wp-json\/wp\/v2\/users\/1"}],"replies":[{"embeddable":true,"href":"https:\/\/franciscanos.org.br\/noticias\/wp-json\/wp\/v2\/comments?post=12680"}],"version-history":[{"count":0,"href":"https:\/\/franciscanos.org.br\/noticias\/wp-json\/wp\/v2\/posts\/12680\/revisions"}],"wp:featuredmedia":[{"embeddable":true,"href":"https:\/\/franciscanos.org.br\/noticias\/wp-json\/wp\/v2\/media\/199379"}],"wp:attachment":[{"href":"https:\/\/franciscanos.org.br\/noticias\/wp-json\/wp\/v2\/media?parent=12680"}],"wp:term":[{"taxonomy":"category","embeddable":true,"href":"https:\/\/franciscanos.org.br\/noticias\/wp-json\/wp\/v2\/categories?post=12680"},{"taxonomy":"post_tag","embeddable":true,"href":"https:\/\/franciscanos.org.br\/noticias\/wp-json\/wp\/v2\/tags?post=12680"}],"curies":[{"name":"wp","href":"https:\/\/api.w.org\/{rel}","templated":true}]}}