{"id":126767,"date":"2017-02-22T09:28:17","date_gmt":"2017-02-22T12:28:17","guid":{"rendered":"http:\/\/franciscanos.org.br\/?p=126767"},"modified":"2021-07-05T20:04:44","modified_gmt":"2021-07-05T23:04:44","slug":"canarinhos-se-apresentam-no-domingo-de-carnaval","status":"publish","type":"post","link":"https:\/\/franciscanos.org.br\/noticias\/canarinhos-se-apresentam-no-domingo-de-carnaval.html","title":{"rendered":"Canarinhos se apresentam no domingo de Carnaval"},"content":{"rendered":"<p><img loading=\"lazy\" class=\"alignleft\" src=\"http:\/\/franciscanos.org.br\/wp-content\/uploads\/2016\/06\/canarinhos_8301.jpg\" alt=\"canarinhos_830\" width=\"830\" height=\"236\" \/><\/p>\n<p><strong>Petr\u00f3polis (RJ) &#8211;<\/strong> Petropolitanos e turistas que estiverem na cidade durante o carnaval ter\u00e3o a oportunidade de prestigiar as vozes do Coral dos Canarinhos de Petr\u00f3polis, coro de meninos mais antigo do Brasil. O tradicional grupo vocal cantar\u00e1 no domingo (26), \u00e0s 10h, durante a missa dominical da Igreja do Sagrado Cora\u00e7\u00e3o de Jesus.<\/p>\n<p>O programa \u00e9 uma alternativa para quem n\u00e3o quer deixar de lado as celebra\u00e7\u00f5es religiosas durante a folia do carnaval. Na missa, os Canarinhos interpretar\u00e3o obras como a &#8220;Missa IV&#8221; em gregoriano e \u201cCantate Domino\u201d, de Hans Leo Hassler, sob reg\u00eancia do maestro Marco Aur\u00e9lio Lischt.<\/p>\n<p>\u201cFazemos um convite especial a todos que estar\u00e3o em Petr\u00f3polis para descansar durante o carnaval. A missa ser\u00e1 um momento de paz e reflex\u00e3o em meio \u00e0 folia, al\u00e9m de ser uma oportunidade do p\u00fablico de fora prestigiar os Canarinhos, que s\u00e3o parte importante da hist\u00f3ria da cidade\u201d, convidou Lischt, que tamb\u00e9m \u00e9 diretor art\u00edstico do Instituto dos Meninos Cantores de Petr\u00f3polis (IMCP).<\/p>\n<p>A Igreja do Sagrado Cora\u00e7\u00e3o de Jesus est\u00e1 localizada na Rua Montecaseros, n\u00famero 95, no Centro de Petr\u00f3polis.<\/p>\n<p>Mais informa\u00e7\u00f5es sobre as atividades do Instituto dos Meninos Cantores de Petr\u00f3polis podem ser consultadas pelo telefone (24) 2104-4141, pela p\u00e1gina no <a href=\"http:\/\/fb.com\/canarinhosdepetropolis\" target=\"_blank\" rel=\"noopener noreferrer\">Facebook<\/a>\u00a0ou pelo site <a href=\"http:\/\/www.canarinhos.com.br\" target=\"_blank\" rel=\"noopener noreferrer\">www.canarinhos.com.br<\/a><\/p>\n","protected":false},"excerpt":{"rendered":"<p>Petr\u00f3polis<\/p>\n","protected":false},"author":1,"featured_media":190399,"comment_status":"open","ping_status":"open","sticky":false,"template":"","format":"standard","meta":[],"categories":[1],"tags":[1378],"acf":[],"yoast_head":"<!-- This site is optimized with the Yoast SEO plugin v19.2 - https:\/\/yoast.com\/wordpress\/plugins\/seo\/ -->\n<title>Canarinhos se apresentam no domingo de Carnaval - Not\u00edcias - Franciscanos<\/title>\n<meta name=\"robots\" content=\"index, follow, max-snippet:-1, max-image-preview:large, max-video-preview:-1\" \/>\n<link rel=\"canonical\" href=\"https:\/\/franciscanos.org.br\/noticias\/canarinhos-se-apresentam-no-domingo-de-carnaval.html\" \/>\n<meta property=\"og:locale\" content=\"pt_BR\" \/>\n<meta property=\"og:type\" content=\"article\" \/>\n<meta property=\"og:title\" content=\"Canarinhos se apresentam no domingo de Carnaval - Not\u00edcias - Franciscanos\" \/>\n<meta property=\"og:description\" content=\"Petr\u00f3polis\" \/>\n<meta property=\"og:url\" content=\"https:\/\/franciscanos.org.br\/noticias\/canarinhos-se-apresentam-no-domingo-de-carnaval.html\" \/>\n<meta property=\"og:site_name\" content=\"Not\u00edcias - Franciscanos\" \/>\n<meta property=\"article:published_time\" content=\"2017-02-22T12:28:17+00:00\" \/>\n<meta property=\"article:modified_time\" content=\"2021-07-05T23:04:44+00:00\" \/>\n<meta property=\"og:image\" content=\"https:\/\/franciscanos.org.br\/noticias\/wp-content\/uploads\/2018\/11\/canarinhos_151118p.jpg\" \/>\n\t<meta property=\"og:image:width\" content=\"273\" \/>\n\t<meta property=\"og:image:height\" content=\"181\" \/>\n\t<meta property=\"og:image:type\" content=\"image\/jpeg\" \/>\n<meta name=\"author\" content=\"admin\" \/>\n<meta name=\"twitter:card\" content=\"summary_large_image\" \/>\n<meta name=\"twitter:label1\" content=\"Escrito por\" \/>\n\t<meta name=\"twitter:data1\" content=\"admin\" \/>\n\t<meta name=\"twitter:label2\" content=\"Est. tempo de leitura\" \/>\n\t<meta name=\"twitter:data2\" content=\"1 minuto\" \/>\n<script type=\"application\/ld+json\" class=\"yoast-schema-graph\">{\"@context\":\"https:\/\/schema.org\",\"@graph\":[{\"@type\":\"WebSite\",\"@id\":\"https:\/\/franciscanos.org.br\/noticias\/#website\",\"url\":\"https:\/\/franciscanos.org.br\/noticias\/\",\"name\":\"Not\u00edcias - Franciscanos\",\"description\":\"Prov\u00edncia Franciscana da Imaculada Concei\u00e7\u00e3o do Brasil - Ordem dos Frades Menores - OFM\",\"potentialAction\":[{\"@type\":\"SearchAction\",\"target\":{\"@type\":\"EntryPoint\",\"urlTemplate\":\"https:\/\/franciscanos.org.br\/noticias\/?s={search_term_string}\"},\"query-input\":\"required name=search_term_string\"}],\"inLanguage\":\"pt-BR\"},{\"@type\":\"ImageObject\",\"inLanguage\":\"pt-BR\",\"@id\":\"https:\/\/franciscanos.org.br\/noticias\/canarinhos-se-apresentam-no-domingo-de-carnaval.html#primaryimage\",\"url\":\"https:\/\/franciscanos.org.br\/noticias\/wp-content\/uploads\/2018\/11\/canarinhos_151118p.jpg\",\"contentUrl\":\"https:\/\/franciscanos.org.br\/noticias\/wp-content\/uploads\/2018\/11\/canarinhos_151118p.jpg\",\"width\":273,\"height\":181},{\"@type\":\"WebPage\",\"@id\":\"https:\/\/franciscanos.org.br\/noticias\/canarinhos-se-apresentam-no-domingo-de-carnaval.html#webpage\",\"url\":\"https:\/\/franciscanos.org.br\/noticias\/canarinhos-se-apresentam-no-domingo-de-carnaval.html\",\"name\":\"Canarinhos se apresentam no domingo de Carnaval - Not\u00edcias - Franciscanos\",\"isPartOf\":{\"@id\":\"https:\/\/franciscanos.org.br\/noticias\/#website\"},\"primaryImageOfPage\":{\"@id\":\"https:\/\/franciscanos.org.br\/noticias\/canarinhos-se-apresentam-no-domingo-de-carnaval.html#primaryimage\"},\"datePublished\":\"2017-02-22T12:28:17+00:00\",\"dateModified\":\"2021-07-05T23:04:44+00:00\",\"author\":{\"@id\":\"https:\/\/franciscanos.org.br\/noticias\/#\/schema\/person\/b38fbf43118f02820bd932f2e4b14ad3\"},\"breadcrumb\":{\"@id\":\"https:\/\/franciscanos.org.br\/noticias\/canarinhos-se-apresentam-no-domingo-de-carnaval.html#breadcrumb\"},\"inLanguage\":\"pt-BR\",\"potentialAction\":[{\"@type\":\"ReadAction\",\"target\":[\"https:\/\/franciscanos.org.br\/noticias\/canarinhos-se-apresentam-no-domingo-de-carnaval.html\"]}]},{\"@type\":\"BreadcrumbList\",\"@id\":\"https:\/\/franciscanos.org.br\/noticias\/canarinhos-se-apresentam-no-domingo-de-carnaval.html#breadcrumb\",\"itemListElement\":[{\"@type\":\"ListItem\",\"position\":1,\"name\":\"Home\",\"item\":\"https:\/\/franciscanos.org.br\/noticias\"},{\"@type\":\"ListItem\",\"position\":2,\"name\":\"Canarinhos se apresentam no domingo de Carnaval\"}]},{\"@type\":\"Person\",\"@id\":\"https:\/\/franciscanos.org.br\/noticias\/#\/schema\/person\/b38fbf43118f02820bd932f2e4b14ad3\",\"name\":\"admin\",\"image\":{\"@type\":\"ImageObject\",\"inLanguage\":\"pt-BR\",\"@id\":\"https:\/\/franciscanos.org.br\/noticias\/#\/schema\/person\/image\/\",\"url\":\"https:\/\/secure.gravatar.com\/avatar\/e8495742d34d0ba6448ea1c628263b3e?s=96&d=mm&r=g\",\"contentUrl\":\"https:\/\/secure.gravatar.com\/avatar\/e8495742d34d0ba6448ea1c628263b3e?s=96&d=mm&r=g\",\"caption\":\"admin\"},\"url\":\"https:\/\/franciscanos.org.br\/noticias\/author\/admin\"}]}<\/script>\n<!-- \/ Yoast SEO plugin. -->","yoast_head_json":{"title":"Canarinhos se apresentam no domingo de Carnaval - Not\u00edcias - Franciscanos","robots":{"index":"index","follow":"follow","max-snippet":"max-snippet:-1","max-image-preview":"max-image-preview:large","max-video-preview":"max-video-preview:-1"},"canonical":"https:\/\/franciscanos.org.br\/noticias\/canarinhos-se-apresentam-no-domingo-de-carnaval.html","og_locale":"pt_BR","og_type":"article","og_title":"Canarinhos se apresentam no domingo de Carnaval - Not\u00edcias - Franciscanos","og_description":"Petr\u00f3polis","og_url":"https:\/\/franciscanos.org.br\/noticias\/canarinhos-se-apresentam-no-domingo-de-carnaval.html","og_site_name":"Not\u00edcias - Franciscanos","article_published_time":"2017-02-22T12:28:17+00:00","article_modified_time":"2021-07-05T23:04:44+00:00","og_image":[{"width":273,"height":181,"url":"https:\/\/franciscanos.org.br\/noticias\/wp-content\/uploads\/2018\/11\/canarinhos_151118p.jpg","type":"image\/jpeg"}],"author":"admin","twitter_card":"summary_large_image","twitter_misc":{"Escrito por":"admin","Est. tempo de leitura":"1 minuto"},"schema":{"@context":"https:\/\/schema.org","@graph":[{"@type":"WebSite","@id":"https:\/\/franciscanos.org.br\/noticias\/#website","url":"https:\/\/franciscanos.org.br\/noticias\/","name":"Not\u00edcias - Franciscanos","description":"Prov\u00edncia Franciscana da Imaculada Concei\u00e7\u00e3o do Brasil - Ordem dos Frades Menores - OFM","potentialAction":[{"@type":"SearchAction","target":{"@type":"EntryPoint","urlTemplate":"https:\/\/franciscanos.org.br\/noticias\/?s={search_term_string}"},"query-input":"required name=search_term_string"}],"inLanguage":"pt-BR"},{"@type":"ImageObject","inLanguage":"pt-BR","@id":"https:\/\/franciscanos.org.br\/noticias\/canarinhos-se-apresentam-no-domingo-de-carnaval.html#primaryimage","url":"https:\/\/franciscanos.org.br\/noticias\/wp-content\/uploads\/2018\/11\/canarinhos_151118p.jpg","contentUrl":"https:\/\/franciscanos.org.br\/noticias\/wp-content\/uploads\/2018\/11\/canarinhos_151118p.jpg","width":273,"height":181},{"@type":"WebPage","@id":"https:\/\/franciscanos.org.br\/noticias\/canarinhos-se-apresentam-no-domingo-de-carnaval.html#webpage","url":"https:\/\/franciscanos.org.br\/noticias\/canarinhos-se-apresentam-no-domingo-de-carnaval.html","name":"Canarinhos se apresentam no domingo de Carnaval - Not\u00edcias - Franciscanos","isPartOf":{"@id":"https:\/\/franciscanos.org.br\/noticias\/#website"},"primaryImageOfPage":{"@id":"https:\/\/franciscanos.org.br\/noticias\/canarinhos-se-apresentam-no-domingo-de-carnaval.html#primaryimage"},"datePublished":"2017-02-22T12:28:17+00:00","dateModified":"2021-07-05T23:04:44+00:00","author":{"@id":"https:\/\/franciscanos.org.br\/noticias\/#\/schema\/person\/b38fbf43118f02820bd932f2e4b14ad3"},"breadcrumb":{"@id":"https:\/\/franciscanos.org.br\/noticias\/canarinhos-se-apresentam-no-domingo-de-carnaval.html#breadcrumb"},"inLanguage":"pt-BR","potentialAction":[{"@type":"ReadAction","target":["https:\/\/franciscanos.org.br\/noticias\/canarinhos-se-apresentam-no-domingo-de-carnaval.html"]}]},{"@type":"BreadcrumbList","@id":"https:\/\/franciscanos.org.br\/noticias\/canarinhos-se-apresentam-no-domingo-de-carnaval.html#breadcrumb","itemListElement":[{"@type":"ListItem","position":1,"name":"Home","item":"https:\/\/franciscanos.org.br\/noticias"},{"@type":"ListItem","position":2,"name":"Canarinhos se apresentam no domingo de Carnaval"}]},{"@type":"Person","@id":"https:\/\/franciscanos.org.br\/noticias\/#\/schema\/person\/b38fbf43118f02820bd932f2e4b14ad3","name":"admin","image":{"@type":"ImageObject","inLanguage":"pt-BR","@id":"https:\/\/franciscanos.org.br\/noticias\/#\/schema\/person\/image\/","url":"https:\/\/secure.gravatar.com\/avatar\/e8495742d34d0ba6448ea1c628263b3e?s=96&d=mm&r=g","contentUrl":"https:\/\/secure.gravatar.com\/avatar\/e8495742d34d0ba6448ea1c628263b3e?s=96&d=mm&r=g","caption":"admin"},"url":"https:\/\/franciscanos.org.br\/noticias\/author\/admin"}]}},"_links":{"self":[{"href":"https:\/\/franciscanos.org.br\/noticias\/wp-json\/wp\/v2\/posts\/126767"}],"collection":[{"href":"https:\/\/franciscanos.org.br\/noticias\/wp-json\/wp\/v2\/posts"}],"about":[{"href":"https:\/\/franciscanos.org.br\/noticias\/wp-json\/wp\/v2\/types\/post"}],"author":[{"embeddable":true,"href":"https:\/\/franciscanos.org.br\/noticias\/wp-json\/wp\/v2\/users\/1"}],"replies":[{"embeddable":true,"href":"https:\/\/franciscanos.org.br\/noticias\/wp-json\/wp\/v2\/comments?post=126767"}],"version-history":[{"count":1,"href":"https:\/\/franciscanos.org.br\/noticias\/wp-json\/wp\/v2\/posts\/126767\/revisions"}],"predecessor-version":[{"id":232879,"href":"https:\/\/franciscanos.org.br\/noticias\/wp-json\/wp\/v2\/posts\/126767\/revisions\/232879"}],"wp:featuredmedia":[{"embeddable":true,"href":"https:\/\/franciscanos.org.br\/noticias\/wp-json\/wp\/v2\/media\/190399"}],"wp:attachment":[{"href":"https:\/\/franciscanos.org.br\/noticias\/wp-json\/wp\/v2\/media?parent=126767"}],"wp:term":[{"taxonomy":"category","embeddable":true,"href":"https:\/\/franciscanos.org.br\/noticias\/wp-json\/wp\/v2\/categories?post=126767"},{"taxonomy":"post_tag","embeddable":true,"href":"https:\/\/franciscanos.org.br\/noticias\/wp-json\/wp\/v2\/tags?post=126767"}],"curies":[{"name":"wp","href":"https:\/\/api.w.org\/{rel}","templated":true}]}}