{"id":126736,"date":"2017-02-21T11:09:19","date_gmt":"2017-02-21T14:09:19","guid":{"rendered":"http:\/\/franciscanos.org.br\/?p=126736"},"modified":"2019-12-06T17:30:04","modified_gmt":"2019-12-06T20:30:04","slug":"europa-celebra-jubileus-franciscanos","status":"publish","type":"post","link":"https:\/\/franciscanos.org.br\/noticias\/europa-celebra-jubileus-franciscanos.html","title":{"rendered":"Fran\u00e7a e Alemanha celebram jubileus franciscanos"},"content":{"rendered":"<p><a href=\"http:\/\/franciscanos.org.br\/wp-content\/uploads\/2017\/02\/ofm_210217-450.jpg\"><img loading=\"lazy\" class=\"wp-image-126738 size-full alignleft\" src=\"http:\/\/franciscanos.org.br\/wp-content\/uploads\/2017\/02\/ofm_210217-450.jpg\" alt=\"ofm_210217-450\" width=\"450\" height=\"574\" \/><\/a>A Fran\u00e7a celebra 800 anos da presen\u00e7a franciscana e a Alemanha reflete sobre os 500 anos da Reforma Luterana e da bula \u201cIte vos\u201d, que dividiu a Ordem Franciscana.<\/p>\n<p>Frei Pac\u00edfico, poeta e um dos companheiros de Francisco de Assis, fundou a primeira Casa Franciscana na Fran\u00e7a em V\u00e9zelay (1217), antes de continuar o caminho at\u00e9 Saint Denis (Paris). Depois de oito s\u00e9culos, a Fam\u00edlia Franciscana na Fran\u00e7a conta com mais de 3 mil membros na atualidade (OFM, OFM Conv, OFMCap, Clarissas Franciscanas, simpatizantes leigos de todas as idades).<\/p>\n<p>Os primeiros Irm\u00e3os Menores, enviados por Francisco de Assis, tiveram um enorme impacto na hist\u00f3ria da Fran\u00e7a e nos pa\u00edses vizinhos. Basta recordar os reis da Fran\u00e7a e de N\u00e1poles (por exemplo, S\u00e3o Luiz, Rei de Fran\u00e7a &#8211; que foi amigo de S\u00e3o Boaventura e protetor dos irm\u00e3os professores da Universidade de Paris -, e atual Patrono da OFS; o bispo de S\u00e3o Lu\u00eds de Anjou e outros muitos santos e beatos franciscanos, sem esquecer o apoio que deram para a cria\u00e7\u00e3o da Cust\u00f3dia da Terra Santa.<\/p>\n<p>Em 22 de fevereiro, teve in\u00edcio o Jubileu com uma Roda de Imprensa na Bas\u00edlica-Catedral de Saint-Denis, pr\u00f3xima de Paris, com a participa\u00e7\u00e3o de Monsenhor Jean-Pierre Grallet, franciscano e arcebispo de Estrasburgo; de Frei Fran\u00e7ois-Xavier Bustillo, cust\u00f3dio OFMConv, e porta-voz do jubileu; de Frei Jean-Baptiste Auberger, um especialista das Fontes Franciscanas; e da Sra. Christine Bisset, representante da OFS.<\/p>\n<p>4 de outubro, a Fam\u00edlia Franciscana convida a todas as pessoas interessadas a participar das diversas comemora\u00e7\u00f5es na Fran\u00e7a, na alegria da Fraternidade universal.<\/p>\n<p>Mais informa\u00e7\u00f5es (en franc\u00eas):<br \/>\n<a href=\"www.jubile800ans.franciscains.fr\" target=\"_blank\" rel=\"noopener noreferrer\">www.jubile800ans.franciscains.fr<\/a><\/p>\n<h3><a href=\"http:\/\/franciscanos.org.br\/wp-content\/uploads\/2017\/02\/ofm_210217-830.jpg\"><img loading=\"lazy\" src=\"http:\/\/franciscanos.org.br\/wp-content\/uploads\/2017\/02\/ofm_210217-830.jpg\" alt=\"ofm_210217-830\" width=\"830\" height=\"333\" \/><\/a><\/h3>\n<h3><strong>Jubileus na Alemanha: 500 ANOS<\/strong><\/h3>\n<p>A Alemanha faz mem\u00f3ria dos 500 anos da Reforma Luterana ocorrida em 1217. A Primeira Ordem de S\u00e3o Francisco recorda a divis\u00e3o acontecida entre Conventuais e Observantes em 1517 com a bula papal \u201cIte vos\u201d. Dez anos depois nasceu outro ramo da Ordem: os Capuchinhos.<\/p>\n<p>\u201c1517-2017\u201d \u00e9 uma oportunidade para parar e pensar: De onde viemos, onde estamos hoje, para onde vamos, 500 anos depois da separa\u00e7\u00e3o na Igreja e na Ordem? De 12 a 14 de junho de 2017, ter\u00e1 lugar na casa de retiro franciscano, em Hofheim, o \u201cPrimeiro Cap\u00edtulo das Esteiras dos Irm\u00e3os Menores na Alemanha\u201d (OFM, OFM Conv, OFM Cap).<\/p>\n","protected":false},"excerpt":{"rendered":"<p>OFM<\/p>\n","protected":false},"author":1,"featured_media":195996,"comment_status":"open","ping_status":"open","sticky":false,"template":"","format":"standard","meta":[],"categories":[1],"tags":[85],"acf":[],"yoast_head":"<!-- This site is optimized with the Yoast SEO plugin v19.2 - https:\/\/yoast.com\/wordpress\/plugins\/seo\/ -->\n<title>Fran\u00e7a e Alemanha celebram jubileus franciscanos - Not\u00edcias - Franciscanos<\/title>\n<meta name=\"robots\" content=\"index, follow, max-snippet:-1, max-image-preview:large, max-video-preview:-1\" \/>\n<link rel=\"canonical\" href=\"https:\/\/franciscanos.org.br\/noticias\/europa-celebra-jubileus-franciscanos.html\" \/>\n<meta property=\"og:locale\" content=\"pt_BR\" \/>\n<meta property=\"og:type\" content=\"article\" \/>\n<meta property=\"og:title\" content=\"Fran\u00e7a e Alemanha celebram jubileus franciscanos - Not\u00edcias - Franciscanos\" \/>\n<meta property=\"og:description\" content=\"OFM\" \/>\n<meta property=\"og:url\" content=\"https:\/\/franciscanos.org.br\/noticias\/europa-celebra-jubileus-franciscanos.html\" \/>\n<meta property=\"og:site_name\" content=\"Not\u00edcias - Franciscanos\" \/>\n<meta property=\"article:published_time\" content=\"2017-02-21T14:09:19+00:00\" \/>\n<meta property=\"article:modified_time\" content=\"2019-12-06T20:30:04+00:00\" \/>\n<meta property=\"og:image\" content=\"https:\/\/franciscanos.org.br\/noticias\/wp-content\/uploads\/2017\/02\/jubileu800.jpg\" \/>\n\t<meta property=\"og:image:width\" content=\"273\" \/>\n\t<meta property=\"og:image:height\" content=\"181\" \/>\n\t<meta property=\"og:image:type\" content=\"image\/jpeg\" \/>\n<meta name=\"author\" content=\"admin\" \/>\n<meta name=\"twitter:card\" content=\"summary_large_image\" \/>\n<meta name=\"twitter:label1\" content=\"Escrito por\" \/>\n\t<meta name=\"twitter:data1\" content=\"admin\" \/>\n\t<meta name=\"twitter:label2\" content=\"Est. tempo de leitura\" \/>\n\t<meta name=\"twitter:data2\" content=\"2 minutos\" \/>\n<script type=\"application\/ld+json\" class=\"yoast-schema-graph\">{\"@context\":\"https:\/\/schema.org\",\"@graph\":[{\"@type\":\"WebSite\",\"@id\":\"https:\/\/franciscanos.org.br\/noticias\/#website\",\"url\":\"https:\/\/franciscanos.org.br\/noticias\/\",\"name\":\"Not\u00edcias - Franciscanos\",\"description\":\"Prov\u00edncia Franciscana da Imaculada Concei\u00e7\u00e3o do Brasil - Ordem dos Frades Menores - OFM\",\"potentialAction\":[{\"@type\":\"SearchAction\",\"target\":{\"@type\":\"EntryPoint\",\"urlTemplate\":\"https:\/\/franciscanos.org.br\/noticias\/?s={search_term_string}\"},\"query-input\":\"required name=search_term_string\"}],\"inLanguage\":\"pt-BR\"},{\"@type\":\"ImageObject\",\"inLanguage\":\"pt-BR\",\"@id\":\"https:\/\/franciscanos.org.br\/noticias\/europa-celebra-jubileus-franciscanos.html#primaryimage\",\"url\":\"https:\/\/franciscanos.org.br\/noticias\/wp-content\/uploads\/2017\/02\/jubileu800.jpg\",\"contentUrl\":\"https:\/\/franciscanos.org.br\/noticias\/wp-content\/uploads\/2017\/02\/jubileu800.jpg\",\"width\":273,\"height\":181},{\"@type\":\"WebPage\",\"@id\":\"https:\/\/franciscanos.org.br\/noticias\/europa-celebra-jubileus-franciscanos.html#webpage\",\"url\":\"https:\/\/franciscanos.org.br\/noticias\/europa-celebra-jubileus-franciscanos.html\",\"name\":\"Fran\u00e7a e Alemanha celebram jubileus franciscanos - Not\u00edcias - Franciscanos\",\"isPartOf\":{\"@id\":\"https:\/\/franciscanos.org.br\/noticias\/#website\"},\"primaryImageOfPage\":{\"@id\":\"https:\/\/franciscanos.org.br\/noticias\/europa-celebra-jubileus-franciscanos.html#primaryimage\"},\"datePublished\":\"2017-02-21T14:09:19+00:00\",\"dateModified\":\"2019-12-06T20:30:04+00:00\",\"author\":{\"@id\":\"https:\/\/franciscanos.org.br\/noticias\/#\/schema\/person\/b38fbf43118f02820bd932f2e4b14ad3\"},\"breadcrumb\":{\"@id\":\"https:\/\/franciscanos.org.br\/noticias\/europa-celebra-jubileus-franciscanos.html#breadcrumb\"},\"inLanguage\":\"pt-BR\",\"potentialAction\":[{\"@type\":\"ReadAction\",\"target\":[\"https:\/\/franciscanos.org.br\/noticias\/europa-celebra-jubileus-franciscanos.html\"]}]},{\"@type\":\"BreadcrumbList\",\"@id\":\"https:\/\/franciscanos.org.br\/noticias\/europa-celebra-jubileus-franciscanos.html#breadcrumb\",\"itemListElement\":[{\"@type\":\"ListItem\",\"position\":1,\"name\":\"Home\",\"item\":\"https:\/\/franciscanos.org.br\/noticias\"},{\"@type\":\"ListItem\",\"position\":2,\"name\":\"Fran\u00e7a e Alemanha celebram jubileus franciscanos\"}]},{\"@type\":\"Person\",\"@id\":\"https:\/\/franciscanos.org.br\/noticias\/#\/schema\/person\/b38fbf43118f02820bd932f2e4b14ad3\",\"name\":\"admin\",\"image\":{\"@type\":\"ImageObject\",\"inLanguage\":\"pt-BR\",\"@id\":\"https:\/\/franciscanos.org.br\/noticias\/#\/schema\/person\/image\/\",\"url\":\"https:\/\/secure.gravatar.com\/avatar\/e8495742d34d0ba6448ea1c628263b3e?s=96&d=mm&r=g\",\"contentUrl\":\"https:\/\/secure.gravatar.com\/avatar\/e8495742d34d0ba6448ea1c628263b3e?s=96&d=mm&r=g\",\"caption\":\"admin\"},\"url\":\"https:\/\/franciscanos.org.br\/noticias\/author\/admin\"}]}<\/script>\n<!-- \/ Yoast SEO plugin. -->","yoast_head_json":{"title":"Fran\u00e7a e Alemanha celebram jubileus franciscanos - Not\u00edcias - Franciscanos","robots":{"index":"index","follow":"follow","max-snippet":"max-snippet:-1","max-image-preview":"max-image-preview:large","max-video-preview":"max-video-preview:-1"},"canonical":"https:\/\/franciscanos.org.br\/noticias\/europa-celebra-jubileus-franciscanos.html","og_locale":"pt_BR","og_type":"article","og_title":"Fran\u00e7a e Alemanha celebram jubileus franciscanos - Not\u00edcias - Franciscanos","og_description":"OFM","og_url":"https:\/\/franciscanos.org.br\/noticias\/europa-celebra-jubileus-franciscanos.html","og_site_name":"Not\u00edcias - Franciscanos","article_published_time":"2017-02-21T14:09:19+00:00","article_modified_time":"2019-12-06T20:30:04+00:00","og_image":[{"width":273,"height":181,"url":"https:\/\/franciscanos.org.br\/noticias\/wp-content\/uploads\/2017\/02\/jubileu800.jpg","type":"image\/jpeg"}],"author":"admin","twitter_card":"summary_large_image","twitter_misc":{"Escrito por":"admin","Est. tempo de leitura":"2 minutos"},"schema":{"@context":"https:\/\/schema.org","@graph":[{"@type":"WebSite","@id":"https:\/\/franciscanos.org.br\/noticias\/#website","url":"https:\/\/franciscanos.org.br\/noticias\/","name":"Not\u00edcias - Franciscanos","description":"Prov\u00edncia Franciscana da Imaculada Concei\u00e7\u00e3o do Brasil - Ordem dos Frades Menores - OFM","potentialAction":[{"@type":"SearchAction","target":{"@type":"EntryPoint","urlTemplate":"https:\/\/franciscanos.org.br\/noticias\/?s={search_term_string}"},"query-input":"required name=search_term_string"}],"inLanguage":"pt-BR"},{"@type":"ImageObject","inLanguage":"pt-BR","@id":"https:\/\/franciscanos.org.br\/noticias\/europa-celebra-jubileus-franciscanos.html#primaryimage","url":"https:\/\/franciscanos.org.br\/noticias\/wp-content\/uploads\/2017\/02\/jubileu800.jpg","contentUrl":"https:\/\/franciscanos.org.br\/noticias\/wp-content\/uploads\/2017\/02\/jubileu800.jpg","width":273,"height":181},{"@type":"WebPage","@id":"https:\/\/franciscanos.org.br\/noticias\/europa-celebra-jubileus-franciscanos.html#webpage","url":"https:\/\/franciscanos.org.br\/noticias\/europa-celebra-jubileus-franciscanos.html","name":"Fran\u00e7a e Alemanha celebram jubileus franciscanos - Not\u00edcias - Franciscanos","isPartOf":{"@id":"https:\/\/franciscanos.org.br\/noticias\/#website"},"primaryImageOfPage":{"@id":"https:\/\/franciscanos.org.br\/noticias\/europa-celebra-jubileus-franciscanos.html#primaryimage"},"datePublished":"2017-02-21T14:09:19+00:00","dateModified":"2019-12-06T20:30:04+00:00","author":{"@id":"https:\/\/franciscanos.org.br\/noticias\/#\/schema\/person\/b38fbf43118f02820bd932f2e4b14ad3"},"breadcrumb":{"@id":"https:\/\/franciscanos.org.br\/noticias\/europa-celebra-jubileus-franciscanos.html#breadcrumb"},"inLanguage":"pt-BR","potentialAction":[{"@type":"ReadAction","target":["https:\/\/franciscanos.org.br\/noticias\/europa-celebra-jubileus-franciscanos.html"]}]},{"@type":"BreadcrumbList","@id":"https:\/\/franciscanos.org.br\/noticias\/europa-celebra-jubileus-franciscanos.html#breadcrumb","itemListElement":[{"@type":"ListItem","position":1,"name":"Home","item":"https:\/\/franciscanos.org.br\/noticias"},{"@type":"ListItem","position":2,"name":"Fran\u00e7a e Alemanha celebram jubileus franciscanos"}]},{"@type":"Person","@id":"https:\/\/franciscanos.org.br\/noticias\/#\/schema\/person\/b38fbf43118f02820bd932f2e4b14ad3","name":"admin","image":{"@type":"ImageObject","inLanguage":"pt-BR","@id":"https:\/\/franciscanos.org.br\/noticias\/#\/schema\/person\/image\/","url":"https:\/\/secure.gravatar.com\/avatar\/e8495742d34d0ba6448ea1c628263b3e?s=96&d=mm&r=g","contentUrl":"https:\/\/secure.gravatar.com\/avatar\/e8495742d34d0ba6448ea1c628263b3e?s=96&d=mm&r=g","caption":"admin"},"url":"https:\/\/franciscanos.org.br\/noticias\/author\/admin"}]}},"_links":{"self":[{"href":"https:\/\/franciscanos.org.br\/noticias\/wp-json\/wp\/v2\/posts\/126736"}],"collection":[{"href":"https:\/\/franciscanos.org.br\/noticias\/wp-json\/wp\/v2\/posts"}],"about":[{"href":"https:\/\/franciscanos.org.br\/noticias\/wp-json\/wp\/v2\/types\/post"}],"author":[{"embeddable":true,"href":"https:\/\/franciscanos.org.br\/noticias\/wp-json\/wp\/v2\/users\/1"}],"replies":[{"embeddable":true,"href":"https:\/\/franciscanos.org.br\/noticias\/wp-json\/wp\/v2\/comments?post=126736"}],"version-history":[{"count":0,"href":"https:\/\/franciscanos.org.br\/noticias\/wp-json\/wp\/v2\/posts\/126736\/revisions"}],"wp:featuredmedia":[{"embeddable":true,"href":"https:\/\/franciscanos.org.br\/noticias\/wp-json\/wp\/v2\/media\/195996"}],"wp:attachment":[{"href":"https:\/\/franciscanos.org.br\/noticias\/wp-json\/wp\/v2\/media?parent=126736"}],"wp:term":[{"taxonomy":"category","embeddable":true,"href":"https:\/\/franciscanos.org.br\/noticias\/wp-json\/wp\/v2\/categories?post=126736"},{"taxonomy":"post_tag","embeddable":true,"href":"https:\/\/franciscanos.org.br\/noticias\/wp-json\/wp\/v2\/tags?post=126736"}],"curies":[{"name":"wp","href":"https:\/\/api.w.org\/{rel}","templated":true}]}}