{"id":126681,"date":"2017-02-21T06:48:47","date_gmt":"2017-02-21T09:48:47","guid":{"rendered":"http:\/\/franciscanos.org.br\/?p=126681"},"modified":"2020-06-09T10:29:26","modified_gmt":"2020-06-09T13:29:26","slug":"papa-pedir-a-graca-da-vergonha-diante-das-tentacoes","status":"publish","type":"post","link":"https:\/\/franciscanos.org.br\/noticias\/papa-pedir-a-graca-da-vergonha-diante-das-tentacoes.html","title":{"rendered":"Papa: &#8220;Pedir a gra\u00e7a da vergonha diante das tenta\u00e7\u00f5es&#8221;"},"content":{"rendered":"<p><img loading=\"lazy\" class=\"alignleft\" src=\"http:\/\/franciscanos.org.br\/wp-content\/uploads\/2017\/02\/papa_210217-830.jpg\" alt=\"papa_210217-830\" width=\"820\" height=\"439\" \/><\/p>\n<p><strong>Cidade do Vaticano<\/strong> \u2013 Que o Senhor nos d\u00ea a gra\u00e7a da \u2018santa vergonha\u2019 diante da tenta\u00e7\u00e3o da ambi\u00e7\u00e3o que envolve a todos, inclusive os bispos e as par\u00f3quias. Foi a exorta\u00e7\u00e3o do Papa na homilia da missa matutina desta ter\u00e7a-feira, 21, na Casa Santa Marta. Francisco recordou que quem quer ser o primeiro, seja o \u00faltimo e o servidor de todos.<\/p>\n<p>\u201cTodos seremos tentados\u201d: \u00e9 o ponto de partida da homilia, inspirada nas leituras do dia. A primeira lembra que quem quer servir o Senhor se deve preparar para a tenta\u00e7\u00e3o. J\u00e1 o Evangelho fala de Jesus quando anuncia aos disc\u00edpulos a sua morte, eles n\u00e3o entendem e t\u00eam medo de interrog\u00e1-lo. \u201cEsta \u00e9 a tenta\u00e7\u00e3o de n\u00e3o cumprir a miss\u00e3o\u201d, disse o Papa. \u201cJesus tamb\u00e9m foi tentado: no deserto, tr\u00eas vezes pelo diabo, e depois por Pedro, ante o an\u00fancio da sua morte.<\/p>\n<p>Mas h\u00e1 outra tenta\u00e7\u00e3o narrada no Evangelho: os disc\u00edpulos discutem sobre quem deles \u00e9 o maior e se calam quando Jesus os interpela sobre o motivo da discuss\u00e3o. Calam-se porque se envergonham: \u201cMas eram pessoas boas, que queriam seguir o Senhor, servir o Senhor, mas n\u00e3o sabiam que o caminho do servi\u00e7o ao Senhor n\u00e3o era assim t\u00e3o f\u00e1cil, n\u00e3o era como filiar-se numa organiza\u00e7\u00e3o, numa associa\u00e7\u00e3o de benefic\u00eancia, para fazer o bem. N\u00e3o, \u00e9 outra coisa. Eles temiam isso. E depois, a tenta\u00e7\u00e3o da mundanidade: desde o momento que a Igreja \u00e9 Igreja e at\u00e9 hoje isto aconteceu, acontece e acontecer\u00e1. Por exemplo, as lutas nas par\u00f3quias. \u2018Eu quero ser presidente desta associa\u00e7\u00e3o, quero me promover um pouco\u2019. Quem \u00e9 o maior, aqui? Quem \u00e9 o maior nesta par\u00f3quia? N\u00e3o, eu sou mais importante do que ele; aquele n\u00e3o porque fez aquilo&#8230; e assim por diante&#8230; a corrente dos pecados\u201d.<\/p>\n<p>A tenta\u00e7\u00e3o que leva a \u2018falar mal do outro\u2019 e a \u2018se promover\u2019&#8230; Francisco fez outros exemplos concretos para explicar esta tenta\u00e7\u00e3o: \u201cAlgumas vezes n\u00f3s, padres, dizemos com vergonha, nos presbit\u00e9rios: \u2018Eu gostaria daquela par\u00f3quia&#8230; Eu queria aquela&#8230;\u2019. \u00c9 o mesmo: este n\u00e3o \u00e9 o caminho do Senhor, mas o caminho da vaidade, da mundanidade. Inclusive entre n\u00f3s, bispos, acontece o mesmo: a mundanidade chega como tenta\u00e7\u00e3o. Muitas vezes \u2018Eu estou nesta diocese mas estou de olho naquela, porque \u00e9 mais importante, e articulo buscando influ\u00eancias, fa\u00e7o press\u00e3o, empurro neste ponto para chegar l\u00e1\u2019. \u2018Mas o Senhor est\u00e1 l\u00e1\u2019. O desejo de ser mais importante nos leva ao caminho da mundanidade.<\/p>\n<p>O Papa exortou a pedir sempre ao Senhor \u2018a gra\u00e7a de nos envergonharmos\u2019 quando nos encontrarmos nestas situa\u00e7\u00f5es: Jesus inverte aquela l\u00f3gica. Sentado entre eles, lhes recorda que \u2018quem de voc\u00eas quer ser o primeiro, seja o \u00faltimo e o servidor de todos\u2019. E pega um menino e o coloca no meio deles.<\/p>\n<p>O Papa pediu para rezar pela Igreja, \u2018por todos n\u00f3s\u2019, para que o Senhor nos defenda \u2018das ambi\u00e7\u00f5es, da mundanidade e de nos sentirmos maiores do que os outros\u2019: \u201cQue o Senhor nos d\u00ea a gra\u00e7a da vergonha, aquela santa vergonha, quando nos encontrarmos nesta situa\u00e7\u00e3o, diante da tenta\u00e7\u00e3o. \u2018Sou capaz de pensar assim? Quando vejo meu Senhor na cruz e quero usar o Senhor para me promover? E nos d\u00ea a gra\u00e7a da simplicidade de uma crian\u00e7a: entender que somente o caminho do servi\u00e7o&#8230; E ainda, imagino ainda outra pergunta: \u2018Senhor, eu te servi toda a vida, fui o \u00faltimo toda a vida. E agora, o que nos diz o Senhor?\u2019. \u2018Diga de voc\u00ea mesmo: \u2018sou um servo in\u00fatil\u2019.<\/p>\n<p><strong>COM OS BISPOS CHILENOS<\/strong><\/p>\n<p>Na manh\u00e3 desta segunda-feira (20), o Papa Francisco n\u00e3o fez a reflex\u00e3o matutina na Casa Santa Marta, mas recebeu os bispos da Confer\u00eancia Episcopal do Chile em visita \u201cad Limina\u201d. Entre os participantes, o presidente, Dom Santiago Jaime Silva Retamales, e o arcebispo da capital do pa\u00eds, Cardeal Ricardo Ezzati Andrello. O encontro durou cerca de tr\u00eas horas. O Card. Andrello comentou que os bispos abordaram os problemas enfrentados no Chile com \u201cmuita simplicidade e com uma abertura excepcional, sinal da reforma da Igreja\u201d do Papa, do \u201csentido de comunh\u00e3o\u201d: &#8220;Abordamos problemas concretos de um povo que \u00e9 secularizado, pensando a como se evangeliza esse povo secularizado; de um povo que \u00e9 governado fundamentalmente por pessoas que n\u00e3o s\u00e3o crentes, mas que s\u00e3o abertas, com boa vontade para acolher inclusive a mensagem da Igreja. Conversamos sobre alegrias, mas tamb\u00e9m sobre sofrimentos: a alegria, por exemplo, de ver a Igreja do nosso pa\u00eds com devo\u00e7\u00e3o popular, especialmente pela Nossa Senhora e pelos Santos, de uma for\u00e7a incr\u00edvel. Basta pensar que a devo\u00e7\u00e3o \u00e0 Nossa Senhora de Carmem est\u00e1 presente do deserto, no norte, ao frio, no sul. Falamos sobre o clero, a forma\u00e7\u00e3o dos seminaristas, os jovens que hoje precisam ser escutados: o Papa nos falou da \u201cpastoral do ouvido\u201d, caminhar com eles, escutando-os e anunciando a novidade de Jesus Cristo. Sobre as dores vividas no pa\u00eds e pela Igreja, o Card. Andrello disse que o tema da pedofilia foi um outro argumento tratado \u201ccom muita sinceridade\u201d na audi\u00eancia com o Papa&#8221;, disse o Cardeal.<\/p>\n<hr \/>\n<p><em>Fonte: R\u00e1dio Vaticano<\/em><\/p>\n","protected":false},"excerpt":{"rendered":"<p>Missa em Santa Marta<\/p>\n","protected":false},"author":1,"featured_media":195998,"comment_status":"open","ping_status":"open","sticky":false,"template":"","format":"standard","meta":[],"categories":[1428],"tags":[1586],"acf":[],"yoast_head":"<!-- This site is optimized with the Yoast SEO plugin v19.2 - https:\/\/yoast.com\/wordpress\/plugins\/seo\/ -->\n<title>Papa: &quot;Pedir a gra\u00e7a da vergonha diante das tenta\u00e7\u00f5es&quot; - Not\u00edcias - Franciscanos<\/title>\n<meta name=\"robots\" content=\"index, follow, max-snippet:-1, max-image-preview:large, max-video-preview:-1\" \/>\n<link rel=\"canonical\" href=\"https:\/\/franciscanos.org.br\/noticias\/papa-pedir-a-graca-da-vergonha-diante-das-tentacoes.html\" \/>\n<meta property=\"og:locale\" content=\"pt_BR\" \/>\n<meta property=\"og:type\" content=\"article\" \/>\n<meta property=\"og:title\" content=\"Papa: &quot;Pedir a gra\u00e7a da vergonha diante das tenta\u00e7\u00f5es&quot; - Not\u00edcias - Franciscanos\" \/>\n<meta property=\"og:description\" content=\"Missa em Santa Marta\" \/>\n<meta property=\"og:url\" content=\"https:\/\/franciscanos.org.br\/noticias\/papa-pedir-a-graca-da-vergonha-diante-das-tentacoes.html\" \/>\n<meta property=\"og:site_name\" content=\"Not\u00edcias - Franciscanos\" \/>\n<meta property=\"article:published_time\" content=\"2017-02-21T09:48:47+00:00\" \/>\n<meta property=\"article:modified_time\" content=\"2020-06-09T13:29:26+00:00\" \/>\n<meta property=\"og:image\" content=\"https:\/\/franciscanos.org.br\/noticias\/wp-content\/uploads\/2017\/02\/papa_210217-830.jpg\" \/>\n\t<meta property=\"og:image:width\" content=\"273\" \/>\n\t<meta property=\"og:image:height\" content=\"181\" \/>\n\t<meta property=\"og:image:type\" content=\"image\/jpeg\" \/>\n<meta name=\"author\" content=\"admin\" \/>\n<meta name=\"twitter:card\" content=\"summary_large_image\" \/>\n<meta name=\"twitter:label1\" content=\"Escrito por\" \/>\n\t<meta name=\"twitter:data1\" content=\"admin\" \/>\n\t<meta name=\"twitter:label2\" content=\"Est. tempo de leitura\" \/>\n\t<meta name=\"twitter:data2\" content=\"5 minutos\" \/>\n<script type=\"application\/ld+json\" class=\"yoast-schema-graph\">{\"@context\":\"https:\/\/schema.org\",\"@graph\":[{\"@type\":\"WebSite\",\"@id\":\"https:\/\/franciscanos.org.br\/noticias\/#website\",\"url\":\"https:\/\/franciscanos.org.br\/noticias\/\",\"name\":\"Not\u00edcias - Franciscanos\",\"description\":\"Prov\u00edncia Franciscana da Imaculada Concei\u00e7\u00e3o do Brasil - Ordem dos Frades Menores - OFM\",\"potentialAction\":[{\"@type\":\"SearchAction\",\"target\":{\"@type\":\"EntryPoint\",\"urlTemplate\":\"https:\/\/franciscanos.org.br\/noticias\/?s={search_term_string}\"},\"query-input\":\"required name=search_term_string\"}],\"inLanguage\":\"pt-BR\"},{\"@type\":\"ImageObject\",\"inLanguage\":\"pt-BR\",\"@id\":\"https:\/\/franciscanos.org.br\/noticias\/papa-pedir-a-graca-da-vergonha-diante-das-tentacoes.html#primaryimage\",\"url\":\"https:\/\/franciscanos.org.br\/noticias\/wp-content\/uploads\/2017\/02\/papa_210217-830.jpg\",\"contentUrl\":\"https:\/\/franciscanos.org.br\/noticias\/wp-content\/uploads\/2017\/02\/papa_210217-830.jpg\",\"width\":273,\"height\":181},{\"@type\":\"WebPage\",\"@id\":\"https:\/\/franciscanos.org.br\/noticias\/papa-pedir-a-graca-da-vergonha-diante-das-tentacoes.html#webpage\",\"url\":\"https:\/\/franciscanos.org.br\/noticias\/papa-pedir-a-graca-da-vergonha-diante-das-tentacoes.html\",\"name\":\"Papa: \\\"Pedir a gra\u00e7a da vergonha diante das tenta\u00e7\u00f5es\\\" - Not\u00edcias - Franciscanos\",\"isPartOf\":{\"@id\":\"https:\/\/franciscanos.org.br\/noticias\/#website\"},\"primaryImageOfPage\":{\"@id\":\"https:\/\/franciscanos.org.br\/noticias\/papa-pedir-a-graca-da-vergonha-diante-das-tentacoes.html#primaryimage\"},\"datePublished\":\"2017-02-21T09:48:47+00:00\",\"dateModified\":\"2020-06-09T13:29:26+00:00\",\"author\":{\"@id\":\"https:\/\/franciscanos.org.br\/noticias\/#\/schema\/person\/b38fbf43118f02820bd932f2e4b14ad3\"},\"breadcrumb\":{\"@id\":\"https:\/\/franciscanos.org.br\/noticias\/papa-pedir-a-graca-da-vergonha-diante-das-tentacoes.html#breadcrumb\"},\"inLanguage\":\"pt-BR\",\"potentialAction\":[{\"@type\":\"ReadAction\",\"target\":[\"https:\/\/franciscanos.org.br\/noticias\/papa-pedir-a-graca-da-vergonha-diante-das-tentacoes.html\"]}]},{\"@type\":\"BreadcrumbList\",\"@id\":\"https:\/\/franciscanos.org.br\/noticias\/papa-pedir-a-graca-da-vergonha-diante-das-tentacoes.html#breadcrumb\",\"itemListElement\":[{\"@type\":\"ListItem\",\"position\":1,\"name\":\"Home\",\"item\":\"https:\/\/franciscanos.org.br\/noticias\"},{\"@type\":\"ListItem\",\"position\":2,\"name\":\"Papa: &#8220;Pedir a gra\u00e7a da vergonha diante das tenta\u00e7\u00f5es&#8221;\"}]},{\"@type\":\"Person\",\"@id\":\"https:\/\/franciscanos.org.br\/noticias\/#\/schema\/person\/b38fbf43118f02820bd932f2e4b14ad3\",\"name\":\"admin\",\"image\":{\"@type\":\"ImageObject\",\"inLanguage\":\"pt-BR\",\"@id\":\"https:\/\/franciscanos.org.br\/noticias\/#\/schema\/person\/image\/\",\"url\":\"https:\/\/secure.gravatar.com\/avatar\/e8495742d34d0ba6448ea1c628263b3e?s=96&d=mm&r=g\",\"contentUrl\":\"https:\/\/secure.gravatar.com\/avatar\/e8495742d34d0ba6448ea1c628263b3e?s=96&d=mm&r=g\",\"caption\":\"admin\"},\"url\":\"https:\/\/franciscanos.org.br\/noticias\/author\/admin\"}]}<\/script>\n<!-- \/ Yoast SEO plugin. -->","yoast_head_json":{"title":"Papa: \"Pedir a gra\u00e7a da vergonha diante das tenta\u00e7\u00f5es\" - Not\u00edcias - Franciscanos","robots":{"index":"index","follow":"follow","max-snippet":"max-snippet:-1","max-image-preview":"max-image-preview:large","max-video-preview":"max-video-preview:-1"},"canonical":"https:\/\/franciscanos.org.br\/noticias\/papa-pedir-a-graca-da-vergonha-diante-das-tentacoes.html","og_locale":"pt_BR","og_type":"article","og_title":"Papa: \"Pedir a gra\u00e7a da vergonha diante das tenta\u00e7\u00f5es\" - Not\u00edcias - Franciscanos","og_description":"Missa em Santa Marta","og_url":"https:\/\/franciscanos.org.br\/noticias\/papa-pedir-a-graca-da-vergonha-diante-das-tentacoes.html","og_site_name":"Not\u00edcias - Franciscanos","article_published_time":"2017-02-21T09:48:47+00:00","article_modified_time":"2020-06-09T13:29:26+00:00","og_image":[{"width":273,"height":181,"url":"https:\/\/franciscanos.org.br\/noticias\/wp-content\/uploads\/2017\/02\/papa_210217-830.jpg","type":"image\/jpeg"}],"author":"admin","twitter_card":"summary_large_image","twitter_misc":{"Escrito por":"admin","Est. tempo de leitura":"5 minutos"},"schema":{"@context":"https:\/\/schema.org","@graph":[{"@type":"WebSite","@id":"https:\/\/franciscanos.org.br\/noticias\/#website","url":"https:\/\/franciscanos.org.br\/noticias\/","name":"Not\u00edcias - Franciscanos","description":"Prov\u00edncia Franciscana da Imaculada Concei\u00e7\u00e3o do Brasil - Ordem dos Frades Menores - OFM","potentialAction":[{"@type":"SearchAction","target":{"@type":"EntryPoint","urlTemplate":"https:\/\/franciscanos.org.br\/noticias\/?s={search_term_string}"},"query-input":"required name=search_term_string"}],"inLanguage":"pt-BR"},{"@type":"ImageObject","inLanguage":"pt-BR","@id":"https:\/\/franciscanos.org.br\/noticias\/papa-pedir-a-graca-da-vergonha-diante-das-tentacoes.html#primaryimage","url":"https:\/\/franciscanos.org.br\/noticias\/wp-content\/uploads\/2017\/02\/papa_210217-830.jpg","contentUrl":"https:\/\/franciscanos.org.br\/noticias\/wp-content\/uploads\/2017\/02\/papa_210217-830.jpg","width":273,"height":181},{"@type":"WebPage","@id":"https:\/\/franciscanos.org.br\/noticias\/papa-pedir-a-graca-da-vergonha-diante-das-tentacoes.html#webpage","url":"https:\/\/franciscanos.org.br\/noticias\/papa-pedir-a-graca-da-vergonha-diante-das-tentacoes.html","name":"Papa: \"Pedir a gra\u00e7a da vergonha diante das tenta\u00e7\u00f5es\" - Not\u00edcias - Franciscanos","isPartOf":{"@id":"https:\/\/franciscanos.org.br\/noticias\/#website"},"primaryImageOfPage":{"@id":"https:\/\/franciscanos.org.br\/noticias\/papa-pedir-a-graca-da-vergonha-diante-das-tentacoes.html#primaryimage"},"datePublished":"2017-02-21T09:48:47+00:00","dateModified":"2020-06-09T13:29:26+00:00","author":{"@id":"https:\/\/franciscanos.org.br\/noticias\/#\/schema\/person\/b38fbf43118f02820bd932f2e4b14ad3"},"breadcrumb":{"@id":"https:\/\/franciscanos.org.br\/noticias\/papa-pedir-a-graca-da-vergonha-diante-das-tentacoes.html#breadcrumb"},"inLanguage":"pt-BR","potentialAction":[{"@type":"ReadAction","target":["https:\/\/franciscanos.org.br\/noticias\/papa-pedir-a-graca-da-vergonha-diante-das-tentacoes.html"]}]},{"@type":"BreadcrumbList","@id":"https:\/\/franciscanos.org.br\/noticias\/papa-pedir-a-graca-da-vergonha-diante-das-tentacoes.html#breadcrumb","itemListElement":[{"@type":"ListItem","position":1,"name":"Home","item":"https:\/\/franciscanos.org.br\/noticias"},{"@type":"ListItem","position":2,"name":"Papa: &#8220;Pedir a gra\u00e7a da vergonha diante das tenta\u00e7\u00f5es&#8221;"}]},{"@type":"Person","@id":"https:\/\/franciscanos.org.br\/noticias\/#\/schema\/person\/b38fbf43118f02820bd932f2e4b14ad3","name":"admin","image":{"@type":"ImageObject","inLanguage":"pt-BR","@id":"https:\/\/franciscanos.org.br\/noticias\/#\/schema\/person\/image\/","url":"https:\/\/secure.gravatar.com\/avatar\/e8495742d34d0ba6448ea1c628263b3e?s=96&d=mm&r=g","contentUrl":"https:\/\/secure.gravatar.com\/avatar\/e8495742d34d0ba6448ea1c628263b3e?s=96&d=mm&r=g","caption":"admin"},"url":"https:\/\/franciscanos.org.br\/noticias\/author\/admin"}]}},"_links":{"self":[{"href":"https:\/\/franciscanos.org.br\/noticias\/wp-json\/wp\/v2\/posts\/126681"}],"collection":[{"href":"https:\/\/franciscanos.org.br\/noticias\/wp-json\/wp\/v2\/posts"}],"about":[{"href":"https:\/\/franciscanos.org.br\/noticias\/wp-json\/wp\/v2\/types\/post"}],"author":[{"embeddable":true,"href":"https:\/\/franciscanos.org.br\/noticias\/wp-json\/wp\/v2\/users\/1"}],"replies":[{"embeddable":true,"href":"https:\/\/franciscanos.org.br\/noticias\/wp-json\/wp\/v2\/comments?post=126681"}],"version-history":[{"count":1,"href":"https:\/\/franciscanos.org.br\/noticias\/wp-json\/wp\/v2\/posts\/126681\/revisions"}],"predecessor-version":[{"id":225443,"href":"https:\/\/franciscanos.org.br\/noticias\/wp-json\/wp\/v2\/posts\/126681\/revisions\/225443"}],"wp:featuredmedia":[{"embeddable":true,"href":"https:\/\/franciscanos.org.br\/noticias\/wp-json\/wp\/v2\/media\/195998"}],"wp:attachment":[{"href":"https:\/\/franciscanos.org.br\/noticias\/wp-json\/wp\/v2\/media?parent=126681"}],"wp:term":[{"taxonomy":"category","embeddable":true,"href":"https:\/\/franciscanos.org.br\/noticias\/wp-json\/wp\/v2\/categories?post=126681"},{"taxonomy":"post_tag","embeddable":true,"href":"https:\/\/franciscanos.org.br\/noticias\/wp-json\/wp\/v2\/tags?post=126681"}],"curies":[{"name":"wp","href":"https:\/\/api.w.org\/{rel}","templated":true}]}}