{"id":126602,"date":"2017-02-19T16:25:26","date_gmt":"2017-02-19T19:25:26","guid":{"rendered":"http:\/\/franciscanos.org.br\/?p=126602"},"modified":"2020-06-09T10:29:57","modified_gmt":"2020-06-09T13:29:57","slug":"o-mal-e-um-vazio-do-bem-e-um-vazio-nao-pode-ser-preenchido-com-outro-vazio","status":"publish","type":"post","link":"https:\/\/franciscanos.org.br\/noticias\/o-mal-e-um-vazio-do-bem-e-um-vazio-nao-pode-ser-preenchido-com-outro-vazio.html","title":{"rendered":"O mal \u00e9 um vazio do bem, e n\u00e3o pode ser preenchido com outro"},"content":{"rendered":"<p><img loading=\"lazy\" class=\"alignleft\" src=\"http:\/\/franciscanos.org.br\/wp-content\/uploads\/2017\/02\/papa_190217_g.jpg\" alt=\"Il primo Angelus di Papa Francesco\" width=\"830\" height=\"314\" \/><\/p>\n<p><strong>Cidade do Vaticano<\/strong> &#8211; O Papa Francisco rezou a ora\u00e7\u00e3o mariana do Angelus, deste domingo (19\/02), com os fi\u00e9is e peregrinos reunidos na Pra\u00e7a S\u00e3o Pedro. O<strong><a href=\"http:\/\/franciscanos.org.br\/?p=126512\"> Evangelho deste domingo <\/a><\/strong>\u201c\u00e9 uma das p\u00e1ginas que expressam melhor a revolu\u00e7\u00e3o crist\u00e3. Jesus mostra o caminho da verdadeira justi\u00e7a atrav\u00e9s da lei do amor que supera a de tali\u00e3o, ou seja, olho por olho e dente por dente. Esta regra antiga obrigava a infligir aos transgressores penas equivalentes aos danos causados: a morte a quem tinha matado, a amputa\u00e7\u00e3o de quem tinha ferido algu\u00e9m, e assim por diante. Jesus n\u00e3o pede aos seus disc\u00edpulos para sofrerem o mal, ao contr\u00e1rio, pede para reagir, por\u00e9m n\u00e3o causando outro mal, mas com o bem\u201d.<\/p>\n<p>\u201cSomente assim, se quebra a cadeia do mal, um mal causa outro mal. Quebra-se esta cadeira do mal e mudam-se realmente as coisas. O mal, de fato, \u00e9 um vazio, um vazio do bem, e um vazio n\u00e3o pode ser preenchido com outro vazio, mas somente com um cheio, ou seja, com o bem. A retalia\u00e7\u00e3o nunca leva \u00e0 resolu\u00e7\u00e3o de conflitos. Voc\u00ea me fez isso. Vai me pagar! Isso n\u00e3o resolve um conflito, e n\u00e3o \u00e9 crist\u00e3o\u201d.<\/p>\n<p>\u201cPara Jesus a rejei\u00e7\u00e3o da viol\u00eancia pode comportar tamb\u00e9m a ren\u00fancia a um direito leg\u00edtimo e Ele d\u00e1 alguns exemplos: oferecer a outra face, ceder tamb\u00e9m o manto ou o pr\u00f3prio dinheiro, aceitar outros sacrif\u00edcios. Mas esta ren\u00fancia n\u00e3o significa dizer que as exig\u00eancias da justi\u00e7a s\u00e3o ignoradas ou contrariadas, pelo contr\u00e1rio, o amor crist\u00e3o, que se manifesta de modo especial na miseric\u00f3rdia, representa uma realiza\u00e7\u00e3o superior da justi\u00e7a.\u201d<\/p>\n<p>\u201cO que Jesus quer nos ensinar \u00e9 a distin\u00e7\u00e3o clara que devemos fazer entre justi\u00e7a e vingan\u00e7a. Distinguir entre justi\u00e7a e vingan\u00e7a. A vingan\u00e7a nunca \u00e9 justa. Nos \u00e9 permitido pedir justi\u00e7a. \u00c9 nosso dever praticar a justi\u00e7a, mas somos proibidos de nos vingar ou fomentar de nenhuma forma a vingan\u00e7a, pois \u00e9 express\u00e3o de \u00f3dio e viol\u00eancia.\u201d<\/p>\n<p>\u201cJesus n\u00e3o quer propor uma nova ordem civil, mas sim o mandamento do amor ao pr\u00f3ximo, que tamb\u00e9m inclui o amor aos inimigos: \u2018Amem os seus inimigos, e rezem por aqueles que perseguem voc\u00eas!\u2019 Isso n\u00e3o \u00e9 f\u00e1cil! Esta palavra n\u00e3o deve ser entendida como uma aprova\u00e7\u00e3o do mal perpetrado pelo inimigo, mas como um convite a uma perspectiva superior, uma perspectiva magn\u00e2nima, semelhante a do Pai Celeste, que \u2018faz nascer o seu sol sobre maus e bons, e faz chover sobre os justos e injustos\u2019. O inimigo tamb\u00e9m \u00e9 uma pessoa humana, criada como tal \u00e0 imagem de Deus, embora no presente esta imagem seja ofuscada por uma m\u00e1 conduta.\u201d<\/p>\n<p><strong>Artes\u00e3os<\/strong><\/p>\n<p>Segundo o Papa, \u201cquando falamos de \u2018inimigos\u2019 n\u00e3o devemos pensar nas pessoas diferentes e distantes de n\u00f3s; falamos tamb\u00e9m de n\u00f3s mesmos, que podemos entrar em conflito com o nosso pr\u00f3ximo, \u00e0s vezes com os nossos familiares. Quantas inimizades nas fam\u00edlias, quantas! Pensemos nisso! Inimigos s\u00e3o tamb\u00e9m aqueles que falam mal de n\u00f3s, que nos caluniam e nos enganam. N\u00e3o \u00e9 f\u00e1cil digerir isso. A todos eles, somos chamados a responder com o bem, que tamb\u00e9m tem as suas estrat\u00e9gias, inspiradas pelo amor\u201d.<\/p>\n<p>\u201cQue a Virgem Maria nos ajude a seguir Jesus neste caminho exigente, que realmente exalta a dignidade humana e nos faz viver como filhos do nosso Pai que est\u00e1 nos c\u00e9us. Nos ajude a praticar a paci\u00eancia, o di\u00e1logo, o perd\u00e3o, e a ser artes\u00e3os de comunh\u00e3o, artes\u00e3os de fraternidade em nossa vida cotidiana, sobretudo em nossa fam\u00edlia.\u201d<\/p>\n<p><strong>VISITA \u00c0 IGREJA ANGLICANA<\/strong><\/p>\n<p>O Papa Francisco visitar\u00e1, no domingo 26 de fevereiro, \u00e0s 16h locais, a Igreja Anglicana de Todos os Santos, situada na Via del Babuino, centro de Roma. A informa\u00e7\u00e3o foi divulgada, neste s\u00e1bado (18\/02), pelo Diretor da Sala de Imprensa da Santa S\u00e9, Greg Burke.<\/p>\n<p>O Papa Francisco ser\u00e1 o primeiro Pont\u00edfice a visitar esta par\u00f3quia anglicana. Segundo o p\u00e1roco, Jonathan Boardman, o Pont\u00edfice visitar\u00e1 a par\u00f3quia para comemorar o 200\u00ba anivers\u00e1rio do templo.<\/p>\n<p>O encontro, segundo o p\u00e1roco, se realizar\u00e1 na parte da tarde e n\u00e3o est\u00e1 prevista a celebra\u00e7\u00e3o das V\u00e9speras, como aconteceu no encontro entre o Papa Francisco e o Primaz da Igreja Anglicana, Justin Welby, em S\u00e3o Greg\u00f3rio al Celio de Roma.<\/p>\n<p>O Papa foi convidado a participar da b\u00ean\u00e7\u00e3o e dedica\u00e7\u00e3o de um \u00edcone de comemora\u00e7\u00e3o dos 200 anos da Par\u00f3quia Anglicana; Francisco presidir\u00e1 \u00e0 renova\u00e7\u00e3o das promessas batismais, juntamente com os Bispos anglicanos.<\/p>\n<p>Ap\u00f3s a celebra\u00e7\u00e3o, disse ainda o p\u00e1roco da igreja de Todos os Santos, Francisco ser\u00e1 testemunho de uma irmana\u00e7\u00e3o simb\u00f3lica entre a par\u00f3quia anglicana e a igreja cat\u00f3lica de Todos os Santos (\u201cOgnissanti\u201d), situada na \u00c1pia Nova, a \u00fanica igreja romana dedicada a Todos os Santos.<\/p>\n<p>\u201cAs duas comunidades (cat\u00f3lica e anglicana) \u2013 afirmou Welby &#8211; j\u00e1 realizam uma s\u00e9rie de atividades em comum, e sua amizade e trabalho se expressa no servi\u00e7o aos pobres\u201d.<\/p>\n<p>S\u00e3o Jo\u00e3o Paulo II visitou a catedral anglicana de Canterbury, em Londres, em maio de 1982, e Bento XVI visitou a Abadia de Westminster, em setembro de 2010.<\/p>\n<hr \/>\n<p><em>Fonte: R\u00e1dio Vaticano<\/em><\/p>\n","protected":false},"excerpt":{"rendered":"<p> Angelus<\/p>\n","protected":false},"author":1,"featured_media":192914,"comment_status":"open","ping_status":"open","sticky":false,"template":"","format":"standard","meta":[],"categories":[1428],"tags":[403],"acf":[],"yoast_head":"<!-- This site is optimized with the Yoast SEO plugin v19.2 - https:\/\/yoast.com\/wordpress\/plugins\/seo\/ -->\n<title>O mal \u00e9 um vazio do bem, e n\u00e3o pode ser preenchido com outro - Not\u00edcias - Franciscanos<\/title>\n<meta name=\"robots\" content=\"index, follow, max-snippet:-1, max-image-preview:large, max-video-preview:-1\" \/>\n<link rel=\"canonical\" href=\"https:\/\/franciscanos.org.br\/noticias\/o-mal-e-um-vazio-do-bem-e-um-vazio-nao-pode-ser-preenchido-com-outro-vazio.html\" \/>\n<meta property=\"og:locale\" content=\"pt_BR\" \/>\n<meta property=\"og:type\" content=\"article\" \/>\n<meta property=\"og:title\" content=\"O mal \u00e9 um vazio do bem, e n\u00e3o pode ser preenchido com outro - Not\u00edcias - Franciscanos\" \/>\n<meta property=\"og:description\" content=\"Angelus\" \/>\n<meta property=\"og:url\" content=\"https:\/\/franciscanos.org.br\/noticias\/o-mal-e-um-vazio-do-bem-e-um-vazio-nao-pode-ser-preenchido-com-outro-vazio.html\" \/>\n<meta property=\"og:site_name\" content=\"Not\u00edcias - Franciscanos\" \/>\n<meta property=\"article:published_time\" content=\"2017-02-19T19:25:26+00:00\" \/>\n<meta property=\"article:modified_time\" content=\"2020-06-09T13:29:57+00:00\" \/>\n<meta property=\"og:image\" content=\"https:\/\/franciscanos.org.br\/noticias\/wp-content\/uploads\/2018\/12\/angelus_161218.jpg\" \/>\n\t<meta property=\"og:image:width\" content=\"273\" \/>\n\t<meta property=\"og:image:height\" content=\"181\" \/>\n\t<meta property=\"og:image:type\" content=\"image\/jpeg\" \/>\n<meta name=\"author\" content=\"admin\" \/>\n<meta name=\"twitter:card\" content=\"summary_large_image\" \/>\n<meta name=\"twitter:label1\" content=\"Escrito por\" \/>\n\t<meta name=\"twitter:data1\" content=\"admin\" \/>\n\t<meta name=\"twitter:label2\" content=\"Est. tempo de leitura\" \/>\n\t<meta name=\"twitter:data2\" content=\"5 minutos\" \/>\n<script type=\"application\/ld+json\" class=\"yoast-schema-graph\">{\"@context\":\"https:\/\/schema.org\",\"@graph\":[{\"@type\":\"WebSite\",\"@id\":\"https:\/\/franciscanos.org.br\/noticias\/#website\",\"url\":\"https:\/\/franciscanos.org.br\/noticias\/\",\"name\":\"Not\u00edcias - Franciscanos\",\"description\":\"Prov\u00edncia Franciscana da Imaculada Concei\u00e7\u00e3o do Brasil - Ordem dos Frades Menores - OFM\",\"potentialAction\":[{\"@type\":\"SearchAction\",\"target\":{\"@type\":\"EntryPoint\",\"urlTemplate\":\"https:\/\/franciscanos.org.br\/noticias\/?s={search_term_string}\"},\"query-input\":\"required name=search_term_string\"}],\"inLanguage\":\"pt-BR\"},{\"@type\":\"ImageObject\",\"inLanguage\":\"pt-BR\",\"@id\":\"https:\/\/franciscanos.org.br\/noticias\/o-mal-e-um-vazio-do-bem-e-um-vazio-nao-pode-ser-preenchido-com-outro-vazio.html#primaryimage\",\"url\":\"https:\/\/franciscanos.org.br\/noticias\/wp-content\/uploads\/2018\/12\/angelus_161218.jpg\",\"contentUrl\":\"https:\/\/franciscanos.org.br\/noticias\/wp-content\/uploads\/2018\/12\/angelus_161218.jpg\",\"width\":273,\"height\":181},{\"@type\":\"WebPage\",\"@id\":\"https:\/\/franciscanos.org.br\/noticias\/o-mal-e-um-vazio-do-bem-e-um-vazio-nao-pode-ser-preenchido-com-outro-vazio.html#webpage\",\"url\":\"https:\/\/franciscanos.org.br\/noticias\/o-mal-e-um-vazio-do-bem-e-um-vazio-nao-pode-ser-preenchido-com-outro-vazio.html\",\"name\":\"O mal \u00e9 um vazio do bem, e n\u00e3o pode ser preenchido com outro - Not\u00edcias - Franciscanos\",\"isPartOf\":{\"@id\":\"https:\/\/franciscanos.org.br\/noticias\/#website\"},\"primaryImageOfPage\":{\"@id\":\"https:\/\/franciscanos.org.br\/noticias\/o-mal-e-um-vazio-do-bem-e-um-vazio-nao-pode-ser-preenchido-com-outro-vazio.html#primaryimage\"},\"datePublished\":\"2017-02-19T19:25:26+00:00\",\"dateModified\":\"2020-06-09T13:29:57+00:00\",\"author\":{\"@id\":\"https:\/\/franciscanos.org.br\/noticias\/#\/schema\/person\/b38fbf43118f02820bd932f2e4b14ad3\"},\"breadcrumb\":{\"@id\":\"https:\/\/franciscanos.org.br\/noticias\/o-mal-e-um-vazio-do-bem-e-um-vazio-nao-pode-ser-preenchido-com-outro-vazio.html#breadcrumb\"},\"inLanguage\":\"pt-BR\",\"potentialAction\":[{\"@type\":\"ReadAction\",\"target\":[\"https:\/\/franciscanos.org.br\/noticias\/o-mal-e-um-vazio-do-bem-e-um-vazio-nao-pode-ser-preenchido-com-outro-vazio.html\"]}]},{\"@type\":\"BreadcrumbList\",\"@id\":\"https:\/\/franciscanos.org.br\/noticias\/o-mal-e-um-vazio-do-bem-e-um-vazio-nao-pode-ser-preenchido-com-outro-vazio.html#breadcrumb\",\"itemListElement\":[{\"@type\":\"ListItem\",\"position\":1,\"name\":\"Home\",\"item\":\"https:\/\/franciscanos.org.br\/noticias\"},{\"@type\":\"ListItem\",\"position\":2,\"name\":\"O mal \u00e9 um vazio do bem, e n\u00e3o pode ser preenchido com outro\"}]},{\"@type\":\"Person\",\"@id\":\"https:\/\/franciscanos.org.br\/noticias\/#\/schema\/person\/b38fbf43118f02820bd932f2e4b14ad3\",\"name\":\"admin\",\"image\":{\"@type\":\"ImageObject\",\"inLanguage\":\"pt-BR\",\"@id\":\"https:\/\/franciscanos.org.br\/noticias\/#\/schema\/person\/image\/\",\"url\":\"https:\/\/secure.gravatar.com\/avatar\/e8495742d34d0ba6448ea1c628263b3e?s=96&d=mm&r=g\",\"contentUrl\":\"https:\/\/secure.gravatar.com\/avatar\/e8495742d34d0ba6448ea1c628263b3e?s=96&d=mm&r=g\",\"caption\":\"admin\"},\"url\":\"https:\/\/franciscanos.org.br\/noticias\/author\/admin\"}]}<\/script>\n<!-- \/ Yoast SEO plugin. -->","yoast_head_json":{"title":"O mal \u00e9 um vazio do bem, e n\u00e3o pode ser preenchido com outro - Not\u00edcias - Franciscanos","robots":{"index":"index","follow":"follow","max-snippet":"max-snippet:-1","max-image-preview":"max-image-preview:large","max-video-preview":"max-video-preview:-1"},"canonical":"https:\/\/franciscanos.org.br\/noticias\/o-mal-e-um-vazio-do-bem-e-um-vazio-nao-pode-ser-preenchido-com-outro-vazio.html","og_locale":"pt_BR","og_type":"article","og_title":"O mal \u00e9 um vazio do bem, e n\u00e3o pode ser preenchido com outro - Not\u00edcias - Franciscanos","og_description":"Angelus","og_url":"https:\/\/franciscanos.org.br\/noticias\/o-mal-e-um-vazio-do-bem-e-um-vazio-nao-pode-ser-preenchido-com-outro-vazio.html","og_site_name":"Not\u00edcias - Franciscanos","article_published_time":"2017-02-19T19:25:26+00:00","article_modified_time":"2020-06-09T13:29:57+00:00","og_image":[{"width":273,"height":181,"url":"https:\/\/franciscanos.org.br\/noticias\/wp-content\/uploads\/2018\/12\/angelus_161218.jpg","type":"image\/jpeg"}],"author":"admin","twitter_card":"summary_large_image","twitter_misc":{"Escrito por":"admin","Est. tempo de leitura":"5 minutos"},"schema":{"@context":"https:\/\/schema.org","@graph":[{"@type":"WebSite","@id":"https:\/\/franciscanos.org.br\/noticias\/#website","url":"https:\/\/franciscanos.org.br\/noticias\/","name":"Not\u00edcias - Franciscanos","description":"Prov\u00edncia Franciscana da Imaculada Concei\u00e7\u00e3o do Brasil - Ordem dos Frades Menores - OFM","potentialAction":[{"@type":"SearchAction","target":{"@type":"EntryPoint","urlTemplate":"https:\/\/franciscanos.org.br\/noticias\/?s={search_term_string}"},"query-input":"required name=search_term_string"}],"inLanguage":"pt-BR"},{"@type":"ImageObject","inLanguage":"pt-BR","@id":"https:\/\/franciscanos.org.br\/noticias\/o-mal-e-um-vazio-do-bem-e-um-vazio-nao-pode-ser-preenchido-com-outro-vazio.html#primaryimage","url":"https:\/\/franciscanos.org.br\/noticias\/wp-content\/uploads\/2018\/12\/angelus_161218.jpg","contentUrl":"https:\/\/franciscanos.org.br\/noticias\/wp-content\/uploads\/2018\/12\/angelus_161218.jpg","width":273,"height":181},{"@type":"WebPage","@id":"https:\/\/franciscanos.org.br\/noticias\/o-mal-e-um-vazio-do-bem-e-um-vazio-nao-pode-ser-preenchido-com-outro-vazio.html#webpage","url":"https:\/\/franciscanos.org.br\/noticias\/o-mal-e-um-vazio-do-bem-e-um-vazio-nao-pode-ser-preenchido-com-outro-vazio.html","name":"O mal \u00e9 um vazio do bem, e n\u00e3o pode ser preenchido com outro - Not\u00edcias - Franciscanos","isPartOf":{"@id":"https:\/\/franciscanos.org.br\/noticias\/#website"},"primaryImageOfPage":{"@id":"https:\/\/franciscanos.org.br\/noticias\/o-mal-e-um-vazio-do-bem-e-um-vazio-nao-pode-ser-preenchido-com-outro-vazio.html#primaryimage"},"datePublished":"2017-02-19T19:25:26+00:00","dateModified":"2020-06-09T13:29:57+00:00","author":{"@id":"https:\/\/franciscanos.org.br\/noticias\/#\/schema\/person\/b38fbf43118f02820bd932f2e4b14ad3"},"breadcrumb":{"@id":"https:\/\/franciscanos.org.br\/noticias\/o-mal-e-um-vazio-do-bem-e-um-vazio-nao-pode-ser-preenchido-com-outro-vazio.html#breadcrumb"},"inLanguage":"pt-BR","potentialAction":[{"@type":"ReadAction","target":["https:\/\/franciscanos.org.br\/noticias\/o-mal-e-um-vazio-do-bem-e-um-vazio-nao-pode-ser-preenchido-com-outro-vazio.html"]}]},{"@type":"BreadcrumbList","@id":"https:\/\/franciscanos.org.br\/noticias\/o-mal-e-um-vazio-do-bem-e-um-vazio-nao-pode-ser-preenchido-com-outro-vazio.html#breadcrumb","itemListElement":[{"@type":"ListItem","position":1,"name":"Home","item":"https:\/\/franciscanos.org.br\/noticias"},{"@type":"ListItem","position":2,"name":"O mal \u00e9 um vazio do bem, e n\u00e3o pode ser preenchido com outro"}]},{"@type":"Person","@id":"https:\/\/franciscanos.org.br\/noticias\/#\/schema\/person\/b38fbf43118f02820bd932f2e4b14ad3","name":"admin","image":{"@type":"ImageObject","inLanguage":"pt-BR","@id":"https:\/\/franciscanos.org.br\/noticias\/#\/schema\/person\/image\/","url":"https:\/\/secure.gravatar.com\/avatar\/e8495742d34d0ba6448ea1c628263b3e?s=96&d=mm&r=g","contentUrl":"https:\/\/secure.gravatar.com\/avatar\/e8495742d34d0ba6448ea1c628263b3e?s=96&d=mm&r=g","caption":"admin"},"url":"https:\/\/franciscanos.org.br\/noticias\/author\/admin"}]}},"_links":{"self":[{"href":"https:\/\/franciscanos.org.br\/noticias\/wp-json\/wp\/v2\/posts\/126602"}],"collection":[{"href":"https:\/\/franciscanos.org.br\/noticias\/wp-json\/wp\/v2\/posts"}],"about":[{"href":"https:\/\/franciscanos.org.br\/noticias\/wp-json\/wp\/v2\/types\/post"}],"author":[{"embeddable":true,"href":"https:\/\/franciscanos.org.br\/noticias\/wp-json\/wp\/v2\/users\/1"}],"replies":[{"embeddable":true,"href":"https:\/\/franciscanos.org.br\/noticias\/wp-json\/wp\/v2\/comments?post=126602"}],"version-history":[{"count":1,"href":"https:\/\/franciscanos.org.br\/noticias\/wp-json\/wp\/v2\/posts\/126602\/revisions"}],"predecessor-version":[{"id":225444,"href":"https:\/\/franciscanos.org.br\/noticias\/wp-json\/wp\/v2\/posts\/126602\/revisions\/225444"}],"wp:featuredmedia":[{"embeddable":true,"href":"https:\/\/franciscanos.org.br\/noticias\/wp-json\/wp\/v2\/media\/192914"}],"wp:attachment":[{"href":"https:\/\/franciscanos.org.br\/noticias\/wp-json\/wp\/v2\/media?parent=126602"}],"wp:term":[{"taxonomy":"category","embeddable":true,"href":"https:\/\/franciscanos.org.br\/noticias\/wp-json\/wp\/v2\/categories?post=126602"},{"taxonomy":"post_tag","embeddable":true,"href":"https:\/\/franciscanos.org.br\/noticias\/wp-json\/wp\/v2\/tags?post=126602"}],"curies":[{"name":"wp","href":"https:\/\/api.w.org\/{rel}","templated":true}]}}