{"id":126551,"date":"2017-02-17T14:08:00","date_gmt":"2017-02-17T16:08:00","guid":{"rendered":"http:\/\/franciscanos.org.br\/?p=126551"},"modified":"2020-06-09T10:30:56","modified_gmt":"2020-06-09T13:30:56","slug":"o-papa-na-universidade-ser-artesaos-de-dialogo-e-de-paz","status":"publish","type":"post","link":"https:\/\/franciscanos.org.br\/noticias\/o-papa-na-universidade-ser-artesaos-de-dialogo-e-de-paz.html","title":{"rendered":"Papa na Universidade: artes\u00e3os de di\u00e1logo e paz"},"content":{"rendered":"<p><img loading=\"lazy\" class=\"alignleft\" src=\"http:\/\/franciscanos.org.br\/wp-content\/uploads\/2017\/02\/papaG_170217.jpg\" alt=\"papaG_170217\" width=\"830\" height=\"399\" \/><strong>Cidade do Vaticano<\/strong> \u2013 O Santo Padre deixou o Vaticano na manh\u00e3 desta sexta-feira, 17, para fazer uma visita \u00e0 Universidade Roma Tr\u00eas, a mais nova da Cidade.<\/p>\n<p>\u00c9 a primeira vez que o Papa Francisco visita uma institui\u00e7\u00e3o deste tipo na It\u00e1lia. Esta universidade, que conta cerca de 40 mil estudantes, \u00e9 conhecida pela sua aten\u00e7\u00e3o aos problemas sociais da cidade. S\u00e3o Jo\u00e3o Paulo II a visitou no ano 2002.<br \/>\nFrancisco recebeu as boas vindas do Reitor, Professor M\u00e1rio Panizza, e de outros representantes da universidade. Ap\u00f3s a sauda\u00e7\u00e3o do Reitor, o Pont\u00edfice passou a responder a algumas perguntas que foram dirigidas pelos alunos.<\/p>\n<p>A instru\u00e7\u00e3o e a forma\u00e7\u00e3o acad\u00eamica das novas gera\u00e7\u00f5es, disse o Papa, \u00e9 uma exig\u00eancia primordial para a vida e o desenvolvimento da sociedade. A seguir, passou a responder \u00e0s perguntas de alguns alunos, a come\u00e7ar por aquela de Giulia:<\/p>\n<p>\u201cH\u00e1 uma onda de viol\u00eancia nas nossas cidades. A viol\u00eancia \u00e9 um processo que nos torna an\u00f4nimos. A nossa sociedade \u00e9 rica de bens, de atos de solidariedade e de amor com o pr\u00f3ximo. Tantas pessoas e tantos jovens, certamente tamb\u00e9m muitos entre voc\u00eas, est\u00e3o engajados no voluntariado e no servi\u00e7o aos mais necessitados. Voc\u00eas devem ser gratos e orgulhosos por estes valores\u201d.<\/p>\n<p>Por\u00e9m, recordou Francisco, no mundo h\u00e1 tantos sinais de inimizade e de viol\u00eancia, de a\u00e7\u00f5es violentas. Aqui, o Papa citou a sua Mensagem para o Dia Mundial da Paz deste ano, que prop\u00f5e, precisamente, a n\u00e3o viol\u00eancia como estilo de vida e de a\u00e7\u00e3o pol\u00edtica. De fato, disse, estamos vivendo uma \u201cverdadeira guerra mundial em peda\u00e7os\u201d, que a Comunidade internacional n\u00e3o consegue deter. E acrescentou:<\/p>\n<p>\u201cA universidade \u00e9 um universo, um lugar onde se pode dialogar. Uma universidade deve fazer um trabalho artesanal de di\u00e1logo, onde se formam as consci\u00eancias, com um profundo confronto entre as exig\u00eancias do bem, do verdadeiro e do belo, e a realidade com as suas contradi\u00e7\u00f5es. Por exemplo, a ind\u00fastria das armas, que, ao inv\u00e9s de diminu\u00edrem, aumentam. Diante desta dram\u00e1tica realidade, os jovens jamais devem perder a esperan\u00e7a. As bombas destroem os corpos e as depend\u00eancias destroem os corpos, mas tamb\u00e9m as mentes e as almas\u201d.<\/p>\n<p>Neste sentido, respondendo \u00e0 pergunta de Nicolau, o Pont\u00edfice sugeriu \u00e0 universidade a comprometer-se com projetos de partilha e de servi\u00e7o aos \u00faltimos, sobretudo na Cidade de Roma, onde reinam urg\u00eancias sociais, pobreza, migrantes, gente que dorme pelas ruas e passa fome. Voc\u00eas devem ser protagonistas de a\u00e7\u00f5es construtivas, de combate \u00e0 cultura do hedonismo e do descarte, baseados em \u00eddolos do dinheiro e do prazer. Em rela\u00e7\u00e3o \u00e0 pergunta de Ricardo, o Papa respondeu, partindo da sua experi\u00eancia pessoal, dizendo:<\/p>\n<p>\u201cN\u00e3o tenham medo de abrir-se aos horizontes do esp\u00edrito, mediante o dom da f\u00e9. N\u00e3o tenham medo de abrir-se ao encontro com Cristo e aprofundar sua rela\u00e7\u00e3o com Ele. Voc\u00eas podem tornar-se, como disse Ricardo, \u2018agentes da caridade intelectual\u2019. Assim, a universidade pode dar sua contribui\u00e7\u00e3o para a renova\u00e7\u00e3o da sociedade; pode e deve ser lugar onde se elabora a cultura do encontro e da acolhida de pessoas, culturas e religi\u00f5es diferentes\u201d.<\/p>\n<p>Por fim, Francisco encorajou os docentes e estudantes a viverem a universidade como ambiente de verdadeiro di\u00e1logo e de confronto construtivo. A solidariedade, vivida concretamente e n\u00e3o com palavras, gera paz e esperan\u00e7a!<\/p>\n<p><iframe loading=\"lazy\" src=\"https:\/\/www.youtube.com\/embed\/34X7hPCWf3U\" width=\"100%\" height=\"420\" frameborder=\"0\" allowfullscreen=\"allowfullscreen\"><\/iframe><\/p>\n","protected":false},"excerpt":{"rendered":"<p>Visita<\/p>\n","protected":false},"author":1,"featured_media":196006,"comment_status":"open","ping_status":"open","sticky":false,"template":"","format":"standard","meta":[],"categories":[1428],"tags":[55],"acf":[],"yoast_head":"<!-- This site is optimized with the Yoast SEO plugin v19.2 - https:\/\/yoast.com\/wordpress\/plugins\/seo\/ -->\n<title>Papa na Universidade: artes\u00e3os de di\u00e1logo e paz - Not\u00edcias - Franciscanos<\/title>\n<meta name=\"robots\" content=\"index, follow, max-snippet:-1, max-image-preview:large, max-video-preview:-1\" \/>\n<link rel=\"canonical\" href=\"https:\/\/franciscanos.org.br\/noticias\/o-papa-na-universidade-ser-artesaos-de-dialogo-e-de-paz.html\" \/>\n<meta property=\"og:locale\" content=\"pt_BR\" \/>\n<meta property=\"og:type\" content=\"article\" \/>\n<meta property=\"og:title\" content=\"Papa na Universidade: artes\u00e3os de di\u00e1logo e paz - Not\u00edcias - Franciscanos\" \/>\n<meta property=\"og:description\" content=\"Visita\" \/>\n<meta property=\"og:url\" content=\"https:\/\/franciscanos.org.br\/noticias\/o-papa-na-universidade-ser-artesaos-de-dialogo-e-de-paz.html\" \/>\n<meta property=\"og:site_name\" content=\"Not\u00edcias - Franciscanos\" \/>\n<meta property=\"article:published_time\" content=\"2017-02-17T16:08:00+00:00\" \/>\n<meta property=\"article:modified_time\" content=\"2020-06-09T13:30:56+00:00\" \/>\n<meta property=\"og:image\" content=\"https:\/\/franciscanos.org.br\/noticias\/wp-content\/uploads\/2017\/02\/papa-eua.jpg\" \/>\n\t<meta property=\"og:image:width\" content=\"273\" \/>\n\t<meta property=\"og:image:height\" content=\"181\" \/>\n\t<meta property=\"og:image:type\" content=\"image\/jpeg\" \/>\n<meta name=\"author\" content=\"admin\" \/>\n<meta name=\"twitter:card\" content=\"summary_large_image\" \/>\n<meta name=\"twitter:label1\" content=\"Escrito por\" \/>\n\t<meta name=\"twitter:data1\" content=\"admin\" \/>\n\t<meta name=\"twitter:label2\" content=\"Est. tempo de leitura\" \/>\n\t<meta name=\"twitter:data2\" content=\"3 minutos\" \/>\n<script type=\"application\/ld+json\" class=\"yoast-schema-graph\">{\"@context\":\"https:\/\/schema.org\",\"@graph\":[{\"@type\":\"WebSite\",\"@id\":\"https:\/\/franciscanos.org.br\/noticias\/#website\",\"url\":\"https:\/\/franciscanos.org.br\/noticias\/\",\"name\":\"Not\u00edcias - Franciscanos\",\"description\":\"Prov\u00edncia Franciscana da Imaculada Concei\u00e7\u00e3o do Brasil - Ordem dos Frades Menores - OFM\",\"potentialAction\":[{\"@type\":\"SearchAction\",\"target\":{\"@type\":\"EntryPoint\",\"urlTemplate\":\"https:\/\/franciscanos.org.br\/noticias\/?s={search_term_string}\"},\"query-input\":\"required name=search_term_string\"}],\"inLanguage\":\"pt-BR\"},{\"@type\":\"ImageObject\",\"inLanguage\":\"pt-BR\",\"@id\":\"https:\/\/franciscanos.org.br\/noticias\/o-papa-na-universidade-ser-artesaos-de-dialogo-e-de-paz.html#primaryimage\",\"url\":\"https:\/\/franciscanos.org.br\/noticias\/wp-content\/uploads\/2017\/02\/papa-eua.jpg\",\"contentUrl\":\"https:\/\/franciscanos.org.br\/noticias\/wp-content\/uploads\/2017\/02\/papa-eua.jpg\",\"width\":273,\"height\":181},{\"@type\":\"WebPage\",\"@id\":\"https:\/\/franciscanos.org.br\/noticias\/o-papa-na-universidade-ser-artesaos-de-dialogo-e-de-paz.html#webpage\",\"url\":\"https:\/\/franciscanos.org.br\/noticias\/o-papa-na-universidade-ser-artesaos-de-dialogo-e-de-paz.html\",\"name\":\"Papa na Universidade: artes\u00e3os de di\u00e1logo e paz - Not\u00edcias - Franciscanos\",\"isPartOf\":{\"@id\":\"https:\/\/franciscanos.org.br\/noticias\/#website\"},\"primaryImageOfPage\":{\"@id\":\"https:\/\/franciscanos.org.br\/noticias\/o-papa-na-universidade-ser-artesaos-de-dialogo-e-de-paz.html#primaryimage\"},\"datePublished\":\"2017-02-17T16:08:00+00:00\",\"dateModified\":\"2020-06-09T13:30:56+00:00\",\"author\":{\"@id\":\"https:\/\/franciscanos.org.br\/noticias\/#\/schema\/person\/b38fbf43118f02820bd932f2e4b14ad3\"},\"breadcrumb\":{\"@id\":\"https:\/\/franciscanos.org.br\/noticias\/o-papa-na-universidade-ser-artesaos-de-dialogo-e-de-paz.html#breadcrumb\"},\"inLanguage\":\"pt-BR\",\"potentialAction\":[{\"@type\":\"ReadAction\",\"target\":[\"https:\/\/franciscanos.org.br\/noticias\/o-papa-na-universidade-ser-artesaos-de-dialogo-e-de-paz.html\"]}]},{\"@type\":\"BreadcrumbList\",\"@id\":\"https:\/\/franciscanos.org.br\/noticias\/o-papa-na-universidade-ser-artesaos-de-dialogo-e-de-paz.html#breadcrumb\",\"itemListElement\":[{\"@type\":\"ListItem\",\"position\":1,\"name\":\"Home\",\"item\":\"https:\/\/franciscanos.org.br\/noticias\"},{\"@type\":\"ListItem\",\"position\":2,\"name\":\"Papa na Universidade: artes\u00e3os de di\u00e1logo e paz\"}]},{\"@type\":\"Person\",\"@id\":\"https:\/\/franciscanos.org.br\/noticias\/#\/schema\/person\/b38fbf43118f02820bd932f2e4b14ad3\",\"name\":\"admin\",\"image\":{\"@type\":\"ImageObject\",\"inLanguage\":\"pt-BR\",\"@id\":\"https:\/\/franciscanos.org.br\/noticias\/#\/schema\/person\/image\/\",\"url\":\"https:\/\/secure.gravatar.com\/avatar\/e8495742d34d0ba6448ea1c628263b3e?s=96&d=mm&r=g\",\"contentUrl\":\"https:\/\/secure.gravatar.com\/avatar\/e8495742d34d0ba6448ea1c628263b3e?s=96&d=mm&r=g\",\"caption\":\"admin\"},\"url\":\"https:\/\/franciscanos.org.br\/noticias\/author\/admin\"}]}<\/script>\n<!-- \/ Yoast SEO plugin. -->","yoast_head_json":{"title":"Papa na Universidade: artes\u00e3os de di\u00e1logo e paz - Not\u00edcias - Franciscanos","robots":{"index":"index","follow":"follow","max-snippet":"max-snippet:-1","max-image-preview":"max-image-preview:large","max-video-preview":"max-video-preview:-1"},"canonical":"https:\/\/franciscanos.org.br\/noticias\/o-papa-na-universidade-ser-artesaos-de-dialogo-e-de-paz.html","og_locale":"pt_BR","og_type":"article","og_title":"Papa na Universidade: artes\u00e3os de di\u00e1logo e paz - Not\u00edcias - Franciscanos","og_description":"Visita","og_url":"https:\/\/franciscanos.org.br\/noticias\/o-papa-na-universidade-ser-artesaos-de-dialogo-e-de-paz.html","og_site_name":"Not\u00edcias - Franciscanos","article_published_time":"2017-02-17T16:08:00+00:00","article_modified_time":"2020-06-09T13:30:56+00:00","og_image":[{"width":273,"height":181,"url":"https:\/\/franciscanos.org.br\/noticias\/wp-content\/uploads\/2017\/02\/papa-eua.jpg","type":"image\/jpeg"}],"author":"admin","twitter_card":"summary_large_image","twitter_misc":{"Escrito por":"admin","Est. tempo de leitura":"3 minutos"},"schema":{"@context":"https:\/\/schema.org","@graph":[{"@type":"WebSite","@id":"https:\/\/franciscanos.org.br\/noticias\/#website","url":"https:\/\/franciscanos.org.br\/noticias\/","name":"Not\u00edcias - Franciscanos","description":"Prov\u00edncia Franciscana da Imaculada Concei\u00e7\u00e3o do Brasil - Ordem dos Frades Menores - OFM","potentialAction":[{"@type":"SearchAction","target":{"@type":"EntryPoint","urlTemplate":"https:\/\/franciscanos.org.br\/noticias\/?s={search_term_string}"},"query-input":"required name=search_term_string"}],"inLanguage":"pt-BR"},{"@type":"ImageObject","inLanguage":"pt-BR","@id":"https:\/\/franciscanos.org.br\/noticias\/o-papa-na-universidade-ser-artesaos-de-dialogo-e-de-paz.html#primaryimage","url":"https:\/\/franciscanos.org.br\/noticias\/wp-content\/uploads\/2017\/02\/papa-eua.jpg","contentUrl":"https:\/\/franciscanos.org.br\/noticias\/wp-content\/uploads\/2017\/02\/papa-eua.jpg","width":273,"height":181},{"@type":"WebPage","@id":"https:\/\/franciscanos.org.br\/noticias\/o-papa-na-universidade-ser-artesaos-de-dialogo-e-de-paz.html#webpage","url":"https:\/\/franciscanos.org.br\/noticias\/o-papa-na-universidade-ser-artesaos-de-dialogo-e-de-paz.html","name":"Papa na Universidade: artes\u00e3os de di\u00e1logo e paz - Not\u00edcias - Franciscanos","isPartOf":{"@id":"https:\/\/franciscanos.org.br\/noticias\/#website"},"primaryImageOfPage":{"@id":"https:\/\/franciscanos.org.br\/noticias\/o-papa-na-universidade-ser-artesaos-de-dialogo-e-de-paz.html#primaryimage"},"datePublished":"2017-02-17T16:08:00+00:00","dateModified":"2020-06-09T13:30:56+00:00","author":{"@id":"https:\/\/franciscanos.org.br\/noticias\/#\/schema\/person\/b38fbf43118f02820bd932f2e4b14ad3"},"breadcrumb":{"@id":"https:\/\/franciscanos.org.br\/noticias\/o-papa-na-universidade-ser-artesaos-de-dialogo-e-de-paz.html#breadcrumb"},"inLanguage":"pt-BR","potentialAction":[{"@type":"ReadAction","target":["https:\/\/franciscanos.org.br\/noticias\/o-papa-na-universidade-ser-artesaos-de-dialogo-e-de-paz.html"]}]},{"@type":"BreadcrumbList","@id":"https:\/\/franciscanos.org.br\/noticias\/o-papa-na-universidade-ser-artesaos-de-dialogo-e-de-paz.html#breadcrumb","itemListElement":[{"@type":"ListItem","position":1,"name":"Home","item":"https:\/\/franciscanos.org.br\/noticias"},{"@type":"ListItem","position":2,"name":"Papa na Universidade: artes\u00e3os de di\u00e1logo e paz"}]},{"@type":"Person","@id":"https:\/\/franciscanos.org.br\/noticias\/#\/schema\/person\/b38fbf43118f02820bd932f2e4b14ad3","name":"admin","image":{"@type":"ImageObject","inLanguage":"pt-BR","@id":"https:\/\/franciscanos.org.br\/noticias\/#\/schema\/person\/image\/","url":"https:\/\/secure.gravatar.com\/avatar\/e8495742d34d0ba6448ea1c628263b3e?s=96&d=mm&r=g","contentUrl":"https:\/\/secure.gravatar.com\/avatar\/e8495742d34d0ba6448ea1c628263b3e?s=96&d=mm&r=g","caption":"admin"},"url":"https:\/\/franciscanos.org.br\/noticias\/author\/admin"}]}},"_links":{"self":[{"href":"https:\/\/franciscanos.org.br\/noticias\/wp-json\/wp\/v2\/posts\/126551"}],"collection":[{"href":"https:\/\/franciscanos.org.br\/noticias\/wp-json\/wp\/v2\/posts"}],"about":[{"href":"https:\/\/franciscanos.org.br\/noticias\/wp-json\/wp\/v2\/types\/post"}],"author":[{"embeddable":true,"href":"https:\/\/franciscanos.org.br\/noticias\/wp-json\/wp\/v2\/users\/1"}],"replies":[{"embeddable":true,"href":"https:\/\/franciscanos.org.br\/noticias\/wp-json\/wp\/v2\/comments?post=126551"}],"version-history":[{"count":1,"href":"https:\/\/franciscanos.org.br\/noticias\/wp-json\/wp\/v2\/posts\/126551\/revisions"}],"predecessor-version":[{"id":225446,"href":"https:\/\/franciscanos.org.br\/noticias\/wp-json\/wp\/v2\/posts\/126551\/revisions\/225446"}],"wp:featuredmedia":[{"embeddable":true,"href":"https:\/\/franciscanos.org.br\/noticias\/wp-json\/wp\/v2\/media\/196006"}],"wp:attachment":[{"href":"https:\/\/franciscanos.org.br\/noticias\/wp-json\/wp\/v2\/media?parent=126551"}],"wp:term":[{"taxonomy":"category","embeddable":true,"href":"https:\/\/franciscanos.org.br\/noticias\/wp-json\/wp\/v2\/categories?post=126551"},{"taxonomy":"post_tag","embeddable":true,"href":"https:\/\/franciscanos.org.br\/noticias\/wp-json\/wp\/v2\/tags?post=126551"}],"curies":[{"name":"wp","href":"https:\/\/api.w.org\/{rel}","templated":true}]}}